{"id":4152,"date":"2014-12-24T08:20:34","date_gmt":"2014-12-24T08:20:34","guid":{"rendered":"https:\/\/www.idermic.es\/?p=4152"},"modified":"2025-11-21T13:20:01","modified_gmt":"2025-11-21T13:20:01","slug":"rosacea","status":"publish","type":"post","link":"https:\/\/www.idermic.es\/es\/rosacea\/","title":{"rendered":"Ros\u00e1cea"},"content":{"rendered":"<p><div class=\"fusion-fullwidth fullwidth-box fusion-builder-row-1 nonhundred-percent-fullwidth non-hundred-percent-height-scrolling\" style=\"--awb-border-radius-top-left:0px;--awb-border-radius-top-right:0px;--awb-border-radius-bottom-right:0px;--awb-border-radius-bottom-left:0px;--awb-margin-top:32px;--awb-margin-bottom:32px;--awb-flex-wrap:wrap;\" ><div class=\"fusion-builder-row fusion-row\"><div class=\"fusion-layout-column fusion_builder_column fusion-builder-column-0 fusion_builder_column_1_1 1_1 fusion-one-full fusion-column-first fusion-column-last\" style=\"--awb-bg-size:cover;\"><div class=\"fusion-column-wrapper fusion-flex-column-wrapper-legacy\"><div class=\"fusion-text fusion-text-1\"><h1 style=\"text-align: center;\">Ros\u00e1cea<\/h1>\n<\/div><div class=\"fusion-text fusion-text-2\"><p>La <a href=\"https:\/\/www.idermic.es\/es\/enfermedades-dermatologicas\/#rosacea\"><strong>ros\u00e1cea<\/strong><\/a> es una enfermedad cr\u00f3nica que se caracteriza por un enrojecimiento en la parte central de la cara con exacerbaciones y remisiones peri\u00f3dicas. Cuando progresa se pueden desarrollar otros signos y s\u00edntomas tales como enrojecimiento semipermanente, telangiectasias (venitas dilatadas), p\u00e1pulas, p\u00fastulas, enrojecimiento ocular, quemaz\u00f3n, ardor y picor.<\/p>\n<p>En algunos casos se produce el engrosamiento de la piel, especialmente notorio y caracter\u00edstico cuando afecta a la nariz. La ros\u00e1cea afecta a ambos sexos, pero es casi tres veces m\u00e1s com\u00fan en las mujeres y tiene su edad de desarrollo entre los 20 y 60 a\u00f1os.<\/p>\n<p>La ros\u00e1cea es una enfermedad que a\u00fan no tiene cura definitiva, pero puede controlarse. Puesto que la ros\u00e1cea puede durar bastante, mejorar levemente y luego volver a empeorar si no es tratada con tiempo y en condiciones, el objetivo es controlar sus s\u00edntomas y hacer que la piel se vea lo mejor posible.<\/p>\n<p>Para ello existen diversos tratamientos como antibi\u00f3ticos en pastillas o aplicados en crema o derivados de la vitamina A como la <a href=\"https:\/\/www.sanibook.net\/diccionario-de-salud\/?abitem_id=64\">isotretino\u00edna<\/a> que pueden tardar hasta dos meses en hacer efecto. Las rojeces y las venitas (el eritema y las telangiectasias) mejoran de manera sustancial con tratamientos como la luz pulsada intensa (IPL).<\/p>\n<\/div><div class=\"fusion-clearfix\"><\/div><\/div><\/div><\/div><\/div><div class=\"fusion-fullwidth fullwidth-box fusion-builder-row-2 nonhundred-percent-fullwidth non-hundred-percent-height-scrolling\" style=\"--awb-border-radius-top-left:0px;--awb-border-radius-top-right:0px;--awb-border-radius-bottom-right:0px;--awb-border-radius-bottom-left:0px;--awb-flex-wrap:wrap;\" ><div class=\"fusion-builder-row fusion-row\"><div class=\"fusion-layout-column fusion_builder_column fusion-builder-column-1 fusion_builder_column_1_1 1_1 fusion-one-full fusion-column-first fusion-column-last\" style=\"--awb-bg-size:cover;\"><div class=\"fusion-column-wrapper fusion-flex-column-wrapper-legacy\"><div class=\"accordian fusion-accordian\" style=\"--awb-border-size:1px;--awb-icon-size:13px;--awb-content-font-size:15px;--awb-icon-alignment:left;--awb-hover-color:#f9f9f9;--awb-border-color:#cccccc;--awb-background-color:#ffffff;--awb-divider-color:#e0dede;--awb-divider-hover-color:#e0dede;--awb-icon-color:#ffffff;--awb-title-color:#ddbcb0;--awb-content-color:#505050;--awb-icon-box-color:#000000;--awb-toggle-hover-accent-color:#ddbcb0;--awb-title-font-family:&quot;Montserrat&quot;;--awb-title-font-weight:400;--awb-title-font-style:normal;--awb-content-font-family:&quot;Montserrat&quot;;--awb-content-font-style:normal;--awb-content-font-weight:300;\"><div class=\"panel-group fusion-toggle-icon-boxed\" id=\"accordion-4152-1\"><div class=\"fusion-panel panel-default panel-84ab3c8277870e8a5 fusion-toggle-has-divider\"><div class=\"panel-heading\"><h4 class=\"panel-title toggle\" id=\"toggle_84ab3c8277870e8a5\"><a aria-expanded=\"false\" aria-controls=\"84ab3c8277870e8a5\" role=\"button\" data-toggle=\"collapse\" data-parent=\"#accordion-4152-1\" data-target=\"#84ab3c8277870e8a5\" href=\"#84ab3c8277870e8a5\"><span class=\"fusion-toggle-icon-wrapper\" aria-hidden=\"true\"><i class=\"fa-fusion-box active-icon awb-icon-minus\" aria-hidden=\"true\"><\/i><i class=\"fa-fusion-box inactive-icon awb-icon-plus\" aria-hidden=\"true\"><\/i><\/span><span class=\"fusion-toggle-heading\">Qu\u00e9 es la ros\u00e1cea<\/span><\/a><\/h4><\/div><div id=\"84ab3c8277870e8a5\" class=\"panel-collapse collapse \" aria-labelledby=\"toggle_84ab3c8277870e8a5\"><div class=\"panel-body toggle-content fusion-clearfix\">\n<p>La ros\u00e1cea es una enfermedad inflamatoria cr\u00f3nica de la piel que afecta principalmente el rostro. Se caracteriza por episodios de enrojecimiento, vasos sangu\u00edneos visibles y, en algunos casos, protuberancias similares a las del acn\u00e9. Aunque puede afectar a cualquier persona, es m\u00e1s com\u00fan en mujeres de mediana edad con piel clara. Las causas exactas de la ros\u00e1cea no est\u00e1n completamente comprendidas, pero se cree que una combinaci\u00f3n de factores hereditarios y ambientales, as\u00ed como una respuesta inmunol\u00f3gica anormal, contribuyen a su desarrollo.<\/p>\n<\/div><\/div><\/div><div class=\"fusion-panel panel-default panel-4197c11caf3118328 fusion-toggle-has-divider\"><div class=\"panel-heading\"><h4 class=\"panel-title toggle\" id=\"toggle_4197c11caf3118328\"><a aria-expanded=\"false\" aria-controls=\"4197c11caf3118328\" role=\"button\" data-toggle=\"collapse\" data-parent=\"#accordion-4152-1\" data-target=\"#4197c11caf3118328\" href=\"#4197c11caf3118328\"><span class=\"fusion-toggle-icon-wrapper\" aria-hidden=\"true\"><i class=\"fa-fusion-box active-icon awb-icon-minus\" aria-hidden=\"true\"><\/i><i class=\"fa-fusion-box inactive-icon awb-icon-plus\" aria-hidden=\"true\"><\/i><\/span><span class=\"fusion-toggle-heading\">S\u00edntomas de la Ros\u00e1cea<\/span><\/a><\/h4><\/div><div id=\"4197c11caf3118328\" class=\"panel-collapse collapse \" aria-labelledby=\"toggle_4197c11caf3118328\"><div class=\"panel-body toggle-content fusion-clearfix\">\n<p>Los s\u00edntomas de la ros\u00e1cea var\u00edan seg\u00fan la persona y pueden presentarse en diferentes grados de severidad. A continuaci\u00f3n, se describen los s\u00edntomas m\u00e1s comunes de esta condici\u00f3n:<\/p>\n<p><strong>Enrojecimiento facial:<\/strong> Uno de los primeros y m\u00e1s comunes s\u00edntomas de la ros\u00e1cea es el enrojecimiento persistente en el centro de la cara. Este enrojecimiento puede parecer una quemadura solar leve y puede ir y venir.<\/p>\n<p><strong>Vasos sangu\u00edneos visibles:<\/strong> Tambi\u00e9n conocida como telangiectasia, la aparici\u00f3n de vasos sangu\u00edneos peque\u00f1os y visibles en la superficie de la piel es com\u00fan en personas con ros\u00e1cea. Estos vasos suelen ser m\u00e1s notables en las mejillas y la nariz.<\/p>\n<p><strong>Protuberancias y p\u00fastulas:<\/strong> Las personas con ros\u00e1cea a menudo desarrollan peque\u00f1as protuberancias rojas y p\u00fastulas llenas de pus que pueden ser confundidas con acn\u00e9. Sin embargo, a diferencia del acn\u00e9, no hay puntos negros.<\/p>\n<p><strong>Sensaci\u00f3n de ardor o picaz\u00f3n:<\/strong> Muchas personas con ros\u00e1cea experimentan una sensaci\u00f3n de ardor o picaz\u00f3n en la piel afectada. La piel tambi\u00e9n puede sentirse caliente y sensible al tacto.<\/p>\n<p><strong>Engrosamiento de la piel:<\/strong> En casos m\u00e1s severos, la ros\u00e1cea puede causar un engrosamiento de la piel, especialmente alrededor de la nariz, condici\u00f3n conocida como rinofima. Esto es m\u00e1s com\u00fan en hombres y puede requerir tratamiento quir\u00fargico.<\/p>\n<p><strong>Problemas oculares:<\/strong> La ros\u00e1cea ocular afecta los ojos, causando enrojecimiento, irritaci\u00f3n y p\u00e1rpados hinchados. Si no se trata, puede llevar a problemas m\u00e1s serios como la queratitis.<\/p>\n<\/div><\/div><\/div><div class=\"fusion-panel panel-default panel-7316b40985cfb4df2 fusion-toggle-has-divider\"><div class=\"panel-heading\"><h4 class=\"panel-title toggle\" id=\"toggle_7316b40985cfb4df2\"><a aria-expanded=\"false\" aria-controls=\"7316b40985cfb4df2\" role=\"button\" data-toggle=\"collapse\" data-parent=\"#accordion-4152-1\" data-target=\"#7316b40985cfb4df2\" href=\"#7316b40985cfb4df2\"><span class=\"fusion-toggle-icon-wrapper\" aria-hidden=\"true\"><i class=\"fa-fusion-box active-icon awb-icon-minus\" aria-hidden=\"true\"><\/i><i class=\"fa-fusion-box inactive-icon awb-icon-plus\" aria-hidden=\"true\"><\/i><\/span><span class=\"fusion-toggle-heading\">Diagn\u00f3stico de la Ros\u00e1cea<\/span><\/a><\/h4><\/div><div id=\"7316b40985cfb4df2\" class=\"panel-collapse collapse \" aria-labelledby=\"toggle_7316b40985cfb4df2\"><div class=\"panel-body toggle-content fusion-clearfix\">\n<p>El diagn\u00f3stico de la ros\u00e1cea se basa principalmente en un examen f\u00edsico de la piel y la evaluaci\u00f3n de los s\u00edntomas por parte de un dermat\u00f3logo. No existen pruebas espec\u00edficas para diagnosticar la ros\u00e1cea, pero se pueden utilizar varios m\u00e9todos para descartar otras condiciones con s\u00edntomas similares.<\/p>\n<p><strong>Examen f\u00edsico:<\/strong> Un dermat\u00f3logo examinar\u00e1 la piel afectada, observando el patr\u00f3n de enrojecimiento, vasos sangu\u00edneos visibles y cualquier protuberancia o p\u00fastula presente.<\/p>\n<p><strong>Historial m\u00e9dico:<\/strong> El m\u00e9dico puede revisar el historial m\u00e9dico del paciente para identificar factores desencadenantes y descartar otras enfermedades de la piel.<\/p>\n<p><strong>Biopsia de piel:<\/strong> En raras ocasiones, una biopsia de piel puede ser realizada para confirmar el diagn\u00f3stico y excluir otras afecciones dermatol\u00f3gicas.<\/p>\n<\/div><\/div><\/div><div class=\"fusion-panel panel-default panel-9a95316e3ec5d5f65 fusion-toggle-has-divider\"><div class=\"panel-heading\"><h4 class=\"panel-title toggle\" id=\"toggle_9a95316e3ec5d5f65\"><a aria-expanded=\"false\" aria-controls=\"9a95316e3ec5d5f65\" role=\"button\" data-toggle=\"collapse\" data-parent=\"#accordion-4152-1\" data-target=\"#9a95316e3ec5d5f65\" href=\"#9a95316e3ec5d5f65\"><span class=\"fusion-toggle-icon-wrapper\" aria-hidden=\"true\"><i class=\"fa-fusion-box active-icon awb-icon-minus\" aria-hidden=\"true\"><\/i><i class=\"fa-fusion-box inactive-icon awb-icon-plus\" aria-hidden=\"true\"><\/i><\/span><span class=\"fusion-toggle-heading\">Tratamiento de la Ros\u00e1cea<\/span><\/a><\/h4><\/div><div id=\"9a95316e3ec5d5f65\" class=\"panel-collapse collapse \" aria-labelledby=\"toggle_9a95316e3ec5d5f65\"><div class=\"panel-body toggle-content fusion-clearfix\">\n<p>El tratamiento de la ros\u00e1cea se centra en el control de los s\u00edntomas y la mejora de la apariencia de la piel. Aunque no existe una cura para la ros\u00e1cea, hay varias opciones de tratamiento disponibles.<\/p>\n<p><strong>Medicamentos t\u00f3picos:<\/strong> Los dermat\u00f3logos pueden recetar cremas o geles que contienen metronidazol, \u00e1cido azelaico o ivermectina para reducir la inflamaci\u00f3n y las protuberancias.<\/p>\n<p><strong>Antibi\u00f3ticos orales:<\/strong> En casos m\u00e1s severos, los antibi\u00f3ticos orales como la doxiciclina pueden ser prescritos para disminuir la inflamaci\u00f3n y tratar las p\u00fastulas.<\/p>\n<p><strong>Terapia l\u00e1ser:<\/strong> La terapia con l\u00e1ser puede ser utilizada para reducir el enrojecimiento y la apariencia de los vasos sangu\u00edneos visibles. Este tratamiento es particularmente \u00fatil para la telangiectasia.<\/p>\n<p><strong>Tratamientos quir\u00fargicos:<\/strong> En casos de rinofima, donde hay un engrosamiento severo de la piel, se pueden realizar procedimientos quir\u00fargicos para remodelar la nariz y mejorar la apariencia.<\/p>\n<p><strong>Cuidado de la piel:<\/strong> Usar productos suaves y evitar irritantes puede ayudar a controlar los s\u00edntomas. El uso de protector solar diario es esencial para prevenir el empeoramiento del enrojecimiento.<\/p>\n<\/div><\/div><\/div><div class=\"fusion-panel panel-default panel-97b3ef3af3f5acb2b fusion-toggle-has-divider\"><div class=\"panel-heading\"><h4 class=\"panel-title toggle\" id=\"toggle_97b3ef3af3f5acb2b\"><a aria-expanded=\"false\" aria-controls=\"97b3ef3af3f5acb2b\" role=\"button\" data-toggle=\"collapse\" data-parent=\"#accordion-4152-1\" data-target=\"#97b3ef3af3f5acb2b\" href=\"#97b3ef3af3f5acb2b\"><span class=\"fusion-toggle-icon-wrapper\" aria-hidden=\"true\"><i class=\"fa-fusion-box active-icon awb-icon-minus\" aria-hidden=\"true\"><\/i><i class=\"fa-fusion-box inactive-icon awb-icon-plus\" aria-hidden=\"true\"><\/i><\/span><span class=\"fusion-toggle-heading\">Prevenci\u00f3n de la Ros\u00e1cea<\/span><\/a><\/h4><\/div><div id=\"97b3ef3af3f5acb2b\" class=\"panel-collapse collapse \" aria-labelledby=\"toggle_97b3ef3af3f5acb2b\"><div class=\"panel-body toggle-content fusion-clearfix\">\n<p>Aunque no es posible prevenir la ros\u00e1cea completamente, hay varias estrategias que pueden ayudar a minimizar los brotes y controlar los s\u00edntomas.<\/p>\n<p><strong>Identificaci\u00f3n de desencadenantes:<\/strong> Mantener un diario de los factores desencadenantes, como ciertos alimentos, bebidas, temperaturas extremas y estr\u00e9s, puede ayudar a evitarlos y reducir los brotes.<\/p>\n<p><strong>Protecci\u00f3n solar:<\/strong> Usar protector solar de amplio espectro con un SPF alto diariamente y evitar la exposici\u00f3n solar prolongada puede prevenir el enrojecimiento y la irritaci\u00f3n.<\/p>\n<p><strong>Cuidado de la piel:<\/strong> Utilizar productos para el cuidado de la piel que sean suaves y no irritantes. Evitar exfoliantes agresivos y productos con alcohol.<\/p>\n<p><strong>Gesti\u00f3n del estr\u00e9s:<\/strong> El estr\u00e9s puede ser un desencadenante para la ros\u00e1cea, por lo que practicar t\u00e9cnicas de manejo del estr\u00e9s, como la meditaci\u00f3n y el ejercicio regular, puede ser beneficioso.<\/p>\n<\/div><\/div><\/div><div class=\"fusion-panel panel-default panel-ea6c2a53da6e41c49 fusion-toggle-has-divider\"><div class=\"panel-heading\"><h4 class=\"panel-title toggle\" id=\"toggle_ea6c2a53da6e41c49\"><a aria-expanded=\"false\" aria-controls=\"ea6c2a53da6e41c49\" role=\"button\" data-toggle=\"collapse\" data-parent=\"#accordion-4152-1\" data-target=\"#ea6c2a53da6e41c49\" href=\"#ea6c2a53da6e41c49\"><span class=\"fusion-toggle-icon-wrapper\" aria-hidden=\"true\"><i class=\"fa-fusion-box active-icon awb-icon-minus\" aria-hidden=\"true\"><\/i><i class=\"fa-fusion-box inactive-icon awb-icon-plus\" aria-hidden=\"true\"><\/i><\/span><span class=\"fusion-toggle-heading\">Factores de Riesgo de la Ros\u00e1cea<\/span><\/a><\/h4><\/div><div id=\"ea6c2a53da6e41c49\" class=\"panel-collapse collapse \" aria-labelledby=\"toggle_ea6c2a53da6e41c49\"><div class=\"panel-body toggle-content fusion-clearfix\">\n<p>Algunos factores pueden aumentar el riesgo de desarrollar ros\u00e1cea:<\/p>\n<p><strong>G\u00e9nero y edad:<\/strong> Las mujeres de mediana edad, especialmente aquellas entre los 30 y 50 a\u00f1os, son m\u00e1s propensas a desarrollar ros\u00e1cea.<\/p>\n<p><strong>Color de piel:<\/strong> Las personas con piel clara y que tienden a sonrojarse f\u00e1cilmente tienen un mayor riesgo de ros\u00e1cea.<\/p>\n<p><strong>Historial familiar:<\/strong> Tener antecedentes familiares de ros\u00e1cea puede aumentar el riesgo.<\/p>\n<p><strong>Condiciones ambientales:<\/strong> La exposici\u00f3n frecuente al sol, el viento y las temperaturas extremas puede desencadenar la ros\u00e1cea.<\/p>\n<p><strong>Estilo de vida:<\/strong> El consumo de alcohol, comidas picantes y bebidas calientes pueden desencadenar s\u00edntomas en algunas personas.<\/p>\n<\/div><\/div><\/div><\/div><\/div><div class=\"fusion-clearfix\"><\/div><\/div><\/div><\/div><\/div><div class=\"fusion-fullwidth fullwidth-box fusion-builder-row-3 nonhundred-percent-fullwidth non-hundred-percent-height-scrolling\" style=\"--awb-border-radius-top-left:0px;--awb-border-radius-top-right:0px;--awb-border-radius-bottom-right:0px;--awb-border-radius-bottom-left:0px;--awb-margin-top:32px;--awb-margin-bottom:32px;--awb-flex-wrap:wrap;\" ><div class=\"fusion-builder-row fusion-row\"><div class=\"fusion-layout-column fusion_builder_column fusion-builder-column-2 fusion_builder_column_1_1 1_1 fusion-one-full fusion-column-first fusion-column-last\" style=\"--awb-bg-size:cover;\"><div class=\"fusion-column-wrapper fusion-flex-column-wrapper-legacy\"><div class=\"fusion-text fusion-text-3\"><p><a href=\"https:\/\/www.idermic.es\/contact\/\"><span style=\"font-weight: 400;\">Contacta<\/span><\/a><span style=\"font-weight: 400;\"> con la cl\u00ednica dermatol\u00f3gica <a href=\"https:\/\/www.idermic.es\/\">Idermic.es<\/a> de Terrassa para informarte sobre el tratamiento de la Ros\u00e1cea.<\/span><\/p>\n<\/div><div class=\"fusion-clearfix\"><\/div><\/div><\/div><\/div><\/div><div class=\"fusion-fullwidth fullwidth-box fusion-builder-row-4 has-pattern-background has-mask-background nonhundred-percent-fullwidth non-hundred-percent-height-scrolling\" style=\"--awb-border-radius-top-left:0px;--awb-border-radius-top-right:0px;--awb-border-radius-bottom-right:0px;--awb-border-radius-bottom-left:0px;--awb-padding-top:20px;--awb-padding-bottom:32px;--awb-margin-top:48px;--awb-margin-bottom:32px;--awb-flex-wrap:wrap;\" ><div class=\"fusion-builder-row fusion-row\"><div class=\"fusion-layout-column fusion_builder_column fusion-builder-column-3 fusion_builder_column_1_2 1_2 fusion-one-half fusion-column-first fusion-column-inner-bg-wrapper\" style=\"--awb-padding-top:20px;--awb-padding-right:20px;--awb-padding-bottom:20px;--awb-padding-left:60px;--awb-inner-bg-color:#f4d0c2;--awb-inner-bg-color-hover:#f4d0c2;--awb-inner-bg-size:cover;width:50%;width:calc(50% - ( ( 4% ) * 0.5 ) );margin-right: 4%;\" data-scroll-devices=\"small-visibility,medium-visibility,large-visibility\"><span class=\"fusion-column-inner-bg hover-type-none\"><a class=\"fusion-column-anchor\" href=\"https:\/\/www.idermic.es\/es\/financiacion\/\"><span class=\"fusion-column-inner-bg-image\"><\/span><\/a><\/span><div class=\"fusion-column-wrapper fusion-column-has-shadow fusion-flex-column-wrapper-legacy\"><div style=\"text-align:center; max-width: 100%; width: calc(100% - 40px); margin: 0 auto;\">\n  <p style=\"color:white;margin:0;padding:15px 15px 0 15px;background-color:#ddbcb0;font-family:Montserrat;font-size:20px;font-weight:500;letter-spacing:2px;line-height:30px;\">\n    FINAN\u00c7AMENT 0% INTER\u00c8S\n  <\/p>\n  <p style=\"color:white;margin:0;padding:0 15px 15px 15px;background-color:#ddbcb0;font-family:Open Sans;font-size:12px;font-weight:500;letter-spacing:2px;line-height:30px;\">\n    LLEGIR M\u00c9S +\n  <\/p>\n<\/div><div class=\"fusion-clearfix\"><\/div><\/div><\/div><div class=\"fusion-layout-column fusion_builder_column fusion-builder-column-4 fusion_builder_column_1_2 1_2 fusion-one-half fusion-column-last fusion-column-inner-bg-wrapper\" style=\"--awb-padding-top:20px;--awb-padding-right:20px;--awb-padding-bottom:20px;--awb-padding-left:60px;--awb-inner-bg-color:#f4d0c2;--awb-inner-bg-color-hover:#f4d0c2;--awb-inner-bg-size:cover;width:50%;width:calc(50% - ( ( 4% ) * 0.5 ) );\" data-scroll-devices=\"small-visibility,medium-visibility,large-visibility\"><span class=\"fusion-column-inner-bg hover-type-none\"><a class=\"fusion-column-anchor\" href=\"https:\/\/www.idermic.es\/es\/preguntas-frecuentes\/\"><span class=\"fusion-column-inner-bg-image\"><\/span><\/a><\/span><div class=\"fusion-column-wrapper fusion-column-has-shadow fusion-flex-column-wrapper-legacy\"><div style=\"text-align:center; max-width: 100%; width: calc(100% - 40px); margin: 0 auto;\">\n  <p style=\"color:white;margin:0;padding:15px 15px 0 15px;background-color:#ddbcb0;font-family:Montserrat;font-size:20px;font-weight:500;letter-spacing:2px;line-height:30px;\">\n    PREGUNTES FREQ\u00dcENTS \n  <\/p>\n  <p style=\"color:white;margin:0;padding:0 15px 15px 15px;background-color:#ddbcb0;font-family:Open Sans;font-size:12px;font-weight:500;letter-spacing:2px;line-height:30px;\">\n    LLEGIR M\u00c9S +\n  <\/p>\n<\/div><div class=\"fusion-clearfix\"><\/div><\/div><\/div><\/div><\/div>\n<\/p>\n","protected":false},"excerpt":{"rendered":"<p>Control de la ros\u00e1cea con tratamientos m\u00e9dicos y l\u00e1ser. Disminuye rojez, p\u00e1pulas y molestias con atenci\u00f3n profesional.<\/p>\n","protected":false},"author":3,"featured_media":4156,"comment_status":"open","ping_status":"closed","sticky":false,"template":"","format":"standard","meta":{"_joinchat":[],"footnotes":""},"categories":[60],"tags":[104,117],"class_list":["post-4152","post","type-post","status-publish","format-standard","has-post-thumbnail","hentry","category-dermatologia-estetica-es","tag-piel","tag-pigmentacion"],"yoast_head":"<!-- This site is optimized with the Yoast SEO plugin v28.4 - https:\/\/yoast.com\/product\/yoast-seo-wordpress\/ -->\n<title>Ros\u00e1cea - Idermic. Dermatolog\u00eda en Terrassa Dermatologia est\u00e8tica<\/title>\n<meta name=\"description\" content=\"Control de la ros\u00e1cea con tratamientos m\u00e9dicos y l\u00e1ser. Disminuye rojez, p\u00e1pulas y molestias con atenci\u00f3n profesional.\" \/>\n<meta name=\"robots\" content=\"index, follow, max-snippet:-1, max-image-preview:large, max-video-preview:-1\" \/>\n<link rel=\"canonical\" href=\"https:\/\/www.idermic.es\/es\/rosacea\/\" \/>\n<meta property=\"og:locale\" content=\"es_ES\" \/>\n<meta property=\"og:type\" content=\"article\" \/>\n<meta property=\"og:title\" content=\"Ros\u00e1cea - Idermic. Dermatolog\u00eda en Terrassa Dermatologia est\u00e8tica\" \/>\n<meta property=\"og:description\" content=\"Control de la ros\u00e1cea con tratamientos m\u00e9dicos y l\u00e1ser. Disminuye rojez, p\u00e1pulas y molestias con atenci\u00f3n profesional.\" \/>\n<meta property=\"og:url\" content=\"https:\/\/www.idermic.es\/es\/rosacea\/\" \/>\n<meta property=\"og:site_name\" content=\"Idermic. Dermatolog\u00eda en Terrassa\" \/>\n<meta property=\"article:publisher\" content=\"https:\/\/www.facebook.com\/Idermic\" \/>\n<meta property=\"article:published_time\" content=\"2014-12-24T08:20:34+00:00\" \/>\n<meta property=\"article:modified_time\" content=\"2025-11-21T13:20:01+00:00\" \/>\n<meta property=\"og:image\" content=\"https:\/\/www.idermic.es\/wp-content\/uploads\/2014\/12\/Rosacea.jpg\" \/>\n\t<meta property=\"og:image:width\" content=\"504\" \/>\n\t<meta property=\"og:image:height\" content=\"336\" \/>\n\t<meta property=\"og:image:type\" content=\"image\/jpeg\" \/>\n<meta name=\"author\" content=\"Equipo\" \/>\n<meta name=\"twitter:card\" content=\"summary_large_image\" \/>\n<meta name=\"twitter:creator\" content=\"@idermic\" \/>\n<meta name=\"twitter:site\" content=\"@idermic\" \/>\n<meta name=\"twitter:label1\" content=\"Escrito por\" \/>\n\t<meta name=\"twitter:data1\" content=\"Equipo\" \/>\n\t<meta name=\"twitter:label2\" content=\"Tiempo de lectura\" \/>\n\t<meta name=\"twitter:data2\" content=\"9 minutos\" \/>\n<script type=\"application\/ld+json\" class=\"yoast-schema-graph\">{\"@context\":\"https:\\\/\\\/schema.org\",\"@graph\":[{\"@type\":\"Article\",\"@id\":\"https:\\\/\\\/www.idermic.es\\\/es\\\/rosacea\\\/#article\",\"isPartOf\":{\"@id\":\"https:\\\/\\\/www.idermic.es\\\/es\\\/rosacea\\\/\"},\"author\":{\"name\":\"Equipo\",\"@id\":\"https:\\\/\\\/www.idermic.es\\\/#\\\/schema\\\/person\\\/c12703027a878b23d3c71c87921a82f8\"},\"headline\":\"Ros\u00e1cea\",\"datePublished\":\"2014-12-24T08:20:34+00:00\",\"dateModified\":\"2025-11-21T13:20:01+00:00\",\"mainEntityOfPage\":{\"@id\":\"https:\\\/\\\/www.idermic.es\\\/es\\\/rosacea\\\/\"},\"wordCount\":1915,\"commentCount\":0,\"publisher\":{\"@id\":\"https:\\\/\\\/www.idermic.es\\\/#organization\"},\"image\":{\"@id\":\"https:\\\/\\\/www.idermic.es\\\/es\\\/rosacea\\\/#primaryimage\"},\"thumbnailUrl\":\"https:\\\/\\\/www.idermic.es\\\/wp-content\\\/uploads\\\/2014\\\/12\\\/Rosacea.jpg\",\"keywords\":[\"piel\",\"pigmentaci\u00f3n\"],\"articleSection\":[\"Dermatologia est\u00e8tica\"],\"inLanguage\":\"es\",\"potentialAction\":[{\"@type\":\"CommentAction\",\"name\":\"Comment\",\"target\":[\"https:\\\/\\\/www.idermic.es\\\/es\\\/rosacea\\\/#respond\"]}]},{\"@type\":\"WebPage\",\"@id\":\"https:\\\/\\\/www.idermic.es\\\/es\\\/rosacea\\\/\",\"url\":\"https:\\\/\\\/www.idermic.es\\\/es\\\/rosacea\\\/\",\"name\":\"Ros\u00e1cea - Idermic. Dermatolog\u00eda en Terrassa Dermatologia est\u00e8tica\",\"isPartOf\":{\"@id\":\"https:\\\/\\\/www.idermic.es\\\/#website\"},\"primaryImageOfPage\":{\"@id\":\"https:\\\/\\\/www.idermic.es\\\/es\\\/rosacea\\\/#primaryimage\"},\"image\":{\"@id\":\"https:\\\/\\\/www.idermic.es\\\/es\\\/rosacea\\\/#primaryimage\"},\"thumbnailUrl\":\"https:\\\/\\\/www.idermic.es\\\/wp-content\\\/uploads\\\/2014\\\/12\\\/Rosacea.jpg\",\"datePublished\":\"2014-12-24T08:20:34+00:00\",\"dateModified\":\"2025-11-21T13:20:01+00:00\",\"description\":\"Control de la ros\u00e1cea con tratamientos m\u00e9dicos y l\u00e1ser. Disminuye rojez, p\u00e1pulas y molestias con atenci\u00f3n profesional.\",\"breadcrumb\":{\"@id\":\"https:\\\/\\\/www.idermic.es\\\/es\\\/rosacea\\\/#breadcrumb\"},\"inLanguage\":\"es\",\"potentialAction\":[{\"@type\":\"ReadAction\",\"target\":[\"https:\\\/\\\/www.idermic.es\\\/es\\\/rosacea\\\/\"]}]},{\"@type\":\"ImageObject\",\"inLanguage\":\"es\",\"@id\":\"https:\\\/\\\/www.idermic.es\\\/es\\\/rosacea\\\/#primaryimage\",\"url\":\"https:\\\/\\\/www.idermic.es\\\/wp-content\\\/uploads\\\/2014\\\/12\\\/Rosacea.jpg\",\"contentUrl\":\"https:\\\/\\\/www.idermic.es\\\/wp-content\\\/uploads\\\/2014\\\/12\\\/Rosacea.jpg\",\"width\":504,\"height\":336,\"caption\":\"Ros\u00e1cea\"},{\"@type\":\"BreadcrumbList\",\"@id\":\"https:\\\/\\\/www.idermic.es\\\/es\\\/rosacea\\\/#breadcrumb\",\"itemListElement\":[{\"@type\":\"ListItem\",\"position\":1,\"name\":\"Inici\",\"item\":\"https:\\\/\\\/www.idermic.es\\\/es\\\/\"},{\"@type\":\"ListItem\",\"position\":2,\"name\":\"Ros\u00e1cea\"}]},{\"@type\":\"WebSite\",\"@id\":\"https:\\\/\\\/www.idermic.es\\\/#website\",\"url\":\"https:\\\/\\\/www.idermic.es\\\/\",\"name\":\"Idermic. Dermatolog\u00eda en Terrassa\",\"description\":\"Dermatolog\u00eda, Medicina est\u00e9tica, Cirurg\u00eda Pl\u00e0stica\",\"publisher\":{\"@id\":\"https:\\\/\\\/www.idermic.es\\\/#organization\"},\"potentialAction\":[{\"@type\":\"SearchAction\",\"target\":{\"@type\":\"EntryPoint\",\"urlTemplate\":\"https:\\\/\\\/www.idermic.es\\\/?s={search_term_string}\"},\"query-input\":{\"@type\":\"PropertyValueSpecification\",\"valueRequired\":true,\"valueName\":\"search_term_string\"}}],\"inLanguage\":\"es\"},{\"@type\":\"Organization\",\"@id\":\"https:\\\/\\\/www.idermic.es\\\/#organization\",\"name\":\"Idermic. Dermatolog\u00eda en Terrassa\",\"url\":\"https:\\\/\\\/www.idermic.es\\\/\",\"logo\":{\"@type\":\"ImageObject\",\"inLanguage\":\"es\",\"@id\":\"https:\\\/\\\/www.idermic.es\\\/#\\\/schema\\\/logo\\\/image\\\/\",\"url\":\"https:\\\/\\\/www.idermic.es\\\/wp-content\\\/uploads\\\/2025\\\/10\\\/Logo-Idermic.jpg\",\"contentUrl\":\"https:\\\/\\\/www.idermic.es\\\/wp-content\\\/uploads\\\/2025\\\/10\\\/Logo-Idermic.jpg\",\"width\":501,\"height\":502,\"caption\":\"Idermic. Dermatolog\u00eda en Terrassa\"},\"image\":{\"@id\":\"https:\\\/\\\/www.idermic.es\\\/#\\\/schema\\\/logo\\\/image\\\/\"},\"sameAs\":[\"https:\\\/\\\/www.facebook.com\\\/Idermic\",\"https:\\\/\\\/x.com\\\/idermic\",\"https:\\\/\\\/www.instagram.com\\\/idermicclinic\\\/\",\"https:\\\/\\\/www.youtube.com\\\/channel\\\/UCyAHC9-p8lc6hr_nguO8p_g\"]},{\"@type\":\"Person\",\"@id\":\"https:\\\/\\\/www.idermic.es\\\/#\\\/schema\\\/person\\\/c12703027a878b23d3c71c87921a82f8\",\"name\":\"Equipo\",\"image\":{\"@type\":\"ImageObject\",\"inLanguage\":\"es\",\"@id\":\"https:\\\/\\\/secure.gravatar.com\\\/avatar\\\/7ca0be23248108c6b0887e0693b7dcf7764bd3503f84d1f04e6653ef7c3b9420?s=96&d=mm&r=g\",\"url\":\"https:\\\/\\\/secure.gravatar.com\\\/avatar\\\/7ca0be23248108c6b0887e0693b7dcf7764bd3503f84d1f04e6653ef7c3b9420?s=96&d=mm&r=g\",\"contentUrl\":\"https:\\\/\\\/secure.gravatar.com\\\/avatar\\\/7ca0be23248108c6b0887e0693b7dcf7764bd3503f84d1f04e6653ef7c3b9420?s=96&d=mm&r=g\",\"caption\":\"Equipo\"},\"description\":\"Equipo de Idermic\"}]}<\/script>\n<!-- \/ Yoast SEO plugin. -->","yoast_head_json":{"title":"Ros\u00e1cea - Idermic. Dermatolog\u00eda en Terrassa Dermatologia est\u00e8tica","description":"Control de la ros\u00e1cea con tratamientos m\u00e9dicos y l\u00e1ser. Disminuye rojez, p\u00e1pulas y molestias con atenci\u00f3n profesional.","robots":{"index":"index","follow":"follow","max-snippet":"max-snippet:-1","max-image-preview":"max-image-preview:large","max-video-preview":"max-video-preview:-1"},"canonical":"https:\/\/www.idermic.es\/es\/rosacea\/","og_locale":"es_ES","og_type":"article","og_title":"Ros\u00e1cea - Idermic. Dermatolog\u00eda en Terrassa Dermatologia est\u00e8tica","og_description":"Control de la ros\u00e1cea con tratamientos m\u00e9dicos y l\u00e1ser. Disminuye rojez, p\u00e1pulas y molestias con atenci\u00f3n profesional.","og_url":"https:\/\/www.idermic.es\/es\/rosacea\/","og_site_name":"Idermic. Dermatolog\u00eda en Terrassa","article_publisher":"https:\/\/www.facebook.com\/Idermic","article_published_time":"2014-12-24T08:20:34+00:00","article_modified_time":"2025-11-21T13:20:01+00:00","og_image":[{"width":504,"height":336,"url":"https:\/\/www.idermic.es\/wp-content\/uploads\/2014\/12\/Rosacea.jpg","type":"image\/jpeg"}],"author":"Equipo","twitter_card":"summary_large_image","twitter_creator":"@idermic","twitter_site":"@idermic","twitter_misc":{"Escrito por":"Equipo","Tiempo de lectura":"9 minutos"},"schema":{"@context":"https:\/\/schema.org","@graph":[{"@type":"Article","@id":"https:\/\/www.idermic.es\/es\/rosacea\/#article","isPartOf":{"@id":"https:\/\/www.idermic.es\/es\/rosacea\/"},"author":{"name":"Equipo","@id":"https:\/\/www.idermic.es\/#\/schema\/person\/c12703027a878b23d3c71c87921a82f8"},"headline":"Ros\u00e1cea","datePublished":"2014-12-24T08:20:34+00:00","dateModified":"2025-11-21T13:20:01+00:00","mainEntityOfPage":{"@id":"https:\/\/www.idermic.es\/es\/rosacea\/"},"wordCount":1915,"commentCount":0,"publisher":{"@id":"https:\/\/www.idermic.es\/#organization"},"image":{"@id":"https:\/\/www.idermic.es\/es\/rosacea\/#primaryimage"},"thumbnailUrl":"https:\/\/www.idermic.es\/wp-content\/uploads\/2014\/12\/Rosacea.jpg","keywords":["piel","pigmentaci\u00f3n"],"articleSection":["Dermatologia est\u00e8tica"],"inLanguage":"es","potentialAction":[{"@type":"CommentAction","name":"Comment","target":["https:\/\/www.idermic.es\/es\/rosacea\/#respond"]}]},{"@type":"WebPage","@id":"https:\/\/www.idermic.es\/es\/rosacea\/","url":"https:\/\/www.idermic.es\/es\/rosacea\/","name":"Ros\u00e1cea - Idermic. Dermatolog\u00eda en Terrassa Dermatologia est\u00e8tica","isPartOf":{"@id":"https:\/\/www.idermic.es\/#website"},"primaryImageOfPage":{"@id":"https:\/\/www.idermic.es\/es\/rosacea\/#primaryimage"},"image":{"@id":"https:\/\/www.idermic.es\/es\/rosacea\/#primaryimage"},"thumbnailUrl":"https:\/\/www.idermic.es\/wp-content\/uploads\/2014\/12\/Rosacea.jpg","datePublished":"2014-12-24T08:20:34+00:00","dateModified":"2025-11-21T13:20:01+00:00","description":"Control de la ros\u00e1cea con tratamientos m\u00e9dicos y l\u00e1ser. Disminuye rojez, p\u00e1pulas y molestias con atenci\u00f3n profesional.","breadcrumb":{"@id":"https:\/\/www.idermic.es\/es\/rosacea\/#breadcrumb"},"inLanguage":"es","potentialAction":[{"@type":"ReadAction","target":["https:\/\/www.idermic.es\/es\/rosacea\/"]}]},{"@type":"ImageObject","inLanguage":"es","@id":"https:\/\/www.idermic.es\/es\/rosacea\/#primaryimage","url":"https:\/\/www.idermic.es\/wp-content\/uploads\/2014\/12\/Rosacea.jpg","contentUrl":"https:\/\/www.idermic.es\/wp-content\/uploads\/2014\/12\/Rosacea.jpg","width":504,"height":336,"caption":"Ros\u00e1cea"},{"@type":"BreadcrumbList","@id":"https:\/\/www.idermic.es\/es\/rosacea\/#breadcrumb","itemListElement":[{"@type":"ListItem","position":1,"name":"Inici","item":"https:\/\/www.idermic.es\/es\/"},{"@type":"ListItem","position":2,"name":"Ros\u00e1cea"}]},{"@type":"WebSite","@id":"https:\/\/www.idermic.es\/#website","url":"https:\/\/www.idermic.es\/","name":"Idermic. Dermatolog\u00eda en Terrassa","description":"Dermatolog\u00eda, Medicina est\u00e9tica, Cirurg\u00eda Pl\u00e0stica","publisher":{"@id":"https:\/\/www.idermic.es\/#organization"},"potentialAction":[{"@type":"SearchAction","target":{"@type":"EntryPoint","urlTemplate":"https:\/\/www.idermic.es\/?s={search_term_string}"},"query-input":{"@type":"PropertyValueSpecification","valueRequired":true,"valueName":"search_term_string"}}],"inLanguage":"es"},{"@type":"Organization","@id":"https:\/\/www.idermic.es\/#organization","name":"Idermic. Dermatolog\u00eda en Terrassa","url":"https:\/\/www.idermic.es\/","logo":{"@type":"ImageObject","inLanguage":"es","@id":"https:\/\/www.idermic.es\/#\/schema\/logo\/image\/","url":"https:\/\/www.idermic.es\/wp-content\/uploads\/2025\/10\/Logo-Idermic.jpg","contentUrl":"https:\/\/www.idermic.es\/wp-content\/uploads\/2025\/10\/Logo-Idermic.jpg","width":501,"height":502,"caption":"Idermic. Dermatolog\u00eda en Terrassa"},"image":{"@id":"https:\/\/www.idermic.es\/#\/schema\/logo\/image\/"},"sameAs":["https:\/\/www.facebook.com\/Idermic","https:\/\/x.com\/idermic","https:\/\/www.instagram.com\/idermicclinic\/","https:\/\/www.youtube.com\/channel\/UCyAHC9-p8lc6hr_nguO8p_g"]},{"@type":"Person","@id":"https:\/\/www.idermic.es\/#\/schema\/person\/c12703027a878b23d3c71c87921a82f8","name":"Equipo","image":{"@type":"ImageObject","inLanguage":"es","@id":"https:\/\/secure.gravatar.com\/avatar\/7ca0be23248108c6b0887e0693b7dcf7764bd3503f84d1f04e6653ef7c3b9420?s=96&d=mm&r=g","url":"https:\/\/secure.gravatar.com\/avatar\/7ca0be23248108c6b0887e0693b7dcf7764bd3503f84d1f04e6653ef7c3b9420?s=96&d=mm&r=g","contentUrl":"https:\/\/secure.gravatar.com\/avatar\/7ca0be23248108c6b0887e0693b7dcf7764bd3503f84d1f04e6653ef7c3b9420?s=96&d=mm&r=g","caption":"Equipo"},"description":"Equipo de Idermic"}]}},"_links":{"self":[{"href":"https:\/\/www.idermic.es\/es\/wp-json\/wp\/v2\/posts\/4152","targetHints":{"allow":["GET"]}}],"collection":[{"href":"https:\/\/www.idermic.es\/es\/wp-json\/wp\/v2\/posts"}],"about":[{"href":"https:\/\/www.idermic.es\/es\/wp-json\/wp\/v2\/types\/post"}],"author":[{"embeddable":true,"href":"https:\/\/www.idermic.es\/es\/wp-json\/wp\/v2\/users\/3"}],"replies":[{"embeddable":true,"href":"https:\/\/www.idermic.es\/es\/wp-json\/wp\/v2\/comments?post=4152"}],"version-history":[{"count":7,"href":"https:\/\/www.idermic.es\/es\/wp-json\/wp\/v2\/posts\/4152\/revisions"}],"predecessor-version":[{"id":8616,"href":"https:\/\/www.idermic.es\/es\/wp-json\/wp\/v2\/posts\/4152\/revisions\/8616"}],"wp:featuredmedia":[{"embeddable":true,"href":"https:\/\/www.idermic.es\/es\/wp-json\/wp\/v2\/media\/4156"}],"wp:attachment":[{"href":"https:\/\/www.idermic.es\/es\/wp-json\/wp\/v2\/media?parent=4152"}],"wp:term":[{"taxonomy":"category","embeddable":true,"href":"https:\/\/www.idermic.es\/es\/wp-json\/wp\/v2\/categories?post=4152"},{"taxonomy":"post_tag","embeddable":true,"href":"https:\/\/www.idermic.es\/es\/wp-json\/wp\/v2\/tags?post=4152"}],"curies":[{"name":"wp","href":"https:\/\/api.w.org\/{rel}","templated":true}]}}