{"id":4107,"date":"2018-03-15T08:10:21","date_gmt":"2018-03-15T08:10:21","guid":{"rendered":"https:\/\/www.idermic.es\/?p=4107"},"modified":"2023-08-15T16:19:05","modified_gmt":"2023-08-15T16:19:05","slug":"tratamiento-de-las-ojeras","status":"publish","type":"post","link":"https:\/\/www.idermic.es\/es\/tratamiento-de-las-ojeras\/","title":{"rendered":"Tratamiento de las ojeras"},"content":{"rendered":"<p><div class=\"fusion-fullwidth fullwidth-box fusion-builder-row-1 nonhundred-percent-fullwidth non-hundred-percent-height-scrolling\" style=\"--awb-border-radius-top-left:0px;--awb-border-radius-top-right:0px;--awb-border-radius-bottom-right:0px;--awb-border-radius-bottom-left:0px;--awb-margin-top:32px;--awb-margin-bottom:32px;--awb-flex-wrap:wrap;\" ><div class=\"fusion-builder-row fusion-row\"><div class=\"fusion-layout-column fusion_builder_column fusion-builder-column-0 fusion_builder_column_1_1 1_1 fusion-one-full fusion-column-first fusion-column-last\" style=\"--awb-bg-size:cover;\"><div class=\"fusion-column-wrapper fusion-flex-column-wrapper-legacy\"><div class=\"fusion-text fusion-text-1\"><h1 style=\"text-align: center;\">Tratamiento de las ojeras<\/h1>\n<\/div><div class=\"fusion-text fusion-text-2\"><h2>Tratamiento de las ojeras con \u00e1cido hialur\u00f3nico<\/h2>\n<p>Las ojeras pueden aparecer en cualquier edad y sexo debido a diferentes motivos como el cansancio, preocupaciones o, simplemente, por condici\u00f3n gen\u00e9tica presente desde la juventud. En ocasiones, lo que predomina es un surco en los p\u00e1rpados inferiores, en otros se asocia tambi\u00e9n una coloraci\u00f3n viol\u00e1cea de los mismos. Las ojeras pueden causar complejo en las personas que las sufren ya que la mirada es una de las zonas de la cara que recibe m\u00e1s atenci\u00f3n. La t\u00e9cnica para mejorar la zona periocular y, en concreto, el surco de la ojera consiste en la infiltraci\u00f3n de un <a href=\"https:\/\/www.sanibook.net\/diccionario-de-salud\/?abitem_id=3\">\u00e1cido hialur\u00f3nico<\/a> espec\u00edfico para tratamientos m\u00e9dicos.<\/p>\n<h2>\u00bfEn qu\u00e9 consiste el procedimiento?<\/h2>\n<p>En la inyecci\u00f3n de \u00e1cido hialur\u00f3nico en el surco de la ojera mediante una c\u00e1nula de peque\u00f1o calibre. Es un procedimiento r\u00e1pido (de 15 minutos aproximadamente) que se realiza en nuestra consulta. Adem\u00e1s, no es un tratamiento doloroso ya que en la zona se aplica previamente una crema anest\u00e9sica (opcional).<\/p>\n<h2>\u00bfQu\u00e9 tipo de \u00e1cido hialur\u00f3nico se inyecta?<\/h2>\n<p>El \u00fanico \u00e1cido hialur\u00f3nico del mercado que tiene indicaciones para tratar esta zona es el Redensity II de Teosyal. Redensifica la zona periocular. Adem\u00e1s del \u00e1cido hialur\u00f3nico que contiene tambi\u00e9n lleva una serie de amino\u00e1cidos y vitamina B que hidratan los tejidos. Tambi\u00e9n incorpora un anest\u00e9sico, que hace que el tratamiento sea m\u00e1s c\u00f3modo.<\/p>\n<h2>\u00bfQu\u00e9 duraci\u00f3n tiene?<\/h2>\n<p>Se estima que tiene una duraci\u00f3n de un a\u00f1o. Se trata de un producto est\u00e9ril, viscoel\u00e1stico y no permanente que no precisa de ninguna prueba al\u00e9rgica previa.<\/p>\n<h2>\u00bfCu\u00e1ndo se notan los resultados?<\/h2>\n<p>Los resultados son inmediatos y completamente naturales. El paciente se puede reincorporar de forma inmediata a las actividades de la vida diaria.<\/p>\n<\/div><div class=\"fusion-text fusion-text-3\"><p><a href=\"https:\/\/www.idermic.es\/contact\/\"><span style=\"font-weight: 400;\">Consulta<\/span><\/a><span style=\"font-weight: 400;\"> m\u00e1s informaci\u00f3n sobre el tratamiento de ojeras con \u00e1cido Hialur\u00f3nico en tu <\/span><a href=\"https:\/\/www.idermic.es\/\"><span style=\"font-weight: 400;\">cl\u00ednica est\u00e9tica de Terrassa<\/span><\/a><span style=\"font-weight: 400;\">.<\/span><\/p>\n<\/div><div class=\"fusion-clearfix\"><\/div><\/div><\/div><\/div><\/div><div class=\"fusion-fullwidth fullwidth-box fusion-builder-row-2 has-pattern-background has-mask-background nonhundred-percent-fullwidth non-hundred-percent-height-scrolling\" style=\"--awb-border-radius-top-left:0px;--awb-border-radius-top-right:0px;--awb-border-radius-bottom-right:0px;--awb-border-radius-bottom-left:0px;--awb-padding-top:20px;--awb-padding-bottom:32px;--awb-margin-top:48px;--awb-margin-bottom:32px;--awb-flex-wrap:wrap;\" ><div class=\"fusion-builder-row fusion-row\"><div class=\"fusion-layout-column fusion_builder_column fusion-builder-column-1 fusion_builder_column_1_2 1_2 fusion-one-half fusion-column-first fusion-column-inner-bg-wrapper\" style=\"--awb-padding-top:20px;--awb-padding-right:20px;--awb-padding-bottom:20px;--awb-padding-left:60px;--awb-inner-bg-color:#f4d0c2;--awb-inner-bg-color-hover:#f4d0c2;--awb-inner-bg-size:cover;width:50%;width:calc(50% - ( ( 4% ) * 0.5 ) );margin-right: 4%;\" data-scroll-devices=\"small-visibility,medium-visibility,large-visibility\"><span class=\"fusion-column-inner-bg hover-type-none\"><a class=\"fusion-column-anchor\" href=\"https:\/\/www.idermic.es\/es\/financiacion\/\"><span class=\"fusion-column-inner-bg-image\"><\/span><\/a><\/span><div class=\"fusion-column-wrapper fusion-column-has-shadow fusion-flex-column-wrapper-legacy\"><div style=\"text-align:center; max-width: 100%; width: calc(100% - 40px); margin: 0 auto;\">\n  <p style=\"color:white;margin:0;padding:15px 15px 0 15px;background-color:#ddbcb0;font-family:Montserrat;font-size:20px;font-weight:500;letter-spacing:2px;line-height:30px;\">\n    FINAN\u00c7AMENT 0% INTER\u00c8S\n  <\/p>\n  <p style=\"color:white;margin:0;padding:0 15px 15px 15px;background-color:#ddbcb0;font-family:Open Sans;font-size:12px;font-weight:500;letter-spacing:2px;line-height:30px;\">\n    LLEGIR M\u00c9S +\n  <\/p>\n<\/div><div class=\"fusion-clearfix\"><\/div><\/div><\/div><div class=\"fusion-layout-column fusion_builder_column fusion-builder-column-2 fusion_builder_column_1_2 1_2 fusion-one-half fusion-column-last fusion-column-inner-bg-wrapper\" style=\"--awb-padding-top:20px;--awb-padding-right:20px;--awb-padding-bottom:20px;--awb-padding-left:60px;--awb-inner-bg-color:#f4d0c2;--awb-inner-bg-color-hover:#f4d0c2;--awb-inner-bg-size:cover;width:50%;width:calc(50% - ( ( 4% ) * 0.5 ) );\" data-scroll-devices=\"small-visibility,medium-visibility,large-visibility\"><span class=\"fusion-column-inner-bg hover-type-none\"><a class=\"fusion-column-anchor\" href=\"https:\/\/www.idermic.es\/es\/preguntas-frecuentes\/\"><span class=\"fusion-column-inner-bg-image\"><\/span><\/a><\/span><div class=\"fusion-column-wrapper fusion-column-has-shadow fusion-flex-column-wrapper-legacy\"><div style=\"text-align:center; max-width: 100%; width: calc(100% - 40px); margin: 0 auto;\">\n  <p style=\"color:white;margin:0;padding:15px 15px 0 15px;background-color:#ddbcb0;font-family:Montserrat;font-size:20px;font-weight:500;letter-spacing:2px;line-height:30px;\">\n    PREGUNTES FREQ\u00dcENTS \n  <\/p>\n  <p style=\"color:white;margin:0;padding:0 15px 15px 15px;background-color:#ddbcb0;font-family:Open Sans;font-size:12px;font-weight:500;letter-spacing:2px;line-height:30px;\">\n    LLEGIR M\u00c9S +\n  <\/p>\n<\/div><div class=\"fusion-clearfix\"><\/div><\/div><\/div><\/div><\/div>\n<\/p>\n","protected":false},"excerpt":{"rendered":"<p>Las ojeras pueden aparecer en cualquier edad y sexo debido a diferentes motivos como el cansancio, preocupaciones o, por condici\u00f3n gen\u00e9tica.<\/p>\n","protected":false},"author":3,"featured_media":4110,"comment_status":"open","ping_status":"closed","sticky":false,"template":"","format":"standard","meta":{"_joinchat":[],"footnotes":""},"categories":[56],"tags":[104,117],"class_list":["post-4107","post","type-post","status-publish","format-standard","has-post-thumbnail","hentry","category-tratamientos-de-cirugia-estetica","tag-piel","tag-pigmentacion"],"yoast_head":"<!-- This site is optimized with the Yoast SEO plugin v28.4 - https:\/\/yoast.com\/product\/yoast-seo-wordpress\/ -->\n<title>Tratamiento de las ojeras - Idermic. Dermatolog\u00eda en Terrassa Tratamientos de Cirug\u00eda Est\u00e9tica<\/title>\n<meta name=\"description\" content=\"Las ojeras pueden aparecer en cualquier edad y sexo debido a diferentes motivos como el cansancio, preocupaciones o, por condici\u00f3n gen\u00e9tica.\" \/>\n<meta name=\"robots\" content=\"index, follow, max-snippet:-1, max-image-preview:large, max-video-preview:-1\" \/>\n<link rel=\"canonical\" href=\"https:\/\/www.idermic.es\/es\/tratamiento-de-las-ojeras\/\" \/>\n<meta property=\"og:locale\" content=\"es_ES\" \/>\n<meta property=\"og:type\" content=\"article\" \/>\n<meta property=\"og:title\" content=\"Tratamiento de las ojeras - Idermic. Dermatolog\u00eda en Terrassa Tratamientos de Cirug\u00eda Est\u00e9tica\" \/>\n<meta property=\"og:description\" content=\"Las ojeras pueden aparecer en cualquier edad y sexo debido a diferentes motivos como el cansancio, preocupaciones o, por condici\u00f3n gen\u00e9tica.\" \/>\n<meta property=\"og:url\" content=\"https:\/\/www.idermic.es\/es\/tratamiento-de-las-ojeras\/\" \/>\n<meta property=\"og:site_name\" content=\"Idermic. Dermatolog\u00eda en Terrassa\" \/>\n<meta property=\"article:publisher\" content=\"https:\/\/www.facebook.com\/Idermic\" \/>\n<meta property=\"article:published_time\" content=\"2018-03-15T08:10:21+00:00\" \/>\n<meta property=\"article:modified_time\" content=\"2023-08-15T16:19:05+00:00\" \/>\n<meta property=\"og:image\" content=\"https:\/\/www.idermic.es\/wp-content\/uploads\/2021\/09\/Tratamiento-de-la-ojera-con-acido-hialuronico.jpg\" \/>\n\t<meta property=\"og:image:width\" content=\"362\" \/>\n\t<meta property=\"og:image:height\" content=\"459\" \/>\n\t<meta property=\"og:image:type\" content=\"image\/jpeg\" \/>\n<meta name=\"author\" content=\"Equipo\" \/>\n<meta name=\"twitter:card\" content=\"summary_large_image\" \/>\n<meta name=\"twitter:creator\" content=\"@idermic\" \/>\n<meta name=\"twitter:site\" content=\"@idermic\" \/>\n<meta name=\"twitter:label1\" content=\"Escrito por\" \/>\n\t<meta name=\"twitter:data1\" content=\"Equipo\" \/>\n\t<meta name=\"twitter:label2\" content=\"Tiempo de lectura\" \/>\n\t<meta name=\"twitter:data2\" content=\"2 minutos\" \/>\n<script type=\"application\/ld+json\" class=\"yoast-schema-graph\">{\"@context\":\"https:\\\/\\\/schema.org\",\"@graph\":[{\"@type\":\"Article\",\"@id\":\"https:\\\/\\\/www.idermic.es\\\/es\\\/tratamiento-de-las-ojeras\\\/#article\",\"isPartOf\":{\"@id\":\"https:\\\/\\\/www.idermic.es\\\/es\\\/tratamiento-de-las-ojeras\\\/\"},\"author\":{\"name\":\"Equipo\",\"@id\":\"https:\\\/\\\/www.idermic.es\\\/#\\\/schema\\\/person\\\/c12703027a878b23d3c71c87921a82f8\"},\"headline\":\"Tratamiento de las ojeras\",\"datePublished\":\"2018-03-15T08:10:21+00:00\",\"dateModified\":\"2023-08-15T16:19:05+00:00\",\"mainEntityOfPage\":{\"@id\":\"https:\\\/\\\/www.idermic.es\\\/es\\\/tratamiento-de-las-ojeras\\\/\"},\"wordCount\":607,\"commentCount\":0,\"publisher\":{\"@id\":\"https:\\\/\\\/www.idermic.es\\\/#organization\"},\"image\":{\"@id\":\"https:\\\/\\\/www.idermic.es\\\/es\\\/tratamiento-de-las-ojeras\\\/#primaryimage\"},\"thumbnailUrl\":\"https:\\\/\\\/www.idermic.es\\\/wp-content\\\/uploads\\\/2021\\\/09\\\/Tratamiento-de-la-ojera-con-acido-hialuronico.jpg\",\"keywords\":[\"piel\",\"pigmentaci\u00f3n\"],\"articleSection\":[\"Tratamientos de Cirug\u00eda Est\u00e9tica\"],\"inLanguage\":\"es\",\"potentialAction\":[{\"@type\":\"CommentAction\",\"name\":\"Comment\",\"target\":[\"https:\\\/\\\/www.idermic.es\\\/es\\\/tratamiento-de-las-ojeras\\\/#respond\"]}]},{\"@type\":\"WebPage\",\"@id\":\"https:\\\/\\\/www.idermic.es\\\/es\\\/tratamiento-de-las-ojeras\\\/\",\"url\":\"https:\\\/\\\/www.idermic.es\\\/es\\\/tratamiento-de-las-ojeras\\\/\",\"name\":\"Tratamiento de las ojeras - Idermic. Dermatolog\u00eda en Terrassa Tratamientos de Cirug\u00eda Est\u00e9tica\",\"isPartOf\":{\"@id\":\"https:\\\/\\\/www.idermic.es\\\/#website\"},\"primaryImageOfPage\":{\"@id\":\"https:\\\/\\\/www.idermic.es\\\/es\\\/tratamiento-de-las-ojeras\\\/#primaryimage\"},\"image\":{\"@id\":\"https:\\\/\\\/www.idermic.es\\\/es\\\/tratamiento-de-las-ojeras\\\/#primaryimage\"},\"thumbnailUrl\":\"https:\\\/\\\/www.idermic.es\\\/wp-content\\\/uploads\\\/2021\\\/09\\\/Tratamiento-de-la-ojera-con-acido-hialuronico.jpg\",\"datePublished\":\"2018-03-15T08:10:21+00:00\",\"dateModified\":\"2023-08-15T16:19:05+00:00\",\"description\":\"Las ojeras pueden aparecer en cualquier edad y sexo debido a diferentes motivos como el cansancio, preocupaciones o, por condici\u00f3n gen\u00e9tica.\",\"breadcrumb\":{\"@id\":\"https:\\\/\\\/www.idermic.es\\\/es\\\/tratamiento-de-las-ojeras\\\/#breadcrumb\"},\"inLanguage\":\"es\",\"potentialAction\":[{\"@type\":\"ReadAction\",\"target\":[\"https:\\\/\\\/www.idermic.es\\\/es\\\/tratamiento-de-las-ojeras\\\/\"]}]},{\"@type\":\"ImageObject\",\"inLanguage\":\"es\",\"@id\":\"https:\\\/\\\/www.idermic.es\\\/es\\\/tratamiento-de-las-ojeras\\\/#primaryimage\",\"url\":\"https:\\\/\\\/www.idermic.es\\\/wp-content\\\/uploads\\\/2021\\\/09\\\/Tratamiento-de-la-ojera-con-acido-hialuronico.jpg\",\"contentUrl\":\"https:\\\/\\\/www.idermic.es\\\/wp-content\\\/uploads\\\/2021\\\/09\\\/Tratamiento-de-la-ojera-con-acido-hialuronico.jpg\",\"width\":362,\"height\":459,\"caption\":\"Tratamiento de la ojeras con \u00e1cido Hialur\u00f3nico\"},{\"@type\":\"BreadcrumbList\",\"@id\":\"https:\\\/\\\/www.idermic.es\\\/es\\\/tratamiento-de-las-ojeras\\\/#breadcrumb\",\"itemListElement\":[{\"@type\":\"ListItem\",\"position\":1,\"name\":\"Inici\",\"item\":\"https:\\\/\\\/www.idermic.es\\\/es\\\/\"},{\"@type\":\"ListItem\",\"position\":2,\"name\":\"Tratamiento de las ojeras\"}]},{\"@type\":\"WebSite\",\"@id\":\"https:\\\/\\\/www.idermic.es\\\/#website\",\"url\":\"https:\\\/\\\/www.idermic.es\\\/\",\"name\":\"Idermic. Dermatolog\u00eda en Terrassa\",\"description\":\"Dermatolog\u00eda, Medicina est\u00e9tica, Cirurg\u00eda Pl\u00e0stica\",\"publisher\":{\"@id\":\"https:\\\/\\\/www.idermic.es\\\/#organization\"},\"potentialAction\":[{\"@type\":\"SearchAction\",\"target\":{\"@type\":\"EntryPoint\",\"urlTemplate\":\"https:\\\/\\\/www.idermic.es\\\/?s={search_term_string}\"},\"query-input\":{\"@type\":\"PropertyValueSpecification\",\"valueRequired\":true,\"valueName\":\"search_term_string\"}}],\"inLanguage\":\"es\"},{\"@type\":\"Organization\",\"@id\":\"https:\\\/\\\/www.idermic.es\\\/#organization\",\"name\":\"Idermic. Dermatolog\u00eda en Terrassa\",\"url\":\"https:\\\/\\\/www.idermic.es\\\/\",\"logo\":{\"@type\":\"ImageObject\",\"inLanguage\":\"es\",\"@id\":\"https:\\\/\\\/www.idermic.es\\\/#\\\/schema\\\/logo\\\/image\\\/\",\"url\":\"https:\\\/\\\/www.idermic.es\\\/wp-content\\\/uploads\\\/2025\\\/10\\\/Logo-Idermic.jpg\",\"contentUrl\":\"https:\\\/\\\/www.idermic.es\\\/wp-content\\\/uploads\\\/2025\\\/10\\\/Logo-Idermic.jpg\",\"width\":501,\"height\":502,\"caption\":\"Idermic. Dermatolog\u00eda en Terrassa\"},\"image\":{\"@id\":\"https:\\\/\\\/www.idermic.es\\\/#\\\/schema\\\/logo\\\/image\\\/\"},\"sameAs\":[\"https:\\\/\\\/www.facebook.com\\\/Idermic\",\"https:\\\/\\\/x.com\\\/idermic\",\"https:\\\/\\\/www.instagram.com\\\/idermicclinic\\\/\",\"https:\\\/\\\/www.youtube.com\\\/channel\\\/UCyAHC9-p8lc6hr_nguO8p_g\"]},{\"@type\":\"Person\",\"@id\":\"https:\\\/\\\/www.idermic.es\\\/#\\\/schema\\\/person\\\/c12703027a878b23d3c71c87921a82f8\",\"name\":\"Equipo\",\"image\":{\"@type\":\"ImageObject\",\"inLanguage\":\"es\",\"@id\":\"https:\\\/\\\/secure.gravatar.com\\\/avatar\\\/7ca0be23248108c6b0887e0693b7dcf7764bd3503f84d1f04e6653ef7c3b9420?s=96&d=mm&r=g\",\"url\":\"https:\\\/\\\/secure.gravatar.com\\\/avatar\\\/7ca0be23248108c6b0887e0693b7dcf7764bd3503f84d1f04e6653ef7c3b9420?s=96&d=mm&r=g\",\"contentUrl\":\"https:\\\/\\\/secure.gravatar.com\\\/avatar\\\/7ca0be23248108c6b0887e0693b7dcf7764bd3503f84d1f04e6653ef7c3b9420?s=96&d=mm&r=g\",\"caption\":\"Equipo\"},\"description\":\"Equipo de Idermic\"}]}<\/script>\n<!-- \/ Yoast SEO plugin. -->","yoast_head_json":{"title":"Tratamiento de las ojeras - Idermic. Dermatolog\u00eda en Terrassa Tratamientos de Cirug\u00eda Est\u00e9tica","description":"Las ojeras pueden aparecer en cualquier edad y sexo debido a diferentes motivos como el cansancio, preocupaciones o, por condici\u00f3n gen\u00e9tica.","robots":{"index":"index","follow":"follow","max-snippet":"max-snippet:-1","max-image-preview":"max-image-preview:large","max-video-preview":"max-video-preview:-1"},"canonical":"https:\/\/www.idermic.es\/es\/tratamiento-de-las-ojeras\/","og_locale":"es_ES","og_type":"article","og_title":"Tratamiento de las ojeras - Idermic. Dermatolog\u00eda en Terrassa Tratamientos de Cirug\u00eda Est\u00e9tica","og_description":"Las ojeras pueden aparecer en cualquier edad y sexo debido a diferentes motivos como el cansancio, preocupaciones o, por condici\u00f3n gen\u00e9tica.","og_url":"https:\/\/www.idermic.es\/es\/tratamiento-de-las-ojeras\/","og_site_name":"Idermic. Dermatolog\u00eda en Terrassa","article_publisher":"https:\/\/www.facebook.com\/Idermic","article_published_time":"2018-03-15T08:10:21+00:00","article_modified_time":"2023-08-15T16:19:05+00:00","og_image":[{"width":362,"height":459,"url":"https:\/\/www.idermic.es\/wp-content\/uploads\/2021\/09\/Tratamiento-de-la-ojera-con-acido-hialuronico.jpg","type":"image\/jpeg"}],"author":"Equipo","twitter_card":"summary_large_image","twitter_creator":"@idermic","twitter_site":"@idermic","twitter_misc":{"Escrito por":"Equipo","Tiempo de lectura":"2 minutos"},"schema":{"@context":"https:\/\/schema.org","@graph":[{"@type":"Article","@id":"https:\/\/www.idermic.es\/es\/tratamiento-de-las-ojeras\/#article","isPartOf":{"@id":"https:\/\/www.idermic.es\/es\/tratamiento-de-las-ojeras\/"},"author":{"name":"Equipo","@id":"https:\/\/www.idermic.es\/#\/schema\/person\/c12703027a878b23d3c71c87921a82f8"},"headline":"Tratamiento de las ojeras","datePublished":"2018-03-15T08:10:21+00:00","dateModified":"2023-08-15T16:19:05+00:00","mainEntityOfPage":{"@id":"https:\/\/www.idermic.es\/es\/tratamiento-de-las-ojeras\/"},"wordCount":607,"commentCount":0,"publisher":{"@id":"https:\/\/www.idermic.es\/#organization"},"image":{"@id":"https:\/\/www.idermic.es\/es\/tratamiento-de-las-ojeras\/#primaryimage"},"thumbnailUrl":"https:\/\/www.idermic.es\/wp-content\/uploads\/2021\/09\/Tratamiento-de-la-ojera-con-acido-hialuronico.jpg","keywords":["piel","pigmentaci\u00f3n"],"articleSection":["Tratamientos de Cirug\u00eda Est\u00e9tica"],"inLanguage":"es","potentialAction":[{"@type":"CommentAction","name":"Comment","target":["https:\/\/www.idermic.es\/es\/tratamiento-de-las-ojeras\/#respond"]}]},{"@type":"WebPage","@id":"https:\/\/www.idermic.es\/es\/tratamiento-de-las-ojeras\/","url":"https:\/\/www.idermic.es\/es\/tratamiento-de-las-ojeras\/","name":"Tratamiento de las ojeras - Idermic. Dermatolog\u00eda en Terrassa Tratamientos de Cirug\u00eda Est\u00e9tica","isPartOf":{"@id":"https:\/\/www.idermic.es\/#website"},"primaryImageOfPage":{"@id":"https:\/\/www.idermic.es\/es\/tratamiento-de-las-ojeras\/#primaryimage"},"image":{"@id":"https:\/\/www.idermic.es\/es\/tratamiento-de-las-ojeras\/#primaryimage"},"thumbnailUrl":"https:\/\/www.idermic.es\/wp-content\/uploads\/2021\/09\/Tratamiento-de-la-ojera-con-acido-hialuronico.jpg","datePublished":"2018-03-15T08:10:21+00:00","dateModified":"2023-08-15T16:19:05+00:00","description":"Las ojeras pueden aparecer en cualquier edad y sexo debido a diferentes motivos como el cansancio, preocupaciones o, por condici\u00f3n gen\u00e9tica.","breadcrumb":{"@id":"https:\/\/www.idermic.es\/es\/tratamiento-de-las-ojeras\/#breadcrumb"},"inLanguage":"es","potentialAction":[{"@type":"ReadAction","target":["https:\/\/www.idermic.es\/es\/tratamiento-de-las-ojeras\/"]}]},{"@type":"ImageObject","inLanguage":"es","@id":"https:\/\/www.idermic.es\/es\/tratamiento-de-las-ojeras\/#primaryimage","url":"https:\/\/www.idermic.es\/wp-content\/uploads\/2021\/09\/Tratamiento-de-la-ojera-con-acido-hialuronico.jpg","contentUrl":"https:\/\/www.idermic.es\/wp-content\/uploads\/2021\/09\/Tratamiento-de-la-ojera-con-acido-hialuronico.jpg","width":362,"height":459,"caption":"Tratamiento de la ojeras con \u00e1cido Hialur\u00f3nico"},{"@type":"BreadcrumbList","@id":"https:\/\/www.idermic.es\/es\/tratamiento-de-las-ojeras\/#breadcrumb","itemListElement":[{"@type":"ListItem","position":1,"name":"Inici","item":"https:\/\/www.idermic.es\/es\/"},{"@type":"ListItem","position":2,"name":"Tratamiento de las ojeras"}]},{"@type":"WebSite","@id":"https:\/\/www.idermic.es\/#website","url":"https:\/\/www.idermic.es\/","name":"Idermic. Dermatolog\u00eda en Terrassa","description":"Dermatolog\u00eda, Medicina est\u00e9tica, Cirurg\u00eda Pl\u00e0stica","publisher":{"@id":"https:\/\/www.idermic.es\/#organization"},"potentialAction":[{"@type":"SearchAction","target":{"@type":"EntryPoint","urlTemplate":"https:\/\/www.idermic.es\/?s={search_term_string}"},"query-input":{"@type":"PropertyValueSpecification","valueRequired":true,"valueName":"search_term_string"}}],"inLanguage":"es"},{"@type":"Organization","@id":"https:\/\/www.idermic.es\/#organization","name":"Idermic. Dermatolog\u00eda en Terrassa","url":"https:\/\/www.idermic.es\/","logo":{"@type":"ImageObject","inLanguage":"es","@id":"https:\/\/www.idermic.es\/#\/schema\/logo\/image\/","url":"https:\/\/www.idermic.es\/wp-content\/uploads\/2025\/10\/Logo-Idermic.jpg","contentUrl":"https:\/\/www.idermic.es\/wp-content\/uploads\/2025\/10\/Logo-Idermic.jpg","width":501,"height":502,"caption":"Idermic. Dermatolog\u00eda en Terrassa"},"image":{"@id":"https:\/\/www.idermic.es\/#\/schema\/logo\/image\/"},"sameAs":["https:\/\/www.facebook.com\/Idermic","https:\/\/x.com\/idermic","https:\/\/www.instagram.com\/idermicclinic\/","https:\/\/www.youtube.com\/channel\/UCyAHC9-p8lc6hr_nguO8p_g"]},{"@type":"Person","@id":"https:\/\/www.idermic.es\/#\/schema\/person\/c12703027a878b23d3c71c87921a82f8","name":"Equipo","image":{"@type":"ImageObject","inLanguage":"es","@id":"https:\/\/secure.gravatar.com\/avatar\/7ca0be23248108c6b0887e0693b7dcf7764bd3503f84d1f04e6653ef7c3b9420?s=96&d=mm&r=g","url":"https:\/\/secure.gravatar.com\/avatar\/7ca0be23248108c6b0887e0693b7dcf7764bd3503f84d1f04e6653ef7c3b9420?s=96&d=mm&r=g","contentUrl":"https:\/\/secure.gravatar.com\/avatar\/7ca0be23248108c6b0887e0693b7dcf7764bd3503f84d1f04e6653ef7c3b9420?s=96&d=mm&r=g","caption":"Equipo"},"description":"Equipo de Idermic"}]}},"_links":{"self":[{"href":"https:\/\/www.idermic.es\/es\/wp-json\/wp\/v2\/posts\/4107","targetHints":{"allow":["GET"]}}],"collection":[{"href":"https:\/\/www.idermic.es\/es\/wp-json\/wp\/v2\/posts"}],"about":[{"href":"https:\/\/www.idermic.es\/es\/wp-json\/wp\/v2\/types\/post"}],"author":[{"embeddable":true,"href":"https:\/\/www.idermic.es\/es\/wp-json\/wp\/v2\/users\/3"}],"replies":[{"embeddable":true,"href":"https:\/\/www.idermic.es\/es\/wp-json\/wp\/v2\/comments?post=4107"}],"version-history":[{"count":3,"href":"https:\/\/www.idermic.es\/es\/wp-json\/wp\/v2\/posts\/4107\/revisions"}],"predecessor-version":[{"id":6478,"href":"https:\/\/www.idermic.es\/es\/wp-json\/wp\/v2\/posts\/4107\/revisions\/6478"}],"wp:featuredmedia":[{"embeddable":true,"href":"https:\/\/www.idermic.es\/es\/wp-json\/wp\/v2\/media\/4110"}],"wp:attachment":[{"href":"https:\/\/www.idermic.es\/es\/wp-json\/wp\/v2\/media?parent=4107"}],"wp:term":[{"taxonomy":"category","embeddable":true,"href":"https:\/\/www.idermic.es\/es\/wp-json\/wp\/v2\/categories?post=4107"},{"taxonomy":"post_tag","embeddable":true,"href":"https:\/\/www.idermic.es\/es\/wp-json\/wp\/v2\/tags?post=4107"}],"curies":[{"name":"wp","href":"https:\/\/api.w.org\/{rel}","templated":true}]}}