{"id":4090,"date":"2016-09-19T10:14:55","date_gmt":"2016-09-19T10:14:55","guid":{"rendered":"https:\/\/www.idermic.es\/?p=4090"},"modified":"2025-10-27T09:46:35","modified_gmt":"2025-10-27T09:46:35","slug":"un-caso-real-de-aumento-de-volumen-labial-con-acido-hialuronico","status":"publish","type":"post","link":"https:\/\/www.idermic.es\/es\/un-caso-real-de-aumento-de-volumen-labial-con-acido-hialuronico\/","title":{"rendered":"Un caso real de aumento de volumen labial con \u00e1cido hialur\u00f3nico"},"content":{"rendered":"<p><div class=\"fusion-fullwidth fullwidth-box fusion-builder-row-1 nonhundred-percent-fullwidth non-hundred-percent-height-scrolling\" style=\"--awb-border-radius-top-left:0px;--awb-border-radius-top-right:0px;--awb-border-radius-bottom-right:0px;--awb-border-radius-bottom-left:0px;--awb-margin-top:32px;--awb-margin-bottom:32px;--awb-flex-wrap:wrap;\" ><div class=\"fusion-builder-row fusion-row\"><div class=\"fusion-layout-column fusion_builder_column fusion-builder-column-0 fusion_builder_column_1_1 1_1 fusion-one-full fusion-column-first fusion-column-last\" style=\"--awb-bg-size:cover;\"><div class=\"fusion-column-wrapper fusion-flex-column-wrapper-legacy\"><div class=\"fusion-text fusion-text-1\"><h1 style=\"text-align: center;\">Un caso real de aumento de volumen labial con \u00e1cido hialur\u00f3nico<\/h1>\n<\/div><div class=\"fusion-text fusion-text-2\"><div class=\"description\">\n<div class=\"traductor-textarea form-group\">\n<div class=\"textarea-desti col-xs-12 col-sm-6\">\n<div class=\"form-control second-textarea\">El aumento de\u00a0<a href=\"https:\/\/www.sanibook.net\/diccionario-de-salud\/?abitem_id=111\"><strong>volumen labial<\/strong><\/a>\u00a0con\u00a0<strong>\u00e1cido hialur\u00f3nico<\/strong>\u00a0es uno de los procedimientos m\u00e1s\u00a0realizados en dermatolog\u00eda est\u00e9tica. La facilidad de aplicaci\u00f3n, la no permanencia del producto y el hecho de apreciar los cambios de manera inmediata hacen que esta t\u00e9cnica sea cada vez m\u00e1s popular y demandada.<\/div>\n<\/div>\n<\/div>\n<p>Hoy os traemos la experiencia real de una paciente que se realiz\u00f3 este tratamiento y quiso compartir su caso.<\/p>\n<h2>Experiencia personal de una paciente\u00a0con aumento de labios con \u00e1cido hialur\u00f3nico<\/h2>\n<p>La paciente se llama Silvia y tiene 25 a\u00f1os, esta es su experiencia:<\/p>\n<blockquote>\n<p>Siempre me he sentido acomplejada por mi sonrisa, ya que cuando me re\u00eda mi labio superior \u00a1simplemente desaparec\u00eda! Debo confesar que ten\u00eda un poco de miedo al someterme a este tipo de tratamiento, m\u00e1s que nada por si no me gustaban los resultados. No quer\u00eda que la gente me dijera: \u00a1Oye! Te has puesto labios, \u00bfverdad? Por eso me convenci\u00f3 la idea de que el producto se reabsorbe con el tiempo, no es permanente en caso de que no te guste. De lo \u00fanico que me arrepiento es no haberlo hecho antes. Es un dolor totalmente soportable porque te aplican una crema anest\u00e9sica (opcional) muy efectiva antes de pincharte y estuve poco rato en la consulta.<\/p>\n<p>Al mismo momento de terminar me mir\u00e9 a un espejo y not\u00e9 el\u00a0<strong>GRAN cambio<\/strong>, mis labios estaban carnosos y bonitos sin necesidad de maquillaje. Alucin\u00e9 con el resultado porque no esperaba que quedara tan natural, parecen m\u00edos. Es verdad que los d\u00edas siguientes se hincharon un poco pero nada fuera de lo normal, no he tenido ning\u00fan tipo de efecto secundario. Lo mejor es que a d\u00eda de hoy siguen perfectos y ya han pasado 6 meses. Sin duda volver\u00e9 a optar por este tratamiento en un futuro.<\/p>\n<\/blockquote>\n<p>Desde\u00a0idermic\u00a0esperamos que este testimonio real pueda ser de ayuda a personas que, como Silvia, est\u00e9n en una\u00a0circunstancia parecida y est\u00e9n buscando informaci\u00f3n de c\u00f3mo solucionarla.<\/p>\n<\/div>\n<\/div><div class=\"fusion-text fusion-text-3\"><p><span style=\"font-weight: 400;\">Para tener m\u00e1s informaci\u00f3n sobre el \u00e1cido hialur\u00f3nico, <\/span><a href=\"https:\/\/www.idermic.es\/contact\/\"><span style=\"font-weight: 400;\">contacta<\/span><\/a><span style=\"font-weight: 400;\"> con tu <\/span><a href=\"https:\/\/www.idermic.es\/\"><span style=\"font-weight: 400;\">cl\u00ednica est\u00e9tica de Terrassa<\/span><\/a><span style=\"font-weight: 400;\">.<\/span><\/p>\n<\/div><div class=\"fusion-clearfix\"><\/div><\/div><\/div><\/div><\/div><div class=\"fusion-fullwidth fullwidth-box fusion-builder-row-2 has-pattern-background has-mask-background nonhundred-percent-fullwidth non-hundred-percent-height-scrolling\" style=\"--awb-border-radius-top-left:0px;--awb-border-radius-top-right:0px;--awb-border-radius-bottom-right:0px;--awb-border-radius-bottom-left:0px;--awb-padding-top:20px;--awb-padding-bottom:32px;--awb-margin-top:48px;--awb-margin-bottom:32px;--awb-flex-wrap:wrap;\" ><div class=\"fusion-builder-row fusion-row\"><div class=\"fusion-layout-column fusion_builder_column fusion-builder-column-1 fusion_builder_column_1_2 1_2 fusion-one-half fusion-column-first fusion-column-inner-bg-wrapper\" style=\"--awb-padding-top:20px;--awb-padding-right:20px;--awb-padding-bottom:20px;--awb-padding-left:60px;--awb-inner-bg-color:#f4d0c2;--awb-inner-bg-color-hover:#f4d0c2;--awb-inner-bg-size:cover;width:50%;width:calc(50% - ( ( 4% ) * 0.5 ) );margin-right: 4%;\" data-scroll-devices=\"small-visibility,medium-visibility,large-visibility\"><span class=\"fusion-column-inner-bg hover-type-none\"><a class=\"fusion-column-anchor\" href=\"https:\/\/www.idermic.es\/es\/financiacion\/\"><span class=\"fusion-column-inner-bg-image\"><\/span><\/a><\/span><div class=\"fusion-column-wrapper fusion-column-has-shadow fusion-flex-column-wrapper-legacy\"><div style=\"text-align:center; max-width: 100%; width: calc(100% - 40px); margin: 0 auto;\">\n  <p style=\"color:white;margin:0;padding:15px 15px 0 15px;background-color:#ddbcb0;font-family:Montserrat;font-size:20px;font-weight:500;letter-spacing:2px;line-height:30px;\">\n    FINAN\u00c7AMENT 0% INTER\u00c8S\n  <\/p>\n  <p style=\"color:white;margin:0;padding:0 15px 15px 15px;background-color:#ddbcb0;font-family:Open Sans;font-size:12px;font-weight:500;letter-spacing:2px;line-height:30px;\">\n    LLEGIR M\u00c9S +\n  <\/p>\n<\/div><div class=\"fusion-clearfix\"><\/div><\/div><\/div><div class=\"fusion-layout-column fusion_builder_column fusion-builder-column-2 fusion_builder_column_1_2 1_2 fusion-one-half fusion-column-last fusion-column-inner-bg-wrapper\" style=\"--awb-padding-top:20px;--awb-padding-right:20px;--awb-padding-bottom:20px;--awb-padding-left:60px;--awb-inner-bg-color:#f4d0c2;--awb-inner-bg-color-hover:#f4d0c2;--awb-inner-bg-size:cover;width:50%;width:calc(50% - ( ( 4% ) * 0.5 ) );\" data-scroll-devices=\"small-visibility,medium-visibility,large-visibility\"><span class=\"fusion-column-inner-bg hover-type-none\"><a class=\"fusion-column-anchor\" href=\"https:\/\/www.idermic.es\/es\/preguntas-frecuentes\/\"><span class=\"fusion-column-inner-bg-image\"><\/span><\/a><\/span><div class=\"fusion-column-wrapper fusion-column-has-shadow fusion-flex-column-wrapper-legacy\"><div style=\"text-align:center; max-width: 100%; width: calc(100% - 40px); margin: 0 auto;\">\n  <p style=\"color:white;margin:0;padding:15px 15px 0 15px;background-color:#ddbcb0;font-family:Montserrat;font-size:20px;font-weight:500;letter-spacing:2px;line-height:30px;\">\n    PREGUNTES FREQ\u00dcENTS \n  <\/p>\n  <p style=\"color:white;margin:0;padding:0 15px 15px 15px;background-color:#ddbcb0;font-family:Open Sans;font-size:12px;font-weight:500;letter-spacing:2px;line-height:30px;\">\n    LLEGIR M\u00c9S +\n  <\/p>\n<\/div><div class=\"fusion-clearfix\"><\/div><\/div><\/div><\/div><\/div>\n<\/p>\n","protected":false},"excerpt":{"rendered":"<p>Descubre c\u00f3mo lograr volumen labial natural con \u00e1cido hialur\u00f3nico en un caso real. Resultados visibles y armon\u00eda facial.<\/p>\n","protected":false},"author":3,"featured_media":4091,"comment_status":"open","ping_status":"closed","sticky":false,"template":"","format":"standard","meta":{"_joinchat":[],"footnotes":""},"categories":[56],"tags":[95],"class_list":["post-4090","post","type-post","status-publish","format-standard","has-post-thumbnail","hentry","category-tratamientos-de-cirugia-estetica","tag-cirugia-estetica"],"yoast_head":"<!-- This site is optimized with the Yoast SEO plugin v28.4 - https:\/\/yoast.com\/product\/yoast-seo-wordpress\/ -->\n<title>Un caso real de aumento de volumen labial con \u00e1cido hialur\u00f3nico -<\/title>\n<meta name=\"description\" content=\"Descubre c\u00f3mo lograr volumen labial natural con \u00e1cido hialur\u00f3nico en un caso real. Resultados visibles y armon\u00eda facial.\" \/>\n<meta name=\"robots\" content=\"index, follow, max-snippet:-1, max-image-preview:large, max-video-preview:-1\" \/>\n<link rel=\"canonical\" href=\"https:\/\/www.idermic.es\/es\/un-caso-real-de-aumento-de-volumen-labial-con-acido-hialuronico\/\" \/>\n<meta property=\"og:locale\" content=\"es_ES\" \/>\n<meta property=\"og:type\" content=\"article\" \/>\n<meta property=\"og:title\" content=\"Un caso real de aumento de volumen labial con \u00e1cido hialur\u00f3nico -\" \/>\n<meta property=\"og:description\" content=\"Descubre c\u00f3mo lograr volumen labial natural con \u00e1cido hialur\u00f3nico en un caso real. Resultados visibles y armon\u00eda facial.\" \/>\n<meta property=\"og:url\" content=\"https:\/\/www.idermic.es\/es\/un-caso-real-de-aumento-de-volumen-labial-con-acido-hialuronico\/\" \/>\n<meta property=\"og:site_name\" content=\"Idermic. Dermatolog\u00eda en Terrassa\" \/>\n<meta property=\"article:publisher\" content=\"https:\/\/www.facebook.com\/Idermic\" \/>\n<meta property=\"article:published_time\" content=\"2016-09-19T10:14:55+00:00\" \/>\n<meta property=\"article:modified_time\" content=\"2025-10-27T09:46:35+00:00\" \/>\n<meta property=\"og:image\" content=\"https:\/\/www.idermic.es\/wp-content\/uploads\/2021\/09\/Un-caso-real-de-aumento-de-volumen-labial-con-acido-hialuronico.jpg\" \/>\n\t<meta property=\"og:image:width\" content=\"778\" \/>\n\t<meta property=\"og:image:height\" content=\"416\" \/>\n\t<meta property=\"og:image:type\" content=\"image\/jpeg\" \/>\n<meta name=\"author\" content=\"Equipo\" \/>\n<meta name=\"twitter:card\" content=\"summary_large_image\" \/>\n<meta name=\"twitter:creator\" content=\"@idermic\" \/>\n<meta name=\"twitter:site\" content=\"@idermic\" \/>\n<meta name=\"twitter:label1\" content=\"Escrito por\" \/>\n\t<meta name=\"twitter:data1\" content=\"Equipo\" \/>\n\t<meta name=\"twitter:label2\" content=\"Tiempo de lectura\" \/>\n\t<meta name=\"twitter:data2\" content=\"3 minutos\" \/>\n<script type=\"application\/ld+json\" class=\"yoast-schema-graph\">{\"@context\":\"https:\\\/\\\/schema.org\",\"@graph\":[{\"@type\":\"Article\",\"@id\":\"https:\\\/\\\/www.idermic.es\\\/es\\\/un-caso-real-de-aumento-de-volumen-labial-con-acido-hialuronico\\\/#article\",\"isPartOf\":{\"@id\":\"https:\\\/\\\/www.idermic.es\\\/es\\\/un-caso-real-de-aumento-de-volumen-labial-con-acido-hialuronico\\\/\"},\"author\":{\"name\":\"Equipo\",\"@id\":\"https:\\\/\\\/www.idermic.es\\\/#\\\/schema\\\/person\\\/c12703027a878b23d3c71c87921a82f8\"},\"headline\":\"Un caso real de aumento de volumen labial con \u00e1cido hialur\u00f3nico\",\"datePublished\":\"2016-09-19T10:14:55+00:00\",\"dateModified\":\"2025-10-27T09:46:35+00:00\",\"mainEntityOfPage\":{\"@id\":\"https:\\\/\\\/www.idermic.es\\\/es\\\/un-caso-real-de-aumento-de-volumen-labial-con-acido-hialuronico\\\/\"},\"wordCount\":647,\"commentCount\":0,\"publisher\":{\"@id\":\"https:\\\/\\\/www.idermic.es\\\/#organization\"},\"image\":{\"@id\":\"https:\\\/\\\/www.idermic.es\\\/es\\\/un-caso-real-de-aumento-de-volumen-labial-con-acido-hialuronico\\\/#primaryimage\"},\"thumbnailUrl\":\"https:\\\/\\\/www.idermic.es\\\/wp-content\\\/uploads\\\/2021\\\/09\\\/Un-caso-real-de-aumento-de-volumen-labial-con-acido-hialuronico.jpg\",\"keywords\":[\"Cirug\u00eda est\u00e9tica\"],\"articleSection\":[\"Tratamientos de Cirug\u00eda Est\u00e9tica\"],\"inLanguage\":\"es\",\"potentialAction\":[{\"@type\":\"CommentAction\",\"name\":\"Comment\",\"target\":[\"https:\\\/\\\/www.idermic.es\\\/es\\\/un-caso-real-de-aumento-de-volumen-labial-con-acido-hialuronico\\\/#respond\"]}]},{\"@type\":\"WebPage\",\"@id\":\"https:\\\/\\\/www.idermic.es\\\/es\\\/un-caso-real-de-aumento-de-volumen-labial-con-acido-hialuronico\\\/\",\"url\":\"https:\\\/\\\/www.idermic.es\\\/es\\\/un-caso-real-de-aumento-de-volumen-labial-con-acido-hialuronico\\\/\",\"name\":\"Un caso real de aumento de volumen labial con \u00e1cido hialur\u00f3nico -\",\"isPartOf\":{\"@id\":\"https:\\\/\\\/www.idermic.es\\\/#website\"},\"primaryImageOfPage\":{\"@id\":\"https:\\\/\\\/www.idermic.es\\\/es\\\/un-caso-real-de-aumento-de-volumen-labial-con-acido-hialuronico\\\/#primaryimage\"},\"image\":{\"@id\":\"https:\\\/\\\/www.idermic.es\\\/es\\\/un-caso-real-de-aumento-de-volumen-labial-con-acido-hialuronico\\\/#primaryimage\"},\"thumbnailUrl\":\"https:\\\/\\\/www.idermic.es\\\/wp-content\\\/uploads\\\/2021\\\/09\\\/Un-caso-real-de-aumento-de-volumen-labial-con-acido-hialuronico.jpg\",\"datePublished\":\"2016-09-19T10:14:55+00:00\",\"dateModified\":\"2025-10-27T09:46:35+00:00\",\"description\":\"Descubre c\u00f3mo lograr volumen labial natural con \u00e1cido hialur\u00f3nico en un caso real. Resultados visibles y armon\u00eda facial.\",\"breadcrumb\":{\"@id\":\"https:\\\/\\\/www.idermic.es\\\/es\\\/un-caso-real-de-aumento-de-volumen-labial-con-acido-hialuronico\\\/#breadcrumb\"},\"inLanguage\":\"es\",\"potentialAction\":[{\"@type\":\"ReadAction\",\"target\":[\"https:\\\/\\\/www.idermic.es\\\/es\\\/un-caso-real-de-aumento-de-volumen-labial-con-acido-hialuronico\\\/\"]}]},{\"@type\":\"ImageObject\",\"inLanguage\":\"es\",\"@id\":\"https:\\\/\\\/www.idermic.es\\\/es\\\/un-caso-real-de-aumento-de-volumen-labial-con-acido-hialuronico\\\/#primaryimage\",\"url\":\"https:\\\/\\\/www.idermic.es\\\/wp-content\\\/uploads\\\/2021\\\/09\\\/Un-caso-real-de-aumento-de-volumen-labial-con-acido-hialuronico.jpg\",\"contentUrl\":\"https:\\\/\\\/www.idermic.es\\\/wp-content\\\/uploads\\\/2021\\\/09\\\/Un-caso-real-de-aumento-de-volumen-labial-con-acido-hialuronico.jpg\",\"width\":778,\"height\":416,\"caption\":\"Un caso real de aumento de volumen labial con \u00e1cido hialur\u00f3nico\"},{\"@type\":\"BreadcrumbList\",\"@id\":\"https:\\\/\\\/www.idermic.es\\\/es\\\/un-caso-real-de-aumento-de-volumen-labial-con-acido-hialuronico\\\/#breadcrumb\",\"itemListElement\":[{\"@type\":\"ListItem\",\"position\":1,\"name\":\"Inici\",\"item\":\"https:\\\/\\\/www.idermic.es\\\/es\\\/\"},{\"@type\":\"ListItem\",\"position\":2,\"name\":\"Un caso real de aumento de volumen labial con \u00e1cido hialur\u00f3nico\"}]},{\"@type\":\"WebSite\",\"@id\":\"https:\\\/\\\/www.idermic.es\\\/#website\",\"url\":\"https:\\\/\\\/www.idermic.es\\\/\",\"name\":\"Idermic. Dermatolog\u00eda en Terrassa\",\"description\":\"Dermatolog\u00eda, Medicina est\u00e9tica, Cirurg\u00eda Pl\u00e0stica\",\"publisher\":{\"@id\":\"https:\\\/\\\/www.idermic.es\\\/#organization\"},\"potentialAction\":[{\"@type\":\"SearchAction\",\"target\":{\"@type\":\"EntryPoint\",\"urlTemplate\":\"https:\\\/\\\/www.idermic.es\\\/?s={search_term_string}\"},\"query-input\":{\"@type\":\"PropertyValueSpecification\",\"valueRequired\":true,\"valueName\":\"search_term_string\"}}],\"inLanguage\":\"es\"},{\"@type\":\"Organization\",\"@id\":\"https:\\\/\\\/www.idermic.es\\\/#organization\",\"name\":\"Idermic. Dermatolog\u00eda en Terrassa\",\"url\":\"https:\\\/\\\/www.idermic.es\\\/\",\"logo\":{\"@type\":\"ImageObject\",\"inLanguage\":\"es\",\"@id\":\"https:\\\/\\\/www.idermic.es\\\/#\\\/schema\\\/logo\\\/image\\\/\",\"url\":\"https:\\\/\\\/www.idermic.es\\\/wp-content\\\/uploads\\\/2025\\\/10\\\/Logo-Idermic.jpg\",\"contentUrl\":\"https:\\\/\\\/www.idermic.es\\\/wp-content\\\/uploads\\\/2025\\\/10\\\/Logo-Idermic.jpg\",\"width\":501,\"height\":502,\"caption\":\"Idermic. Dermatolog\u00eda en Terrassa\"},\"image\":{\"@id\":\"https:\\\/\\\/www.idermic.es\\\/#\\\/schema\\\/logo\\\/image\\\/\"},\"sameAs\":[\"https:\\\/\\\/www.facebook.com\\\/Idermic\",\"https:\\\/\\\/x.com\\\/idermic\",\"https:\\\/\\\/www.instagram.com\\\/idermicclinic\\\/\",\"https:\\\/\\\/www.youtube.com\\\/channel\\\/UCyAHC9-p8lc6hr_nguO8p_g\"]},{\"@type\":\"Person\",\"@id\":\"https:\\\/\\\/www.idermic.es\\\/#\\\/schema\\\/person\\\/c12703027a878b23d3c71c87921a82f8\",\"name\":\"Equipo\",\"image\":{\"@type\":\"ImageObject\",\"inLanguage\":\"es\",\"@id\":\"https:\\\/\\\/secure.gravatar.com\\\/avatar\\\/7ca0be23248108c6b0887e0693b7dcf7764bd3503f84d1f04e6653ef7c3b9420?s=96&d=mm&r=g\",\"url\":\"https:\\\/\\\/secure.gravatar.com\\\/avatar\\\/7ca0be23248108c6b0887e0693b7dcf7764bd3503f84d1f04e6653ef7c3b9420?s=96&d=mm&r=g\",\"contentUrl\":\"https:\\\/\\\/secure.gravatar.com\\\/avatar\\\/7ca0be23248108c6b0887e0693b7dcf7764bd3503f84d1f04e6653ef7c3b9420?s=96&d=mm&r=g\",\"caption\":\"Equipo\"},\"description\":\"Equipo de Idermic\"}]}<\/script>\n<!-- \/ Yoast SEO plugin. -->","yoast_head_json":{"title":"Un caso real de aumento de volumen labial con \u00e1cido hialur\u00f3nico -","description":"Descubre c\u00f3mo lograr volumen labial natural con \u00e1cido hialur\u00f3nico en un caso real. Resultados visibles y armon\u00eda facial.","robots":{"index":"index","follow":"follow","max-snippet":"max-snippet:-1","max-image-preview":"max-image-preview:large","max-video-preview":"max-video-preview:-1"},"canonical":"https:\/\/www.idermic.es\/es\/un-caso-real-de-aumento-de-volumen-labial-con-acido-hialuronico\/","og_locale":"es_ES","og_type":"article","og_title":"Un caso real de aumento de volumen labial con \u00e1cido hialur\u00f3nico -","og_description":"Descubre c\u00f3mo lograr volumen labial natural con \u00e1cido hialur\u00f3nico en un caso real. Resultados visibles y armon\u00eda facial.","og_url":"https:\/\/www.idermic.es\/es\/un-caso-real-de-aumento-de-volumen-labial-con-acido-hialuronico\/","og_site_name":"Idermic. Dermatolog\u00eda en Terrassa","article_publisher":"https:\/\/www.facebook.com\/Idermic","article_published_time":"2016-09-19T10:14:55+00:00","article_modified_time":"2025-10-27T09:46:35+00:00","og_image":[{"width":778,"height":416,"url":"https:\/\/www.idermic.es\/wp-content\/uploads\/2021\/09\/Un-caso-real-de-aumento-de-volumen-labial-con-acido-hialuronico.jpg","type":"image\/jpeg"}],"author":"Equipo","twitter_card":"summary_large_image","twitter_creator":"@idermic","twitter_site":"@idermic","twitter_misc":{"Escrito por":"Equipo","Tiempo de lectura":"3 minutos"},"schema":{"@context":"https:\/\/schema.org","@graph":[{"@type":"Article","@id":"https:\/\/www.idermic.es\/es\/un-caso-real-de-aumento-de-volumen-labial-con-acido-hialuronico\/#article","isPartOf":{"@id":"https:\/\/www.idermic.es\/es\/un-caso-real-de-aumento-de-volumen-labial-con-acido-hialuronico\/"},"author":{"name":"Equipo","@id":"https:\/\/www.idermic.es\/#\/schema\/person\/c12703027a878b23d3c71c87921a82f8"},"headline":"Un caso real de aumento de volumen labial con \u00e1cido hialur\u00f3nico","datePublished":"2016-09-19T10:14:55+00:00","dateModified":"2025-10-27T09:46:35+00:00","mainEntityOfPage":{"@id":"https:\/\/www.idermic.es\/es\/un-caso-real-de-aumento-de-volumen-labial-con-acido-hialuronico\/"},"wordCount":647,"commentCount":0,"publisher":{"@id":"https:\/\/www.idermic.es\/#organization"},"image":{"@id":"https:\/\/www.idermic.es\/es\/un-caso-real-de-aumento-de-volumen-labial-con-acido-hialuronico\/#primaryimage"},"thumbnailUrl":"https:\/\/www.idermic.es\/wp-content\/uploads\/2021\/09\/Un-caso-real-de-aumento-de-volumen-labial-con-acido-hialuronico.jpg","keywords":["Cirug\u00eda est\u00e9tica"],"articleSection":["Tratamientos de Cirug\u00eda Est\u00e9tica"],"inLanguage":"es","potentialAction":[{"@type":"CommentAction","name":"Comment","target":["https:\/\/www.idermic.es\/es\/un-caso-real-de-aumento-de-volumen-labial-con-acido-hialuronico\/#respond"]}]},{"@type":"WebPage","@id":"https:\/\/www.idermic.es\/es\/un-caso-real-de-aumento-de-volumen-labial-con-acido-hialuronico\/","url":"https:\/\/www.idermic.es\/es\/un-caso-real-de-aumento-de-volumen-labial-con-acido-hialuronico\/","name":"Un caso real de aumento de volumen labial con \u00e1cido hialur\u00f3nico -","isPartOf":{"@id":"https:\/\/www.idermic.es\/#website"},"primaryImageOfPage":{"@id":"https:\/\/www.idermic.es\/es\/un-caso-real-de-aumento-de-volumen-labial-con-acido-hialuronico\/#primaryimage"},"image":{"@id":"https:\/\/www.idermic.es\/es\/un-caso-real-de-aumento-de-volumen-labial-con-acido-hialuronico\/#primaryimage"},"thumbnailUrl":"https:\/\/www.idermic.es\/wp-content\/uploads\/2021\/09\/Un-caso-real-de-aumento-de-volumen-labial-con-acido-hialuronico.jpg","datePublished":"2016-09-19T10:14:55+00:00","dateModified":"2025-10-27T09:46:35+00:00","description":"Descubre c\u00f3mo lograr volumen labial natural con \u00e1cido hialur\u00f3nico en un caso real. Resultados visibles y armon\u00eda facial.","breadcrumb":{"@id":"https:\/\/www.idermic.es\/es\/un-caso-real-de-aumento-de-volumen-labial-con-acido-hialuronico\/#breadcrumb"},"inLanguage":"es","potentialAction":[{"@type":"ReadAction","target":["https:\/\/www.idermic.es\/es\/un-caso-real-de-aumento-de-volumen-labial-con-acido-hialuronico\/"]}]},{"@type":"ImageObject","inLanguage":"es","@id":"https:\/\/www.idermic.es\/es\/un-caso-real-de-aumento-de-volumen-labial-con-acido-hialuronico\/#primaryimage","url":"https:\/\/www.idermic.es\/wp-content\/uploads\/2021\/09\/Un-caso-real-de-aumento-de-volumen-labial-con-acido-hialuronico.jpg","contentUrl":"https:\/\/www.idermic.es\/wp-content\/uploads\/2021\/09\/Un-caso-real-de-aumento-de-volumen-labial-con-acido-hialuronico.jpg","width":778,"height":416,"caption":"Un caso real de aumento de volumen labial con \u00e1cido hialur\u00f3nico"},{"@type":"BreadcrumbList","@id":"https:\/\/www.idermic.es\/es\/un-caso-real-de-aumento-de-volumen-labial-con-acido-hialuronico\/#breadcrumb","itemListElement":[{"@type":"ListItem","position":1,"name":"Inici","item":"https:\/\/www.idermic.es\/es\/"},{"@type":"ListItem","position":2,"name":"Un caso real de aumento de volumen labial con \u00e1cido hialur\u00f3nico"}]},{"@type":"WebSite","@id":"https:\/\/www.idermic.es\/#website","url":"https:\/\/www.idermic.es\/","name":"Idermic. Dermatolog\u00eda en Terrassa","description":"Dermatolog\u00eda, Medicina est\u00e9tica, Cirurg\u00eda Pl\u00e0stica","publisher":{"@id":"https:\/\/www.idermic.es\/#organization"},"potentialAction":[{"@type":"SearchAction","target":{"@type":"EntryPoint","urlTemplate":"https:\/\/www.idermic.es\/?s={search_term_string}"},"query-input":{"@type":"PropertyValueSpecification","valueRequired":true,"valueName":"search_term_string"}}],"inLanguage":"es"},{"@type":"Organization","@id":"https:\/\/www.idermic.es\/#organization","name":"Idermic. Dermatolog\u00eda en Terrassa","url":"https:\/\/www.idermic.es\/","logo":{"@type":"ImageObject","inLanguage":"es","@id":"https:\/\/www.idermic.es\/#\/schema\/logo\/image\/","url":"https:\/\/www.idermic.es\/wp-content\/uploads\/2025\/10\/Logo-Idermic.jpg","contentUrl":"https:\/\/www.idermic.es\/wp-content\/uploads\/2025\/10\/Logo-Idermic.jpg","width":501,"height":502,"caption":"Idermic. Dermatolog\u00eda en Terrassa"},"image":{"@id":"https:\/\/www.idermic.es\/#\/schema\/logo\/image\/"},"sameAs":["https:\/\/www.facebook.com\/Idermic","https:\/\/x.com\/idermic","https:\/\/www.instagram.com\/idermicclinic\/","https:\/\/www.youtube.com\/channel\/UCyAHC9-p8lc6hr_nguO8p_g"]},{"@type":"Person","@id":"https:\/\/www.idermic.es\/#\/schema\/person\/c12703027a878b23d3c71c87921a82f8","name":"Equipo","image":{"@type":"ImageObject","inLanguage":"es","@id":"https:\/\/secure.gravatar.com\/avatar\/7ca0be23248108c6b0887e0693b7dcf7764bd3503f84d1f04e6653ef7c3b9420?s=96&d=mm&r=g","url":"https:\/\/secure.gravatar.com\/avatar\/7ca0be23248108c6b0887e0693b7dcf7764bd3503f84d1f04e6653ef7c3b9420?s=96&d=mm&r=g","contentUrl":"https:\/\/secure.gravatar.com\/avatar\/7ca0be23248108c6b0887e0693b7dcf7764bd3503f84d1f04e6653ef7c3b9420?s=96&d=mm&r=g","caption":"Equipo"},"description":"Equipo de Idermic"}]}},"_links":{"self":[{"href":"https:\/\/www.idermic.es\/es\/wp-json\/wp\/v2\/posts\/4090","targetHints":{"allow":["GET"]}}],"collection":[{"href":"https:\/\/www.idermic.es\/es\/wp-json\/wp\/v2\/posts"}],"about":[{"href":"https:\/\/www.idermic.es\/es\/wp-json\/wp\/v2\/types\/post"}],"author":[{"embeddable":true,"href":"https:\/\/www.idermic.es\/es\/wp-json\/wp\/v2\/users\/3"}],"replies":[{"embeddable":true,"href":"https:\/\/www.idermic.es\/es\/wp-json\/wp\/v2\/comments?post=4090"}],"version-history":[{"count":5,"href":"https:\/\/www.idermic.es\/es\/wp-json\/wp\/v2\/posts\/4090\/revisions"}],"predecessor-version":[{"id":8485,"href":"https:\/\/www.idermic.es\/es\/wp-json\/wp\/v2\/posts\/4090\/revisions\/8485"}],"wp:featuredmedia":[{"embeddable":true,"href":"https:\/\/www.idermic.es\/es\/wp-json\/wp\/v2\/media\/4091"}],"wp:attachment":[{"href":"https:\/\/www.idermic.es\/es\/wp-json\/wp\/v2\/media?parent=4090"}],"wp:term":[{"taxonomy":"category","embeddable":true,"href":"https:\/\/www.idermic.es\/es\/wp-json\/wp\/v2\/categories?post=4090"},{"taxonomy":"post_tag","embeddable":true,"href":"https:\/\/www.idermic.es\/es\/wp-json\/wp\/v2\/tags?post=4090"}],"curies":[{"name":"wp","href":"https:\/\/api.w.org\/{rel}","templated":true}]}}