{"id":4052,"date":"2017-02-20T14:47:12","date_gmt":"2017-02-20T14:47:12","guid":{"rendered":"https:\/\/www.idermic.es\/?p=4052"},"modified":"2021-08-30T15:08:41","modified_gmt":"2021-08-30T15:08:41","slug":"la-micropigmentacion","status":"publish","type":"post","link":"https:\/\/www.idermic.es\/es\/la-micropigmentacion\/","title":{"rendered":"La Micropigmentaci\u00f3n"},"content":{"rendered":"<p><div class=\"fusion-fullwidth fullwidth-box fusion-builder-row-1 nonhundred-percent-fullwidth non-hundred-percent-height-scrolling\" style=\"--awb-border-radius-top-left:0px;--awb-border-radius-top-right:0px;--awb-border-radius-bottom-right:0px;--awb-border-radius-bottom-left:0px;--awb-margin-top:32px;--awb-margin-bottom:32px;--awb-flex-wrap:wrap;\" ><div class=\"fusion-builder-row fusion-row\"><div class=\"fusion-layout-column fusion_builder_column fusion-builder-column-0 fusion_builder_column_1_1 1_1 fusion-one-full fusion-column-first fusion-column-last\" style=\"--awb-bg-size:cover;\"><div class=\"fusion-column-wrapper fusion-flex-column-wrapper-legacy\"><div class=\"fusion-text fusion-text-1\"><h1 style=\"text-align: center;\">La Micropigmentaci\u00f3n<\/h1>\n<\/div><div class=\"fusion-text fusion-text-2\"><p>Desde la\u00a0<strong>Cl\u00ednica Idermic<\/strong> queremos presentaros el nuevo servicio de <strong><a href=\"https:\/\/www.sanibook.net\/diccionario-de-salud\/?abitem_id=109\">micropigmentaci\u00f3n<\/a> m\u00e9dica y est\u00e9tica<\/strong> de la mano de Sandra Garc\u00eda. La <strong>micropigmentaci\u00f3n<\/strong> consiste en implantar pigmentos en la piel con el objetivo de embellecer o reconstruir rasgos faciales y corporales. A esta t\u00e9cnica se la conoce tambi\u00e9n con el nombre de maquillaje semipermanente. Los efectos duren de 2 a 5 a\u00f1os, despu\u00e9s de este tiempo es necesario hacer unos retoques porque es mantenga su durabilidad. Unas semanas despu\u00e9s del tratamiento el paciente tiene que someterse a una sesi\u00f3n de revisi\u00f3n, donde se eval\u00faa si es necesario realizar un retoque sobre el trabajo inicial.<\/p>\n<h2>\u00bf Donde se puede aplicar la Micropigmentaci\u00f3n?<\/h2>\n<h3>Micropigmentaci\u00f3n Est\u00e9tica<\/h3>\n<ul>\n<li>La t\u00e9cnica ayuda a los persones con labios mal definidos realzando su forma natural y definiendo suyos l\u00edmites.<\/li>\n<li>Ojos y cejas: Esta t\u00e9cnica permite repoblar \u00f3pticamente cejas y pesta\u00f1as realzando el marco de los ojos y definiendo mejor el expresi\u00f3n de la mirada.<\/li>\n<\/ul>\n<h3>Micropigmentaci\u00f3n M\u00e9dica<\/h3>\n<ul>\n<li>Disimular patolog\u00edas como la calvicie, la falta de pigmentaci\u00f3n de la piel (vitiligo), algunas cicatrices, etc.<\/li>\n<li>Micropigmentaci\u00f3n oncol\u00f3gica:Reconstrucci\u00f3n \u00f3ptica de la areola mamaria<\/li>\n<\/ul>\n<h2>Diferencias entre micropigmentaci\u00f3n, microblading y tatuajes<\/h2>\n<ul>\n<li><strong>Tatuaje<\/strong>: se hace en la capa de la piel hipodermis y tiene una duraci\u00f3n permanente<\/li>\n<li><strong>Micropigmentaci\u00f3n<\/strong>: es en la capa de piel dermis con un pigmento con base mineral y tiene una duraci\u00f3n de 2 a 5 a\u00f1os. Puede durar m\u00e1s en funci\u00f3n de la piel y las curas.<\/li>\n<li><strong>Microblading<\/strong>: se hace en la capa de piel epidermis, duraci\u00f3n de 6 a 9 meses, se\u00a0puede alargar ligeramente su duraci\u00f3n.<\/li>\n<\/ul>\n<p>Al ser la micropigmentaci\u00f3n con base mineral el mismo cuerpo la ir\u00e1 eliminando, haciendo que pierda un color m\u00e1s intenso, por eso hacen falta los repasos. El tiempo variar\u00e1 seg\u00fan la necesidad del paciente.<\/p>\n<\/div><div class=\"fusion-text fusion-text-3\"><p><a href=\"https:\/\/www.idermic.es\/contact\/\"><span style=\"font-weight: 400;\">Consulta<\/span><\/a><span style=\"font-weight: 400;\"> cualquier informaci\u00f3n sobre Micropigmentaci\u00f3n en nuestra cl\u00ednica est\u00e9tica de Terrassa.<\/span><\/p>\n<\/div><div class=\"fusion-clearfix\"><\/div><\/div><\/div><\/div><\/div><div class=\"fusion-fullwidth fullwidth-box fusion-builder-row-2 has-pattern-background has-mask-background nonhundred-percent-fullwidth non-hundred-percent-height-scrolling\" style=\"--awb-border-radius-top-left:0px;--awb-border-radius-top-right:0px;--awb-border-radius-bottom-right:0px;--awb-border-radius-bottom-left:0px;--awb-padding-top:20px;--awb-padding-bottom:32px;--awb-margin-top:48px;--awb-margin-bottom:32px;--awb-flex-wrap:wrap;\" ><div class=\"fusion-builder-row fusion-row\"><div class=\"fusion-layout-column fusion_builder_column fusion-builder-column-1 fusion_builder_column_1_2 1_2 fusion-one-half fusion-column-first fusion-column-inner-bg-wrapper\" style=\"--awb-padding-top:20px;--awb-padding-right:20px;--awb-padding-bottom:20px;--awb-padding-left:60px;--awb-inner-bg-color:#f4d0c2;--awb-inner-bg-color-hover:#f4d0c2;--awb-inner-bg-size:cover;width:50%;width:calc(50% - ( ( 4% ) * 0.5 ) );margin-right: 4%;\" data-scroll-devices=\"small-visibility,medium-visibility,large-visibility\"><span class=\"fusion-column-inner-bg hover-type-none\"><a class=\"fusion-column-anchor\" href=\"https:\/\/www.idermic.es\/es\/financiacion\/\"><span class=\"fusion-column-inner-bg-image\"><\/span><\/a><\/span><div class=\"fusion-column-wrapper fusion-column-has-shadow fusion-flex-column-wrapper-legacy\"><div style=\"text-align:center; max-width: 100%; width: calc(100% - 40px); margin: 0 auto;\">\n  <p style=\"color:white;margin:0;padding:15px 15px 0 15px;background-color:#ddbcb0;font-family:Montserrat;font-size:20px;font-weight:500;letter-spacing:2px;line-height:30px;\">\n    FINAN\u00c7AMENT 0% INTER\u00c8S\n  <\/p>\n  <p style=\"color:white;margin:0;padding:0 15px 15px 15px;background-color:#ddbcb0;font-family:Open Sans;font-size:12px;font-weight:500;letter-spacing:2px;line-height:30px;\">\n    LLEGIR M\u00c9S +\n  <\/p>\n<\/div><div class=\"fusion-clearfix\"><\/div><\/div><\/div><div class=\"fusion-layout-column fusion_builder_column fusion-builder-column-2 fusion_builder_column_1_2 1_2 fusion-one-half fusion-column-last fusion-column-inner-bg-wrapper\" style=\"--awb-padding-top:20px;--awb-padding-right:20px;--awb-padding-bottom:20px;--awb-padding-left:60px;--awb-inner-bg-color:#f4d0c2;--awb-inner-bg-color-hover:#f4d0c2;--awb-inner-bg-size:cover;width:50%;width:calc(50% - ( ( 4% ) * 0.5 ) );\" data-scroll-devices=\"small-visibility,medium-visibility,large-visibility\"><span class=\"fusion-column-inner-bg hover-type-none\"><a class=\"fusion-column-anchor\" href=\"https:\/\/www.idermic.es\/es\/preguntas-frecuentes\/\"><span class=\"fusion-column-inner-bg-image\"><\/span><\/a><\/span><div class=\"fusion-column-wrapper fusion-column-has-shadow fusion-flex-column-wrapper-legacy\"><div style=\"text-align:center; max-width: 100%; width: calc(100% - 40px); margin: 0 auto;\">\n  <p style=\"color:white;margin:0;padding:15px 15px 0 15px;background-color:#ddbcb0;font-family:Montserrat;font-size:20px;font-weight:500;letter-spacing:2px;line-height:30px;\">\n    PREGUNTES FREQ\u00dcENTS \n  <\/p>\n  <p style=\"color:white;margin:0;padding:0 15px 15px 15px;background-color:#ddbcb0;font-family:Open Sans;font-size:12px;font-weight:500;letter-spacing:2px;line-height:30px;\">\n    LLEGIR M\u00c9S +\n  <\/p>\n<\/div><div class=\"fusion-clearfix\"><\/div><\/div><\/div><\/div><\/div>\n<\/p>\n","protected":false},"excerpt":{"rendered":"<p>La micropigmentaci\u00f3n consiste en implantar pigmentos en la piel con el objetivo de embellecer o reconstruir rasgos faciales y corporales<\/p>\n","protected":false},"author":3,"featured_media":4056,"comment_status":"open","ping_status":"closed","sticky":false,"template":"","format":"standard","meta":{"_joinchat":[],"footnotes":""},"categories":[37],"tags":[104,48],"class_list":["post-4052","post","type-post","status-publish","format-standard","has-post-thumbnail","hentry","category-tecnologia","tag-piel","tag-rejuvenecimiento-de-la-piel"],"yoast_head":"<!-- This site is optimized with the Yoast SEO plugin v28.4 - https:\/\/yoast.com\/product\/yoast-seo-wordpress\/ -->\n<title>La Micropigmentaci\u00f3n - Tecnolog\u00eda Idermic. Dermatolog\u00eda en Terrassa Tecnolog\u00eda<\/title>\n<meta name=\"description\" content=\"La micropigmentaci\u00f3n consiste en implantar pigmentos en la piel con el objetivo de embellecer o reconstruir rasgos faciales y corporales\" \/>\n<meta name=\"robots\" content=\"index, follow, max-snippet:-1, max-image-preview:large, max-video-preview:-1\" \/>\n<link rel=\"canonical\" href=\"https:\/\/www.idermic.es\/es\/la-micropigmentacion\/\" \/>\n<meta property=\"og:locale\" content=\"es_ES\" \/>\n<meta property=\"og:type\" content=\"article\" \/>\n<meta property=\"og:title\" content=\"La Micropigmentaci\u00f3n - Tecnolog\u00eda Idermic. Dermatolog\u00eda en Terrassa Tecnolog\u00eda\" \/>\n<meta property=\"og:description\" content=\"La micropigmentaci\u00f3n consiste en implantar pigmentos en la piel con el objetivo de embellecer o reconstruir rasgos faciales y corporales\" \/>\n<meta property=\"og:url\" content=\"https:\/\/www.idermic.es\/es\/la-micropigmentacion\/\" \/>\n<meta property=\"og:site_name\" content=\"Idermic. Dermatolog\u00eda en Terrassa\" \/>\n<meta property=\"article:publisher\" content=\"https:\/\/www.facebook.com\/Idermic\" \/>\n<meta property=\"article:published_time\" content=\"2017-02-20T14:47:12+00:00\" \/>\n<meta property=\"article:modified_time\" content=\"2021-08-30T15:08:41+00:00\" \/>\n<meta property=\"og:image\" content=\"https:\/\/www.idermic.es\/wp-content\/uploads\/2017\/02\/Micropigmentacion.jpg\" \/>\n\t<meta property=\"og:image:width\" content=\"787\" \/>\n\t<meta property=\"og:image:height\" content=\"457\" \/>\n\t<meta property=\"og:image:type\" content=\"image\/jpeg\" \/>\n<meta name=\"author\" content=\"Equipo\" \/>\n<meta name=\"twitter:card\" content=\"summary_large_image\" \/>\n<meta name=\"twitter:creator\" content=\"@idermic\" \/>\n<meta name=\"twitter:site\" content=\"@idermic\" \/>\n<meta name=\"twitter:label1\" content=\"Escrito por\" \/>\n\t<meta name=\"twitter:data1\" content=\"Equipo\" \/>\n\t<meta name=\"twitter:label2\" content=\"Tiempo de lectura\" \/>\n\t<meta name=\"twitter:data2\" content=\"3 minutos\" \/>\n<script type=\"application\/ld+json\" class=\"yoast-schema-graph\">{\"@context\":\"https:\\\/\\\/schema.org\",\"@graph\":[{\"@type\":\"Article\",\"@id\":\"https:\\\/\\\/www.idermic.es\\\/es\\\/la-micropigmentacion\\\/#article\",\"isPartOf\":{\"@id\":\"https:\\\/\\\/www.idermic.es\\\/es\\\/la-micropigmentacion\\\/\"},\"author\":{\"name\":\"Equipo\",\"@id\":\"https:\\\/\\\/www.idermic.es\\\/#\\\/schema\\\/person\\\/c12703027a878b23d3c71c87921a82f8\"},\"headline\":\"La Micropigmentaci\u00f3n\",\"datePublished\":\"2017-02-20T14:47:12+00:00\",\"dateModified\":\"2021-08-30T15:08:41+00:00\",\"mainEntityOfPage\":{\"@id\":\"https:\\\/\\\/www.idermic.es\\\/es\\\/la-micropigmentacion\\\/\"},\"wordCount\":603,\"commentCount\":0,\"publisher\":{\"@id\":\"https:\\\/\\\/www.idermic.es\\\/#organization\"},\"image\":{\"@id\":\"https:\\\/\\\/www.idermic.es\\\/es\\\/la-micropigmentacion\\\/#primaryimage\"},\"thumbnailUrl\":\"https:\\\/\\\/www.idermic.es\\\/wp-content\\\/uploads\\\/2017\\\/02\\\/Micropigmentacion.jpg\",\"keywords\":[\"piel\",\"rejuvenecimiento de la piel\"],\"articleSection\":[\"Tecnolog\u00eda\"],\"inLanguage\":\"es\",\"potentialAction\":[{\"@type\":\"CommentAction\",\"name\":\"Comment\",\"target\":[\"https:\\\/\\\/www.idermic.es\\\/es\\\/la-micropigmentacion\\\/#respond\"]}]},{\"@type\":\"WebPage\",\"@id\":\"https:\\\/\\\/www.idermic.es\\\/es\\\/la-micropigmentacion\\\/\",\"url\":\"https:\\\/\\\/www.idermic.es\\\/es\\\/la-micropigmentacion\\\/\",\"name\":\"La Micropigmentaci\u00f3n - Tecnolog\u00eda Idermic. Dermatolog\u00eda en Terrassa Tecnolog\u00eda\",\"isPartOf\":{\"@id\":\"https:\\\/\\\/www.idermic.es\\\/#website\"},\"primaryImageOfPage\":{\"@id\":\"https:\\\/\\\/www.idermic.es\\\/es\\\/la-micropigmentacion\\\/#primaryimage\"},\"image\":{\"@id\":\"https:\\\/\\\/www.idermic.es\\\/es\\\/la-micropigmentacion\\\/#primaryimage\"},\"thumbnailUrl\":\"https:\\\/\\\/www.idermic.es\\\/wp-content\\\/uploads\\\/2017\\\/02\\\/Micropigmentacion.jpg\",\"datePublished\":\"2017-02-20T14:47:12+00:00\",\"dateModified\":\"2021-08-30T15:08:41+00:00\",\"description\":\"La micropigmentaci\u00f3n consiste en implantar pigmentos en la piel con el objetivo de embellecer o reconstruir rasgos faciales y corporales\",\"breadcrumb\":{\"@id\":\"https:\\\/\\\/www.idermic.es\\\/es\\\/la-micropigmentacion\\\/#breadcrumb\"},\"inLanguage\":\"es\",\"potentialAction\":[{\"@type\":\"ReadAction\",\"target\":[\"https:\\\/\\\/www.idermic.es\\\/es\\\/la-micropigmentacion\\\/\"]}]},{\"@type\":\"ImageObject\",\"inLanguage\":\"es\",\"@id\":\"https:\\\/\\\/www.idermic.es\\\/es\\\/la-micropigmentacion\\\/#primaryimage\",\"url\":\"https:\\\/\\\/www.idermic.es\\\/wp-content\\\/uploads\\\/2017\\\/02\\\/Micropigmentacion.jpg\",\"contentUrl\":\"https:\\\/\\\/www.idermic.es\\\/wp-content\\\/uploads\\\/2017\\\/02\\\/Micropigmentacion.jpg\",\"width\":787,\"height\":457,\"caption\":\"La Micropigmentaci\u00f3n\"},{\"@type\":\"BreadcrumbList\",\"@id\":\"https:\\\/\\\/www.idermic.es\\\/es\\\/la-micropigmentacion\\\/#breadcrumb\",\"itemListElement\":[{\"@type\":\"ListItem\",\"position\":1,\"name\":\"Inici\",\"item\":\"https:\\\/\\\/www.idermic.es\\\/es\\\/\"},{\"@type\":\"ListItem\",\"position\":2,\"name\":\"La Micropigmentaci\u00f3n\"}]},{\"@type\":\"WebSite\",\"@id\":\"https:\\\/\\\/www.idermic.es\\\/#website\",\"url\":\"https:\\\/\\\/www.idermic.es\\\/\",\"name\":\"Idermic. Dermatolog\u00eda en Terrassa\",\"description\":\"Dermatolog\u00eda, Medicina est\u00e9tica, Cirurg\u00eda Pl\u00e0stica\",\"publisher\":{\"@id\":\"https:\\\/\\\/www.idermic.es\\\/#organization\"},\"potentialAction\":[{\"@type\":\"SearchAction\",\"target\":{\"@type\":\"EntryPoint\",\"urlTemplate\":\"https:\\\/\\\/www.idermic.es\\\/?s={search_term_string}\"},\"query-input\":{\"@type\":\"PropertyValueSpecification\",\"valueRequired\":true,\"valueName\":\"search_term_string\"}}],\"inLanguage\":\"es\"},{\"@type\":\"Organization\",\"@id\":\"https:\\\/\\\/www.idermic.es\\\/#organization\",\"name\":\"Idermic. Dermatolog\u00eda en Terrassa\",\"url\":\"https:\\\/\\\/www.idermic.es\\\/\",\"logo\":{\"@type\":\"ImageObject\",\"inLanguage\":\"es\",\"@id\":\"https:\\\/\\\/www.idermic.es\\\/#\\\/schema\\\/logo\\\/image\\\/\",\"url\":\"https:\\\/\\\/www.idermic.es\\\/wp-content\\\/uploads\\\/2025\\\/10\\\/Logo-Idermic.jpg\",\"contentUrl\":\"https:\\\/\\\/www.idermic.es\\\/wp-content\\\/uploads\\\/2025\\\/10\\\/Logo-Idermic.jpg\",\"width\":501,\"height\":502,\"caption\":\"Idermic. Dermatolog\u00eda en Terrassa\"},\"image\":{\"@id\":\"https:\\\/\\\/www.idermic.es\\\/#\\\/schema\\\/logo\\\/image\\\/\"},\"sameAs\":[\"https:\\\/\\\/www.facebook.com\\\/Idermic\",\"https:\\\/\\\/x.com\\\/idermic\",\"https:\\\/\\\/www.instagram.com\\\/idermicclinic\\\/\",\"https:\\\/\\\/www.youtube.com\\\/channel\\\/UCyAHC9-p8lc6hr_nguO8p_g\"]},{\"@type\":\"Person\",\"@id\":\"https:\\\/\\\/www.idermic.es\\\/#\\\/schema\\\/person\\\/c12703027a878b23d3c71c87921a82f8\",\"name\":\"Equipo\",\"image\":{\"@type\":\"ImageObject\",\"inLanguage\":\"es\",\"@id\":\"https:\\\/\\\/secure.gravatar.com\\\/avatar\\\/7ca0be23248108c6b0887e0693b7dcf7764bd3503f84d1f04e6653ef7c3b9420?s=96&d=mm&r=g\",\"url\":\"https:\\\/\\\/secure.gravatar.com\\\/avatar\\\/7ca0be23248108c6b0887e0693b7dcf7764bd3503f84d1f04e6653ef7c3b9420?s=96&d=mm&r=g\",\"contentUrl\":\"https:\\\/\\\/secure.gravatar.com\\\/avatar\\\/7ca0be23248108c6b0887e0693b7dcf7764bd3503f84d1f04e6653ef7c3b9420?s=96&d=mm&r=g\",\"caption\":\"Equipo\"},\"description\":\"Equipo de Idermic\"}]}<\/script>\n<!-- \/ Yoast SEO plugin. -->","yoast_head_json":{"title":"La Micropigmentaci\u00f3n - Tecnolog\u00eda Idermic. Dermatolog\u00eda en Terrassa Tecnolog\u00eda","description":"La micropigmentaci\u00f3n consiste en implantar pigmentos en la piel con el objetivo de embellecer o reconstruir rasgos faciales y corporales","robots":{"index":"index","follow":"follow","max-snippet":"max-snippet:-1","max-image-preview":"max-image-preview:large","max-video-preview":"max-video-preview:-1"},"canonical":"https:\/\/www.idermic.es\/es\/la-micropigmentacion\/","og_locale":"es_ES","og_type":"article","og_title":"La Micropigmentaci\u00f3n - Tecnolog\u00eda Idermic. Dermatolog\u00eda en Terrassa Tecnolog\u00eda","og_description":"La micropigmentaci\u00f3n consiste en implantar pigmentos en la piel con el objetivo de embellecer o reconstruir rasgos faciales y corporales","og_url":"https:\/\/www.idermic.es\/es\/la-micropigmentacion\/","og_site_name":"Idermic. Dermatolog\u00eda en Terrassa","article_publisher":"https:\/\/www.facebook.com\/Idermic","article_published_time":"2017-02-20T14:47:12+00:00","article_modified_time":"2021-08-30T15:08:41+00:00","og_image":[{"width":787,"height":457,"url":"https:\/\/www.idermic.es\/wp-content\/uploads\/2017\/02\/Micropigmentacion.jpg","type":"image\/jpeg"}],"author":"Equipo","twitter_card":"summary_large_image","twitter_creator":"@idermic","twitter_site":"@idermic","twitter_misc":{"Escrito por":"Equipo","Tiempo de lectura":"3 minutos"},"schema":{"@context":"https:\/\/schema.org","@graph":[{"@type":"Article","@id":"https:\/\/www.idermic.es\/es\/la-micropigmentacion\/#article","isPartOf":{"@id":"https:\/\/www.idermic.es\/es\/la-micropigmentacion\/"},"author":{"name":"Equipo","@id":"https:\/\/www.idermic.es\/#\/schema\/person\/c12703027a878b23d3c71c87921a82f8"},"headline":"La Micropigmentaci\u00f3n","datePublished":"2017-02-20T14:47:12+00:00","dateModified":"2021-08-30T15:08:41+00:00","mainEntityOfPage":{"@id":"https:\/\/www.idermic.es\/es\/la-micropigmentacion\/"},"wordCount":603,"commentCount":0,"publisher":{"@id":"https:\/\/www.idermic.es\/#organization"},"image":{"@id":"https:\/\/www.idermic.es\/es\/la-micropigmentacion\/#primaryimage"},"thumbnailUrl":"https:\/\/www.idermic.es\/wp-content\/uploads\/2017\/02\/Micropigmentacion.jpg","keywords":["piel","rejuvenecimiento de la piel"],"articleSection":["Tecnolog\u00eda"],"inLanguage":"es","potentialAction":[{"@type":"CommentAction","name":"Comment","target":["https:\/\/www.idermic.es\/es\/la-micropigmentacion\/#respond"]}]},{"@type":"WebPage","@id":"https:\/\/www.idermic.es\/es\/la-micropigmentacion\/","url":"https:\/\/www.idermic.es\/es\/la-micropigmentacion\/","name":"La Micropigmentaci\u00f3n - Tecnolog\u00eda Idermic. Dermatolog\u00eda en Terrassa Tecnolog\u00eda","isPartOf":{"@id":"https:\/\/www.idermic.es\/#website"},"primaryImageOfPage":{"@id":"https:\/\/www.idermic.es\/es\/la-micropigmentacion\/#primaryimage"},"image":{"@id":"https:\/\/www.idermic.es\/es\/la-micropigmentacion\/#primaryimage"},"thumbnailUrl":"https:\/\/www.idermic.es\/wp-content\/uploads\/2017\/02\/Micropigmentacion.jpg","datePublished":"2017-02-20T14:47:12+00:00","dateModified":"2021-08-30T15:08:41+00:00","description":"La micropigmentaci\u00f3n consiste en implantar pigmentos en la piel con el objetivo de embellecer o reconstruir rasgos faciales y corporales","breadcrumb":{"@id":"https:\/\/www.idermic.es\/es\/la-micropigmentacion\/#breadcrumb"},"inLanguage":"es","potentialAction":[{"@type":"ReadAction","target":["https:\/\/www.idermic.es\/es\/la-micropigmentacion\/"]}]},{"@type":"ImageObject","inLanguage":"es","@id":"https:\/\/www.idermic.es\/es\/la-micropigmentacion\/#primaryimage","url":"https:\/\/www.idermic.es\/wp-content\/uploads\/2017\/02\/Micropigmentacion.jpg","contentUrl":"https:\/\/www.idermic.es\/wp-content\/uploads\/2017\/02\/Micropigmentacion.jpg","width":787,"height":457,"caption":"La Micropigmentaci\u00f3n"},{"@type":"BreadcrumbList","@id":"https:\/\/www.idermic.es\/es\/la-micropigmentacion\/#breadcrumb","itemListElement":[{"@type":"ListItem","position":1,"name":"Inici","item":"https:\/\/www.idermic.es\/es\/"},{"@type":"ListItem","position":2,"name":"La Micropigmentaci\u00f3n"}]},{"@type":"WebSite","@id":"https:\/\/www.idermic.es\/#website","url":"https:\/\/www.idermic.es\/","name":"Idermic. Dermatolog\u00eda en Terrassa","description":"Dermatolog\u00eda, Medicina est\u00e9tica, Cirurg\u00eda Pl\u00e0stica","publisher":{"@id":"https:\/\/www.idermic.es\/#organization"},"potentialAction":[{"@type":"SearchAction","target":{"@type":"EntryPoint","urlTemplate":"https:\/\/www.idermic.es\/?s={search_term_string}"},"query-input":{"@type":"PropertyValueSpecification","valueRequired":true,"valueName":"search_term_string"}}],"inLanguage":"es"},{"@type":"Organization","@id":"https:\/\/www.idermic.es\/#organization","name":"Idermic. Dermatolog\u00eda en Terrassa","url":"https:\/\/www.idermic.es\/","logo":{"@type":"ImageObject","inLanguage":"es","@id":"https:\/\/www.idermic.es\/#\/schema\/logo\/image\/","url":"https:\/\/www.idermic.es\/wp-content\/uploads\/2025\/10\/Logo-Idermic.jpg","contentUrl":"https:\/\/www.idermic.es\/wp-content\/uploads\/2025\/10\/Logo-Idermic.jpg","width":501,"height":502,"caption":"Idermic. Dermatolog\u00eda en Terrassa"},"image":{"@id":"https:\/\/www.idermic.es\/#\/schema\/logo\/image\/"},"sameAs":["https:\/\/www.facebook.com\/Idermic","https:\/\/x.com\/idermic","https:\/\/www.instagram.com\/idermicclinic\/","https:\/\/www.youtube.com\/channel\/UCyAHC9-p8lc6hr_nguO8p_g"]},{"@type":"Person","@id":"https:\/\/www.idermic.es\/#\/schema\/person\/c12703027a878b23d3c71c87921a82f8","name":"Equipo","image":{"@type":"ImageObject","inLanguage":"es","@id":"https:\/\/secure.gravatar.com\/avatar\/7ca0be23248108c6b0887e0693b7dcf7764bd3503f84d1f04e6653ef7c3b9420?s=96&d=mm&r=g","url":"https:\/\/secure.gravatar.com\/avatar\/7ca0be23248108c6b0887e0693b7dcf7764bd3503f84d1f04e6653ef7c3b9420?s=96&d=mm&r=g","contentUrl":"https:\/\/secure.gravatar.com\/avatar\/7ca0be23248108c6b0887e0693b7dcf7764bd3503f84d1f04e6653ef7c3b9420?s=96&d=mm&r=g","caption":"Equipo"},"description":"Equipo de Idermic"}]}},"_links":{"self":[{"href":"https:\/\/www.idermic.es\/es\/wp-json\/wp\/v2\/posts\/4052","targetHints":{"allow":["GET"]}}],"collection":[{"href":"https:\/\/www.idermic.es\/es\/wp-json\/wp\/v2\/posts"}],"about":[{"href":"https:\/\/www.idermic.es\/es\/wp-json\/wp\/v2\/types\/post"}],"author":[{"embeddable":true,"href":"https:\/\/www.idermic.es\/es\/wp-json\/wp\/v2\/users\/3"}],"replies":[{"embeddable":true,"href":"https:\/\/www.idermic.es\/es\/wp-json\/wp\/v2\/comments?post=4052"}],"version-history":[{"count":2,"href":"https:\/\/www.idermic.es\/es\/wp-json\/wp\/v2\/posts\/4052\/revisions"}],"predecessor-version":[{"id":4058,"href":"https:\/\/www.idermic.es\/es\/wp-json\/wp\/v2\/posts\/4052\/revisions\/4058"}],"wp:featuredmedia":[{"embeddable":true,"href":"https:\/\/www.idermic.es\/es\/wp-json\/wp\/v2\/media\/4056"}],"wp:attachment":[{"href":"https:\/\/www.idermic.es\/es\/wp-json\/wp\/v2\/media?parent=4052"}],"wp:term":[{"taxonomy":"category","embeddable":true,"href":"https:\/\/www.idermic.es\/es\/wp-json\/wp\/v2\/categories?post=4052"},{"taxonomy":"post_tag","embeddable":true,"href":"https:\/\/www.idermic.es\/es\/wp-json\/wp\/v2\/tags?post=4052"}],"curies":[{"name":"wp","href":"https:\/\/api.w.org\/{rel}","templated":true}]}}