{"id":4009,"date":"2017-05-23T08:54:45","date_gmt":"2017-05-23T08:54:45","guid":{"rendered":"https:\/\/www.idermic.es\/?p=4009"},"modified":"2026-05-26T09:45:13","modified_gmt":"2026-05-26T09:45:13","slug":"nuevo-tratamiento-sin-cremas-ni-pastillas-para-acne","status":"publish","type":"post","link":"https:\/\/www.idermic.es\/es\/nuevo-tratamiento-sin-cremas-ni-pastillas-para-acne\/","title":{"rendered":"Nuevo tratamiento sin cremas ni pastillas para acn\u00e9"},"content":{"rendered":"<p><div class=\"fusion-fullwidth fullwidth-box fusion-builder-row-1 nonhundred-percent-fullwidth non-hundred-percent-height-scrolling\" style=\"--awb-border-radius-top-left:0px;--awb-border-radius-top-right:0px;--awb-border-radius-bottom-right:0px;--awb-border-radius-bottom-left:0px;--awb-margin-top:32px;--awb-margin-bottom:32px;--awb-flex-wrap:wrap;\" ><div class=\"fusion-builder-row fusion-row\"><div class=\"fusion-layout-column fusion_builder_column fusion-builder-column-0 fusion_builder_column_1_1 1_1 fusion-one-full fusion-column-first fusion-column-last\" style=\"--awb-bg-size:cover;\"><div class=\"fusion-column-wrapper fusion-flex-column-wrapper-legacy\"><div class=\"fusion-text fusion-text-1\"><h1 style=\"text-align: left;\">Nuevo tratamiento sin cremas ni pastillas para acn\u00e9<\/h1>\n<\/div><div class=\"fusion-text fusion-text-2\"><div>Aunque el\u00a0<a href=\"https:\/\/www.idermic.es\/es\/enfermedades-dermatologicas\/#acne\"><strong>acn\u00e9<\/strong><\/a>\u00a0es un\u00a0<strong>problema cut\u00e1neo<\/strong>\u00a0m\u00e1s frecuente en\u00a0<strong>adolescentes<\/strong>\u00a0y\u00a0<strong>pacientes j\u00f3venes<\/strong>\u00a0tambi\u00e9n puede observarse en personas adultas, especialmente en las mujeres.<\/div>\n<div><\/div>\n<div>Tanto las lesiones activas (granos) como las secuelas que puede acarrear (<strong>cicatrices<\/strong>) son una causa de\u00a0<strong>ansiedad y preocupaci\u00f3n<\/strong>\u00a0para el paciente que puede mermar su autoestima y puede afectar negativamente su calidad de vida.\u00a0Existen\u00a0<strong>tratamientos m\u00e9dicos<\/strong>\u00a0t\u00f3picos y orales para abordar esta patolog\u00eda.<\/div>\n<div><\/div>\n<div>Uno de los principales problemas del tratamiento es el cumplimiento estricto por parte del paciente en los tratamientos t\u00f3picos (geles, cremas, etc.) y por otro lado, en el caso de los tratamientos orales, los posibles efectos secundarios (controlables y predecibles) que pueden aparecer al tomar el f\u00e1rmaco. \u00a0Es por todo esto, que en muchos casos, el paciente pregunta por un <strong>tratamiento del acn\u00e9<\/strong>\u00a0sin necesidad de tomar pastillas o aplicarse pomadas diariamente.<\/div>\n<h2>Fractora InMode<\/h2>\n<div><strong>Fractora<\/strong>\u00a0es un dispositivo de radiofrecuencia fraccionada que permite t<strong>ratar el acn\u00e9<\/strong>\u00a0activo y\u00a0<strong>mejorar las cicatrices<\/strong>. Tambi\u00e9n se utiliza para disminuir el tama\u00f1o de los poros.<\/div>\n<div>\n<div><\/div>\n<div>Se trata de un\u00a0<strong>dispositivo seguro<\/strong>, con energ\u00eda fraccional y personalizable, que se puede usar en\u00a0<strong>todos los tipos de piel<\/strong>\u00a0para para\u00a0<strong>tratar el acn\u00e9<\/strong>, las\u00a0<strong>cicatrices de acn\u00e9<\/strong>\u00a0y\u00a0<strong>mejorar los poros dilatados<\/strong>. Puede utilizarse en cualquier \u00e9poca del a\u00f1o. Se necesitan de dos a cuatro sesiones dependiendo del grado de afectaci\u00f3n de las lesiones y de la profundidad de las cicatrices. La mayor\u00eda de los pacientes observan una importante reducci\u00f3n de las\u00a0<strong>cicatrices del acn\u00e9<\/strong>\u00a0y del propio\u00a0<strong>acn\u00e9<\/strong>\u00a0con solamente dos sesiones. Est\u00e1\u00a0<strong>exento de efectos secundarios<\/strong>\u00a0y los resultados suelen observarse a partir de las tres semanas.<\/div>\n<div><\/div>\n<div>Si est\u00e1s interesado en tener m\u00e1s informaci\u00f3n te recomendamos consultar estos art\u00edculos: <a href=\"https:\/\/www.idermic.es\/es\/2017\/04\/fractora-el-nuevo-dispositivo-de-idermic-para-el-tratamiento-de-la-piel\/\">Qu\u00e9 es Fractora<\/a> y <a href=\"https:\/\/www.idermic.es\/es\/2017\/04\/inmode-la-nueva-plataforma-adquirida-por-idermic\/\">Qu\u00e9 es InMode<\/a>.<\/div>\n<\/div>\n<h2>Funcionamiento de Fractora de InMode<\/h2>\n<p>Fractora utiliza una tecnolog\u00eda innovadora para realizar <a href=\"https:\/\/www.idermic.es\/es\/kleresca-acne-treatment\/\">tratamientos de rejuvenecimiento cut\u00e1neo<\/a> y coagulaci\u00f3n fraccionada del tejido subd\u00e9rmico. Este dispositivo nos permite tratar capas mucho m\u00e1s profundas del tejido subd\u00e9rmico, alcanzando diferentes profundidades de la piel (3 a 5 mm). Adem\u00e1s tiene 3 aplicadores con diferente grosor.<\/p>\n<p>Fractora est\u00e1 indicado en el tratamiento y mejora de:<\/p>\n<ul>\n<li>Rejuvenecimiento fraccionado de la piel<\/li>\n<li>Arrugas<\/li>\n<li>L\u00edneas de expresi\u00f3n<\/li>\n<li>Decoloraci\u00f3n<\/li>\n<li>Cicatrices quir\u00fargicas y cicatrices de acn\u00e9,<\/li>\n<li>Acn\u00e9 qu\u00edstico activo<\/li>\n<li>estr\u00edas blancas<\/li>\n<li>Hiperhidrosis<\/li>\n<\/ul>\n<\/div><div class=\"fusion-text fusion-text-3\"><p><span style=\"font-weight: 400;\">Aclaramos todas tus dudas en nuestra <\/span><a href=\"https:\/\/www.idermic.es\/es\/\"><span style=\"font-weight: 400;\">cl\u00ednica dermatol\u00f3gica de Terrassa<\/span><\/a><span style=\"font-weight: 400;\">.<\/span><\/p>\n<\/div><div class=\"fusion-clearfix\"><\/div><\/div><\/div><\/div><\/div><div class=\"fusion-fullwidth fullwidth-box fusion-builder-row-2 has-pattern-background has-mask-background nonhundred-percent-fullwidth non-hundred-percent-height-scrolling\" style=\"--awb-border-radius-top-left:0px;--awb-border-radius-top-right:0px;--awb-border-radius-bottom-right:0px;--awb-border-radius-bottom-left:0px;--awb-padding-top:20px;--awb-padding-bottom:32px;--awb-margin-top:48px;--awb-margin-bottom:32px;--awb-flex-wrap:wrap;\" ><div class=\"fusion-builder-row fusion-row\"><div class=\"fusion-layout-column fusion_builder_column fusion-builder-column-1 fusion_builder_column_1_2 1_2 fusion-one-half fusion-column-first fusion-column-inner-bg-wrapper\" style=\"--awb-padding-top:20px;--awb-padding-right:20px;--awb-padding-bottom:20px;--awb-padding-left:60px;--awb-inner-bg-color:#f4d0c2;--awb-inner-bg-color-hover:#f4d0c2;--awb-inner-bg-size:cover;width:50%;width:calc(50% - ( ( 4% ) * 0.5 ) );margin-right: 4%;\" data-scroll-devices=\"small-visibility,medium-visibility,large-visibility\"><span class=\"fusion-column-inner-bg hover-type-none\"><a class=\"fusion-column-anchor\" href=\"https:\/\/www.idermic.es\/es\/financiacion\/\"><span class=\"fusion-column-inner-bg-image\"><\/span><\/a><\/span><div class=\"fusion-column-wrapper fusion-column-has-shadow fusion-flex-column-wrapper-legacy\"><div style=\"text-align:center; max-width: 100%; width: calc(100% - 40px); margin: 0 auto;\">\n  <p style=\"color:white;margin:0;padding:15px 15px 0 15px;background-color:#ddbcb0;font-family:Montserrat;font-size:20px;font-weight:500;letter-spacing:2px;line-height:30px;\">\n    FINAN\u00c7AMENT 0% INTER\u00c8S\n  <\/p>\n  <p style=\"color:white;margin:0;padding:0 15px 15px 15px;background-color:#ddbcb0;font-family:Open Sans;font-size:12px;font-weight:500;letter-spacing:2px;line-height:30px;\">\n    LLEGIR M\u00c9S +\n  <\/p>\n<\/div><div class=\"fusion-clearfix\"><\/div><\/div><\/div><div class=\"fusion-layout-column fusion_builder_column fusion-builder-column-2 fusion_builder_column_1_2 1_2 fusion-one-half fusion-column-last fusion-column-inner-bg-wrapper\" style=\"--awb-padding-top:20px;--awb-padding-right:20px;--awb-padding-bottom:20px;--awb-padding-left:60px;--awb-inner-bg-color:#f4d0c2;--awb-inner-bg-color-hover:#f4d0c2;--awb-inner-bg-size:cover;width:50%;width:calc(50% - ( ( 4% ) * 0.5 ) );\" data-scroll-devices=\"small-visibility,medium-visibility,large-visibility\"><span class=\"fusion-column-inner-bg hover-type-none\"><a class=\"fusion-column-anchor\" href=\"https:\/\/www.idermic.es\/es\/preguntas-frecuentes\/\"><span class=\"fusion-column-inner-bg-image\"><\/span><\/a><\/span><div class=\"fusion-column-wrapper fusion-column-has-shadow fusion-flex-column-wrapper-legacy\"><div style=\"text-align:center; max-width: 100%; width: calc(100% - 40px); margin: 0 auto;\">\n  <p style=\"color:white;margin:0;padding:15px 15px 0 15px;background-color:#ddbcb0;font-family:Montserrat;font-size:20px;font-weight:500;letter-spacing:2px;line-height:30px;\">\n    PREGUNTES FREQ\u00dcENTS \n  <\/p>\n  <p style=\"color:white;margin:0;padding:0 15px 15px 15px;background-color:#ddbcb0;font-family:Open Sans;font-size:12px;font-weight:500;letter-spacing:2px;line-height:30px;\">\n    LLEGIR M\u00c9S +\n  <\/p>\n<\/div><div class=\"fusion-clearfix\"><\/div><\/div><\/div><\/div><\/div>\n<\/p>\n","protected":false},"excerpt":{"rendered":"<p>El\u00a0acn\u00e9\u00a0es el\u00a0problema cut\u00e1neo\u00a0m\u00e1s frecuente en\u00a0adolescentes\u00a0y\u00a0j\u00f3venes. Puede observarse en personas adultas, especialmente en mujeres.<\/p>\n","protected":false},"author":3,"featured_media":4014,"comment_status":"open","ping_status":"closed","sticky":false,"template":"","format":"standard","meta":{"_joinchat":[],"footnotes":""},"categories":[37,36],"tags":[43,41,104],"class_list":["post-4009","post","type-post","status-publish","format-standard","has-post-thumbnail","hentry","category-tecnologia","category-tratamientos-de-medicina-estetica","tag-acne","tag-inmode","tag-piel"],"yoast_head":"<!-- This site is optimized with the Yoast SEO plugin v28.4 - https:\/\/yoast.com\/product\/yoast-seo-wordpress\/ -->\n<title>Nuevo tratamiento sin cremas ni pastillas para acn\u00e9 -<\/title>\n<meta name=\"description\" content=\"El\u00a0acn\u00e9\u00a0es el\u00a0problema cut\u00e1neo\u00a0m\u00e1s frecuente en\u00a0adolescentes\u00a0y\u00a0j\u00f3venes. Puede observarse en personas adultas, especialmente en mujeres.\" \/>\n<meta name=\"robots\" content=\"index, follow, max-snippet:-1, max-image-preview:large, max-video-preview:-1\" \/>\n<link rel=\"canonical\" href=\"https:\/\/www.idermic.es\/es\/nuevo-tratamiento-sin-cremas-ni-pastillas-para-acne\/\" \/>\n<meta property=\"og:locale\" content=\"es_ES\" \/>\n<meta property=\"og:type\" content=\"article\" \/>\n<meta property=\"og:title\" content=\"Nuevo tratamiento sin cremas ni pastillas para acn\u00e9 -\" \/>\n<meta property=\"og:description\" content=\"El\u00a0acn\u00e9\u00a0es el\u00a0problema cut\u00e1neo\u00a0m\u00e1s frecuente en\u00a0adolescentes\u00a0y\u00a0j\u00f3venes. Puede observarse en personas adultas, especialmente en mujeres.\" \/>\n<meta property=\"og:url\" content=\"https:\/\/www.idermic.es\/es\/nuevo-tratamiento-sin-cremas-ni-pastillas-para-acne\/\" \/>\n<meta property=\"og:site_name\" content=\"Idermic. Dermatolog\u00eda en Terrassa\" \/>\n<meta property=\"article:publisher\" content=\"https:\/\/www.facebook.com\/Idermic\" \/>\n<meta property=\"article:published_time\" content=\"2017-05-23T08:54:45+00:00\" \/>\n<meta property=\"article:modified_time\" content=\"2026-05-26T09:45:13+00:00\" \/>\n<meta property=\"og:image\" content=\"https:\/\/www.idermic.es\/wp-content\/uploads\/2017\/05\/Acne.jpg\" \/>\n\t<meta property=\"og:image:width\" content=\"436\" \/>\n\t<meta property=\"og:image:height\" content=\"561\" \/>\n\t<meta property=\"og:image:type\" content=\"image\/jpeg\" \/>\n<meta name=\"author\" content=\"Equipo\" \/>\n<meta name=\"twitter:card\" content=\"summary_large_image\" \/>\n<meta name=\"twitter:creator\" content=\"@idermic\" \/>\n<meta name=\"twitter:site\" content=\"@idermic\" \/>\n<meta name=\"twitter:label1\" content=\"Escrito por\" \/>\n\t<meta name=\"twitter:data1\" content=\"Equipo\" \/>\n\t<meta name=\"twitter:label2\" content=\"Tiempo de lectura\" \/>\n\t<meta name=\"twitter:data2\" content=\"3 minutos\" \/>\n<script type=\"application\/ld+json\" class=\"yoast-schema-graph\">{\"@context\":\"https:\\\/\\\/schema.org\",\"@graph\":[{\"@type\":\"Article\",\"@id\":\"https:\\\/\\\/www.idermic.es\\\/es\\\/nuevo-tratamiento-sin-cremas-ni-pastillas-para-acne\\\/#article\",\"isPartOf\":{\"@id\":\"https:\\\/\\\/www.idermic.es\\\/es\\\/nuevo-tratamiento-sin-cremas-ni-pastillas-para-acne\\\/\"},\"author\":{\"name\":\"Equipo\",\"@id\":\"https:\\\/\\\/www.idermic.es\\\/#\\\/schema\\\/person\\\/c12703027a878b23d3c71c87921a82f8\"},\"headline\":\"Nuevo tratamiento sin cremas ni pastillas para acn\u00e9\",\"datePublished\":\"2017-05-23T08:54:45+00:00\",\"dateModified\":\"2026-05-26T09:45:13+00:00\",\"mainEntityOfPage\":{\"@id\":\"https:\\\/\\\/www.idermic.es\\\/es\\\/nuevo-tratamiento-sin-cremas-ni-pastillas-para-acne\\\/\"},\"wordCount\":689,\"commentCount\":0,\"publisher\":{\"@id\":\"https:\\\/\\\/www.idermic.es\\\/#organization\"},\"image\":{\"@id\":\"https:\\\/\\\/www.idermic.es\\\/es\\\/nuevo-tratamiento-sin-cremas-ni-pastillas-para-acne\\\/#primaryimage\"},\"thumbnailUrl\":\"https:\\\/\\\/www.idermic.es\\\/wp-content\\\/uploads\\\/2017\\\/05\\\/Acne.jpg\",\"keywords\":[\"acn\u00e9\",\"InMode\",\"piel\"],\"articleSection\":[\"Tecnolog\u00eda\",\"Tratamientos de Medicina Est\u00e9tica\"],\"inLanguage\":\"es\",\"potentialAction\":[{\"@type\":\"CommentAction\",\"name\":\"Comment\",\"target\":[\"https:\\\/\\\/www.idermic.es\\\/es\\\/nuevo-tratamiento-sin-cremas-ni-pastillas-para-acne\\\/#respond\"]}]},{\"@type\":\"WebPage\",\"@id\":\"https:\\\/\\\/www.idermic.es\\\/es\\\/nuevo-tratamiento-sin-cremas-ni-pastillas-para-acne\\\/\",\"url\":\"https:\\\/\\\/www.idermic.es\\\/es\\\/nuevo-tratamiento-sin-cremas-ni-pastillas-para-acne\\\/\",\"name\":\"Nuevo tratamiento sin cremas ni pastillas para acn\u00e9 -\",\"isPartOf\":{\"@id\":\"https:\\\/\\\/www.idermic.es\\\/#website\"},\"primaryImageOfPage\":{\"@id\":\"https:\\\/\\\/www.idermic.es\\\/es\\\/nuevo-tratamiento-sin-cremas-ni-pastillas-para-acne\\\/#primaryimage\"},\"image\":{\"@id\":\"https:\\\/\\\/www.idermic.es\\\/es\\\/nuevo-tratamiento-sin-cremas-ni-pastillas-para-acne\\\/#primaryimage\"},\"thumbnailUrl\":\"https:\\\/\\\/www.idermic.es\\\/wp-content\\\/uploads\\\/2017\\\/05\\\/Acne.jpg\",\"datePublished\":\"2017-05-23T08:54:45+00:00\",\"dateModified\":\"2026-05-26T09:45:13+00:00\",\"description\":\"El\u00a0acn\u00e9\u00a0es el\u00a0problema cut\u00e1neo\u00a0m\u00e1s frecuente en\u00a0adolescentes\u00a0y\u00a0j\u00f3venes. Puede observarse en personas adultas, especialmente en mujeres.\",\"breadcrumb\":{\"@id\":\"https:\\\/\\\/www.idermic.es\\\/es\\\/nuevo-tratamiento-sin-cremas-ni-pastillas-para-acne\\\/#breadcrumb\"},\"inLanguage\":\"es\",\"potentialAction\":[{\"@type\":\"ReadAction\",\"target\":[\"https:\\\/\\\/www.idermic.es\\\/es\\\/nuevo-tratamiento-sin-cremas-ni-pastillas-para-acne\\\/\"]}]},{\"@type\":\"ImageObject\",\"inLanguage\":\"es\",\"@id\":\"https:\\\/\\\/www.idermic.es\\\/es\\\/nuevo-tratamiento-sin-cremas-ni-pastillas-para-acne\\\/#primaryimage\",\"url\":\"https:\\\/\\\/www.idermic.es\\\/wp-content\\\/uploads\\\/2017\\\/05\\\/Acne.jpg\",\"contentUrl\":\"https:\\\/\\\/www.idermic.es\\\/wp-content\\\/uploads\\\/2017\\\/05\\\/Acne.jpg\",\"width\":436,\"height\":561,\"caption\":\"Acn\u00e9\"},{\"@type\":\"BreadcrumbList\",\"@id\":\"https:\\\/\\\/www.idermic.es\\\/es\\\/nuevo-tratamiento-sin-cremas-ni-pastillas-para-acne\\\/#breadcrumb\",\"itemListElement\":[{\"@type\":\"ListItem\",\"position\":1,\"name\":\"Inici\",\"item\":\"https:\\\/\\\/www.idermic.es\\\/es\\\/\"},{\"@type\":\"ListItem\",\"position\":2,\"name\":\"Nuevo tratamiento sin cremas ni pastillas para acn\u00e9\"}]},{\"@type\":\"WebSite\",\"@id\":\"https:\\\/\\\/www.idermic.es\\\/#website\",\"url\":\"https:\\\/\\\/www.idermic.es\\\/\",\"name\":\"Idermic. Dermatolog\u00eda en Terrassa\",\"description\":\"Dermatolog\u00eda, Medicina est\u00e9tica, Cirurg\u00eda Pl\u00e0stica\",\"publisher\":{\"@id\":\"https:\\\/\\\/www.idermic.es\\\/#organization\"},\"potentialAction\":[{\"@type\":\"SearchAction\",\"target\":{\"@type\":\"EntryPoint\",\"urlTemplate\":\"https:\\\/\\\/www.idermic.es\\\/?s={search_term_string}\"},\"query-input\":{\"@type\":\"PropertyValueSpecification\",\"valueRequired\":true,\"valueName\":\"search_term_string\"}}],\"inLanguage\":\"es\"},{\"@type\":\"Organization\",\"@id\":\"https:\\\/\\\/www.idermic.es\\\/#organization\",\"name\":\"Idermic. Dermatolog\u00eda en Terrassa\",\"url\":\"https:\\\/\\\/www.idermic.es\\\/\",\"logo\":{\"@type\":\"ImageObject\",\"inLanguage\":\"es\",\"@id\":\"https:\\\/\\\/www.idermic.es\\\/#\\\/schema\\\/logo\\\/image\\\/\",\"url\":\"https:\\\/\\\/www.idermic.es\\\/wp-content\\\/uploads\\\/2025\\\/10\\\/Logo-Idermic.jpg\",\"contentUrl\":\"https:\\\/\\\/www.idermic.es\\\/wp-content\\\/uploads\\\/2025\\\/10\\\/Logo-Idermic.jpg\",\"width\":501,\"height\":502,\"caption\":\"Idermic. Dermatolog\u00eda en Terrassa\"},\"image\":{\"@id\":\"https:\\\/\\\/www.idermic.es\\\/#\\\/schema\\\/logo\\\/image\\\/\"},\"sameAs\":[\"https:\\\/\\\/www.facebook.com\\\/Idermic\",\"https:\\\/\\\/x.com\\\/idermic\",\"https:\\\/\\\/www.instagram.com\\\/idermicclinic\\\/\",\"https:\\\/\\\/www.youtube.com\\\/channel\\\/UCyAHC9-p8lc6hr_nguO8p_g\"]},{\"@type\":\"Person\",\"@id\":\"https:\\\/\\\/www.idermic.es\\\/#\\\/schema\\\/person\\\/c12703027a878b23d3c71c87921a82f8\",\"name\":\"Equipo\",\"image\":{\"@type\":\"ImageObject\",\"inLanguage\":\"es\",\"@id\":\"https:\\\/\\\/secure.gravatar.com\\\/avatar\\\/7ca0be23248108c6b0887e0693b7dcf7764bd3503f84d1f04e6653ef7c3b9420?s=96&d=mm&r=g\",\"url\":\"https:\\\/\\\/secure.gravatar.com\\\/avatar\\\/7ca0be23248108c6b0887e0693b7dcf7764bd3503f84d1f04e6653ef7c3b9420?s=96&d=mm&r=g\",\"contentUrl\":\"https:\\\/\\\/secure.gravatar.com\\\/avatar\\\/7ca0be23248108c6b0887e0693b7dcf7764bd3503f84d1f04e6653ef7c3b9420?s=96&d=mm&r=g\",\"caption\":\"Equipo\"},\"description\":\"Equipo de Idermic\"}]}<\/script>\n<!-- \/ Yoast SEO plugin. -->","yoast_head_json":{"title":"Nuevo tratamiento sin cremas ni pastillas para acn\u00e9 -","description":"El\u00a0acn\u00e9\u00a0es el\u00a0problema cut\u00e1neo\u00a0m\u00e1s frecuente en\u00a0adolescentes\u00a0y\u00a0j\u00f3venes. Puede observarse en personas adultas, especialmente en mujeres.","robots":{"index":"index","follow":"follow","max-snippet":"max-snippet:-1","max-image-preview":"max-image-preview:large","max-video-preview":"max-video-preview:-1"},"canonical":"https:\/\/www.idermic.es\/es\/nuevo-tratamiento-sin-cremas-ni-pastillas-para-acne\/","og_locale":"es_ES","og_type":"article","og_title":"Nuevo tratamiento sin cremas ni pastillas para acn\u00e9 -","og_description":"El\u00a0acn\u00e9\u00a0es el\u00a0problema cut\u00e1neo\u00a0m\u00e1s frecuente en\u00a0adolescentes\u00a0y\u00a0j\u00f3venes. Puede observarse en personas adultas, especialmente en mujeres.","og_url":"https:\/\/www.idermic.es\/es\/nuevo-tratamiento-sin-cremas-ni-pastillas-para-acne\/","og_site_name":"Idermic. Dermatolog\u00eda en Terrassa","article_publisher":"https:\/\/www.facebook.com\/Idermic","article_published_time":"2017-05-23T08:54:45+00:00","article_modified_time":"2026-05-26T09:45:13+00:00","og_image":[{"width":436,"height":561,"url":"https:\/\/www.idermic.es\/wp-content\/uploads\/2017\/05\/Acne.jpg","type":"image\/jpeg"}],"author":"Equipo","twitter_card":"summary_large_image","twitter_creator":"@idermic","twitter_site":"@idermic","twitter_misc":{"Escrito por":"Equipo","Tiempo de lectura":"3 minutos"},"schema":{"@context":"https:\/\/schema.org","@graph":[{"@type":"Article","@id":"https:\/\/www.idermic.es\/es\/nuevo-tratamiento-sin-cremas-ni-pastillas-para-acne\/#article","isPartOf":{"@id":"https:\/\/www.idermic.es\/es\/nuevo-tratamiento-sin-cremas-ni-pastillas-para-acne\/"},"author":{"name":"Equipo","@id":"https:\/\/www.idermic.es\/#\/schema\/person\/c12703027a878b23d3c71c87921a82f8"},"headline":"Nuevo tratamiento sin cremas ni pastillas para acn\u00e9","datePublished":"2017-05-23T08:54:45+00:00","dateModified":"2026-05-26T09:45:13+00:00","mainEntityOfPage":{"@id":"https:\/\/www.idermic.es\/es\/nuevo-tratamiento-sin-cremas-ni-pastillas-para-acne\/"},"wordCount":689,"commentCount":0,"publisher":{"@id":"https:\/\/www.idermic.es\/#organization"},"image":{"@id":"https:\/\/www.idermic.es\/es\/nuevo-tratamiento-sin-cremas-ni-pastillas-para-acne\/#primaryimage"},"thumbnailUrl":"https:\/\/www.idermic.es\/wp-content\/uploads\/2017\/05\/Acne.jpg","keywords":["acn\u00e9","InMode","piel"],"articleSection":["Tecnolog\u00eda","Tratamientos de Medicina Est\u00e9tica"],"inLanguage":"es","potentialAction":[{"@type":"CommentAction","name":"Comment","target":["https:\/\/www.idermic.es\/es\/nuevo-tratamiento-sin-cremas-ni-pastillas-para-acne\/#respond"]}]},{"@type":"WebPage","@id":"https:\/\/www.idermic.es\/es\/nuevo-tratamiento-sin-cremas-ni-pastillas-para-acne\/","url":"https:\/\/www.idermic.es\/es\/nuevo-tratamiento-sin-cremas-ni-pastillas-para-acne\/","name":"Nuevo tratamiento sin cremas ni pastillas para acn\u00e9 -","isPartOf":{"@id":"https:\/\/www.idermic.es\/#website"},"primaryImageOfPage":{"@id":"https:\/\/www.idermic.es\/es\/nuevo-tratamiento-sin-cremas-ni-pastillas-para-acne\/#primaryimage"},"image":{"@id":"https:\/\/www.idermic.es\/es\/nuevo-tratamiento-sin-cremas-ni-pastillas-para-acne\/#primaryimage"},"thumbnailUrl":"https:\/\/www.idermic.es\/wp-content\/uploads\/2017\/05\/Acne.jpg","datePublished":"2017-05-23T08:54:45+00:00","dateModified":"2026-05-26T09:45:13+00:00","description":"El\u00a0acn\u00e9\u00a0es el\u00a0problema cut\u00e1neo\u00a0m\u00e1s frecuente en\u00a0adolescentes\u00a0y\u00a0j\u00f3venes. Puede observarse en personas adultas, especialmente en mujeres.","breadcrumb":{"@id":"https:\/\/www.idermic.es\/es\/nuevo-tratamiento-sin-cremas-ni-pastillas-para-acne\/#breadcrumb"},"inLanguage":"es","potentialAction":[{"@type":"ReadAction","target":["https:\/\/www.idermic.es\/es\/nuevo-tratamiento-sin-cremas-ni-pastillas-para-acne\/"]}]},{"@type":"ImageObject","inLanguage":"es","@id":"https:\/\/www.idermic.es\/es\/nuevo-tratamiento-sin-cremas-ni-pastillas-para-acne\/#primaryimage","url":"https:\/\/www.idermic.es\/wp-content\/uploads\/2017\/05\/Acne.jpg","contentUrl":"https:\/\/www.idermic.es\/wp-content\/uploads\/2017\/05\/Acne.jpg","width":436,"height":561,"caption":"Acn\u00e9"},{"@type":"BreadcrumbList","@id":"https:\/\/www.idermic.es\/es\/nuevo-tratamiento-sin-cremas-ni-pastillas-para-acne\/#breadcrumb","itemListElement":[{"@type":"ListItem","position":1,"name":"Inici","item":"https:\/\/www.idermic.es\/es\/"},{"@type":"ListItem","position":2,"name":"Nuevo tratamiento sin cremas ni pastillas para acn\u00e9"}]},{"@type":"WebSite","@id":"https:\/\/www.idermic.es\/#website","url":"https:\/\/www.idermic.es\/","name":"Idermic. Dermatolog\u00eda en Terrassa","description":"Dermatolog\u00eda, Medicina est\u00e9tica, Cirurg\u00eda Pl\u00e0stica","publisher":{"@id":"https:\/\/www.idermic.es\/#organization"},"potentialAction":[{"@type":"SearchAction","target":{"@type":"EntryPoint","urlTemplate":"https:\/\/www.idermic.es\/?s={search_term_string}"},"query-input":{"@type":"PropertyValueSpecification","valueRequired":true,"valueName":"search_term_string"}}],"inLanguage":"es"},{"@type":"Organization","@id":"https:\/\/www.idermic.es\/#organization","name":"Idermic. Dermatolog\u00eda en Terrassa","url":"https:\/\/www.idermic.es\/","logo":{"@type":"ImageObject","inLanguage":"es","@id":"https:\/\/www.idermic.es\/#\/schema\/logo\/image\/","url":"https:\/\/www.idermic.es\/wp-content\/uploads\/2025\/10\/Logo-Idermic.jpg","contentUrl":"https:\/\/www.idermic.es\/wp-content\/uploads\/2025\/10\/Logo-Idermic.jpg","width":501,"height":502,"caption":"Idermic. Dermatolog\u00eda en Terrassa"},"image":{"@id":"https:\/\/www.idermic.es\/#\/schema\/logo\/image\/"},"sameAs":["https:\/\/www.facebook.com\/Idermic","https:\/\/x.com\/idermic","https:\/\/www.instagram.com\/idermicclinic\/","https:\/\/www.youtube.com\/channel\/UCyAHC9-p8lc6hr_nguO8p_g"]},{"@type":"Person","@id":"https:\/\/www.idermic.es\/#\/schema\/person\/c12703027a878b23d3c71c87921a82f8","name":"Equipo","image":{"@type":"ImageObject","inLanguage":"es","@id":"https:\/\/secure.gravatar.com\/avatar\/7ca0be23248108c6b0887e0693b7dcf7764bd3503f84d1f04e6653ef7c3b9420?s=96&d=mm&r=g","url":"https:\/\/secure.gravatar.com\/avatar\/7ca0be23248108c6b0887e0693b7dcf7764bd3503f84d1f04e6653ef7c3b9420?s=96&d=mm&r=g","contentUrl":"https:\/\/secure.gravatar.com\/avatar\/7ca0be23248108c6b0887e0693b7dcf7764bd3503f84d1f04e6653ef7c3b9420?s=96&d=mm&r=g","caption":"Equipo"},"description":"Equipo de Idermic"}]}},"_links":{"self":[{"href":"https:\/\/www.idermic.es\/es\/wp-json\/wp\/v2\/posts\/4009","targetHints":{"allow":["GET"]}}],"collection":[{"href":"https:\/\/www.idermic.es\/es\/wp-json\/wp\/v2\/posts"}],"about":[{"href":"https:\/\/www.idermic.es\/es\/wp-json\/wp\/v2\/types\/post"}],"author":[{"embeddable":true,"href":"https:\/\/www.idermic.es\/es\/wp-json\/wp\/v2\/users\/3"}],"replies":[{"embeddable":true,"href":"https:\/\/www.idermic.es\/es\/wp-json\/wp\/v2\/comments?post=4009"}],"version-history":[{"count":8,"href":"https:\/\/www.idermic.es\/es\/wp-json\/wp\/v2\/posts\/4009\/revisions"}],"predecessor-version":[{"id":4048,"href":"https:\/\/www.idermic.es\/es\/wp-json\/wp\/v2\/posts\/4009\/revisions\/4048"}],"wp:featuredmedia":[{"embeddable":true,"href":"https:\/\/www.idermic.es\/es\/wp-json\/wp\/v2\/media\/4014"}],"wp:attachment":[{"href":"https:\/\/www.idermic.es\/es\/wp-json\/wp\/v2\/media?parent=4009"}],"wp:term":[{"taxonomy":"category","embeddable":true,"href":"https:\/\/www.idermic.es\/es\/wp-json\/wp\/v2\/categories?post=4009"},{"taxonomy":"post_tag","embeddable":true,"href":"https:\/\/www.idermic.es\/es\/wp-json\/wp\/v2\/tags?post=4009"}],"curies":[{"name":"wp","href":"https:\/\/api.w.org\/{rel}","templated":true}]}}