{"id":3981,"date":"2016-12-21T10:45:55","date_gmt":"2016-12-21T10:45:55","guid":{"rendered":"https:\/\/www.idermic.es\/?p=3981"},"modified":"2026-07-07T10:10:40","modified_gmt":"2026-07-07T10:10:40","slug":"campana-pideuncirujanoplastico","status":"publish","type":"post","link":"https:\/\/www.idermic.es\/es\/campana-pideuncirujanoplastico\/","title":{"rendered":"Campa\u00f1a #Pideuncirujanoplastico"},"content":{"rendered":"<p><div class=\"fusion-fullwidth fullwidth-box fusion-builder-row-1 nonhundred-percent-fullwidth non-hundred-percent-height-scrolling\" style=\"--awb-border-radius-top-left:0px;--awb-border-radius-top-right:0px;--awb-border-radius-bottom-right:0px;--awb-border-radius-bottom-left:0px;--awb-margin-top:32px;--awb-margin-bottom:32px;--awb-flex-wrap:wrap;\" ><div class=\"fusion-builder-row fusion-row\"><div class=\"fusion-layout-column fusion_builder_column fusion-builder-column-0 fusion_builder_column_1_1 1_1 fusion-one-full fusion-column-first fusion-column-last\" style=\"--awb-bg-size:cover;\"><div class=\"fusion-column-wrapper fusion-flex-column-wrapper-legacy\"><div class=\"fusion-text fusion-text-1\"><h1 style=\"text-align: center;\">Campa\u00f1a #Pideuncirujanoplastico<\/h1>\n<\/div><div class=\"fusion-text fusion-text-2\"><div class=\"description\">\n<p>Con el hashtag #Pideuncirujanoplastico y una imagen basada en el \u201cm\u00e1s vale prevenir que curar\u201d, la <a href=\"https:\/\/secpre.org\/\">Sociedad Espa\u00f1ola de Cirug\u00eda Pl\u00e1stica, Reparadora y Est\u00e9tica<\/a> (SECPRE) quiere concienciar a los pacientes y a la sociedad sobre la cualificaci\u00f3n que deben tener los profesionales que les realicen las intervenciones de esta especialidad Por ello, la SECPRE anima los pacientes a asegurarse de que los profesionales que los atienden cuentan con el t\u00edtulo de \u201c<strong>M\u00e9dico Especialista en Cirug\u00eda Pl\u00e1stica, Est\u00e9tica y Reparadora<\/strong>\u201d, el \u00fanico oficial y homologado en Espa\u00f1a, que se obtiene despu\u00e9s de 6 a\u00f1os de licenciatura en Medicina y al menos otros 5 de residencia en Cirug\u00eda Pl\u00e1stica v\u00eda MIR. En total, en Espa\u00f1a, se practican al a\u00f1o m\u00e1s de 93.000 intervenciones de\u00a0<strong>Cirug\u00eda Pl\u00e1stica<\/strong>\u00a0en la sanidad p\u00fablica, principalmente de su vertiente Reparadora, y m\u00e1s de 108.000 en la sanidad privada, principalmente de Est\u00e9tica, que no suele cubrir la seguridad social salvo que tenga una finalidad cl\u00ednica<a href=\"#_ftn1\" name=\"_ftnref1\">[1]<\/a>.<\/p>\n<p>La SECPRE no se cansa de denunciar que, en la sanidad privada, entre 9.000 y 10.000 m\u00e9dicos realizan intervenciones de<strong>\u00a0Cirug\u00eda Est\u00e9tica<\/strong>\u00a0sin tener el mencionado t\u00edtulo, dada la situaci\u00f3n de alegalidad existente por no haber en Espa\u00f1a una ley regulatoria de la especialidad similar a la de la mayor\u00eda de los pa\u00edses de nuestro entorno. En la sanidad p\u00fablica, denuncia tambi\u00e9n que el gran d\u00e9ficit de\u00a0<strong>cirujanos pl\u00e1sticos<\/strong>\u00a0en los centros sanitarios del Sistema Nacional de Salud (s\u00f3lo el 25% cuentan con estos especialistas frente al 70% de los centros privados) hace que, en numerosas ocasiones, las intervenciones de\u00a0<strong>Cirug\u00eda Reparadora<\/strong>\u00a0sean realizadas por otros profesionales.<\/p>\n<p>En ambos casos, la SECPRE advierte de los riesgos que, para la seguridad de los pacientes y la calidad de los resultados de las intervenciones, conlleva el hecho de que no se encarguen de \u00e9stas exclusivamente los \u00fanicos profesionales que tenemos la formaci\u00f3n espec\u00edfica y adecuada para asumirlas.\u00a0<a href=\"#_ftnref1\" name=\"_ftn1\"><\/a>[1] Subdirecci\u00f3n General de Informaci\u00f3n Sanitaria e Innovaci\u00f3n \u2013 Direcci\u00f3n General de Salud P\u00fablica, Calidad e Innovaci\u00f3n. Estad\u00edstica de Centros Sanitarios de Atenci\u00f3n Especializada. Hospitales y Centros sin Internamiento. A\u00f1o 2014. Madrid: Ministerio de Sanidad, Servicios Sociales e Igualdad, 2016. Descargable en\u00a0<a href=\"http:\/\/www.msssi.gob.es\/estadEstudios\/estadisticas\/docs\/TablasSIAE2014\/SIAE_2014.pdf\" target=\"_blank\" rel=\"noopener\">http:\/\/www.msssi.gob.es\/estadEstudios\/estadisticas\/docs\/TablasSIAE2014\/SIAE_2014.pdf<\/a><\/p>\n<\/div>\n<\/div><div class=\"fusion-text fusion-text-3\"><p><span style=\"font-weight: 400;\">Para saber m\u00e1s sobre esta cuesti\u00f3n puedes <\/span><a href=\"https:\/\/www.idermic.es\/contact\/\"><span style=\"font-weight: 400;\">consultar<\/span><\/a><span style=\"font-weight: 400;\"> lo que necesites en nuestra Cl\u00ednica de Terrassa.<\/span><\/p>\n<\/div><div class=\"fusion-clearfix\"><\/div><\/div><\/div><\/div><\/div><div class=\"fusion-fullwidth fullwidth-box fusion-builder-row-2 has-pattern-background has-mask-background nonhundred-percent-fullwidth non-hundred-percent-height-scrolling\" style=\"--awb-border-radius-top-left:0px;--awb-border-radius-top-right:0px;--awb-border-radius-bottom-right:0px;--awb-border-radius-bottom-left:0px;--awb-padding-top:20px;--awb-padding-bottom:32px;--awb-margin-top:48px;--awb-margin-bottom:32px;--awb-flex-wrap:wrap;\" ><div class=\"fusion-builder-row fusion-row\"><div class=\"fusion-layout-column fusion_builder_column fusion-builder-column-1 fusion_builder_column_1_2 1_2 fusion-one-half fusion-column-first fusion-column-inner-bg-wrapper\" style=\"--awb-padding-top:20px;--awb-padding-right:20px;--awb-padding-bottom:20px;--awb-padding-left:60px;--awb-inner-bg-color:#f4d0c2;--awb-inner-bg-color-hover:#f4d0c2;--awb-inner-bg-size:cover;width:50%;width:calc(50% - ( ( 4% ) * 0.5 ) );margin-right: 4%;\" data-scroll-devices=\"small-visibility,medium-visibility,large-visibility\"><span class=\"fusion-column-inner-bg hover-type-none\"><a class=\"fusion-column-anchor\" href=\"https:\/\/www.idermic.es\/es\/financiacion\/\"><span class=\"fusion-column-inner-bg-image\"><\/span><\/a><\/span><div class=\"fusion-column-wrapper fusion-column-has-shadow fusion-flex-column-wrapper-legacy\"><div style=\"text-align:center; max-width: 100%; width: calc(100% - 40px); margin: 0 auto;\">\n  <p style=\"color:white;margin:0;padding:15px 15px 0 15px;background-color:#ddbcb0;font-family:Montserrat;font-size:20px;font-weight:500;letter-spacing:2px;line-height:30px;\">\n    FINAN\u00c7AMENT 0% INTER\u00c8S\n  <\/p>\n  <p style=\"color:white;margin:0;padding:0 15px 15px 15px;background-color:#ddbcb0;font-family:Open Sans;font-size:12px;font-weight:500;letter-spacing:2px;line-height:30px;\">\n    LLEGIR M\u00c9S +\n  <\/p>\n<\/div><div class=\"fusion-clearfix\"><\/div><\/div><\/div><div class=\"fusion-layout-column fusion_builder_column fusion-builder-column-2 fusion_builder_column_1_2 1_2 fusion-one-half fusion-column-last fusion-column-inner-bg-wrapper\" style=\"--awb-padding-top:20px;--awb-padding-right:20px;--awb-padding-bottom:20px;--awb-padding-left:60px;--awb-inner-bg-color:#f4d0c2;--awb-inner-bg-color-hover:#f4d0c2;--awb-inner-bg-size:cover;width:50%;width:calc(50% - ( ( 4% ) * 0.5 ) );\" data-scroll-devices=\"small-visibility,medium-visibility,large-visibility\"><span class=\"fusion-column-inner-bg hover-type-none\"><a class=\"fusion-column-anchor\" href=\"https:\/\/www.idermic.es\/es\/preguntas-frecuentes\/\"><span class=\"fusion-column-inner-bg-image\"><\/span><\/a><\/span><div class=\"fusion-column-wrapper fusion-column-has-shadow fusion-flex-column-wrapper-legacy\"><div style=\"text-align:center; max-width: 100%; width: calc(100% - 40px); margin: 0 auto;\">\n  <p style=\"color:white;margin:0;padding:15px 15px 0 15px;background-color:#ddbcb0;font-family:Montserrat;font-size:20px;font-weight:500;letter-spacing:2px;line-height:30px;\">\n    PREGUNTES FREQ\u00dcENTS \n  <\/p>\n  <p style=\"color:white;margin:0;padding:0 15px 15px 15px;background-color:#ddbcb0;font-family:Open Sans;font-size:12px;font-weight:500;letter-spacing:2px;line-height:30px;\">\n    LLEGIR M\u00c9S +\n  <\/p>\n<\/div><div class=\"fusion-clearfix\"><\/div><\/div><\/div><\/div><\/div>\n<\/p>\n","protected":false},"excerpt":{"rendered":"<p>Con #Pideuncirujanoplastico, SECPRE quiere concienciar a los pacientes sobre la cualificaci\u00f3n de los profesionales de estas intervenciones.<\/p>\n","protected":false},"author":3,"featured_media":3922,"comment_status":"open","ping_status":"closed","sticky":false,"template":"","format":"standard","meta":{"_joinchat":[],"footnotes":""},"categories":[56],"tags":[95],"class_list":["post-3981","post","type-post","status-publish","format-standard","has-post-thumbnail","hentry","category-tratamientos-de-cirugia-estetica","tag-cirugia-estetica"],"yoast_head":"<!-- This site is optimized with the Yoast SEO plugin v28.4 - https:\/\/yoast.com\/product\/yoast-seo-wordpress\/ -->\n<title>Campa\u00f1a #Pideuncirujanoplastico - Tratamientos de Cirug\u00eda Est\u00e9tica<\/title>\n<meta name=\"description\" content=\"Con #Pideuncirujanoplastico, SECPRE quiere concienciar a los pacientes sobre la cualificaci\u00f3n de los profesionales de estas intervenciones.\" \/>\n<meta name=\"robots\" content=\"index, follow, max-snippet:-1, max-image-preview:large, max-video-preview:-1\" \/>\n<link rel=\"canonical\" href=\"https:\/\/www.idermic.es\/es\/campana-pideuncirujanoplastico\/\" \/>\n<meta property=\"og:locale\" content=\"es_ES\" \/>\n<meta property=\"og:type\" content=\"article\" \/>\n<meta property=\"og:title\" content=\"Campa\u00f1a #Pideuncirujanoplastico - Tratamientos de Cirug\u00eda Est\u00e9tica\" \/>\n<meta property=\"og:description\" content=\"Con #Pideuncirujanoplastico, SECPRE quiere concienciar a los pacientes sobre la cualificaci\u00f3n de los profesionales de estas intervenciones.\" \/>\n<meta property=\"og:url\" content=\"https:\/\/www.idermic.es\/es\/campana-pideuncirujanoplastico\/\" \/>\n<meta property=\"og:site_name\" content=\"Idermic. Dermatolog\u00eda en Terrassa\" \/>\n<meta property=\"article:publisher\" content=\"https:\/\/www.facebook.com\/Idermic\" \/>\n<meta property=\"article:published_time\" content=\"2016-12-21T10:45:55+00:00\" \/>\n<meta property=\"article:modified_time\" content=\"2026-07-07T10:10:40+00:00\" \/>\n<meta property=\"og:image\" content=\"https:\/\/www.idermic.es\/wp-content\/uploads\/2021\/08\/doctor-1149149_1280.jpg\" \/>\n\t<meta property=\"og:image:width\" content=\"1280\" \/>\n\t<meta property=\"og:image:height\" content=\"853\" \/>\n\t<meta property=\"og:image:type\" content=\"image\/jpeg\" \/>\n<meta name=\"author\" content=\"Equipo\" \/>\n<meta name=\"twitter:card\" content=\"summary_large_image\" \/>\n<meta name=\"twitter:creator\" content=\"@idermic\" \/>\n<meta name=\"twitter:site\" content=\"@idermic\" \/>\n<meta name=\"twitter:label1\" content=\"Escrito por\" \/>\n\t<meta name=\"twitter:data1\" content=\"Equipo\" \/>\n\t<meta name=\"twitter:label2\" content=\"Tiempo de lectura\" \/>\n\t<meta name=\"twitter:data2\" content=\"1 minuto\" \/>\n<script type=\"application\/ld+json\" class=\"yoast-schema-graph\">{\"@context\":\"https:\\\/\\\/schema.org\",\"@graph\":[{\"@type\":\"Article\",\"@id\":\"https:\\\/\\\/www.idermic.es\\\/es\\\/campana-pideuncirujanoplastico\\\/#article\",\"isPartOf\":{\"@id\":\"https:\\\/\\\/www.idermic.es\\\/es\\\/campana-pideuncirujanoplastico\\\/\"},\"author\":{\"name\":\"Equipo\",\"@id\":\"https:\\\/\\\/www.idermic.es\\\/#\\\/schema\\\/person\\\/c12703027a878b23d3c71c87921a82f8\"},\"headline\":\"Campa\u00f1a #Pideuncirujanoplastico\",\"datePublished\":\"2016-12-21T10:45:55+00:00\",\"dateModified\":\"2026-07-07T10:10:40+00:00\",\"mainEntityOfPage\":{\"@id\":\"https:\\\/\\\/www.idermic.es\\\/es\\\/campana-pideuncirujanoplastico\\\/\"},\"wordCount\":686,\"commentCount\":0,\"publisher\":{\"@id\":\"https:\\\/\\\/www.idermic.es\\\/#organization\"},\"image\":{\"@id\":\"https:\\\/\\\/www.idermic.es\\\/es\\\/campana-pideuncirujanoplastico\\\/#primaryimage\"},\"thumbnailUrl\":\"https:\\\/\\\/www.idermic.es\\\/wp-content\\\/uploads\\\/2021\\\/08\\\/doctor-1149149_1280.jpg\",\"keywords\":[\"Cirug\u00eda est\u00e9tica\"],\"articleSection\":[\"Tratamientos de Cirug\u00eda Est\u00e9tica\"],\"inLanguage\":\"es\",\"potentialAction\":[{\"@type\":\"CommentAction\",\"name\":\"Comment\",\"target\":[\"https:\\\/\\\/www.idermic.es\\\/es\\\/campana-pideuncirujanoplastico\\\/#respond\"]}]},{\"@type\":\"WebPage\",\"@id\":\"https:\\\/\\\/www.idermic.es\\\/es\\\/campana-pideuncirujanoplastico\\\/\",\"url\":\"https:\\\/\\\/www.idermic.es\\\/es\\\/campana-pideuncirujanoplastico\\\/\",\"name\":\"Campa\u00f1a #Pideuncirujanoplastico - Tratamientos de Cirug\u00eda Est\u00e9tica\",\"isPartOf\":{\"@id\":\"https:\\\/\\\/www.idermic.es\\\/#website\"},\"primaryImageOfPage\":{\"@id\":\"https:\\\/\\\/www.idermic.es\\\/es\\\/campana-pideuncirujanoplastico\\\/#primaryimage\"},\"image\":{\"@id\":\"https:\\\/\\\/www.idermic.es\\\/es\\\/campana-pideuncirujanoplastico\\\/#primaryimage\"},\"thumbnailUrl\":\"https:\\\/\\\/www.idermic.es\\\/wp-content\\\/uploads\\\/2021\\\/08\\\/doctor-1149149_1280.jpg\",\"datePublished\":\"2016-12-21T10:45:55+00:00\",\"dateModified\":\"2026-07-07T10:10:40+00:00\",\"description\":\"Con #Pideuncirujanoplastico, SECPRE quiere concienciar a los pacientes sobre la cualificaci\u00f3n de los profesionales de estas intervenciones.\",\"breadcrumb\":{\"@id\":\"https:\\\/\\\/www.idermic.es\\\/es\\\/campana-pideuncirujanoplastico\\\/#breadcrumb\"},\"inLanguage\":\"es\",\"potentialAction\":[{\"@type\":\"ReadAction\",\"target\":[\"https:\\\/\\\/www.idermic.es\\\/es\\\/campana-pideuncirujanoplastico\\\/\"]}]},{\"@type\":\"ImageObject\",\"inLanguage\":\"es\",\"@id\":\"https:\\\/\\\/www.idermic.es\\\/es\\\/campana-pideuncirujanoplastico\\\/#primaryimage\",\"url\":\"https:\\\/\\\/www.idermic.es\\\/wp-content\\\/uploads\\\/2021\\\/08\\\/doctor-1149149_1280.jpg\",\"contentUrl\":\"https:\\\/\\\/www.idermic.es\\\/wp-content\\\/uploads\\\/2021\\\/08\\\/doctor-1149149_1280.jpg\",\"width\":1280,\"height\":853,\"caption\":\"#Pideuncirujanoplastico\"},{\"@type\":\"BreadcrumbList\",\"@id\":\"https:\\\/\\\/www.idermic.es\\\/es\\\/campana-pideuncirujanoplastico\\\/#breadcrumb\",\"itemListElement\":[{\"@type\":\"ListItem\",\"position\":1,\"name\":\"Inici\",\"item\":\"https:\\\/\\\/www.idermic.es\\\/es\\\/\"},{\"@type\":\"ListItem\",\"position\":2,\"name\":\"Campa\u00f1a #Pideuncirujanoplastico\"}]},{\"@type\":\"WebSite\",\"@id\":\"https:\\\/\\\/www.idermic.es\\\/#website\",\"url\":\"https:\\\/\\\/www.idermic.es\\\/\",\"name\":\"Idermic. Dermatolog\u00eda en Terrassa\",\"description\":\"Dermatolog\u00eda, Medicina est\u00e9tica, Cirurg\u00eda Pl\u00e0stica\",\"publisher\":{\"@id\":\"https:\\\/\\\/www.idermic.es\\\/#organization\"},\"potentialAction\":[{\"@type\":\"SearchAction\",\"target\":{\"@type\":\"EntryPoint\",\"urlTemplate\":\"https:\\\/\\\/www.idermic.es\\\/?s={search_term_string}\"},\"query-input\":{\"@type\":\"PropertyValueSpecification\",\"valueRequired\":true,\"valueName\":\"search_term_string\"}}],\"inLanguage\":\"es\"},{\"@type\":\"Organization\",\"@id\":\"https:\\\/\\\/www.idermic.es\\\/#organization\",\"name\":\"Idermic. Dermatolog\u00eda en Terrassa\",\"url\":\"https:\\\/\\\/www.idermic.es\\\/\",\"logo\":{\"@type\":\"ImageObject\",\"inLanguage\":\"es\",\"@id\":\"https:\\\/\\\/www.idermic.es\\\/#\\\/schema\\\/logo\\\/image\\\/\",\"url\":\"https:\\\/\\\/www.idermic.es\\\/wp-content\\\/uploads\\\/2025\\\/10\\\/Logo-Idermic.jpg\",\"contentUrl\":\"https:\\\/\\\/www.idermic.es\\\/wp-content\\\/uploads\\\/2025\\\/10\\\/Logo-Idermic.jpg\",\"width\":501,\"height\":502,\"caption\":\"Idermic. Dermatolog\u00eda en Terrassa\"},\"image\":{\"@id\":\"https:\\\/\\\/www.idermic.es\\\/#\\\/schema\\\/logo\\\/image\\\/\"},\"sameAs\":[\"https:\\\/\\\/www.facebook.com\\\/Idermic\",\"https:\\\/\\\/x.com\\\/idermic\",\"https:\\\/\\\/www.instagram.com\\\/idermicclinic\\\/\",\"https:\\\/\\\/www.youtube.com\\\/channel\\\/UCyAHC9-p8lc6hr_nguO8p_g\"]},{\"@type\":\"Person\",\"@id\":\"https:\\\/\\\/www.idermic.es\\\/#\\\/schema\\\/person\\\/c12703027a878b23d3c71c87921a82f8\",\"name\":\"Equipo\",\"image\":{\"@type\":\"ImageObject\",\"inLanguage\":\"es\",\"@id\":\"https:\\\/\\\/secure.gravatar.com\\\/avatar\\\/7ca0be23248108c6b0887e0693b7dcf7764bd3503f84d1f04e6653ef7c3b9420?s=96&d=mm&r=g\",\"url\":\"https:\\\/\\\/secure.gravatar.com\\\/avatar\\\/7ca0be23248108c6b0887e0693b7dcf7764bd3503f84d1f04e6653ef7c3b9420?s=96&d=mm&r=g\",\"contentUrl\":\"https:\\\/\\\/secure.gravatar.com\\\/avatar\\\/7ca0be23248108c6b0887e0693b7dcf7764bd3503f84d1f04e6653ef7c3b9420?s=96&d=mm&r=g\",\"caption\":\"Equipo\"},\"description\":\"Equipo de Idermic\"}]}<\/script>\n<!-- \/ Yoast SEO plugin. -->","yoast_head_json":{"title":"Campa\u00f1a #Pideuncirujanoplastico - Tratamientos de Cirug\u00eda Est\u00e9tica","description":"Con #Pideuncirujanoplastico, SECPRE quiere concienciar a los pacientes sobre la cualificaci\u00f3n de los profesionales de estas intervenciones.","robots":{"index":"index","follow":"follow","max-snippet":"max-snippet:-1","max-image-preview":"max-image-preview:large","max-video-preview":"max-video-preview:-1"},"canonical":"https:\/\/www.idermic.es\/es\/campana-pideuncirujanoplastico\/","og_locale":"es_ES","og_type":"article","og_title":"Campa\u00f1a #Pideuncirujanoplastico - Tratamientos de Cirug\u00eda Est\u00e9tica","og_description":"Con #Pideuncirujanoplastico, SECPRE quiere concienciar a los pacientes sobre la cualificaci\u00f3n de los profesionales de estas intervenciones.","og_url":"https:\/\/www.idermic.es\/es\/campana-pideuncirujanoplastico\/","og_site_name":"Idermic. Dermatolog\u00eda en Terrassa","article_publisher":"https:\/\/www.facebook.com\/Idermic","article_published_time":"2016-12-21T10:45:55+00:00","article_modified_time":"2026-07-07T10:10:40+00:00","og_image":[{"width":1280,"height":853,"url":"https:\/\/www.idermic.es\/wp-content\/uploads\/2021\/08\/doctor-1149149_1280.jpg","type":"image\/jpeg"}],"author":"Equipo","twitter_card":"summary_large_image","twitter_creator":"@idermic","twitter_site":"@idermic","twitter_misc":{"Escrito por":"Equipo","Tiempo de lectura":"1 minuto"},"schema":{"@context":"https:\/\/schema.org","@graph":[{"@type":"Article","@id":"https:\/\/www.idermic.es\/es\/campana-pideuncirujanoplastico\/#article","isPartOf":{"@id":"https:\/\/www.idermic.es\/es\/campana-pideuncirujanoplastico\/"},"author":{"name":"Equipo","@id":"https:\/\/www.idermic.es\/#\/schema\/person\/c12703027a878b23d3c71c87921a82f8"},"headline":"Campa\u00f1a #Pideuncirujanoplastico","datePublished":"2016-12-21T10:45:55+00:00","dateModified":"2026-07-07T10:10:40+00:00","mainEntityOfPage":{"@id":"https:\/\/www.idermic.es\/es\/campana-pideuncirujanoplastico\/"},"wordCount":686,"commentCount":0,"publisher":{"@id":"https:\/\/www.idermic.es\/#organization"},"image":{"@id":"https:\/\/www.idermic.es\/es\/campana-pideuncirujanoplastico\/#primaryimage"},"thumbnailUrl":"https:\/\/www.idermic.es\/wp-content\/uploads\/2021\/08\/doctor-1149149_1280.jpg","keywords":["Cirug\u00eda est\u00e9tica"],"articleSection":["Tratamientos de Cirug\u00eda Est\u00e9tica"],"inLanguage":"es","potentialAction":[{"@type":"CommentAction","name":"Comment","target":["https:\/\/www.idermic.es\/es\/campana-pideuncirujanoplastico\/#respond"]}]},{"@type":"WebPage","@id":"https:\/\/www.idermic.es\/es\/campana-pideuncirujanoplastico\/","url":"https:\/\/www.idermic.es\/es\/campana-pideuncirujanoplastico\/","name":"Campa\u00f1a #Pideuncirujanoplastico - Tratamientos de Cirug\u00eda Est\u00e9tica","isPartOf":{"@id":"https:\/\/www.idermic.es\/#website"},"primaryImageOfPage":{"@id":"https:\/\/www.idermic.es\/es\/campana-pideuncirujanoplastico\/#primaryimage"},"image":{"@id":"https:\/\/www.idermic.es\/es\/campana-pideuncirujanoplastico\/#primaryimage"},"thumbnailUrl":"https:\/\/www.idermic.es\/wp-content\/uploads\/2021\/08\/doctor-1149149_1280.jpg","datePublished":"2016-12-21T10:45:55+00:00","dateModified":"2026-07-07T10:10:40+00:00","description":"Con #Pideuncirujanoplastico, SECPRE quiere concienciar a los pacientes sobre la cualificaci\u00f3n de los profesionales de estas intervenciones.","breadcrumb":{"@id":"https:\/\/www.idermic.es\/es\/campana-pideuncirujanoplastico\/#breadcrumb"},"inLanguage":"es","potentialAction":[{"@type":"ReadAction","target":["https:\/\/www.idermic.es\/es\/campana-pideuncirujanoplastico\/"]}]},{"@type":"ImageObject","inLanguage":"es","@id":"https:\/\/www.idermic.es\/es\/campana-pideuncirujanoplastico\/#primaryimage","url":"https:\/\/www.idermic.es\/wp-content\/uploads\/2021\/08\/doctor-1149149_1280.jpg","contentUrl":"https:\/\/www.idermic.es\/wp-content\/uploads\/2021\/08\/doctor-1149149_1280.jpg","width":1280,"height":853,"caption":"#Pideuncirujanoplastico"},{"@type":"BreadcrumbList","@id":"https:\/\/www.idermic.es\/es\/campana-pideuncirujanoplastico\/#breadcrumb","itemListElement":[{"@type":"ListItem","position":1,"name":"Inici","item":"https:\/\/www.idermic.es\/es\/"},{"@type":"ListItem","position":2,"name":"Campa\u00f1a #Pideuncirujanoplastico"}]},{"@type":"WebSite","@id":"https:\/\/www.idermic.es\/#website","url":"https:\/\/www.idermic.es\/","name":"Idermic. Dermatolog\u00eda en Terrassa","description":"Dermatolog\u00eda, Medicina est\u00e9tica, Cirurg\u00eda Pl\u00e0stica","publisher":{"@id":"https:\/\/www.idermic.es\/#organization"},"potentialAction":[{"@type":"SearchAction","target":{"@type":"EntryPoint","urlTemplate":"https:\/\/www.idermic.es\/?s={search_term_string}"},"query-input":{"@type":"PropertyValueSpecification","valueRequired":true,"valueName":"search_term_string"}}],"inLanguage":"es"},{"@type":"Organization","@id":"https:\/\/www.idermic.es\/#organization","name":"Idermic. Dermatolog\u00eda en Terrassa","url":"https:\/\/www.idermic.es\/","logo":{"@type":"ImageObject","inLanguage":"es","@id":"https:\/\/www.idermic.es\/#\/schema\/logo\/image\/","url":"https:\/\/www.idermic.es\/wp-content\/uploads\/2025\/10\/Logo-Idermic.jpg","contentUrl":"https:\/\/www.idermic.es\/wp-content\/uploads\/2025\/10\/Logo-Idermic.jpg","width":501,"height":502,"caption":"Idermic. Dermatolog\u00eda en Terrassa"},"image":{"@id":"https:\/\/www.idermic.es\/#\/schema\/logo\/image\/"},"sameAs":["https:\/\/www.facebook.com\/Idermic","https:\/\/x.com\/idermic","https:\/\/www.instagram.com\/idermicclinic\/","https:\/\/www.youtube.com\/channel\/UCyAHC9-p8lc6hr_nguO8p_g"]},{"@type":"Person","@id":"https:\/\/www.idermic.es\/#\/schema\/person\/c12703027a878b23d3c71c87921a82f8","name":"Equipo","image":{"@type":"ImageObject","inLanguage":"es","@id":"https:\/\/secure.gravatar.com\/avatar\/7ca0be23248108c6b0887e0693b7dcf7764bd3503f84d1f04e6653ef7c3b9420?s=96&d=mm&r=g","url":"https:\/\/secure.gravatar.com\/avatar\/7ca0be23248108c6b0887e0693b7dcf7764bd3503f84d1f04e6653ef7c3b9420?s=96&d=mm&r=g","contentUrl":"https:\/\/secure.gravatar.com\/avatar\/7ca0be23248108c6b0887e0693b7dcf7764bd3503f84d1f04e6653ef7c3b9420?s=96&d=mm&r=g","caption":"Equipo"},"description":"Equipo de Idermic"}]}},"_links":{"self":[{"href":"https:\/\/www.idermic.es\/es\/wp-json\/wp\/v2\/posts\/3981","targetHints":{"allow":["GET"]}}],"collection":[{"href":"https:\/\/www.idermic.es\/es\/wp-json\/wp\/v2\/posts"}],"about":[{"href":"https:\/\/www.idermic.es\/es\/wp-json\/wp\/v2\/types\/post"}],"author":[{"embeddable":true,"href":"https:\/\/www.idermic.es\/es\/wp-json\/wp\/v2\/users\/3"}],"replies":[{"embeddable":true,"href":"https:\/\/www.idermic.es\/es\/wp-json\/wp\/v2\/comments?post=3981"}],"version-history":[{"count":4,"href":"https:\/\/www.idermic.es\/es\/wp-json\/wp\/v2\/posts\/3981\/revisions"}],"predecessor-version":[{"id":10135,"href":"https:\/\/www.idermic.es\/es\/wp-json\/wp\/v2\/posts\/3981\/revisions\/10135"}],"wp:featuredmedia":[{"embeddable":true,"href":"https:\/\/www.idermic.es\/es\/wp-json\/wp\/v2\/media\/3922"}],"wp:attachment":[{"href":"https:\/\/www.idermic.es\/es\/wp-json\/wp\/v2\/media?parent=3981"}],"wp:term":[{"taxonomy":"category","embeddable":true,"href":"https:\/\/www.idermic.es\/es\/wp-json\/wp\/v2\/categories?post=3981"},{"taxonomy":"post_tag","embeddable":true,"href":"https:\/\/www.idermic.es\/es\/wp-json\/wp\/v2\/tags?post=3981"}],"curies":[{"name":"wp","href":"https:\/\/api.w.org\/{rel}","templated":true}]}}