{"id":2954,"date":"2017-04-19T20:38:28","date_gmt":"2017-04-19T20:38:28","guid":{"rendered":"https:\/\/www.idermic.es\/?p=2954"},"modified":"2026-05-26T09:45:13","modified_gmt":"2026-05-26T09:45:13","slug":"fractora-el-nuevo-dispositivo-de-idermic-para-el-tratamiento-de-la-piel","status":"publish","type":"post","link":"https:\/\/www.idermic.es\/es\/fractora-el-nuevo-dispositivo-de-idermic-para-el-tratamiento-de-la-piel\/","title":{"rendered":"Fractora, el nuevo dispositivo de Idermic para el tratamiento de la piel"},"content":{"rendered":"<p><div class=\"fusion-fullwidth fullwidth-box fusion-builder-row-1 nonhundred-percent-fullwidth non-hundred-percent-height-scrolling\" style=\"--awb-border-radius-top-left:0px;--awb-border-radius-top-right:0px;--awb-border-radius-bottom-right:0px;--awb-border-radius-bottom-left:0px;--awb-margin-top:32px;--awb-margin-bottom:32px;--awb-flex-wrap:wrap;\" ><div class=\"fusion-builder-row fusion-row\"><div class=\"fusion-layout-column fusion_builder_column fusion-builder-column-0 fusion_builder_column_1_1 1_1 fusion-one-full fusion-column-first fusion-column-last\" style=\"--awb-bg-size:cover;\"><div class=\"fusion-column-wrapper fusion-flex-column-wrapper-legacy\"><div class=\"fusion-text fusion-text-1\"><h2><span class=\"NormalTextRun SpellingErrorV2 SCXW199862796 BCX9\">Fractora<\/span><span class=\"NormalTextRun SCXW199862796 BCX9\">, es un dispositivo de radiofrecuencia bipolar <\/span><span class=\"NormalTextRun SCXW199862796 BCX9\">\u00a0para el tratamiento de la piel en varias profundidades.<\/span><\/h2>\n<\/div><div class=\"fusion-text fusion-text-2\"><p><b><span data-contrast=\"auto\">Fractora<\/span><\/b><span data-contrast=\"auto\">\u00a0es un dispositivo que emite\u00a0<\/span><b><span data-contrast=\"auto\">radiofrecuencia bipolar<\/span><\/b><span data-contrast=\"auto\">\u00a0con alta energ\u00eda y de manera fraccionada en\u00a0<\/span><b><span data-contrast=\"auto\">varias profundidades de la piel<\/span><\/b><span data-contrast=\"auto\">. La radiofrecuencia bipolar es una tecnolog\u00eda que ha venido cobrando auge en lo \u00faltimos a\u00f1os. Tiene como objetivo principal calentar las capas subcut\u00e1neas de la piel. Este calentamiento se debe realizar de forma sist\u00e9mica y controlada. El resultado final ser\u00e1 rejuvenecer la piel a trav\u00e9s de la s\u00edntesis de col\u00e1geno.<\/span><\/p>\n<p><span data-contrast=\"auto\">Este tratamiento consigue generar una gran cantidad de\u00a0<\/span><b><span data-contrast=\"auto\">col\u00e1geno nuevo<\/span><\/b><span data-contrast=\"auto\">\u00a0y estimular el existente. <\/span><\/p>\n<p><span data-contrast=\"auto\">Al trabajar a distintas profundidades de la piel podemos abarcar diferentes problemas de la misma como mejorar el tono de la piel, disminuir el tama\u00f1o del poro y aumentar la luminosidad o tratar problemas m\u00e1s profundos, como las\u00a0<\/span><b><span data-contrast=\"auto\">cicatrices atr\u00f3ficas del <a href=\"https:\/\/www.sanibook.net\/diccionario-de-salud\/?abitem_id=4\">acn\u00e9<\/a><\/span><\/b><span data-contrast=\"auto\">, las\u00a0<\/span><b><span data-contrast=\"auto\">estr\u00edas blancas<\/span><\/b><span data-contrast=\"auto\">\u00a0o mejorar las arrugas marcadas y profundas.\u00a0<\/span><span data-ccp-props=\"{\">\u00a0<\/span><\/p>\n<p><span data-contrast=\"auto\">Los resultados de este tratamiento se consiguen en pocas sesiones (de 1 a 3) y son superiores a los de los\u00a0<\/span><b><span data-contrast=\"auto\">l\u00e1seres de CO2\u00a0<\/span><\/b><b><span data-contrast=\"auto\">fraccionados<\/span><\/b><span data-contrast=\"auto\">\u00a0pero adem\u00e1s cuenta con la ventaja de\u00a0<\/span><b><span data-contrast=\"auto\">no producir costras en la cara<\/span><\/b><span data-contrast=\"auto\">\u00a0con lo que el paciente se puede incorporar inmediatamente a sus actividades diarias. <\/span><\/p>\n<p><span data-contrast=\"auto\">A diferencia de otros dispositivos o l\u00e1seres este tratamiento puede hacerse en cualquier \u00e9poca del a\u00f1o no siendo un factor limitante el periodo estival.<\/span><\/p>\n<\/div><div class=\"fusion-clearfix\"><\/div><\/div><\/div><\/div><\/div><div class=\"fusion-fullwidth fullwidth-box fusion-builder-row-2 has-pattern-background has-mask-background nonhundred-percent-fullwidth non-hundred-percent-height-scrolling\" style=\"--awb-border-radius-top-left:0px;--awb-border-radius-top-right:0px;--awb-border-radius-bottom-right:0px;--awb-border-radius-bottom-left:0px;--awb-padding-top:20px;--awb-padding-bottom:32px;--awb-margin-top:48px;--awb-margin-bottom:32px;--awb-flex-wrap:wrap;\" ><div class=\"fusion-builder-row fusion-row\"><div class=\"fusion-layout-column fusion_builder_column fusion-builder-column-1 fusion_builder_column_1_2 1_2 fusion-one-half fusion-column-first fusion-column-inner-bg-wrapper\" style=\"--awb-padding-top:20px;--awb-padding-right:20px;--awb-padding-bottom:20px;--awb-padding-left:60px;--awb-inner-bg-color:#f4d0c2;--awb-inner-bg-color-hover:#f4d0c2;--awb-inner-bg-size:cover;width:50%;width:calc(50% - ( ( 4% ) * 0.5 ) );margin-right: 4%;\" data-scroll-devices=\"small-visibility,medium-visibility,large-visibility\"><span class=\"fusion-column-inner-bg hover-type-none\"><a class=\"fusion-column-anchor\" href=\"https:\/\/www.idermic.es\/es\/financiacion\/\"><span class=\"fusion-column-inner-bg-image\"><\/span><\/a><\/span><div class=\"fusion-column-wrapper fusion-column-has-shadow fusion-flex-column-wrapper-legacy\"><div style=\"text-align:center; max-width: 100%; width: calc(100% - 40px); margin: 0 auto;\">\n  <p style=\"color:white;margin:0;padding:15px 15px 0 15px;background-color:#ddbcb0;font-family:Montserrat;font-size:20px;font-weight:500;letter-spacing:2px;line-height:30px;\">\n    FINAN\u00c7AMENT 0% INTER\u00c8S\n  <\/p>\n  <p style=\"color:white;margin:0;padding:0 15px 15px 15px;background-color:#ddbcb0;font-family:Open Sans;font-size:12px;font-weight:500;letter-spacing:2px;line-height:30px;\">\n    LLEGIR M\u00c9S +\n  <\/p>\n<\/div><div class=\"fusion-clearfix\"><\/div><\/div><\/div><div class=\"fusion-layout-column fusion_builder_column fusion-builder-column-2 fusion_builder_column_1_2 1_2 fusion-one-half fusion-column-last fusion-column-inner-bg-wrapper\" style=\"--awb-padding-top:20px;--awb-padding-right:20px;--awb-padding-bottom:20px;--awb-padding-left:60px;--awb-inner-bg-color:#f4d0c2;--awb-inner-bg-color-hover:#f4d0c2;--awb-inner-bg-size:cover;width:50%;width:calc(50% - ( ( 4% ) * 0.5 ) );\" data-scroll-devices=\"small-visibility,medium-visibility,large-visibility\"><span class=\"fusion-column-inner-bg hover-type-none\"><a class=\"fusion-column-anchor\" href=\"https:\/\/www.idermic.es\/es\/preguntas-frecuentes\/\"><span class=\"fusion-column-inner-bg-image\"><\/span><\/a><\/span><div class=\"fusion-column-wrapper fusion-column-has-shadow fusion-flex-column-wrapper-legacy\"><div style=\"text-align:center; max-width: 100%; width: calc(100% - 40px); margin: 0 auto;\">\n  <p style=\"color:white;margin:0;padding:15px 15px 0 15px;background-color:#ddbcb0;font-family:Montserrat;font-size:20px;font-weight:500;letter-spacing:2px;line-height:30px;\">\n    PREGUNTES FREQ\u00dcENTS \n  <\/p>\n  <p style=\"color:white;margin:0;padding:0 15px 15px 15px;background-color:#ddbcb0;font-family:Open Sans;font-size:12px;font-weight:500;letter-spacing:2px;line-height:30px;\">\n    LLEGIR M\u00c9S +\n  <\/p>\n<\/div><div class=\"fusion-clearfix\"><\/div><\/div><\/div><\/div><\/div>\n<\/p>\n","protected":false},"excerpt":{"rendered":"<p>Fractora en Idermic: tratamiento con radiofrecuencia fraccionada para arrugas, poros, cicatrices y tono uniforme. Resultados visibles pronto<\/p>\n","protected":false},"author":3,"featured_media":2950,"comment_status":"open","ping_status":"closed","sticky":false,"template":"","format":"standard","meta":{"_joinchat":[],"footnotes":""},"categories":[60,37],"tags":[43,135,126,40],"class_list":["post-2954","post","type-post","status-publish","format-standard","has-post-thumbnail","hentry","category-dermatologia-estetica-es","category-tecnologia","tag-acne","tag-arrugas-profundas","tag-colageno","tag-radiofrecuencia"],"yoast_head":"<!-- This site is optimized with the Yoast SEO plugin v28.4 - https:\/\/yoast.com\/product\/yoast-seo-wordpress\/ -->\n<title>Fractora, el nuevo dispositivo de Idermic para el tratamiento de la piel -<\/title>\n<meta name=\"description\" content=\"Fractora en Idermic: tratamiento con radiofrecuencia fraccionada para arrugas, poros, cicatrices y tono uniforme. Resultados visibles pronto\" \/>\n<meta name=\"robots\" content=\"index, follow, max-snippet:-1, max-image-preview:large, max-video-preview:-1\" \/>\n<link rel=\"canonical\" href=\"https:\/\/www.idermic.es\/es\/fractora-el-nuevo-dispositivo-de-idermic-para-el-tratamiento-de-la-piel\/\" \/>\n<meta property=\"og:locale\" content=\"es_ES\" \/>\n<meta property=\"og:type\" content=\"article\" \/>\n<meta property=\"og:title\" content=\"Fractora, el nuevo dispositivo de Idermic para el tratamiento de la piel -\" \/>\n<meta property=\"og:description\" content=\"Fractora en Idermic: tratamiento con radiofrecuencia fraccionada para arrugas, poros, cicatrices y tono uniforme. Resultados visibles pronto\" \/>\n<meta property=\"og:url\" content=\"https:\/\/www.idermic.es\/es\/fractora-el-nuevo-dispositivo-de-idermic-para-el-tratamiento-de-la-piel\/\" \/>\n<meta property=\"og:site_name\" content=\"Idermic. Dermatolog\u00eda en Terrassa\" \/>\n<meta property=\"article:publisher\" content=\"https:\/\/www.facebook.com\/Idermic\" \/>\n<meta property=\"article:published_time\" content=\"2017-04-19T20:38:28+00:00\" \/>\n<meta property=\"article:modified_time\" content=\"2026-05-26T09:45:13+00:00\" \/>\n<meta property=\"og:image\" content=\"https:\/\/www.idermic.es\/wp-content\/uploads\/2020\/07\/WhatsApp-Image-2020-07-28-at-13.57.20.jpeg\" \/>\n\t<meta property=\"og:image:width\" content=\"600\" \/>\n\t<meta property=\"og:image:height\" content=\"400\" \/>\n\t<meta property=\"og:image:type\" content=\"image\/jpeg\" \/>\n<meta name=\"author\" content=\"Equipo\" \/>\n<meta name=\"twitter:card\" content=\"summary_large_image\" \/>\n<meta name=\"twitter:creator\" content=\"@idermic\" \/>\n<meta name=\"twitter:site\" content=\"@idermic\" \/>\n<meta name=\"twitter:label1\" content=\"Escrito por\" \/>\n\t<meta name=\"twitter:data1\" content=\"Equipo\" \/>\n\t<meta name=\"twitter:label2\" content=\"Tiempo de lectura\" \/>\n\t<meta name=\"twitter:data2\" content=\"2 minutos\" \/>\n<script type=\"application\/ld+json\" class=\"yoast-schema-graph\">{\"@context\":\"https:\\\/\\\/schema.org\",\"@graph\":[{\"@type\":\"Article\",\"@id\":\"https:\\\/\\\/www.idermic.es\\\/es\\\/fractora-el-nuevo-dispositivo-de-idermic-para-el-tratamiento-de-la-piel\\\/#article\",\"isPartOf\":{\"@id\":\"https:\\\/\\\/www.idermic.es\\\/es\\\/fractora-el-nuevo-dispositivo-de-idermic-para-el-tratamiento-de-la-piel\\\/\"},\"author\":{\"name\":\"Equipo\",\"@id\":\"https:\\\/\\\/www.idermic.es\\\/#\\\/schema\\\/person\\\/c12703027a878b23d3c71c87921a82f8\"},\"headline\":\"Fractora, el nuevo dispositivo de Idermic para el tratamiento de la piel\",\"datePublished\":\"2017-04-19T20:38:28+00:00\",\"dateModified\":\"2026-05-26T09:45:13+00:00\",\"mainEntityOfPage\":{\"@id\":\"https:\\\/\\\/www.idermic.es\\\/es\\\/fractora-el-nuevo-dispositivo-de-idermic-para-el-tratamiento-de-la-piel\\\/\"},\"wordCount\":487,\"commentCount\":0,\"publisher\":{\"@id\":\"https:\\\/\\\/www.idermic.es\\\/#organization\"},\"image\":{\"@id\":\"https:\\\/\\\/www.idermic.es\\\/es\\\/fractora-el-nuevo-dispositivo-de-idermic-para-el-tratamiento-de-la-piel\\\/#primaryimage\"},\"thumbnailUrl\":\"https:\\\/\\\/www.idermic.es\\\/wp-content\\\/uploads\\\/2020\\\/07\\\/WhatsApp-Image-2020-07-28-at-13.57.20.jpeg\",\"keywords\":[\"acn\u00e9\",\"arrugas profundas\",\"col\u00e1geno\",\"Radiofrecuencia\"],\"articleSection\":[\"Dermatologia est\u00e8tica\",\"Tecnolog\u00eda\"],\"inLanguage\":\"es\",\"potentialAction\":[{\"@type\":\"CommentAction\",\"name\":\"Comment\",\"target\":[\"https:\\\/\\\/www.idermic.es\\\/es\\\/fractora-el-nuevo-dispositivo-de-idermic-para-el-tratamiento-de-la-piel\\\/#respond\"]}]},{\"@type\":\"WebPage\",\"@id\":\"https:\\\/\\\/www.idermic.es\\\/es\\\/fractora-el-nuevo-dispositivo-de-idermic-para-el-tratamiento-de-la-piel\\\/\",\"url\":\"https:\\\/\\\/www.idermic.es\\\/es\\\/fractora-el-nuevo-dispositivo-de-idermic-para-el-tratamiento-de-la-piel\\\/\",\"name\":\"Fractora, el nuevo dispositivo de Idermic para el tratamiento de la piel -\",\"isPartOf\":{\"@id\":\"https:\\\/\\\/www.idermic.es\\\/#website\"},\"primaryImageOfPage\":{\"@id\":\"https:\\\/\\\/www.idermic.es\\\/es\\\/fractora-el-nuevo-dispositivo-de-idermic-para-el-tratamiento-de-la-piel\\\/#primaryimage\"},\"image\":{\"@id\":\"https:\\\/\\\/www.idermic.es\\\/es\\\/fractora-el-nuevo-dispositivo-de-idermic-para-el-tratamiento-de-la-piel\\\/#primaryimage\"},\"thumbnailUrl\":\"https:\\\/\\\/www.idermic.es\\\/wp-content\\\/uploads\\\/2020\\\/07\\\/WhatsApp-Image-2020-07-28-at-13.57.20.jpeg\",\"datePublished\":\"2017-04-19T20:38:28+00:00\",\"dateModified\":\"2026-05-26T09:45:13+00:00\",\"description\":\"Fractora en Idermic: tratamiento con radiofrecuencia fraccionada para arrugas, poros, cicatrices y tono uniforme. Resultados visibles pronto\",\"breadcrumb\":{\"@id\":\"https:\\\/\\\/www.idermic.es\\\/es\\\/fractora-el-nuevo-dispositivo-de-idermic-para-el-tratamiento-de-la-piel\\\/#breadcrumb\"},\"inLanguage\":\"es\",\"potentialAction\":[{\"@type\":\"ReadAction\",\"target\":[\"https:\\\/\\\/www.idermic.es\\\/es\\\/fractora-el-nuevo-dispositivo-de-idermic-para-el-tratamiento-de-la-piel\\\/\"]}]},{\"@type\":\"ImageObject\",\"inLanguage\":\"es\",\"@id\":\"https:\\\/\\\/www.idermic.es\\\/es\\\/fractora-el-nuevo-dispositivo-de-idermic-para-el-tratamiento-de-la-piel\\\/#primaryimage\",\"url\":\"https:\\\/\\\/www.idermic.es\\\/wp-content\\\/uploads\\\/2020\\\/07\\\/WhatsApp-Image-2020-07-28-at-13.57.20.jpeg\",\"contentUrl\":\"https:\\\/\\\/www.idermic.es\\\/wp-content\\\/uploads\\\/2020\\\/07\\\/WhatsApp-Image-2020-07-28-at-13.57.20.jpeg\",\"width\":600,\"height\":400,\"caption\":\"Fractora el dispositivo que emite radiofrecuencia bipolar\"},{\"@type\":\"BreadcrumbList\",\"@id\":\"https:\\\/\\\/www.idermic.es\\\/es\\\/fractora-el-nuevo-dispositivo-de-idermic-para-el-tratamiento-de-la-piel\\\/#breadcrumb\",\"itemListElement\":[{\"@type\":\"ListItem\",\"position\":1,\"name\":\"Inici\",\"item\":\"https:\\\/\\\/www.idermic.es\\\/es\\\/\"},{\"@type\":\"ListItem\",\"position\":2,\"name\":\"Fractora, el nuevo dispositivo de Idermic para el tratamiento de la piel\"}]},{\"@type\":\"WebSite\",\"@id\":\"https:\\\/\\\/www.idermic.es\\\/#website\",\"url\":\"https:\\\/\\\/www.idermic.es\\\/\",\"name\":\"Idermic. Dermatolog\u00eda en Terrassa\",\"description\":\"Dermatolog\u00eda, Medicina est\u00e9tica, Cirurg\u00eda Pl\u00e0stica\",\"publisher\":{\"@id\":\"https:\\\/\\\/www.idermic.es\\\/#organization\"},\"potentialAction\":[{\"@type\":\"SearchAction\",\"target\":{\"@type\":\"EntryPoint\",\"urlTemplate\":\"https:\\\/\\\/www.idermic.es\\\/?s={search_term_string}\"},\"query-input\":{\"@type\":\"PropertyValueSpecification\",\"valueRequired\":true,\"valueName\":\"search_term_string\"}}],\"inLanguage\":\"es\"},{\"@type\":\"Organization\",\"@id\":\"https:\\\/\\\/www.idermic.es\\\/#organization\",\"name\":\"Idermic. Dermatolog\u00eda en Terrassa\",\"url\":\"https:\\\/\\\/www.idermic.es\\\/\",\"logo\":{\"@type\":\"ImageObject\",\"inLanguage\":\"es\",\"@id\":\"https:\\\/\\\/www.idermic.es\\\/#\\\/schema\\\/logo\\\/image\\\/\",\"url\":\"https:\\\/\\\/www.idermic.es\\\/wp-content\\\/uploads\\\/2025\\\/10\\\/Logo-Idermic.jpg\",\"contentUrl\":\"https:\\\/\\\/www.idermic.es\\\/wp-content\\\/uploads\\\/2025\\\/10\\\/Logo-Idermic.jpg\",\"width\":501,\"height\":502,\"caption\":\"Idermic. Dermatolog\u00eda en Terrassa\"},\"image\":{\"@id\":\"https:\\\/\\\/www.idermic.es\\\/#\\\/schema\\\/logo\\\/image\\\/\"},\"sameAs\":[\"https:\\\/\\\/www.facebook.com\\\/Idermic\",\"https:\\\/\\\/x.com\\\/idermic\",\"https:\\\/\\\/www.instagram.com\\\/idermicclinic\\\/\",\"https:\\\/\\\/www.youtube.com\\\/channel\\\/UCyAHC9-p8lc6hr_nguO8p_g\"]},{\"@type\":\"Person\",\"@id\":\"https:\\\/\\\/www.idermic.es\\\/#\\\/schema\\\/person\\\/c12703027a878b23d3c71c87921a82f8\",\"name\":\"Equipo\",\"image\":{\"@type\":\"ImageObject\",\"inLanguage\":\"es\",\"@id\":\"https:\\\/\\\/secure.gravatar.com\\\/avatar\\\/7ca0be23248108c6b0887e0693b7dcf7764bd3503f84d1f04e6653ef7c3b9420?s=96&d=mm&r=g\",\"url\":\"https:\\\/\\\/secure.gravatar.com\\\/avatar\\\/7ca0be23248108c6b0887e0693b7dcf7764bd3503f84d1f04e6653ef7c3b9420?s=96&d=mm&r=g\",\"contentUrl\":\"https:\\\/\\\/secure.gravatar.com\\\/avatar\\\/7ca0be23248108c6b0887e0693b7dcf7764bd3503f84d1f04e6653ef7c3b9420?s=96&d=mm&r=g\",\"caption\":\"Equipo\"},\"description\":\"Equipo de Idermic\"}]}<\/script>\n<!-- \/ Yoast SEO plugin. -->","yoast_head_json":{"title":"Fractora, el nuevo dispositivo de Idermic para el tratamiento de la piel -","description":"Fractora en Idermic: tratamiento con radiofrecuencia fraccionada para arrugas, poros, cicatrices y tono uniforme. Resultados visibles pronto","robots":{"index":"index","follow":"follow","max-snippet":"max-snippet:-1","max-image-preview":"max-image-preview:large","max-video-preview":"max-video-preview:-1"},"canonical":"https:\/\/www.idermic.es\/es\/fractora-el-nuevo-dispositivo-de-idermic-para-el-tratamiento-de-la-piel\/","og_locale":"es_ES","og_type":"article","og_title":"Fractora, el nuevo dispositivo de Idermic para el tratamiento de la piel -","og_description":"Fractora en Idermic: tratamiento con radiofrecuencia fraccionada para arrugas, poros, cicatrices y tono uniforme. Resultados visibles pronto","og_url":"https:\/\/www.idermic.es\/es\/fractora-el-nuevo-dispositivo-de-idermic-para-el-tratamiento-de-la-piel\/","og_site_name":"Idermic. Dermatolog\u00eda en Terrassa","article_publisher":"https:\/\/www.facebook.com\/Idermic","article_published_time":"2017-04-19T20:38:28+00:00","article_modified_time":"2026-05-26T09:45:13+00:00","og_image":[{"width":600,"height":400,"url":"https:\/\/www.idermic.es\/wp-content\/uploads\/2020\/07\/WhatsApp-Image-2020-07-28-at-13.57.20.jpeg","type":"image\/jpeg"}],"author":"Equipo","twitter_card":"summary_large_image","twitter_creator":"@idermic","twitter_site":"@idermic","twitter_misc":{"Escrito por":"Equipo","Tiempo de lectura":"2 minutos"},"schema":{"@context":"https:\/\/schema.org","@graph":[{"@type":"Article","@id":"https:\/\/www.idermic.es\/es\/fractora-el-nuevo-dispositivo-de-idermic-para-el-tratamiento-de-la-piel\/#article","isPartOf":{"@id":"https:\/\/www.idermic.es\/es\/fractora-el-nuevo-dispositivo-de-idermic-para-el-tratamiento-de-la-piel\/"},"author":{"name":"Equipo","@id":"https:\/\/www.idermic.es\/#\/schema\/person\/c12703027a878b23d3c71c87921a82f8"},"headline":"Fractora, el nuevo dispositivo de Idermic para el tratamiento de la piel","datePublished":"2017-04-19T20:38:28+00:00","dateModified":"2026-05-26T09:45:13+00:00","mainEntityOfPage":{"@id":"https:\/\/www.idermic.es\/es\/fractora-el-nuevo-dispositivo-de-idermic-para-el-tratamiento-de-la-piel\/"},"wordCount":487,"commentCount":0,"publisher":{"@id":"https:\/\/www.idermic.es\/#organization"},"image":{"@id":"https:\/\/www.idermic.es\/es\/fractora-el-nuevo-dispositivo-de-idermic-para-el-tratamiento-de-la-piel\/#primaryimage"},"thumbnailUrl":"https:\/\/www.idermic.es\/wp-content\/uploads\/2020\/07\/WhatsApp-Image-2020-07-28-at-13.57.20.jpeg","keywords":["acn\u00e9","arrugas profundas","col\u00e1geno","Radiofrecuencia"],"articleSection":["Dermatologia est\u00e8tica","Tecnolog\u00eda"],"inLanguage":"es","potentialAction":[{"@type":"CommentAction","name":"Comment","target":["https:\/\/www.idermic.es\/es\/fractora-el-nuevo-dispositivo-de-idermic-para-el-tratamiento-de-la-piel\/#respond"]}]},{"@type":"WebPage","@id":"https:\/\/www.idermic.es\/es\/fractora-el-nuevo-dispositivo-de-idermic-para-el-tratamiento-de-la-piel\/","url":"https:\/\/www.idermic.es\/es\/fractora-el-nuevo-dispositivo-de-idermic-para-el-tratamiento-de-la-piel\/","name":"Fractora, el nuevo dispositivo de Idermic para el tratamiento de la piel -","isPartOf":{"@id":"https:\/\/www.idermic.es\/#website"},"primaryImageOfPage":{"@id":"https:\/\/www.idermic.es\/es\/fractora-el-nuevo-dispositivo-de-idermic-para-el-tratamiento-de-la-piel\/#primaryimage"},"image":{"@id":"https:\/\/www.idermic.es\/es\/fractora-el-nuevo-dispositivo-de-idermic-para-el-tratamiento-de-la-piel\/#primaryimage"},"thumbnailUrl":"https:\/\/www.idermic.es\/wp-content\/uploads\/2020\/07\/WhatsApp-Image-2020-07-28-at-13.57.20.jpeg","datePublished":"2017-04-19T20:38:28+00:00","dateModified":"2026-05-26T09:45:13+00:00","description":"Fractora en Idermic: tratamiento con radiofrecuencia fraccionada para arrugas, poros, cicatrices y tono uniforme. Resultados visibles pronto","breadcrumb":{"@id":"https:\/\/www.idermic.es\/es\/fractora-el-nuevo-dispositivo-de-idermic-para-el-tratamiento-de-la-piel\/#breadcrumb"},"inLanguage":"es","potentialAction":[{"@type":"ReadAction","target":["https:\/\/www.idermic.es\/es\/fractora-el-nuevo-dispositivo-de-idermic-para-el-tratamiento-de-la-piel\/"]}]},{"@type":"ImageObject","inLanguage":"es","@id":"https:\/\/www.idermic.es\/es\/fractora-el-nuevo-dispositivo-de-idermic-para-el-tratamiento-de-la-piel\/#primaryimage","url":"https:\/\/www.idermic.es\/wp-content\/uploads\/2020\/07\/WhatsApp-Image-2020-07-28-at-13.57.20.jpeg","contentUrl":"https:\/\/www.idermic.es\/wp-content\/uploads\/2020\/07\/WhatsApp-Image-2020-07-28-at-13.57.20.jpeg","width":600,"height":400,"caption":"Fractora el dispositivo que emite radiofrecuencia bipolar"},{"@type":"BreadcrumbList","@id":"https:\/\/www.idermic.es\/es\/fractora-el-nuevo-dispositivo-de-idermic-para-el-tratamiento-de-la-piel\/#breadcrumb","itemListElement":[{"@type":"ListItem","position":1,"name":"Inici","item":"https:\/\/www.idermic.es\/es\/"},{"@type":"ListItem","position":2,"name":"Fractora, el nuevo dispositivo de Idermic para el tratamiento de la piel"}]},{"@type":"WebSite","@id":"https:\/\/www.idermic.es\/#website","url":"https:\/\/www.idermic.es\/","name":"Idermic. Dermatolog\u00eda en Terrassa","description":"Dermatolog\u00eda, Medicina est\u00e9tica, Cirurg\u00eda Pl\u00e0stica","publisher":{"@id":"https:\/\/www.idermic.es\/#organization"},"potentialAction":[{"@type":"SearchAction","target":{"@type":"EntryPoint","urlTemplate":"https:\/\/www.idermic.es\/?s={search_term_string}"},"query-input":{"@type":"PropertyValueSpecification","valueRequired":true,"valueName":"search_term_string"}}],"inLanguage":"es"},{"@type":"Organization","@id":"https:\/\/www.idermic.es\/#organization","name":"Idermic. Dermatolog\u00eda en Terrassa","url":"https:\/\/www.idermic.es\/","logo":{"@type":"ImageObject","inLanguage":"es","@id":"https:\/\/www.idermic.es\/#\/schema\/logo\/image\/","url":"https:\/\/www.idermic.es\/wp-content\/uploads\/2025\/10\/Logo-Idermic.jpg","contentUrl":"https:\/\/www.idermic.es\/wp-content\/uploads\/2025\/10\/Logo-Idermic.jpg","width":501,"height":502,"caption":"Idermic. Dermatolog\u00eda en Terrassa"},"image":{"@id":"https:\/\/www.idermic.es\/#\/schema\/logo\/image\/"},"sameAs":["https:\/\/www.facebook.com\/Idermic","https:\/\/x.com\/idermic","https:\/\/www.instagram.com\/idermicclinic\/","https:\/\/www.youtube.com\/channel\/UCyAHC9-p8lc6hr_nguO8p_g"]},{"@type":"Person","@id":"https:\/\/www.idermic.es\/#\/schema\/person\/c12703027a878b23d3c71c87921a82f8","name":"Equipo","image":{"@type":"ImageObject","inLanguage":"es","@id":"https:\/\/secure.gravatar.com\/avatar\/7ca0be23248108c6b0887e0693b7dcf7764bd3503f84d1f04e6653ef7c3b9420?s=96&d=mm&r=g","url":"https:\/\/secure.gravatar.com\/avatar\/7ca0be23248108c6b0887e0693b7dcf7764bd3503f84d1f04e6653ef7c3b9420?s=96&d=mm&r=g","contentUrl":"https:\/\/secure.gravatar.com\/avatar\/7ca0be23248108c6b0887e0693b7dcf7764bd3503f84d1f04e6653ef7c3b9420?s=96&d=mm&r=g","caption":"Equipo"},"description":"Equipo de Idermic"}]}},"_links":{"self":[{"href":"https:\/\/www.idermic.es\/es\/wp-json\/wp\/v2\/posts\/2954","targetHints":{"allow":["GET"]}}],"collection":[{"href":"https:\/\/www.idermic.es\/es\/wp-json\/wp\/v2\/posts"}],"about":[{"href":"https:\/\/www.idermic.es\/es\/wp-json\/wp\/v2\/types\/post"}],"author":[{"embeddable":true,"href":"https:\/\/www.idermic.es\/es\/wp-json\/wp\/v2\/users\/3"}],"replies":[{"embeddable":true,"href":"https:\/\/www.idermic.es\/es\/wp-json\/wp\/v2\/comments?post=2954"}],"version-history":[{"count":5,"href":"https:\/\/www.idermic.es\/es\/wp-json\/wp\/v2\/posts\/2954\/revisions"}],"predecessor-version":[{"id":8302,"href":"https:\/\/www.idermic.es\/es\/wp-json\/wp\/v2\/posts\/2954\/revisions\/8302"}],"wp:featuredmedia":[{"embeddable":true,"href":"https:\/\/www.idermic.es\/es\/wp-json\/wp\/v2\/media\/2950"}],"wp:attachment":[{"href":"https:\/\/www.idermic.es\/es\/wp-json\/wp\/v2\/media?parent=2954"}],"wp:term":[{"taxonomy":"category","embeddable":true,"href":"https:\/\/www.idermic.es\/es\/wp-json\/wp\/v2\/categories?post=2954"},{"taxonomy":"post_tag","embeddable":true,"href":"https:\/\/www.idermic.es\/es\/wp-json\/wp\/v2\/tags?post=2954"}],"curies":[{"name":"wp","href":"https:\/\/api.w.org\/{rel}","templated":true}]}}