{"id":2933,"date":"2016-10-05T19:22:50","date_gmt":"2016-10-05T19:22:50","guid":{"rendered":"https:\/\/www.idermic.es\/?p=2933"},"modified":"2026-06-06T07:20:50","modified_gmt":"2026-06-06T07:20:50","slug":"25o-congreso-de-la-academia-europea-de-dermatologia-y-venereologia","status":"publish","type":"post","link":"https:\/\/www.idermic.es\/es\/25o-congreso-de-la-academia-europea-de-dermatologia-y-venereologia\/","title":{"rendered":"XXV Congreso de la Academia Europea de Dermatolog\u00eda y Venereolog\u00eda"},"content":{"rendered":"<p><div class=\"fusion-fullwidth fullwidth-box fusion-builder-row-1 nonhundred-percent-fullwidth non-hundred-percent-height-scrolling\" style=\"--awb-border-radius-top-left:0px;--awb-border-radius-top-right:0px;--awb-border-radius-bottom-right:0px;--awb-border-radius-bottom-left:0px;--awb-margin-top:32px;--awb-margin-bottom:32px;--awb-flex-wrap:wrap;\" ><div class=\"fusion-builder-row fusion-row\"><div class=\"fusion-layout-column fusion_builder_column fusion-builder-column-0 fusion_builder_column_1_1 1_1 fusion-one-full fusion-column-first fusion-column-last\" style=\"--awb-bg-size:cover;\"><div class=\"fusion-column-wrapper fusion-flex-column-wrapper-legacy\"><div class=\"fusion-text fusion-text-1\"><p><span class=\"TextRun BCX9 SCXW197996657\" lang=\"ES-ES\" xml:lang=\"ES-ES\" data-contrast=\"auto\"><span class=\"NormalTextRun BCX9 SCXW197996657\">Marta Vilavella<\/span><\/span><span class=\"TextRun BCX9 SCXW197996657\" lang=\"ES-ES\" xml:lang=\"ES-ES\" data-contrast=\"auto\"><span class=\"NormalTextRun BCX9 SCXW197996657\">\u00a0del Centre\u00a0<\/span><\/span><span class=\"TextRun BCX9 SCXW197996657\" lang=\"ES-ES\" xml:lang=\"ES-ES\" data-contrast=\"auto\"><span class=\"NormalTextRun SpellingErrorV2 BCX9 SCXW197996657\">Idermic<\/span><\/span><span class=\"TextRun BCX9 SCXW197996657\" lang=\"ES-ES\" xml:lang=\"ES-ES\" data-contrast=\"auto\"><span class=\"NormalTextRun BCX9 SCXW197996657\">\u00a0<\/span><\/span><span class=\"TextRun BCX9 SCXW197996657\" lang=\"ES-ES\" xml:lang=\"ES-ES\" data-contrast=\"auto\"><span class=\"NormalTextRun SpellingErrorV2 BCX9 SCXW197996657\">particip\u00f3<\/span><\/span><span class=\"TextRun BCX9 SCXW197996657\" lang=\"ES-ES\" xml:lang=\"ES-ES\" data-contrast=\"auto\"><span class=\"NormalTextRun BCX9 SCXW197996657\"> en el XXV<span class=\"TextRun SCXW26178289 BCX9\" lang=\"ES-ES\" xml:lang=\"ES-ES\" data-contrast=\"auto\"><span class=\"NormalTextRun SCXW26178289 BCX9\">\u00a0Congreso de la <a href=\"https:\/\/www.eadv.org\/\">Academia Europea de Dermatolog\u00eda y Venereolog\u00eda<\/a><\/span><\/span><\/span><\/span><\/p>\n<\/div><div class=\"fusion-text fusion-text-2\"><h2>Participaci\u00f3n de la Dra Marta Vilavella en el XXV Congreso<\/h2>\n<p><b><span data-contrast=\"auto\">Marta Vilavella<\/span><\/b><span data-contrast=\"auto\">\u00a0del Centre\u00a0<\/span><span data-contrast=\"auto\">Idermic<\/span><span data-contrast=\"auto\">\u00a0<\/span><span data-contrast=\"auto\">particip\u00f3<\/span><span data-contrast=\"auto\">\u00a0en\u00a0<\/span><span data-contrast=\"auto\">este<\/span><span data-contrast=\"auto\">\u00a0congreso\u00a0<\/span><span data-contrast=\"auto\">para conocer de primera mano las novedades m\u00e1s importantes que se producen en el campo de la\u00a0<\/span><b><span data-contrast=\"auto\">dermatolog\u00eda<\/span><\/b><span data-contrast=\"auto\">. <\/span><\/p>\n<p><span data-contrast=\"auto\">Esta cita anual re\u00fane a los mejores especialistas en\u00a0<\/span><b><span data-contrast=\"auto\">Dermatolog\u00eda<\/span><\/b><span data-contrast=\"auto\">\u00a0de los cinco continentes para actualizar los contenidos cient\u00edficos, compartir los \u00faltimos avances y continuar aprendiendo juntos en el manejo de la patolog\u00eda.<\/span><\/p>\n<p><span data-contrast=\"auto\"> El Comit\u00e9 Cient\u00edfico de Programaci\u00f3n EADV ha estado dirigido\u00a0<\/span><span data-contrast=\"auto\">por\u00a0 su<\/span><span data-contrast=\"auto\">\u00a0<\/span><span data-contrast=\"auto\">Presidente<\/span><span data-contrast=\"auto\">\u00a0Mart\u00edn\u00a0<\/span><span data-contrast=\"auto\">R\u00f6cken<\/span><span data-contrast=\"auto\">\u00a0y ha desarrollado un excelente programa. En esta p\u00e1gina eadv-highlights.com se pueden consultar los temas m\u00e1s destacados del Congreso. <\/span><\/p>\n<p><span data-contrast=\"auto\">En el marco del Congreso se han detallado numerosos avances.\u00a0 Un tema en el que se est\u00e1 interesando la industria\u00a0<\/span><span data-contrast=\"auto\">es\u00a0 la<\/span><span data-contrast=\"auto\">\u00a0<\/span><b><span data-contrast=\"auto\">dermatitis at\u00f3pica en el ni\u00f1o<\/span><\/b><span data-contrast=\"auto\">, patolog\u00eda que despu\u00e9s de muchos a\u00f1os va a tener el desarrollo de nuevos f\u00e1rmacos. <\/span><\/p>\n<p><span data-contrast=\"auto\">Tambi\u00e9n ha participado en el mismo asociaciones como La\u00a0<\/span><b><span data-contrast=\"auto\">Asociaci\u00f3n Espa\u00f1ola de Pacientes de Psoriasis y Artritis Psori\u00e1sica Psoriasis en Red<\/span><\/b><span data-contrast=\"auto\">\u00a0colabora por primera vez con la Academia Europea en el \u201c<\/span><span data-contrast=\"auto\">Patient<\/span><span data-contrast=\"auto\">\u00a0<\/span><span data-contrast=\"auto\">Village<\/span><span data-contrast=\"auto\">\u201d, un espacio creado para la participaci\u00f3n de los pacientes dentro del marco del Congreso. Precisamente sobre\u00a0<\/span><span data-contrast=\"auto\">este enfermedad<\/span><span data-contrast=\"auto\">\u00a0los Laboratorios Almirall han presentado los resultados positivos del\u00a0<\/span><b><span data-contrast=\"auto\">estudio de fase III (BRIDGE),<\/span><\/b><span data-contrast=\"auto\">\u00a0aleatorizado, doble-ciego, y controlado con placebo, que eval\u00faa la eficacia y seguridad de una nueva formulaci\u00f3n oral de\u00a0<\/span><b><span data-contrast=\"auto\">dimetil<\/span><\/b><b><span data-contrast=\"auto\">\u00a0fumarato (LAS41008) comparado<\/span><\/b><span data-contrast=\"auto\">\u00a0con\u00a0<\/span><b><span data-contrast=\"auto\">Fumaderm<\/span><\/b><span data-contrast=\"auto\">, en adultos con\u00a0<\/span><b><span data-contrast=\"auto\">psoriasis cr\u00f3nica en placa<\/span><\/b><span data-contrast=\"auto\">, de moderada a severa.\u00a0<\/span><span data-ccp-props=\"{\">\u00a0<\/span><\/p>\n<h3 aria-level=\"2\"><span data-contrast=\"none\">Referencias:<\/span><span data-ccp-props=\"{\">\u00a0<\/span><\/h3>\n<ul>\n<li data-leveltext=\"\uf0b7\" data-font=\"Symbol\" data-listid=\"1\" aria-setsize=\"-1\" data-aria-posinset=\"1\" data-aria-level=\"1\"><a href=\"http:\/\/eadvvienna2016.org\/\"><span data-contrast=\"none\">25\u00ba Congreso de la Academia Europea de Dermatolog\u00eda y Venereolog\u00eda<\/span><\/a><span data-ccp-props=\"{\">\u00a0<\/span><\/li>\n<li data-leveltext=\"\uf0b7\" data-font=\"Symbol\" data-listid=\"1\" aria-setsize=\"-1\" data-aria-posinset=\"2\" data-aria-level=\"1\"><a href=\"https:\/\/www.idermic.es\/dra-marta-vilavella-rius\/\"><span data-contrast=\"none\">Dra. Marta Vilavella<\/span><\/a><span data-ccp-props=\"{\">\u00a0<\/span><\/li>\n<li data-leveltext=\"\uf0b7\" data-font=\"Symbol\" data-listid=\"1\" aria-setsize=\"-1\" data-aria-posinset=\"3\" data-aria-level=\"1\"><a href=\"http:\/\/eadv-highlights.com\/\"><span data-contrast=\"none\">eadv-highlights.com<\/span><\/a><span data-ccp-props=\"{\">\u00a0<\/span><\/li>\n<li data-leveltext=\"\uf0b7\" data-font=\"Symbol\" data-listid=\"1\" aria-setsize=\"-1\" data-aria-posinset=\"4\" data-aria-level=\"1\"><a href=\"http:\/\/www.redaccionmedica.com\/secciones\/dermatologia\/la-industria-por-fin-se-interesa-por-la-dermatitis-atopica-2945\"><span data-contrast=\"none\">Avances del 25\u00ba Congreso<\/span><\/a><span data-ccp-props=\"{\">\u00a0<\/span><\/li>\n<li data-leveltext=\"\uf0b7\" data-font=\"Symbol\" data-listid=\"1\" aria-setsize=\"-1\" data-aria-posinset=\"5\" data-aria-level=\"1\"><a href=\"http:\/\/psoriasisenred.org\/psoriasis-red-representa-los-pacientes-psoriasis-25o-congreso-la-academia-europea-dermatologia-venereologia\/\"><span data-contrast=\"none\">Psoriasis en Red<\/span><\/a><span data-ccp-props=\"{\">\u00a0<\/span><\/li>\n<li data-leveltext=\"\uf0b7\" data-font=\"Symbol\" data-listid=\"1\" aria-setsize=\"-1\" data-aria-posinset=\"5\" data-aria-level=\"1\"><a href=\"http:\/\/www.immedicohospitalario.es\/noticia\/9400\/almirall-presenta-resultados-positivos-de-fase-iii-para-las41008-en-pacientes-con-psoriasis-en-placa\"><span data-contrast=\"none\">Laboratorios Almirall<\/span><\/a><span data-ccp-props=\"{\">\u00a0<\/span><\/li>\n<\/ul>\n<\/div><div class=\"fusion-clearfix\"><\/div><\/div><\/div><\/div><\/div><div class=\"fusion-fullwidth fullwidth-box fusion-builder-row-2 has-pattern-background has-mask-background nonhundred-percent-fullwidth non-hundred-percent-height-scrolling\" style=\"--awb-border-radius-top-left:0px;--awb-border-radius-top-right:0px;--awb-border-radius-bottom-right:0px;--awb-border-radius-bottom-left:0px;--awb-padding-top:20px;--awb-padding-bottom:32px;--awb-margin-top:48px;--awb-margin-bottom:32px;--awb-flex-wrap:wrap;\" ><div class=\"fusion-builder-row fusion-row\"><div class=\"fusion-layout-column fusion_builder_column fusion-builder-column-1 fusion_builder_column_1_2 1_2 fusion-one-half fusion-column-first fusion-column-inner-bg-wrapper\" style=\"--awb-padding-top:20px;--awb-padding-right:20px;--awb-padding-bottom:20px;--awb-padding-left:60px;--awb-inner-bg-color:#f4d0c2;--awb-inner-bg-color-hover:#f4d0c2;--awb-inner-bg-size:cover;width:50%;width:calc(50% - ( ( 4% ) * 0.5 ) );margin-right: 4%;\" data-scroll-devices=\"small-visibility,medium-visibility,large-visibility\"><span class=\"fusion-column-inner-bg hover-type-none\"><a class=\"fusion-column-anchor\" href=\"https:\/\/www.idermic.es\/es\/financiacion\/\"><span class=\"fusion-column-inner-bg-image\"><\/span><\/a><\/span><div class=\"fusion-column-wrapper fusion-column-has-shadow fusion-flex-column-wrapper-legacy\"><div style=\"text-align:center; max-width: 100%; width: calc(100% - 40px); margin: 0 auto;\">\n  <p style=\"color:white;margin:0;padding:15px 15px 0 15px;background-color:#ddbcb0;font-family:Montserrat;font-size:20px;font-weight:500;letter-spacing:2px;line-height:30px;\">\n    FINAN\u00c7AMENT 0% INTER\u00c8S\n  <\/p>\n  <p style=\"color:white;margin:0;padding:0 15px 15px 15px;background-color:#ddbcb0;font-family:Open Sans;font-size:12px;font-weight:500;letter-spacing:2px;line-height:30px;\">\n    LLEGIR M\u00c9S +\n  <\/p>\n<\/div><div class=\"fusion-clearfix\"><\/div><\/div><\/div><div class=\"fusion-layout-column fusion_builder_column fusion-builder-column-2 fusion_builder_column_1_2 1_2 fusion-one-half fusion-column-last fusion-column-inner-bg-wrapper\" style=\"--awb-padding-top:20px;--awb-padding-right:20px;--awb-padding-bottom:20px;--awb-padding-left:60px;--awb-inner-bg-color:#f4d0c2;--awb-inner-bg-color-hover:#f4d0c2;--awb-inner-bg-size:cover;width:50%;width:calc(50% - ( ( 4% ) * 0.5 ) );\" data-scroll-devices=\"small-visibility,medium-visibility,large-visibility\"><span class=\"fusion-column-inner-bg hover-type-none\"><a class=\"fusion-column-anchor\" href=\"https:\/\/www.idermic.es\/es\/preguntas-frecuentes\/\"><span class=\"fusion-column-inner-bg-image\"><\/span><\/a><\/span><div class=\"fusion-column-wrapper fusion-column-has-shadow fusion-flex-column-wrapper-legacy\"><div style=\"text-align:center; max-width: 100%; width: calc(100% - 40px); margin: 0 auto;\">\n  <p style=\"color:white;margin:0;padding:15px 15px 0 15px;background-color:#ddbcb0;font-family:Montserrat;font-size:20px;font-weight:500;letter-spacing:2px;line-height:30px;\">\n    PREGUNTES FREQ\u00dcENTS \n  <\/p>\n  <p style=\"color:white;margin:0;padding:0 15px 15px 15px;background-color:#ddbcb0;font-family:Open Sans;font-size:12px;font-weight:500;letter-spacing:2px;line-height:30px;\">\n    LLEGIR M\u00c9S +\n  <\/p>\n<\/div><div class=\"fusion-clearfix\"><\/div><\/div><\/div><\/div><\/div>\n<\/p>\n","protected":false},"excerpt":{"rendered":"<p>El XXV Congreso de la Academia Europea de Dermatolog\u00eda y Venereolog\u00eda cont\u00f3 con la participaci\u00f3n de la Dra. Marta Vilavella de Idermic.<\/p>\n","protected":false},"author":3,"featured_media":2934,"comment_status":"open","ping_status":"closed","sticky":false,"template":"","format":"standard","meta":{"_joinchat":[],"footnotes":""},"categories":[52],"tags":[129],"class_list":["post-2933","post","type-post","status-publish","format-standard","has-post-thumbnail","hentry","category-dermatologia","tag-dermatitis-atopica"],"yoast_head":"<!-- This site is optimized with the Yoast SEO plugin v28.4 - https:\/\/yoast.com\/product\/yoast-seo-wordpress\/ -->\n<title>XXV Congreso de la Academia Europea de Dermatolog\u00eda y Venereolog\u00eda -<\/title>\n<meta name=\"description\" content=\"El XXV Congreso de la Academia Europea de Dermatolog\u00eda y Venereolog\u00eda cont\u00f3 con la participaci\u00f3n de la Dra. Marta Vilavella de Idermic.\" \/>\n<meta name=\"robots\" content=\"index, follow, max-snippet:-1, max-image-preview:large, max-video-preview:-1\" \/>\n<link rel=\"canonical\" href=\"https:\/\/www.idermic.es\/es\/25o-congreso-de-la-academia-europea-de-dermatologia-y-venereologia\/\" \/>\n<meta property=\"og:locale\" content=\"es_ES\" \/>\n<meta property=\"og:type\" content=\"article\" \/>\n<meta property=\"og:title\" content=\"XXV Congreso de la Academia Europea de Dermatolog\u00eda y Venereolog\u00eda -\" \/>\n<meta property=\"og:description\" content=\"El XXV Congreso de la Academia Europea de Dermatolog\u00eda y Venereolog\u00eda cont\u00f3 con la participaci\u00f3n de la Dra. Marta Vilavella de Idermic.\" \/>\n<meta property=\"og:url\" content=\"https:\/\/www.idermic.es\/es\/25o-congreso-de-la-academia-europea-de-dermatologia-y-venereologia\/\" \/>\n<meta property=\"og:site_name\" content=\"Idermic. Dermatolog\u00eda en Terrassa\" \/>\n<meta property=\"article:publisher\" content=\"https:\/\/www.facebook.com\/Idermic\" \/>\n<meta property=\"article:published_time\" content=\"2016-10-05T19:22:50+00:00\" \/>\n<meta property=\"article:modified_time\" content=\"2026-06-06T07:20:50+00:00\" \/>\n<meta property=\"og:image\" content=\"https:\/\/www.idermic.es\/wp-content\/uploads\/2020\/07\/WhatsApp-Image-2020-07-21-at-19.34.01.jpeg\" \/>\n\t<meta property=\"og:image:width\" content=\"458\" \/>\n\t<meta property=\"og:image:height\" content=\"612\" \/>\n\t<meta property=\"og:image:type\" content=\"image\/jpeg\" \/>\n<meta name=\"author\" content=\"Equipo\" \/>\n<meta name=\"twitter:card\" content=\"summary_large_image\" \/>\n<meta name=\"twitter:creator\" content=\"@idermic\" \/>\n<meta name=\"twitter:site\" content=\"@idermic\" \/>\n<meta name=\"twitter:label1\" content=\"Escrito por\" \/>\n\t<meta name=\"twitter:data1\" content=\"Equipo\" \/>\n\t<meta name=\"twitter:label2\" content=\"Tiempo de lectura\" \/>\n\t<meta name=\"twitter:data2\" content=\"2 minutos\" \/>\n<script type=\"application\/ld+json\" class=\"yoast-schema-graph\">{\"@context\":\"https:\\\/\\\/schema.org\",\"@graph\":[{\"@type\":\"Article\",\"@id\":\"https:\\\/\\\/www.idermic.es\\\/es\\\/25o-congreso-de-la-academia-europea-de-dermatologia-y-venereologia\\\/#article\",\"isPartOf\":{\"@id\":\"https:\\\/\\\/www.idermic.es\\\/es\\\/25o-congreso-de-la-academia-europea-de-dermatologia-y-venereologia\\\/\"},\"author\":{\"name\":\"Equipo\",\"@id\":\"https:\\\/\\\/www.idermic.es\\\/#\\\/schema\\\/person\\\/c12703027a878b23d3c71c87921a82f8\"},\"headline\":\"XXV Congreso de la Academia Europea de Dermatolog\u00eda y Venereolog\u00eda\",\"datePublished\":\"2016-10-05T19:22:50+00:00\",\"dateModified\":\"2026-06-06T07:20:50+00:00\",\"mainEntityOfPage\":{\"@id\":\"https:\\\/\\\/www.idermic.es\\\/es\\\/25o-congreso-de-la-academia-europea-de-dermatologia-y-venereologia\\\/\"},\"wordCount\":573,\"commentCount\":0,\"publisher\":{\"@id\":\"https:\\\/\\\/www.idermic.es\\\/#organization\"},\"image\":{\"@id\":\"https:\\\/\\\/www.idermic.es\\\/es\\\/25o-congreso-de-la-academia-europea-de-dermatologia-y-venereologia\\\/#primaryimage\"},\"thumbnailUrl\":\"https:\\\/\\\/www.idermic.es\\\/wp-content\\\/uploads\\\/2020\\\/07\\\/WhatsApp-Image-2020-07-21-at-19.34.01.jpeg\",\"keywords\":[\"dermatitis at\u00f3pica\"],\"articleSection\":[\"Dermatolog\u00eda\"],\"inLanguage\":\"es\",\"potentialAction\":[{\"@type\":\"CommentAction\",\"name\":\"Comment\",\"target\":[\"https:\\\/\\\/www.idermic.es\\\/es\\\/25o-congreso-de-la-academia-europea-de-dermatologia-y-venereologia\\\/#respond\"]}]},{\"@type\":\"WebPage\",\"@id\":\"https:\\\/\\\/www.idermic.es\\\/es\\\/25o-congreso-de-la-academia-europea-de-dermatologia-y-venereologia\\\/\",\"url\":\"https:\\\/\\\/www.idermic.es\\\/es\\\/25o-congreso-de-la-academia-europea-de-dermatologia-y-venereologia\\\/\",\"name\":\"XXV Congreso de la Academia Europea de Dermatolog\u00eda y Venereolog\u00eda -\",\"isPartOf\":{\"@id\":\"https:\\\/\\\/www.idermic.es\\\/#website\"},\"primaryImageOfPage\":{\"@id\":\"https:\\\/\\\/www.idermic.es\\\/es\\\/25o-congreso-de-la-academia-europea-de-dermatologia-y-venereologia\\\/#primaryimage\"},\"image\":{\"@id\":\"https:\\\/\\\/www.idermic.es\\\/es\\\/25o-congreso-de-la-academia-europea-de-dermatologia-y-venereologia\\\/#primaryimage\"},\"thumbnailUrl\":\"https:\\\/\\\/www.idermic.es\\\/wp-content\\\/uploads\\\/2020\\\/07\\\/WhatsApp-Image-2020-07-21-at-19.34.01.jpeg\",\"datePublished\":\"2016-10-05T19:22:50+00:00\",\"dateModified\":\"2026-06-06T07:20:50+00:00\",\"description\":\"El XXV Congreso de la Academia Europea de Dermatolog\u00eda y Venereolog\u00eda cont\u00f3 con la participaci\u00f3n de la Dra. Marta Vilavella de Idermic.\",\"breadcrumb\":{\"@id\":\"https:\\\/\\\/www.idermic.es\\\/es\\\/25o-congreso-de-la-academia-europea-de-dermatologia-y-venereologia\\\/#breadcrumb\"},\"inLanguage\":\"es\",\"potentialAction\":[{\"@type\":\"ReadAction\",\"target\":[\"https:\\\/\\\/www.idermic.es\\\/es\\\/25o-congreso-de-la-academia-europea-de-dermatologia-y-venereologia\\\/\"]}]},{\"@type\":\"ImageObject\",\"inLanguage\":\"es\",\"@id\":\"https:\\\/\\\/www.idermic.es\\\/es\\\/25o-congreso-de-la-academia-europea-de-dermatologia-y-venereologia\\\/#primaryimage\",\"url\":\"https:\\\/\\\/www.idermic.es\\\/wp-content\\\/uploads\\\/2020\\\/07\\\/WhatsApp-Image-2020-07-21-at-19.34.01.jpeg\",\"contentUrl\":\"https:\\\/\\\/www.idermic.es\\\/wp-content\\\/uploads\\\/2020\\\/07\\\/WhatsApp-Image-2020-07-21-at-19.34.01.jpeg\",\"width\":\"458\",\"height\":\"612\",\"caption\":\"Dra. Marta Vi 25\u00ba Congreso de la Academia Europea de Dermatolog\u00eda y Venereolog\u00eda con la Dra. Marta Vilavella de Idermic\"},{\"@type\":\"BreadcrumbList\",\"@id\":\"https:\\\/\\\/www.idermic.es\\\/es\\\/25o-congreso-de-la-academia-europea-de-dermatologia-y-venereologia\\\/#breadcrumb\",\"itemListElement\":[{\"@type\":\"ListItem\",\"position\":1,\"name\":\"Inici\",\"item\":\"https:\\\/\\\/www.idermic.es\\\/es\\\/\"},{\"@type\":\"ListItem\",\"position\":2,\"name\":\"XXV Congreso de la Academia Europea de Dermatolog\u00eda y Venereolog\u00eda\"}]},{\"@type\":\"WebSite\",\"@id\":\"https:\\\/\\\/www.idermic.es\\\/#website\",\"url\":\"https:\\\/\\\/www.idermic.es\\\/\",\"name\":\"Idermic. Dermatolog\u00eda en Terrassa\",\"description\":\"Dermatolog\u00eda, Medicina est\u00e9tica, Cirurg\u00eda Pl\u00e0stica\",\"publisher\":{\"@id\":\"https:\\\/\\\/www.idermic.es\\\/#organization\"},\"potentialAction\":[{\"@type\":\"SearchAction\",\"target\":{\"@type\":\"EntryPoint\",\"urlTemplate\":\"https:\\\/\\\/www.idermic.es\\\/?s={search_term_string}\"},\"query-input\":{\"@type\":\"PropertyValueSpecification\",\"valueRequired\":true,\"valueName\":\"search_term_string\"}}],\"inLanguage\":\"es\"},{\"@type\":\"Organization\",\"@id\":\"https:\\\/\\\/www.idermic.es\\\/#organization\",\"name\":\"Idermic. Dermatolog\u00eda en Terrassa\",\"url\":\"https:\\\/\\\/www.idermic.es\\\/\",\"logo\":{\"@type\":\"ImageObject\",\"inLanguage\":\"es\",\"@id\":\"https:\\\/\\\/www.idermic.es\\\/#\\\/schema\\\/logo\\\/image\\\/\",\"url\":\"https:\\\/\\\/www.idermic.es\\\/wp-content\\\/uploads\\\/2025\\\/10\\\/Logo-Idermic.jpg\",\"contentUrl\":\"https:\\\/\\\/www.idermic.es\\\/wp-content\\\/uploads\\\/2025\\\/10\\\/Logo-Idermic.jpg\",\"width\":501,\"height\":502,\"caption\":\"Idermic. Dermatolog\u00eda en Terrassa\"},\"image\":{\"@id\":\"https:\\\/\\\/www.idermic.es\\\/#\\\/schema\\\/logo\\\/image\\\/\"},\"sameAs\":[\"https:\\\/\\\/www.facebook.com\\\/Idermic\",\"https:\\\/\\\/x.com\\\/idermic\",\"https:\\\/\\\/www.instagram.com\\\/idermicclinic\\\/\",\"https:\\\/\\\/www.youtube.com\\\/channel\\\/UCyAHC9-p8lc6hr_nguO8p_g\"]},{\"@type\":\"Person\",\"@id\":\"https:\\\/\\\/www.idermic.es\\\/#\\\/schema\\\/person\\\/c12703027a878b23d3c71c87921a82f8\",\"name\":\"Equipo\",\"image\":{\"@type\":\"ImageObject\",\"inLanguage\":\"es\",\"@id\":\"https:\\\/\\\/secure.gravatar.com\\\/avatar\\\/7ca0be23248108c6b0887e0693b7dcf7764bd3503f84d1f04e6653ef7c3b9420?s=96&d=mm&r=g\",\"url\":\"https:\\\/\\\/secure.gravatar.com\\\/avatar\\\/7ca0be23248108c6b0887e0693b7dcf7764bd3503f84d1f04e6653ef7c3b9420?s=96&d=mm&r=g\",\"contentUrl\":\"https:\\\/\\\/secure.gravatar.com\\\/avatar\\\/7ca0be23248108c6b0887e0693b7dcf7764bd3503f84d1f04e6653ef7c3b9420?s=96&d=mm&r=g\",\"caption\":\"Equipo\"},\"description\":\"Equipo de Idermic\"}]}<\/script>\n<!-- \/ Yoast SEO plugin. -->","yoast_head_json":{"title":"XXV Congreso de la Academia Europea de Dermatolog\u00eda y Venereolog\u00eda -","description":"El XXV Congreso de la Academia Europea de Dermatolog\u00eda y Venereolog\u00eda cont\u00f3 con la participaci\u00f3n de la Dra. Marta Vilavella de Idermic.","robots":{"index":"index","follow":"follow","max-snippet":"max-snippet:-1","max-image-preview":"max-image-preview:large","max-video-preview":"max-video-preview:-1"},"canonical":"https:\/\/www.idermic.es\/es\/25o-congreso-de-la-academia-europea-de-dermatologia-y-venereologia\/","og_locale":"es_ES","og_type":"article","og_title":"XXV Congreso de la Academia Europea de Dermatolog\u00eda y Venereolog\u00eda -","og_description":"El XXV Congreso de la Academia Europea de Dermatolog\u00eda y Venereolog\u00eda cont\u00f3 con la participaci\u00f3n de la Dra. Marta Vilavella de Idermic.","og_url":"https:\/\/www.idermic.es\/es\/25o-congreso-de-la-academia-europea-de-dermatologia-y-venereologia\/","og_site_name":"Idermic. Dermatolog\u00eda en Terrassa","article_publisher":"https:\/\/www.facebook.com\/Idermic","article_published_time":"2016-10-05T19:22:50+00:00","article_modified_time":"2026-06-06T07:20:50+00:00","og_image":[{"width":458,"height":612,"url":"https:\/\/www.idermic.es\/wp-content\/uploads\/2020\/07\/WhatsApp-Image-2020-07-21-at-19.34.01.jpeg","type":"image\/jpeg"}],"author":"Equipo","twitter_card":"summary_large_image","twitter_creator":"@idermic","twitter_site":"@idermic","twitter_misc":{"Escrito por":"Equipo","Tiempo de lectura":"2 minutos"},"schema":{"@context":"https:\/\/schema.org","@graph":[{"@type":"Article","@id":"https:\/\/www.idermic.es\/es\/25o-congreso-de-la-academia-europea-de-dermatologia-y-venereologia\/#article","isPartOf":{"@id":"https:\/\/www.idermic.es\/es\/25o-congreso-de-la-academia-europea-de-dermatologia-y-venereologia\/"},"author":{"name":"Equipo","@id":"https:\/\/www.idermic.es\/#\/schema\/person\/c12703027a878b23d3c71c87921a82f8"},"headline":"XXV Congreso de la Academia Europea de Dermatolog\u00eda y Venereolog\u00eda","datePublished":"2016-10-05T19:22:50+00:00","dateModified":"2026-06-06T07:20:50+00:00","mainEntityOfPage":{"@id":"https:\/\/www.idermic.es\/es\/25o-congreso-de-la-academia-europea-de-dermatologia-y-venereologia\/"},"wordCount":573,"commentCount":0,"publisher":{"@id":"https:\/\/www.idermic.es\/#organization"},"image":{"@id":"https:\/\/www.idermic.es\/es\/25o-congreso-de-la-academia-europea-de-dermatologia-y-venereologia\/#primaryimage"},"thumbnailUrl":"https:\/\/www.idermic.es\/wp-content\/uploads\/2020\/07\/WhatsApp-Image-2020-07-21-at-19.34.01.jpeg","keywords":["dermatitis at\u00f3pica"],"articleSection":["Dermatolog\u00eda"],"inLanguage":"es","potentialAction":[{"@type":"CommentAction","name":"Comment","target":["https:\/\/www.idermic.es\/es\/25o-congreso-de-la-academia-europea-de-dermatologia-y-venereologia\/#respond"]}]},{"@type":"WebPage","@id":"https:\/\/www.idermic.es\/es\/25o-congreso-de-la-academia-europea-de-dermatologia-y-venereologia\/","url":"https:\/\/www.idermic.es\/es\/25o-congreso-de-la-academia-europea-de-dermatologia-y-venereologia\/","name":"XXV Congreso de la Academia Europea de Dermatolog\u00eda y Venereolog\u00eda -","isPartOf":{"@id":"https:\/\/www.idermic.es\/#website"},"primaryImageOfPage":{"@id":"https:\/\/www.idermic.es\/es\/25o-congreso-de-la-academia-europea-de-dermatologia-y-venereologia\/#primaryimage"},"image":{"@id":"https:\/\/www.idermic.es\/es\/25o-congreso-de-la-academia-europea-de-dermatologia-y-venereologia\/#primaryimage"},"thumbnailUrl":"https:\/\/www.idermic.es\/wp-content\/uploads\/2020\/07\/WhatsApp-Image-2020-07-21-at-19.34.01.jpeg","datePublished":"2016-10-05T19:22:50+00:00","dateModified":"2026-06-06T07:20:50+00:00","description":"El XXV Congreso de la Academia Europea de Dermatolog\u00eda y Venereolog\u00eda cont\u00f3 con la participaci\u00f3n de la Dra. Marta Vilavella de Idermic.","breadcrumb":{"@id":"https:\/\/www.idermic.es\/es\/25o-congreso-de-la-academia-europea-de-dermatologia-y-venereologia\/#breadcrumb"},"inLanguage":"es","potentialAction":[{"@type":"ReadAction","target":["https:\/\/www.idermic.es\/es\/25o-congreso-de-la-academia-europea-de-dermatologia-y-venereologia\/"]}]},{"@type":"ImageObject","inLanguage":"es","@id":"https:\/\/www.idermic.es\/es\/25o-congreso-de-la-academia-europea-de-dermatologia-y-venereologia\/#primaryimage","url":"https:\/\/www.idermic.es\/wp-content\/uploads\/2020\/07\/WhatsApp-Image-2020-07-21-at-19.34.01.jpeg","contentUrl":"https:\/\/www.idermic.es\/wp-content\/uploads\/2020\/07\/WhatsApp-Image-2020-07-21-at-19.34.01.jpeg","width":"458","height":"612","caption":"Dra. Marta Vi 25\u00ba Congreso de la Academia Europea de Dermatolog\u00eda y Venereolog\u00eda con la Dra. Marta Vilavella de Idermic"},{"@type":"BreadcrumbList","@id":"https:\/\/www.idermic.es\/es\/25o-congreso-de-la-academia-europea-de-dermatologia-y-venereologia\/#breadcrumb","itemListElement":[{"@type":"ListItem","position":1,"name":"Inici","item":"https:\/\/www.idermic.es\/es\/"},{"@type":"ListItem","position":2,"name":"XXV Congreso de la Academia Europea de Dermatolog\u00eda y Venereolog\u00eda"}]},{"@type":"WebSite","@id":"https:\/\/www.idermic.es\/#website","url":"https:\/\/www.idermic.es\/","name":"Idermic. Dermatolog\u00eda en Terrassa","description":"Dermatolog\u00eda, Medicina est\u00e9tica, Cirurg\u00eda Pl\u00e0stica","publisher":{"@id":"https:\/\/www.idermic.es\/#organization"},"potentialAction":[{"@type":"SearchAction","target":{"@type":"EntryPoint","urlTemplate":"https:\/\/www.idermic.es\/?s={search_term_string}"},"query-input":{"@type":"PropertyValueSpecification","valueRequired":true,"valueName":"search_term_string"}}],"inLanguage":"es"},{"@type":"Organization","@id":"https:\/\/www.idermic.es\/#organization","name":"Idermic. Dermatolog\u00eda en Terrassa","url":"https:\/\/www.idermic.es\/","logo":{"@type":"ImageObject","inLanguage":"es","@id":"https:\/\/www.idermic.es\/#\/schema\/logo\/image\/","url":"https:\/\/www.idermic.es\/wp-content\/uploads\/2025\/10\/Logo-Idermic.jpg","contentUrl":"https:\/\/www.idermic.es\/wp-content\/uploads\/2025\/10\/Logo-Idermic.jpg","width":501,"height":502,"caption":"Idermic. Dermatolog\u00eda en Terrassa"},"image":{"@id":"https:\/\/www.idermic.es\/#\/schema\/logo\/image\/"},"sameAs":["https:\/\/www.facebook.com\/Idermic","https:\/\/x.com\/idermic","https:\/\/www.instagram.com\/idermicclinic\/","https:\/\/www.youtube.com\/channel\/UCyAHC9-p8lc6hr_nguO8p_g"]},{"@type":"Person","@id":"https:\/\/www.idermic.es\/#\/schema\/person\/c12703027a878b23d3c71c87921a82f8","name":"Equipo","image":{"@type":"ImageObject","inLanguage":"es","@id":"https:\/\/secure.gravatar.com\/avatar\/7ca0be23248108c6b0887e0693b7dcf7764bd3503f84d1f04e6653ef7c3b9420?s=96&d=mm&r=g","url":"https:\/\/secure.gravatar.com\/avatar\/7ca0be23248108c6b0887e0693b7dcf7764bd3503f84d1f04e6653ef7c3b9420?s=96&d=mm&r=g","contentUrl":"https:\/\/secure.gravatar.com\/avatar\/7ca0be23248108c6b0887e0693b7dcf7764bd3503f84d1f04e6653ef7c3b9420?s=96&d=mm&r=g","caption":"Equipo"},"description":"Equipo de Idermic"}]}},"_links":{"self":[{"href":"https:\/\/www.idermic.es\/es\/wp-json\/wp\/v2\/posts\/2933","targetHints":{"allow":["GET"]}}],"collection":[{"href":"https:\/\/www.idermic.es\/es\/wp-json\/wp\/v2\/posts"}],"about":[{"href":"https:\/\/www.idermic.es\/es\/wp-json\/wp\/v2\/types\/post"}],"author":[{"embeddable":true,"href":"https:\/\/www.idermic.es\/es\/wp-json\/wp\/v2\/users\/3"}],"replies":[{"embeddable":true,"href":"https:\/\/www.idermic.es\/es\/wp-json\/wp\/v2\/comments?post=2933"}],"version-history":[{"count":3,"href":"https:\/\/www.idermic.es\/es\/wp-json\/wp\/v2\/posts\/2933\/revisions"}],"predecessor-version":[{"id":5069,"href":"https:\/\/www.idermic.es\/es\/wp-json\/wp\/v2\/posts\/2933\/revisions\/5069"}],"wp:featuredmedia":[{"embeddable":true,"href":"https:\/\/www.idermic.es\/es\/wp-json\/wp\/v2\/media\/2934"}],"wp:attachment":[{"href":"https:\/\/www.idermic.es\/es\/wp-json\/wp\/v2\/media?parent=2933"}],"wp:term":[{"taxonomy":"category","embeddable":true,"href":"https:\/\/www.idermic.es\/es\/wp-json\/wp\/v2\/categories?post=2933"},{"taxonomy":"post_tag","embeddable":true,"href":"https:\/\/www.idermic.es\/es\/wp-json\/wp\/v2\/tags?post=2933"}],"curies":[{"name":"wp","href":"https:\/\/api.w.org\/{rel}","templated":true}]}}