{"id":2760,"date":"2014-10-22T07:52:22","date_gmt":"2014-10-22T07:52:22","guid":{"rendered":"https:\/\/www.idermic.es\/?p=2760"},"modified":"2022-05-06T09:59:38","modified_gmt":"2022-05-06T09:59:38","slug":"cuidados-de-la-piel-durante-el-embarazo","status":"publish","type":"post","link":"https:\/\/www.idermic.es\/es\/cuidados-de-la-piel-durante-el-embarazo\/","title":{"rendered":"Cuidados de la piel durante el embarazo"},"content":{"rendered":"<p><div class=\"fusion-fullwidth fullwidth-box fusion-builder-row-1 nonhundred-percent-fullwidth non-hundred-percent-height-scrolling\" style=\"--awb-border-radius-top-left:0px;--awb-border-radius-top-right:0px;--awb-border-radius-bottom-right:0px;--awb-border-radius-bottom-left:0px;--awb-margin-top:32px;--awb-margin-bottom:32px;--awb-flex-wrap:wrap;\" ><div class=\"fusion-builder-row fusion-row\"><div class=\"fusion-layout-column fusion_builder_column fusion-builder-column-0 fusion_builder_column_1_1 1_1 fusion-one-full fusion-column-first fusion-column-last\" style=\"--awb-bg-size:cover;\"><div class=\"fusion-column-wrapper fusion-flex-column-wrapper-legacy\"><div class=\"fusion-text fusion-text-1\"><h2><span class=\"TextRun SCXW100855879 BCX7\" lang=\"ES-ES\" xml:lang=\"ES-ES\" data-contrast=\"auto\"><span class=\"NormalTextRun SCXW100855879 BCX7\">Cuidados de la piel durante el embarazo<\/span><\/span><\/h2>\n<\/div><div class=\"fusion-text fusion-text-2\"><p><span class=\"TextRun SCXW257482023 BCX7\" lang=\"ES-ES\" xml:lang=\"ES-ES\" data-contrast=\"auto\"><span class=\"NormalTextRun SCXW257482023 BCX7\">El embarazo es una maravillosa \u00e9poca de cambio en todos los sentidos, tanto f\u00edsico como emocional. La piel es uno de los \u00f3rganos que m\u00e1s se modifica y m\u00e1s se resiente como consecuencia de todos estos cambios. En este post queremos aportar a las mujeres embarazadas algunos principios b\u00e1sicos para los cuidados de la piel y as\u00ed disminuir o poder evitar las alteraciones que se pueden producir en ella. <\/span><\/span><\/p>\n<p><span class=\"TextRun SCXW257482023 BCX7\" lang=\"ES-ES\" xml:lang=\"ES-ES\" data-contrast=\"auto\"><span class=\"NormalTextRun SCXW257482023 BCX7\">Normalmente durante el embarazo la piel del rostro suele estar m\u00e1s luminosa, las hormonas y la mayor vascularizaci\u00f3n de la misma hace que luzca radiante y sonrosada. Aunque la mejor\u00eda es la norma hay que tener en cuenta que en algunas mujeres el cambio hormonal se traduce en una piel m\u00e1s grasa y en acn\u00e9.<br \/>\nPara cuidar de la piel de la cara es importante utilizar limpiadores neutros sin alcohol y cremas hidratantes que no contengan retinol, \u00e1cidos de ning\u00fan tipo, agentes\u00a0<\/span><span class=\"NormalTextRun SpellingErrorV2 SCXW257482023 BCX7\">despigmentantes<\/span><span class=\"NormalTextRun SCXW257482023 BCX7\">\u00a0ni algas. En casos de acn\u00e9 severo es imprescindible consultar con un dermat\u00f3logo para un correcto diagn\u00f3stico y tratamiento.<\/span><\/span><\/p>\n<h3>L\u00ednea Alba<\/h3>\n<p><span class=\"ILfuVd\"><span class=\"hgKElc\">La l\u00ednea alba va desde el ombligo hasta el hueso p\u00fabico. Se va oscureciendo durante el embarazo y va adquiriendo el nombre de l\u00ednea negra. Realmente nunca es una l\u00ednea de color negro. Su color es m\u00e1s bien de una tonalidad marr\u00f3n oscura. La l\u00ednea alba facilita 2 funciones principales de la faja abdominal:<\/span><\/span><\/p>\n<ul>\n<li>Por un lado que sea m\u00e1s m\u00f3vil y con capacidad de adaptaci\u00f3n.<\/li>\n<li>Por otro lado dar m\u00e1s fuerzas<\/li>\n<\/ul>\n<p><span class=\"TextRun SCXW257482023 BCX7\" lang=\"ES-ES\" xml:lang=\"ES-ES\" data-contrast=\"auto\"><span class=\"NormalTextRun SCXW257482023 BCX7\">El incremento de los niveles de estr\u00f3genos y progesterona, que se produce durante la gestaci\u00f3n estimula la producci\u00f3n una sustancia llamada melanina. Esta sustancia es la encargada de pigmentar la piel. As\u00ed <\/span><span class=\"NormalTextRun ContextualSpellingAndGrammarErrorV2 SCXW257482023 BCX7\">pues<\/span><span class=\"NormalTextRun SCXW257482023 BCX7\"> durante el embarazo la pigmentaci\u00f3n de la mujer aumenta <\/span><span class=\"NormalTextRun SpellingErrorV2 SCXW257482023 BCX7\">sobre todo<\/span><span class=\"NormalTextRun SCXW257482023 BCX7\"> en la zona de la areola, los pezones y la vulva. Aparece una l\u00ednea oscura que muchas veces se acompa\u00f1a de vello fino que recorre el abdomen y se extiende del pubis hasta m\u00e1s arriba del ombligo. Es la llamada: l\u00ednea alba (\u201cblanca\u201d). Su nombre se debe a que en mujeres no embarazadas es clara y pr\u00e1cticamente imperceptible. Las pecas, lunares y cicatrices presentes antes del embarazo tambi\u00e9n se tornan m\u00e1s oscuras. <\/span><\/span><\/p>\n<p><span class=\"TextRun SCXW257482023 BCX7\" lang=\"ES-ES\" xml:lang=\"ES-ES\" data-contrast=\"auto\"><span class=\"NormalTextRun SCXW257482023 BCX7\">En la cara puede aparecer el temido <a href=\"https:\/\/www.sanibook.net\/diccionario-de-salud\/?abitem_id=93\">melasma o cloasma<\/a> grav\u00eddico (o m\u00e1scara del embarazo) que se trata de una hiperpigmentaci\u00f3n o mancha que se presentan en zonas normalmente expuestas al sol como son la frente, las sienes, los p\u00f3mulos o el labio superior y aunque es m\u00e1s frecuente en mujeres de piel m\u00e1s oscura se puede observar en cualquier tipo de piel. El melasma puede aparecer desde el segundo mes de embarazo, acentu\u00e1ndose conforme avanza la gestaci\u00f3n. Durante el embarazo no se puede hacer nada para evitar esta hiperpigmentaci\u00f3n, estando contraindicado, como hemos comentado anteriormente el uso de cremas\u00a0<\/span><span class=\"NormalTextRun SpellingErrorV2 SCXW257482023 BCX7\">despigmentantes<\/span><span class=\"NormalTextRun SCXW257482023 BCX7\">. Lo \u00fanico que podemos hacer para minimizar el riesgo de pigmentaci\u00f3n es evitar la exposici\u00f3n solar directa y aplicar diariamente cremas con factor de protecci\u00f3n solar alto (FP 50+).<\/span><\/span><\/p>\n<p><span class=\"TextRun SCXW257482023 BCX7\" lang=\"ES-ES\" xml:lang=\"ES-ES\" data-contrast=\"auto\"><span class=\"NormalTextRun SCXW257482023 BCX7\"> Durante el embarazo la piel se estira con el aumento de volumen que experimenta el cuerpo las zonas que m\u00e1s se resienten son el pecho, los muslos, las caderas y por supuesto el abdomen. A consecuencia de ello, se produce una rotura de las fibras de col\u00e1geno y elastina de la dermis provocando la aparici\u00f3n de fibrosis en forma de peque\u00f1as cicatrices: las estr\u00edas. Los cambios hormonales alteran la producci\u00f3n de col\u00e1geno por lo que tambi\u00e9n favorecen la aparici\u00f3n de las estr\u00edas. <\/span><span class=\"NormalTextRun ContextualSpellingAndGrammarErrorV2 SCXW257482023 BCX7\">Asimismo<\/span><span class=\"NormalTextRun SCXW257482023 BCX7\">\u00a0otro factor a tener en cuenta es la naturaleza propia y el tipo de piel, as\u00ed como la predisposici\u00f3n gen\u00e9tica de cada persona. Las pieles secas y claras son m\u00e1s propensas a las estr\u00edas, ya que la dermis se fisura con mayor facilidad si se encuentra poco hidratada. Por lo\u00a0<\/span><span class=\"NormalTextRun ContextualSpellingAndGrammarErrorV2 SCXW257482023 BCX7\">tanto<\/span><span class=\"NormalTextRun SCXW257482023 BCX7\">\u00a0como no podernos hacer nada frente a los cambios hormonales ni frente a la predisposici\u00f3n gen\u00e9tica la \u00fanica arma para intentar evitar la aparici\u00f3n de estr\u00edas ser\u00e1 la de mantener hidratada la piel en todo momento. Para ello es recomendable una dieta rica en zinc, magnesio y vitaminas A, C y\u00a0<\/span><span class=\"NormalTextRun ContextualSpellingAndGrammarErrorV2 SCXW257482023 BCX7\">D<\/span><span class=\"NormalTextRun SCXW257482023 BCX7\">\u00a0as\u00ed como una ingesta h\u00eddrica correcta. Por otro\u00a0<\/span><span class=\"NormalTextRun ContextualSpellingAndGrammarErrorV2 SCXW257482023 BCX7\">lado<\/span><span class=\"NormalTextRun SCXW257482023 BCX7\">\u00a0ser\u00e1 importante aplicar crema hidratante al menos dos veces al d\u00eda. Se necesita una crema que hidrate, revitalice y restaure la piel. Podemos utilizar cualquier crema hidratante que contenga centella asi\u00e1tica (que act\u00faa como\u00a0<\/span><span class=\"NormalTextRun SpellingErrorV2 SCXW257482023 BCX7\">bioestimulante<\/span><span class=\"NormalTextRun SCXW257482023 BCX7\">), aceites de\u00a0<\/span><span class=\"NormalTextRun SpellingErrorV2 SCXW257482023 BCX7\">yoyoba<\/span><span class=\"NormalTextRun SCXW257482023 BCX7\">\u00a0y borraja, vitamina E o aceite de rosa mosqueta (de efectos reparadores) para aportar la nutrici\u00f3n que necesitamos. <\/span><\/span><\/p>\n<p><span class=\"TextRun SCXW257482023 BCX7\" lang=\"ES-ES\" xml:lang=\"ES-ES\" data-contrast=\"auto\"><span class=\"NormalTextRun SCXW257482023 BCX7\">Aunque todos estos cambios son normales y la mayor\u00eda desaparecer\u00e1n a lo largo de algunos meses despu\u00e9s del embarazo, puede ser de gran ayuda informarse sobre cu\u00e1les ser\u00e1n y, sobre todo, que poder hacer para prevenirlos o tratarlos.<\/span><\/span><\/p>\n<p><span class=\"TextRun SCXW257482023 BCX7\" lang=\"ES-ES\" xml:lang=\"ES-ES\" data-contrast=\"auto\"><span class=\"NormalTextRun SCXW257482023 BCX7\">\u00a0<\/span><\/span><a class=\"Hyperlink SCXW257482023 BCX7\" href=\"https:\/\/www.idermic.es\/es\/equipo-humano\/cv-de-dra-marta-vilavella-i-rius\/\" target=\"_blank\" rel=\"noreferrer noopener\"><span class=\"TextRun Underlined SCXW257482023 BCX7\" lang=\"ES-ES\" xml:lang=\"ES-ES\" data-contrast=\"none\"><span class=\"NormalTextRun SCXW257482023 BCX7\" data-ccp-charstyle=\"Hyperlink\">Dra. Marta Vilavella<\/span><\/span><\/a><span class=\"TextRun SCXW257482023 BCX7\" lang=\"ES-ES\" xml:lang=\"ES-ES\" data-contrast=\"auto\"><span class=\"NormalTextRun SCXW257482023 BCX7\">, dermat\u00f3loga de la Cl\u00ednica I<\/span><span class=\"NormalTextRun SpellingErrorV2 SCXW257482023 BCX7\">dermic<\/span><span class=\"NormalTextRun SCXW257482023 BCX7\">\u00a0de Terrassa.<\/span><\/span><span class=\"EOP SCXW257482023 BCX7\" data-ccp-props=\"{\">\u00a0<\/span><\/p>\n<\/div><div class=\"fusion-clearfix\"><\/div><\/div><\/div><\/div><\/div><div class=\"fusion-fullwidth fullwidth-box fusion-builder-row-2 has-pattern-background has-mask-background nonhundred-percent-fullwidth non-hundred-percent-height-scrolling\" style=\"--awb-border-radius-top-left:0px;--awb-border-radius-top-right:0px;--awb-border-radius-bottom-right:0px;--awb-border-radius-bottom-left:0px;--awb-padding-top:20px;--awb-padding-bottom:32px;--awb-margin-top:48px;--awb-margin-bottom:32px;--awb-flex-wrap:wrap;\" ><div class=\"fusion-builder-row fusion-row\"><div class=\"fusion-layout-column fusion_builder_column fusion-builder-column-1 fusion_builder_column_1_2 1_2 fusion-one-half fusion-column-first fusion-column-inner-bg-wrapper\" style=\"--awb-padding-top:20px;--awb-padding-right:20px;--awb-padding-bottom:20px;--awb-padding-left:60px;--awb-inner-bg-color:#f4d0c2;--awb-inner-bg-color-hover:#f4d0c2;--awb-inner-bg-size:cover;width:50%;width:calc(50% - ( ( 4% ) * 0.5 ) );margin-right: 4%;\" data-scroll-devices=\"small-visibility,medium-visibility,large-visibility\"><span class=\"fusion-column-inner-bg hover-type-none\"><a class=\"fusion-column-anchor\" href=\"https:\/\/www.idermic.es\/es\/financiacion\/\"><span class=\"fusion-column-inner-bg-image\"><\/span><\/a><\/span><div class=\"fusion-column-wrapper fusion-column-has-shadow fusion-flex-column-wrapper-legacy\"><div style=\"text-align:center; max-width: 100%; width: calc(100% - 40px); margin: 0 auto;\">\n  <p style=\"color:white;margin:0;padding:15px 15px 0 15px;background-color:#ddbcb0;font-family:Montserrat;font-size:20px;font-weight:500;letter-spacing:2px;line-height:30px;\">\n    FINAN\u00c7AMENT 0% INTER\u00c8S\n  <\/p>\n  <p style=\"color:white;margin:0;padding:0 15px 15px 15px;background-color:#ddbcb0;font-family:Open Sans;font-size:12px;font-weight:500;letter-spacing:2px;line-height:30px;\">\n    LLEGIR M\u00c9S +\n  <\/p>\n<\/div><div class=\"fusion-clearfix\"><\/div><\/div><\/div><div class=\"fusion-layout-column fusion_builder_column fusion-builder-column-2 fusion_builder_column_1_2 1_2 fusion-one-half fusion-column-last fusion-column-inner-bg-wrapper\" style=\"--awb-padding-top:20px;--awb-padding-right:20px;--awb-padding-bottom:20px;--awb-padding-left:60px;--awb-inner-bg-color:#f4d0c2;--awb-inner-bg-color-hover:#f4d0c2;--awb-inner-bg-size:cover;width:50%;width:calc(50% - ( ( 4% ) * 0.5 ) );\" data-scroll-devices=\"small-visibility,medium-visibility,large-visibility\"><span class=\"fusion-column-inner-bg hover-type-none\"><a class=\"fusion-column-anchor\" href=\"https:\/\/www.idermic.es\/es\/preguntas-frecuentes\/\"><span class=\"fusion-column-inner-bg-image\"><\/span><\/a><\/span><div class=\"fusion-column-wrapper fusion-column-has-shadow fusion-flex-column-wrapper-legacy\"><div style=\"text-align:center; max-width: 100%; width: calc(100% - 40px); margin: 0 auto;\">\n  <p style=\"color:white;margin:0;padding:15px 15px 0 15px;background-color:#ddbcb0;font-family:Montserrat;font-size:20px;font-weight:500;letter-spacing:2px;line-height:30px;\">\n    PREGUNTES FREQ\u00dcENTS \n  <\/p>\n  <p style=\"color:white;margin:0;padding:0 15px 15px 15px;background-color:#ddbcb0;font-family:Open Sans;font-size:12px;font-weight:500;letter-spacing:2px;line-height:30px;\">\n    LLEGIR M\u00c9S +\n  <\/p>\n<\/div><div class=\"fusion-clearfix\"><\/div><\/div><\/div><\/div><\/div>\n<\/p>\n","protected":false},"excerpt":{"rendered":"<p>Principios b\u00e1sicos para los cuidados de la piel durante el embarazo, \u00e9poca en que es uno de los \u00f3rganos que m\u00e1s se modifica y resiente.<\/p>\n","protected":false},"author":3,"featured_media":2762,"comment_status":"open","ping_status":"open","sticky":false,"template":"","format":"standard","meta":{"_joinchat":[],"footnotes":""},"categories":[52],"tags":[43,116,120,102,121,103,104,117],"class_list":["post-2760","post","type-post","status-publish","format-standard","has-post-thumbnail","hentry","category-dermatologia","tag-acne","tag-embarazo","tag-estrias","tag-lunar","tag-melasma","tag-pecas","tag-piel","tag-pigmentacion"],"yoast_head":"<!-- This site is optimized with the Yoast SEO plugin v28.4 - https:\/\/yoast.com\/product\/yoast-seo-wordpress\/ -->\n<title>Cuidados de la piel durante el embarazo - Idermic. Dermatolog\u00eda en Terrassa<\/title>\n<meta name=\"description\" content=\"Principios b\u00e1sicos para los cuidados de la piel durante el embarazo, \u00e9poca en que es uno de los \u00f3rganos que m\u00e1s se modifica y resiente.\" \/>\n<meta name=\"robots\" content=\"index, follow, max-snippet:-1, max-image-preview:large, max-video-preview:-1\" \/>\n<link rel=\"canonical\" href=\"https:\/\/www.idermic.es\/es\/cuidados-de-la-piel-durante-el-embarazo\/\" \/>\n<meta property=\"og:locale\" content=\"es_ES\" \/>\n<meta property=\"og:type\" content=\"article\" \/>\n<meta property=\"og:title\" content=\"Cuidados de la piel durante el embarazo - Idermic. Dermatolog\u00eda en Terrassa\" \/>\n<meta property=\"og:description\" content=\"Principios b\u00e1sicos para los cuidados de la piel durante el embarazo, \u00e9poca en que es uno de los \u00f3rganos que m\u00e1s se modifica y resiente.\" \/>\n<meta property=\"og:url\" content=\"https:\/\/www.idermic.es\/es\/cuidados-de-la-piel-durante-el-embarazo\/\" \/>\n<meta property=\"og:site_name\" content=\"Idermic. Dermatolog\u00eda en Terrassa\" \/>\n<meta property=\"article:publisher\" content=\"https:\/\/www.facebook.com\/Idermic\" \/>\n<meta property=\"article:published_time\" content=\"2014-10-22T07:52:22+00:00\" \/>\n<meta property=\"article:modified_time\" content=\"2022-05-06T09:59:38+00:00\" \/>\n<meta property=\"og:image\" content=\"https:\/\/www.idermic.es\/wp-content\/uploads\/2020\/06\/pregnant-pregnant-woman-m-mother.jpg\" \/>\n\t<meta property=\"og:image:width\" content=\"910\" \/>\n\t<meta property=\"og:image:height\" content=\"581\" \/>\n\t<meta property=\"og:image:type\" content=\"image\/jpeg\" \/>\n<meta name=\"author\" content=\"Equipo\" \/>\n<meta name=\"twitter:card\" content=\"summary_large_image\" \/>\n<meta name=\"twitter:creator\" content=\"@idermic\" \/>\n<meta name=\"twitter:site\" content=\"@idermic\" \/>\n<meta name=\"twitter:label1\" content=\"Escrito por\" \/>\n\t<meta name=\"twitter:data1\" content=\"Equipo\" \/>\n\t<meta name=\"twitter:label2\" content=\"Tiempo de lectura\" \/>\n\t<meta name=\"twitter:data2\" content=\"5 minutos\" \/>\n<script type=\"application\/ld+json\" class=\"yoast-schema-graph\">{\"@context\":\"https:\\\/\\\/schema.org\",\"@graph\":[{\"@type\":\"Article\",\"@id\":\"https:\\\/\\\/www.idermic.es\\\/es\\\/cuidados-de-la-piel-durante-el-embarazo\\\/#article\",\"isPartOf\":{\"@id\":\"https:\\\/\\\/www.idermic.es\\\/es\\\/cuidados-de-la-piel-durante-el-embarazo\\\/\"},\"author\":{\"name\":\"Equipo\",\"@id\":\"https:\\\/\\\/www.idermic.es\\\/#\\\/schema\\\/person\\\/c12703027a878b23d3c71c87921a82f8\"},\"headline\":\"Cuidados de la piel durante el embarazo\",\"datePublished\":\"2014-10-22T07:52:22+00:00\",\"dateModified\":\"2022-05-06T09:59:38+00:00\",\"mainEntityOfPage\":{\"@id\":\"https:\\\/\\\/www.idermic.es\\\/es\\\/cuidados-de-la-piel-durante-el-embarazo\\\/\"},\"wordCount\":1111,\"commentCount\":0,\"publisher\":{\"@id\":\"https:\\\/\\\/www.idermic.es\\\/#organization\"},\"image\":{\"@id\":\"https:\\\/\\\/www.idermic.es\\\/es\\\/cuidados-de-la-piel-durante-el-embarazo\\\/#primaryimage\"},\"thumbnailUrl\":\"https:\\\/\\\/www.idermic.es\\\/wp-content\\\/uploads\\\/2020\\\/06\\\/pregnant-pregnant-woman-m-mother.jpg\",\"keywords\":[\"acn\u00e9\",\"embarazo\",\"estr\u00edas\",\"lunar\",\"melasma\",\"pecas\",\"piel\",\"pigmentaci\u00f3n\"],\"articleSection\":[\"Dermatolog\u00eda\"],\"inLanguage\":\"es\",\"potentialAction\":[{\"@type\":\"CommentAction\",\"name\":\"Comment\",\"target\":[\"https:\\\/\\\/www.idermic.es\\\/es\\\/cuidados-de-la-piel-durante-el-embarazo\\\/#respond\"]}]},{\"@type\":\"WebPage\",\"@id\":\"https:\\\/\\\/www.idermic.es\\\/es\\\/cuidados-de-la-piel-durante-el-embarazo\\\/\",\"url\":\"https:\\\/\\\/www.idermic.es\\\/es\\\/cuidados-de-la-piel-durante-el-embarazo\\\/\",\"name\":\"Cuidados de la piel durante el embarazo - Idermic. Dermatolog\u00eda en Terrassa\",\"isPartOf\":{\"@id\":\"https:\\\/\\\/www.idermic.es\\\/#website\"},\"primaryImageOfPage\":{\"@id\":\"https:\\\/\\\/www.idermic.es\\\/es\\\/cuidados-de-la-piel-durante-el-embarazo\\\/#primaryimage\"},\"image\":{\"@id\":\"https:\\\/\\\/www.idermic.es\\\/es\\\/cuidados-de-la-piel-durante-el-embarazo\\\/#primaryimage\"},\"thumbnailUrl\":\"https:\\\/\\\/www.idermic.es\\\/wp-content\\\/uploads\\\/2020\\\/06\\\/pregnant-pregnant-woman-m-mother.jpg\",\"datePublished\":\"2014-10-22T07:52:22+00:00\",\"dateModified\":\"2022-05-06T09:59:38+00:00\",\"description\":\"Principios b\u00e1sicos para los cuidados de la piel durante el embarazo, \u00e9poca en que es uno de los \u00f3rganos que m\u00e1s se modifica y resiente.\",\"breadcrumb\":{\"@id\":\"https:\\\/\\\/www.idermic.es\\\/es\\\/cuidados-de-la-piel-durante-el-embarazo\\\/#breadcrumb\"},\"inLanguage\":\"es\",\"potentialAction\":[{\"@type\":\"ReadAction\",\"target\":[\"https:\\\/\\\/www.idermic.es\\\/es\\\/cuidados-de-la-piel-durante-el-embarazo\\\/\"]}]},{\"@type\":\"ImageObject\",\"inLanguage\":\"es\",\"@id\":\"https:\\\/\\\/www.idermic.es\\\/es\\\/cuidados-de-la-piel-durante-el-embarazo\\\/#primaryimage\",\"url\":\"https:\\\/\\\/www.idermic.es\\\/wp-content\\\/uploads\\\/2020\\\/06\\\/pregnant-pregnant-woman-m-mother.jpg\",\"contentUrl\":\"https:\\\/\\\/www.idermic.es\\\/wp-content\\\/uploads\\\/2020\\\/06\\\/pregnant-pregnant-woman-m-mother.jpg\",\"width\":\"910\",\"height\":\"581\",\"caption\":\"mujer embarazada que cuida su piel\"},{\"@type\":\"BreadcrumbList\",\"@id\":\"https:\\\/\\\/www.idermic.es\\\/es\\\/cuidados-de-la-piel-durante-el-embarazo\\\/#breadcrumb\",\"itemListElement\":[{\"@type\":\"ListItem\",\"position\":1,\"name\":\"Inici\",\"item\":\"https:\\\/\\\/www.idermic.es\\\/es\\\/\"},{\"@type\":\"ListItem\",\"position\":2,\"name\":\"Cuidados de la piel durante el embarazo\"}]},{\"@type\":\"WebSite\",\"@id\":\"https:\\\/\\\/www.idermic.es\\\/#website\",\"url\":\"https:\\\/\\\/www.idermic.es\\\/\",\"name\":\"Idermic. Dermatolog\u00eda en Terrassa\",\"description\":\"Dermatolog\u00eda, Medicina est\u00e9tica, Cirurg\u00eda Pl\u00e0stica\",\"publisher\":{\"@id\":\"https:\\\/\\\/www.idermic.es\\\/#organization\"},\"potentialAction\":[{\"@type\":\"SearchAction\",\"target\":{\"@type\":\"EntryPoint\",\"urlTemplate\":\"https:\\\/\\\/www.idermic.es\\\/?s={search_term_string}\"},\"query-input\":{\"@type\":\"PropertyValueSpecification\",\"valueRequired\":true,\"valueName\":\"search_term_string\"}}],\"inLanguage\":\"es\"},{\"@type\":\"Organization\",\"@id\":\"https:\\\/\\\/www.idermic.es\\\/#organization\",\"name\":\"Idermic. Dermatolog\u00eda en Terrassa\",\"url\":\"https:\\\/\\\/www.idermic.es\\\/\",\"logo\":{\"@type\":\"ImageObject\",\"inLanguage\":\"es\",\"@id\":\"https:\\\/\\\/www.idermic.es\\\/#\\\/schema\\\/logo\\\/image\\\/\",\"url\":\"https:\\\/\\\/www.idermic.es\\\/wp-content\\\/uploads\\\/2025\\\/10\\\/Logo-Idermic.jpg\",\"contentUrl\":\"https:\\\/\\\/www.idermic.es\\\/wp-content\\\/uploads\\\/2025\\\/10\\\/Logo-Idermic.jpg\",\"width\":501,\"height\":502,\"caption\":\"Idermic. Dermatolog\u00eda en Terrassa\"},\"image\":{\"@id\":\"https:\\\/\\\/www.idermic.es\\\/#\\\/schema\\\/logo\\\/image\\\/\"},\"sameAs\":[\"https:\\\/\\\/www.facebook.com\\\/Idermic\",\"https:\\\/\\\/x.com\\\/idermic\",\"https:\\\/\\\/www.instagram.com\\\/idermicclinic\\\/\",\"https:\\\/\\\/www.youtube.com\\\/channel\\\/UCyAHC9-p8lc6hr_nguO8p_g\"]},{\"@type\":\"Person\",\"@id\":\"https:\\\/\\\/www.idermic.es\\\/#\\\/schema\\\/person\\\/c12703027a878b23d3c71c87921a82f8\",\"name\":\"Equipo\",\"image\":{\"@type\":\"ImageObject\",\"inLanguage\":\"es\",\"@id\":\"https:\\\/\\\/secure.gravatar.com\\\/avatar\\\/7ca0be23248108c6b0887e0693b7dcf7764bd3503f84d1f04e6653ef7c3b9420?s=96&d=mm&r=g\",\"url\":\"https:\\\/\\\/secure.gravatar.com\\\/avatar\\\/7ca0be23248108c6b0887e0693b7dcf7764bd3503f84d1f04e6653ef7c3b9420?s=96&d=mm&r=g\",\"contentUrl\":\"https:\\\/\\\/secure.gravatar.com\\\/avatar\\\/7ca0be23248108c6b0887e0693b7dcf7764bd3503f84d1f04e6653ef7c3b9420?s=96&d=mm&r=g\",\"caption\":\"Equipo\"},\"description\":\"Equipo de Idermic\"}]}<\/script>\n<!-- \/ Yoast SEO plugin. -->","yoast_head_json":{"title":"Cuidados de la piel durante el embarazo - Idermic. Dermatolog\u00eda en Terrassa","description":"Principios b\u00e1sicos para los cuidados de la piel durante el embarazo, \u00e9poca en que es uno de los \u00f3rganos que m\u00e1s se modifica y resiente.","robots":{"index":"index","follow":"follow","max-snippet":"max-snippet:-1","max-image-preview":"max-image-preview:large","max-video-preview":"max-video-preview:-1"},"canonical":"https:\/\/www.idermic.es\/es\/cuidados-de-la-piel-durante-el-embarazo\/","og_locale":"es_ES","og_type":"article","og_title":"Cuidados de la piel durante el embarazo - Idermic. Dermatolog\u00eda en Terrassa","og_description":"Principios b\u00e1sicos para los cuidados de la piel durante el embarazo, \u00e9poca en que es uno de los \u00f3rganos que m\u00e1s se modifica y resiente.","og_url":"https:\/\/www.idermic.es\/es\/cuidados-de-la-piel-durante-el-embarazo\/","og_site_name":"Idermic. Dermatolog\u00eda en Terrassa","article_publisher":"https:\/\/www.facebook.com\/Idermic","article_published_time":"2014-10-22T07:52:22+00:00","article_modified_time":"2022-05-06T09:59:38+00:00","og_image":[{"width":910,"height":581,"url":"https:\/\/www.idermic.es\/wp-content\/uploads\/2020\/06\/pregnant-pregnant-woman-m-mother.jpg","type":"image\/jpeg"}],"author":"Equipo","twitter_card":"summary_large_image","twitter_creator":"@idermic","twitter_site":"@idermic","twitter_misc":{"Escrito por":"Equipo","Tiempo de lectura":"5 minutos"},"schema":{"@context":"https:\/\/schema.org","@graph":[{"@type":"Article","@id":"https:\/\/www.idermic.es\/es\/cuidados-de-la-piel-durante-el-embarazo\/#article","isPartOf":{"@id":"https:\/\/www.idermic.es\/es\/cuidados-de-la-piel-durante-el-embarazo\/"},"author":{"name":"Equipo","@id":"https:\/\/www.idermic.es\/#\/schema\/person\/c12703027a878b23d3c71c87921a82f8"},"headline":"Cuidados de la piel durante el embarazo","datePublished":"2014-10-22T07:52:22+00:00","dateModified":"2022-05-06T09:59:38+00:00","mainEntityOfPage":{"@id":"https:\/\/www.idermic.es\/es\/cuidados-de-la-piel-durante-el-embarazo\/"},"wordCount":1111,"commentCount":0,"publisher":{"@id":"https:\/\/www.idermic.es\/#organization"},"image":{"@id":"https:\/\/www.idermic.es\/es\/cuidados-de-la-piel-durante-el-embarazo\/#primaryimage"},"thumbnailUrl":"https:\/\/www.idermic.es\/wp-content\/uploads\/2020\/06\/pregnant-pregnant-woman-m-mother.jpg","keywords":["acn\u00e9","embarazo","estr\u00edas","lunar","melasma","pecas","piel","pigmentaci\u00f3n"],"articleSection":["Dermatolog\u00eda"],"inLanguage":"es","potentialAction":[{"@type":"CommentAction","name":"Comment","target":["https:\/\/www.idermic.es\/es\/cuidados-de-la-piel-durante-el-embarazo\/#respond"]}]},{"@type":"WebPage","@id":"https:\/\/www.idermic.es\/es\/cuidados-de-la-piel-durante-el-embarazo\/","url":"https:\/\/www.idermic.es\/es\/cuidados-de-la-piel-durante-el-embarazo\/","name":"Cuidados de la piel durante el embarazo - Idermic. Dermatolog\u00eda en Terrassa","isPartOf":{"@id":"https:\/\/www.idermic.es\/#website"},"primaryImageOfPage":{"@id":"https:\/\/www.idermic.es\/es\/cuidados-de-la-piel-durante-el-embarazo\/#primaryimage"},"image":{"@id":"https:\/\/www.idermic.es\/es\/cuidados-de-la-piel-durante-el-embarazo\/#primaryimage"},"thumbnailUrl":"https:\/\/www.idermic.es\/wp-content\/uploads\/2020\/06\/pregnant-pregnant-woman-m-mother.jpg","datePublished":"2014-10-22T07:52:22+00:00","dateModified":"2022-05-06T09:59:38+00:00","description":"Principios b\u00e1sicos para los cuidados de la piel durante el embarazo, \u00e9poca en que es uno de los \u00f3rganos que m\u00e1s se modifica y resiente.","breadcrumb":{"@id":"https:\/\/www.idermic.es\/es\/cuidados-de-la-piel-durante-el-embarazo\/#breadcrumb"},"inLanguage":"es","potentialAction":[{"@type":"ReadAction","target":["https:\/\/www.idermic.es\/es\/cuidados-de-la-piel-durante-el-embarazo\/"]}]},{"@type":"ImageObject","inLanguage":"es","@id":"https:\/\/www.idermic.es\/es\/cuidados-de-la-piel-durante-el-embarazo\/#primaryimage","url":"https:\/\/www.idermic.es\/wp-content\/uploads\/2020\/06\/pregnant-pregnant-woman-m-mother.jpg","contentUrl":"https:\/\/www.idermic.es\/wp-content\/uploads\/2020\/06\/pregnant-pregnant-woman-m-mother.jpg","width":"910","height":"581","caption":"mujer embarazada que cuida su piel"},{"@type":"BreadcrumbList","@id":"https:\/\/www.idermic.es\/es\/cuidados-de-la-piel-durante-el-embarazo\/#breadcrumb","itemListElement":[{"@type":"ListItem","position":1,"name":"Inici","item":"https:\/\/www.idermic.es\/es\/"},{"@type":"ListItem","position":2,"name":"Cuidados de la piel durante el embarazo"}]},{"@type":"WebSite","@id":"https:\/\/www.idermic.es\/#website","url":"https:\/\/www.idermic.es\/","name":"Idermic. Dermatolog\u00eda en Terrassa","description":"Dermatolog\u00eda, Medicina est\u00e9tica, Cirurg\u00eda Pl\u00e0stica","publisher":{"@id":"https:\/\/www.idermic.es\/#organization"},"potentialAction":[{"@type":"SearchAction","target":{"@type":"EntryPoint","urlTemplate":"https:\/\/www.idermic.es\/?s={search_term_string}"},"query-input":{"@type":"PropertyValueSpecification","valueRequired":true,"valueName":"search_term_string"}}],"inLanguage":"es"},{"@type":"Organization","@id":"https:\/\/www.idermic.es\/#organization","name":"Idermic. Dermatolog\u00eda en Terrassa","url":"https:\/\/www.idermic.es\/","logo":{"@type":"ImageObject","inLanguage":"es","@id":"https:\/\/www.idermic.es\/#\/schema\/logo\/image\/","url":"https:\/\/www.idermic.es\/wp-content\/uploads\/2025\/10\/Logo-Idermic.jpg","contentUrl":"https:\/\/www.idermic.es\/wp-content\/uploads\/2025\/10\/Logo-Idermic.jpg","width":501,"height":502,"caption":"Idermic. Dermatolog\u00eda en Terrassa"},"image":{"@id":"https:\/\/www.idermic.es\/#\/schema\/logo\/image\/"},"sameAs":["https:\/\/www.facebook.com\/Idermic","https:\/\/x.com\/idermic","https:\/\/www.instagram.com\/idermicclinic\/","https:\/\/www.youtube.com\/channel\/UCyAHC9-p8lc6hr_nguO8p_g"]},{"@type":"Person","@id":"https:\/\/www.idermic.es\/#\/schema\/person\/c12703027a878b23d3c71c87921a82f8","name":"Equipo","image":{"@type":"ImageObject","inLanguage":"es","@id":"https:\/\/secure.gravatar.com\/avatar\/7ca0be23248108c6b0887e0693b7dcf7764bd3503f84d1f04e6653ef7c3b9420?s=96&d=mm&r=g","url":"https:\/\/secure.gravatar.com\/avatar\/7ca0be23248108c6b0887e0693b7dcf7764bd3503f84d1f04e6653ef7c3b9420?s=96&d=mm&r=g","contentUrl":"https:\/\/secure.gravatar.com\/avatar\/7ca0be23248108c6b0887e0693b7dcf7764bd3503f84d1f04e6653ef7c3b9420?s=96&d=mm&r=g","caption":"Equipo"},"description":"Equipo de Idermic"}]}},"_links":{"self":[{"href":"https:\/\/www.idermic.es\/es\/wp-json\/wp\/v2\/posts\/2760","targetHints":{"allow":["GET"]}}],"collection":[{"href":"https:\/\/www.idermic.es\/es\/wp-json\/wp\/v2\/posts"}],"about":[{"href":"https:\/\/www.idermic.es\/es\/wp-json\/wp\/v2\/types\/post"}],"author":[{"embeddable":true,"href":"https:\/\/www.idermic.es\/es\/wp-json\/wp\/v2\/users\/3"}],"replies":[{"embeddable":true,"href":"https:\/\/www.idermic.es\/es\/wp-json\/wp\/v2\/comments?post=2760"}],"version-history":[{"count":4,"href":"https:\/\/www.idermic.es\/es\/wp-json\/wp\/v2\/posts\/2760\/revisions"}],"predecessor-version":[{"id":4820,"href":"https:\/\/www.idermic.es\/es\/wp-json\/wp\/v2\/posts\/2760\/revisions\/4820"}],"wp:featuredmedia":[{"embeddable":true,"href":"https:\/\/www.idermic.es\/es\/wp-json\/wp\/v2\/media\/2762"}],"wp:attachment":[{"href":"https:\/\/www.idermic.es\/es\/wp-json\/wp\/v2\/media?parent=2760"}],"wp:term":[{"taxonomy":"category","embeddable":true,"href":"https:\/\/www.idermic.es\/es\/wp-json\/wp\/v2\/categories?post=2760"},{"taxonomy":"post_tag","embeddable":true,"href":"https:\/\/www.idermic.es\/es\/wp-json\/wp\/v2\/tags?post=2760"}],"curies":[{"name":"wp","href":"https:\/\/api.w.org\/{rel}","templated":true}]}}