{"id":2429,"date":"2016-05-05T07:22:16","date_gmt":"2016-05-05T07:22:16","guid":{"rendered":"https:\/\/www.idermic.es\/?p=2429"},"modified":"2022-05-06T07:13:03","modified_gmt":"2022-05-06T07:13:03","slug":"cuidado-de-tu-piel-3-claves-que-debes-conocer-antes-del-verano","status":"publish","type":"post","link":"https:\/\/www.idermic.es\/es\/cuidado-de-tu-piel-3-claves-que-debes-conocer-antes-del-verano\/","title":{"rendered":"Cuidado de tu piel: 3 claves que debes conocer antes del verano"},"content":{"rendered":"<p><div class=\"fusion-fullwidth fullwidth-box fusion-builder-row-1 nonhundred-percent-fullwidth non-hundred-percent-height-scrolling\" style=\"--awb-border-radius-top-left:0px;--awb-border-radius-top-right:0px;--awb-border-radius-bottom-right:0px;--awb-border-radius-bottom-left:0px;--awb-margin-top:32px;--awb-margin-bottom:32px;--awb-flex-wrap:wrap;\" ><div class=\"fusion-builder-row fusion-row\"><div class=\"fusion-layout-column fusion_builder_column fusion-builder-column-0 fusion_builder_column_1_1 1_1 fusion-one-full fusion-column-first fusion-column-last\" style=\"--awb-bg-size:cover;\"><div class=\"fusion-column-wrapper fusion-flex-column-wrapper-legacy\"><div class=\"fusion-text fusion-text-1\"><h2><span class=\"TextRun BCX7 SCXW261273781\" lang=\"ES-ES\" xml:lang=\"ES-ES\" data-contrast=\"auto\"><span class=\"NormalTextRun BCX7 SCXW261273781\">3 claves que debes conocer antes del verano<\/span><\/span><\/h2>\n<\/div><div class=\"fusion-text fusion-text-2\"><p><span data-contrast=\"auto\"><span style=\"vertical-align: inherit;\"><span style=\"vertical-align: inherit;\">Te vamos a resumir 3 claves que debes tener en cuenta ahora que se acerca el verano para tu bienestar general y el cuidado de la piel en particular, te las ofrecemos con los enlaces a los art\u00edculos espec\u00edficos donde tendr\u00e1s m\u00e1s informaci\u00f3n tu disposici\u00f3n. Ten presente que debes prestar mayor atenci\u00f3n a la exposici\u00f3n solar a la que sometemos nuestra piel durante la estaci\u00f3n de verano.\u00a0<\/span><\/span><\/span><\/p>\n<ol>\n<li>\n<h3><strong><span style=\"vertical-align: inherit;\"><span style=\"vertical-align: inherit;\">Qu\u00e9 hacer para combatir la celulitis.\u00a0<\/span><\/span><\/strong><\/h3>\n<\/li>\n<\/ol>\n<p><span data-contrast=\"auto\"><span style=\"vertical-align: inherit;\"><span style=\"vertical-align: inherit;\">La celulitis\u00a0es\u00a0una\u00a0infecci\u00f3n cut\u00e1nea bacteriana com\u00fan y potencialmente seria.\u00a0La piel afectada suele estar inflamada y tener un aspecto de color rojizo. Suele ser dolorosa y est\u00e1 caliente al tocarla. Por lo\u00a0general,\u00a0la celulitis\u00a0afecta\u00a0la\u00a0piel en\u00a0la parte inferior de las piernas. Tambi\u00e9n puede presentarse en el rostro, los brazos y otras zonas. Una de las formas m\u00e1s eficaces para combatir la celulitis es la <a href=\"https:\/\/www.sanibook.net\/diccionario-de-salud\/?abitem_id=69\">Carboxiterapia.<\/a> Se acerca el verano y se importante cuidar la figura. <\/span><\/span><\/span><a href=\"https:\/\/www.idermic.es\/es\/2016\/04\/como-combatir-la-celulitis-con-carboxiterapia\/\"><span data-contrast=\"none\"><span style=\"vertical-align: inherit;\"><span style=\"vertical-align: inherit;\">M\u00e1s informaci\u00f3n<\/span><\/span><\/span><\/a><span data-contrast=\"auto\"><span style=\"vertical-align: inherit;\"><span style=\"vertical-align: inherit;\">.<\/span><\/span><\/span><\/p>\n<ol start=\"2\">\n<li aria-level=\"2\">\n<h3><strong><span style=\"vertical-align: inherit;\"><span style=\"vertical-align: inherit;\"> Controlar la sudoraci\u00f3n<\/span><\/span><\/strong><\/h3>\n<\/li>\n<\/ol>\n<p><span data-contrast=\"auto\"><span style=\"vertical-align: inherit;\"><span style=\"vertical-align: inherit;\">La sudoraci\u00f3n consiste en liberar un l\u00edquido salado por parte de las gl\u00e1ndulas sudor\u00edparas del cuerpo. Tambi\u00e9n llamamos a este proceso transpiraci\u00f3n. La sudoraci\u00f3n tiene la funci\u00f3n especial de mantener al cuerpo. El sudor se presenta com\u00fanmente debajo de los brazos, en los pies y en las palmas de las manos. Es un problema muy desagradable, elimina para siempre tus problemas de sudor excesivo. <\/span><\/span><\/span><a href=\"https:\/\/www.idermic.es\/es\/hiperhidrosis-tratamiento-con-morpheus8\/\"><span data-contrast=\"none\"><span style=\"vertical-align: inherit;\"><span style=\"vertical-align: inherit;\">M\u00e1s informaci\u00f3n<\/span><\/span><\/span><\/a><span data-contrast=\"auto\"><span style=\"vertical-align: inherit;\"><span style=\"vertical-align: inherit;\">.<\/span><\/span><\/span><\/p>\n<ol start=\"3\">\n<li aria-level=\"2\">\n<h3><span data-contrast=\"none\"><span style=\"vertical-align: inherit;\"><span style=\"vertical-align: inherit;\"><strong> Control y cuidado de tu piel<\/strong><\/span><\/span><\/span><\/h3>\n<\/li>\n<\/ol>\n<p><span data-contrast=\"auto\"><span style=\"vertical-align: inherit;\"><span style=\"vertical-align: inherit;\">Durante el verano t\u00fa piel se ver\u00e1 expuesta a la radiaci\u00f3n solar y debes tomar medidas. Una medida preventiva que puedes tomar es\u00a0 <\/span><\/span><\/span><a href=\"https:\/\/www.idermic.es\/es\/es_dermatologia\/control-de-pecas\/\"><span data-contrast=\"none\"><span style=\"vertical-align: inherit;\"><span style=\"vertical-align: inherit;\">controlar las pecas<\/span><\/span><\/span><\/a><span data-contrast=\"auto\"><span style=\"vertical-align: inherit;\"><span style=\"vertical-align: inherit;\"> \u00a0y hacerte un <\/span><\/span><\/span><span data-contrast=\"none\"><span style=\"vertical-align: inherit;\"><span style=\"vertical-align: inherit;\"><a href=\"https:\/\/www.idermic.es\/es\/dermatologia-estetica\/peelings-quimicos\/\">peeling qu\u00edmico<\/a>. P<\/span><\/span><\/span><span data-contrast=\"auto\"><span style=\"vertical-align: inherit;\"><span style=\"vertical-align: inherit;\">uede ser muy eficaz para preparar la piel.\u00a0<\/span><\/span><\/span><\/p>\n<p>Recuerda siempre acudir a tu m\u00e9dico especialista en dermatolog\u00eda ante cualquier duda que se te presente.<\/p>\n<\/div><div class=\"fusion-clearfix\"><\/div><\/div><\/div><\/div><\/div><div class=\"fusion-fullwidth fullwidth-box fusion-builder-row-2 has-pattern-background has-mask-background nonhundred-percent-fullwidth non-hundred-percent-height-scrolling\" style=\"--awb-border-radius-top-left:0px;--awb-border-radius-top-right:0px;--awb-border-radius-bottom-right:0px;--awb-border-radius-bottom-left:0px;--awb-padding-top:20px;--awb-padding-bottom:32px;--awb-margin-top:48px;--awb-margin-bottom:32px;--awb-flex-wrap:wrap;\" ><div class=\"fusion-builder-row fusion-row\"><div class=\"fusion-layout-column fusion_builder_column fusion-builder-column-1 fusion_builder_column_1_2 1_2 fusion-one-half fusion-column-first fusion-column-inner-bg-wrapper\" style=\"--awb-padding-top:20px;--awb-padding-right:20px;--awb-padding-bottom:20px;--awb-padding-left:60px;--awb-inner-bg-color:#f4d0c2;--awb-inner-bg-color-hover:#f4d0c2;--awb-inner-bg-size:cover;width:50%;width:calc(50% - ( ( 4% ) * 0.5 ) );margin-right: 4%;\" data-scroll-devices=\"small-visibility,medium-visibility,large-visibility\"><span class=\"fusion-column-inner-bg hover-type-none\"><a class=\"fusion-column-anchor\" href=\"https:\/\/www.idermic.es\/es\/financiacion\/\"><span class=\"fusion-column-inner-bg-image\"><\/span><\/a><\/span><div class=\"fusion-column-wrapper fusion-column-has-shadow fusion-flex-column-wrapper-legacy\"><div style=\"text-align:center; max-width: 100%; width: calc(100% - 40px); margin: 0 auto;\">\n  <p style=\"color:white;margin:0;padding:15px 15px 0 15px;background-color:#ddbcb0;font-family:Montserrat;font-size:20px;font-weight:500;letter-spacing:2px;line-height:30px;\">\n    FINAN\u00c7AMENT 0% INTER\u00c8S\n  <\/p>\n  <p style=\"color:white;margin:0;padding:0 15px 15px 15px;background-color:#ddbcb0;font-family:Open Sans;font-size:12px;font-weight:500;letter-spacing:2px;line-height:30px;\">\n    LLEGIR M\u00c9S +\n  <\/p>\n<\/div><div class=\"fusion-clearfix\"><\/div><\/div><\/div><div class=\"fusion-layout-column fusion_builder_column fusion-builder-column-2 fusion_builder_column_1_2 1_2 fusion-one-half fusion-column-last fusion-column-inner-bg-wrapper\" style=\"--awb-padding-top:20px;--awb-padding-right:20px;--awb-padding-bottom:20px;--awb-padding-left:60px;--awb-inner-bg-color:#f4d0c2;--awb-inner-bg-color-hover:#f4d0c2;--awb-inner-bg-size:cover;width:50%;width:calc(50% - ( ( 4% ) * 0.5 ) );\" data-scroll-devices=\"small-visibility,medium-visibility,large-visibility\"><span class=\"fusion-column-inner-bg hover-type-none\"><a class=\"fusion-column-anchor\" href=\"https:\/\/www.idermic.es\/es\/preguntas-frecuentes\/\"><span class=\"fusion-column-inner-bg-image\"><\/span><\/a><\/span><div class=\"fusion-column-wrapper fusion-column-has-shadow fusion-flex-column-wrapper-legacy\"><div style=\"text-align:center; max-width: 100%; width: calc(100% - 40px); margin: 0 auto;\">\n  <p style=\"color:white;margin:0;padding:15px 15px 0 15px;background-color:#ddbcb0;font-family:Montserrat;font-size:20px;font-weight:500;letter-spacing:2px;line-height:30px;\">\n    PREGUNTES FREQ\u00dcENTS \n  <\/p>\n  <p style=\"color:white;margin:0;padding:0 15px 15px 15px;background-color:#ddbcb0;font-family:Open Sans;font-size:12px;font-weight:500;letter-spacing:2px;line-height:30px;\">\n    LLEGIR M\u00c9S +\n  <\/p>\n<\/div><div class=\"fusion-clearfix\"><\/div><\/div><\/div><\/div><\/div>\n<\/p>\n","protected":false},"excerpt":{"rendered":"<p>C\u00f3mo se puede combatir la celulitis con la carboxiterapia que es una de las mejores t\u00e9cnicas que hay en la actualidad para tratar este problema est\u00e9tico.<\/p>\n","protected":false},"author":3,"featured_media":2431,"comment_status":"open","ping_status":"open","sticky":false,"template":"","format":"standard","meta":{"_joinchat":[],"footnotes":""},"categories":[52],"tags":[54,105,103,104,106,99,107],"class_list":["post-2429","post","type-post","status-publish","format-standard","has-post-thumbnail","hentry","category-dermatologia","tag-celulitis","tag-exposicion-solar","tag-pecas","tag-piel","tag-sol","tag-sudor","tag-verano"],"yoast_head":"<!-- This site is optimized with the Yoast SEO plugin v28.4 - https:\/\/yoast.com\/product\/yoast-seo-wordpress\/ -->\n<title>Cuidado de tu piel: 3 claves que debes conocer antes del verano - Idermic. Dermatolog\u00eda en Terrassa<\/title>\n<meta name=\"description\" content=\"3 claves que debes tener en cuenta ahora que se acerca el verano para tu bienestar general y el cuidado de la piel en particular.\" \/>\n<meta name=\"robots\" content=\"index, follow, max-snippet:-1, max-image-preview:large, max-video-preview:-1\" \/>\n<link rel=\"canonical\" href=\"https:\/\/www.idermic.es\/es\/cuidado-de-tu-piel-3-claves-que-debes-conocer-antes-del-verano\/\" \/>\n<meta property=\"og:locale\" content=\"es_ES\" \/>\n<meta property=\"og:type\" content=\"article\" \/>\n<meta property=\"og:title\" content=\"Cuidado de tu piel: 3 claves que debes conocer antes del verano - Idermic. Dermatolog\u00eda en Terrassa\" \/>\n<meta property=\"og:description\" content=\"3 claves que debes tener en cuenta ahora que se acerca el verano para tu bienestar general y el cuidado de la piel en particular.\" \/>\n<meta property=\"og:url\" content=\"https:\/\/www.idermic.es\/es\/cuidado-de-tu-piel-3-claves-que-debes-conocer-antes-del-verano\/\" \/>\n<meta property=\"og:site_name\" content=\"Idermic. Dermatolog\u00eda en Terrassa\" \/>\n<meta property=\"article:publisher\" content=\"https:\/\/www.facebook.com\/Idermic\" \/>\n<meta property=\"article:published_time\" content=\"2016-05-05T07:22:16+00:00\" \/>\n<meta property=\"article:modified_time\" content=\"2022-05-06T07:13:03+00:00\" \/>\n<meta property=\"og:image\" content=\"https:\/\/www.idermic.es\/wp-content\/uploads\/2020\/06\/cuidado-de-la-piel.jpg\" \/>\n\t<meta property=\"og:image:width\" content=\"480\" \/>\n\t<meta property=\"og:image:height\" content=\"766\" \/>\n\t<meta property=\"og:image:type\" content=\"image\/jpeg\" \/>\n<meta name=\"author\" content=\"Equipo\" \/>\n<meta name=\"twitter:card\" content=\"summary_large_image\" \/>\n<meta name=\"twitter:creator\" content=\"@idermic\" \/>\n<meta name=\"twitter:site\" content=\"@idermic\" \/>\n<meta name=\"twitter:label1\" content=\"Escrito por\" \/>\n\t<meta name=\"twitter:data1\" content=\"Equipo\" \/>\n\t<meta name=\"twitter:label2\" content=\"Tiempo de lectura\" \/>\n\t<meta name=\"twitter:data2\" content=\"2 minutos\" \/>\n<script type=\"application\/ld+json\" class=\"yoast-schema-graph\">{\"@context\":\"https:\\\/\\\/schema.org\",\"@graph\":[{\"@type\":\"Article\",\"@id\":\"https:\\\/\\\/www.idermic.es\\\/es\\\/cuidado-de-tu-piel-3-claves-que-debes-conocer-antes-del-verano\\\/#article\",\"isPartOf\":{\"@id\":\"https:\\\/\\\/www.idermic.es\\\/es\\\/cuidado-de-tu-piel-3-claves-que-debes-conocer-antes-del-verano\\\/\"},\"author\":{\"name\":\"Equipo\",\"@id\":\"https:\\\/\\\/www.idermic.es\\\/#\\\/schema\\\/person\\\/c12703027a878b23d3c71c87921a82f8\"},\"headline\":\"Cuidado de tu piel: 3 claves que debes conocer antes del verano\",\"datePublished\":\"2016-05-05T07:22:16+00:00\",\"dateModified\":\"2022-05-06T07:13:03+00:00\",\"mainEntityOfPage\":{\"@id\":\"https:\\\/\\\/www.idermic.es\\\/es\\\/cuidado-de-tu-piel-3-claves-que-debes-conocer-antes-del-verano\\\/\"},\"wordCount\":568,\"commentCount\":0,\"publisher\":{\"@id\":\"https:\\\/\\\/www.idermic.es\\\/#organization\"},\"image\":{\"@id\":\"https:\\\/\\\/www.idermic.es\\\/es\\\/cuidado-de-tu-piel-3-claves-que-debes-conocer-antes-del-verano\\\/#primaryimage\"},\"thumbnailUrl\":\"https:\\\/\\\/www.idermic.es\\\/wp-content\\\/uploads\\\/2020\\\/06\\\/cuidado-de-la-piel.jpg\",\"keywords\":[\"celulitis\",\"exposici\u00f3n solar\",\"pecas\",\"piel\",\"sol\",\"sudor\",\"verano\"],\"articleSection\":[\"Dermatolog\u00eda\"],\"inLanguage\":\"es\",\"potentialAction\":[{\"@type\":\"CommentAction\",\"name\":\"Comment\",\"target\":[\"https:\\\/\\\/www.idermic.es\\\/es\\\/cuidado-de-tu-piel-3-claves-que-debes-conocer-antes-del-verano\\\/#respond\"]}]},{\"@type\":\"WebPage\",\"@id\":\"https:\\\/\\\/www.idermic.es\\\/es\\\/cuidado-de-tu-piel-3-claves-que-debes-conocer-antes-del-verano\\\/\",\"url\":\"https:\\\/\\\/www.idermic.es\\\/es\\\/cuidado-de-tu-piel-3-claves-que-debes-conocer-antes-del-verano\\\/\",\"name\":\"Cuidado de tu piel: 3 claves que debes conocer antes del verano - Idermic. Dermatolog\u00eda en Terrassa\",\"isPartOf\":{\"@id\":\"https:\\\/\\\/www.idermic.es\\\/#website\"},\"primaryImageOfPage\":{\"@id\":\"https:\\\/\\\/www.idermic.es\\\/es\\\/cuidado-de-tu-piel-3-claves-que-debes-conocer-antes-del-verano\\\/#primaryimage\"},\"image\":{\"@id\":\"https:\\\/\\\/www.idermic.es\\\/es\\\/cuidado-de-tu-piel-3-claves-que-debes-conocer-antes-del-verano\\\/#primaryimage\"},\"thumbnailUrl\":\"https:\\\/\\\/www.idermic.es\\\/wp-content\\\/uploads\\\/2020\\\/06\\\/cuidado-de-la-piel.jpg\",\"datePublished\":\"2016-05-05T07:22:16+00:00\",\"dateModified\":\"2022-05-06T07:13:03+00:00\",\"description\":\"3 claves que debes tener en cuenta ahora que se acerca el verano para tu bienestar general y el cuidado de la piel en particular.\",\"breadcrumb\":{\"@id\":\"https:\\\/\\\/www.idermic.es\\\/es\\\/cuidado-de-tu-piel-3-claves-que-debes-conocer-antes-del-verano\\\/#breadcrumb\"},\"inLanguage\":\"es\",\"potentialAction\":[{\"@type\":\"ReadAction\",\"target\":[\"https:\\\/\\\/www.idermic.es\\\/es\\\/cuidado-de-tu-piel-3-claves-que-debes-conocer-antes-del-verano\\\/\"]}]},{\"@type\":\"ImageObject\",\"inLanguage\":\"es\",\"@id\":\"https:\\\/\\\/www.idermic.es\\\/es\\\/cuidado-de-tu-piel-3-claves-que-debes-conocer-antes-del-verano\\\/#primaryimage\",\"url\":\"https:\\\/\\\/www.idermic.es\\\/wp-content\\\/uploads\\\/2020\\\/06\\\/cuidado-de-la-piel.jpg\",\"contentUrl\":\"https:\\\/\\\/www.idermic.es\\\/wp-content\\\/uploads\\\/2020\\\/06\\\/cuidado-de-la-piel.jpg\",\"width\":480,\"height\":766,\"caption\":\"Cuidado de la piel antes del verano\"},{\"@type\":\"BreadcrumbList\",\"@id\":\"https:\\\/\\\/www.idermic.es\\\/es\\\/cuidado-de-tu-piel-3-claves-que-debes-conocer-antes-del-verano\\\/#breadcrumb\",\"itemListElement\":[{\"@type\":\"ListItem\",\"position\":1,\"name\":\"Inici\",\"item\":\"https:\\\/\\\/www.idermic.es\\\/es\\\/\"},{\"@type\":\"ListItem\",\"position\":2,\"name\":\"Cuidado de tu piel: 3 claves que debes conocer antes del verano\"}]},{\"@type\":\"WebSite\",\"@id\":\"https:\\\/\\\/www.idermic.es\\\/#website\",\"url\":\"https:\\\/\\\/www.idermic.es\\\/\",\"name\":\"Idermic. Dermatolog\u00eda en Terrassa\",\"description\":\"Dermatolog\u00eda, Medicina est\u00e9tica, Cirurg\u00eda Pl\u00e0stica\",\"publisher\":{\"@id\":\"https:\\\/\\\/www.idermic.es\\\/#organization\"},\"potentialAction\":[{\"@type\":\"SearchAction\",\"target\":{\"@type\":\"EntryPoint\",\"urlTemplate\":\"https:\\\/\\\/www.idermic.es\\\/?s={search_term_string}\"},\"query-input\":{\"@type\":\"PropertyValueSpecification\",\"valueRequired\":true,\"valueName\":\"search_term_string\"}}],\"inLanguage\":\"es\"},{\"@type\":\"Organization\",\"@id\":\"https:\\\/\\\/www.idermic.es\\\/#organization\",\"name\":\"Idermic. Dermatolog\u00eda en Terrassa\",\"url\":\"https:\\\/\\\/www.idermic.es\\\/\",\"logo\":{\"@type\":\"ImageObject\",\"inLanguage\":\"es\",\"@id\":\"https:\\\/\\\/www.idermic.es\\\/#\\\/schema\\\/logo\\\/image\\\/\",\"url\":\"https:\\\/\\\/www.idermic.es\\\/wp-content\\\/uploads\\\/2025\\\/10\\\/Logo-Idermic.jpg\",\"contentUrl\":\"https:\\\/\\\/www.idermic.es\\\/wp-content\\\/uploads\\\/2025\\\/10\\\/Logo-Idermic.jpg\",\"width\":501,\"height\":502,\"caption\":\"Idermic. Dermatolog\u00eda en Terrassa\"},\"image\":{\"@id\":\"https:\\\/\\\/www.idermic.es\\\/#\\\/schema\\\/logo\\\/image\\\/\"},\"sameAs\":[\"https:\\\/\\\/www.facebook.com\\\/Idermic\",\"https:\\\/\\\/x.com\\\/idermic\",\"https:\\\/\\\/www.instagram.com\\\/idermicclinic\\\/\",\"https:\\\/\\\/www.youtube.com\\\/channel\\\/UCyAHC9-p8lc6hr_nguO8p_g\"]},{\"@type\":\"Person\",\"@id\":\"https:\\\/\\\/www.idermic.es\\\/#\\\/schema\\\/person\\\/c12703027a878b23d3c71c87921a82f8\",\"name\":\"Equipo\",\"image\":{\"@type\":\"ImageObject\",\"inLanguage\":\"es\",\"@id\":\"https:\\\/\\\/secure.gravatar.com\\\/avatar\\\/7ca0be23248108c6b0887e0693b7dcf7764bd3503f84d1f04e6653ef7c3b9420?s=96&d=mm&r=g\",\"url\":\"https:\\\/\\\/secure.gravatar.com\\\/avatar\\\/7ca0be23248108c6b0887e0693b7dcf7764bd3503f84d1f04e6653ef7c3b9420?s=96&d=mm&r=g\",\"contentUrl\":\"https:\\\/\\\/secure.gravatar.com\\\/avatar\\\/7ca0be23248108c6b0887e0693b7dcf7764bd3503f84d1f04e6653ef7c3b9420?s=96&d=mm&r=g\",\"caption\":\"Equipo\"},\"description\":\"Equipo de Idermic\"}]}<\/script>\n<!-- \/ Yoast SEO plugin. -->","yoast_head_json":{"title":"Cuidado de tu piel: 3 claves que debes conocer antes del verano - Idermic. Dermatolog\u00eda en Terrassa","description":"3 claves que debes tener en cuenta ahora que se acerca el verano para tu bienestar general y el cuidado de la piel en particular.","robots":{"index":"index","follow":"follow","max-snippet":"max-snippet:-1","max-image-preview":"max-image-preview:large","max-video-preview":"max-video-preview:-1"},"canonical":"https:\/\/www.idermic.es\/es\/cuidado-de-tu-piel-3-claves-que-debes-conocer-antes-del-verano\/","og_locale":"es_ES","og_type":"article","og_title":"Cuidado de tu piel: 3 claves que debes conocer antes del verano - Idermic. Dermatolog\u00eda en Terrassa","og_description":"3 claves que debes tener en cuenta ahora que se acerca el verano para tu bienestar general y el cuidado de la piel en particular.","og_url":"https:\/\/www.idermic.es\/es\/cuidado-de-tu-piel-3-claves-que-debes-conocer-antes-del-verano\/","og_site_name":"Idermic. Dermatolog\u00eda en Terrassa","article_publisher":"https:\/\/www.facebook.com\/Idermic","article_published_time":"2016-05-05T07:22:16+00:00","article_modified_time":"2022-05-06T07:13:03+00:00","og_image":[{"width":480,"height":766,"url":"https:\/\/www.idermic.es\/wp-content\/uploads\/2020\/06\/cuidado-de-la-piel.jpg","type":"image\/jpeg"}],"author":"Equipo","twitter_card":"summary_large_image","twitter_creator":"@idermic","twitter_site":"@idermic","twitter_misc":{"Escrito por":"Equipo","Tiempo de lectura":"2 minutos"},"schema":{"@context":"https:\/\/schema.org","@graph":[{"@type":"Article","@id":"https:\/\/www.idermic.es\/es\/cuidado-de-tu-piel-3-claves-que-debes-conocer-antes-del-verano\/#article","isPartOf":{"@id":"https:\/\/www.idermic.es\/es\/cuidado-de-tu-piel-3-claves-que-debes-conocer-antes-del-verano\/"},"author":{"name":"Equipo","@id":"https:\/\/www.idermic.es\/#\/schema\/person\/c12703027a878b23d3c71c87921a82f8"},"headline":"Cuidado de tu piel: 3 claves que debes conocer antes del verano","datePublished":"2016-05-05T07:22:16+00:00","dateModified":"2022-05-06T07:13:03+00:00","mainEntityOfPage":{"@id":"https:\/\/www.idermic.es\/es\/cuidado-de-tu-piel-3-claves-que-debes-conocer-antes-del-verano\/"},"wordCount":568,"commentCount":0,"publisher":{"@id":"https:\/\/www.idermic.es\/#organization"},"image":{"@id":"https:\/\/www.idermic.es\/es\/cuidado-de-tu-piel-3-claves-que-debes-conocer-antes-del-verano\/#primaryimage"},"thumbnailUrl":"https:\/\/www.idermic.es\/wp-content\/uploads\/2020\/06\/cuidado-de-la-piel.jpg","keywords":["celulitis","exposici\u00f3n solar","pecas","piel","sol","sudor","verano"],"articleSection":["Dermatolog\u00eda"],"inLanguage":"es","potentialAction":[{"@type":"CommentAction","name":"Comment","target":["https:\/\/www.idermic.es\/es\/cuidado-de-tu-piel-3-claves-que-debes-conocer-antes-del-verano\/#respond"]}]},{"@type":"WebPage","@id":"https:\/\/www.idermic.es\/es\/cuidado-de-tu-piel-3-claves-que-debes-conocer-antes-del-verano\/","url":"https:\/\/www.idermic.es\/es\/cuidado-de-tu-piel-3-claves-que-debes-conocer-antes-del-verano\/","name":"Cuidado de tu piel: 3 claves que debes conocer antes del verano - Idermic. Dermatolog\u00eda en Terrassa","isPartOf":{"@id":"https:\/\/www.idermic.es\/#website"},"primaryImageOfPage":{"@id":"https:\/\/www.idermic.es\/es\/cuidado-de-tu-piel-3-claves-que-debes-conocer-antes-del-verano\/#primaryimage"},"image":{"@id":"https:\/\/www.idermic.es\/es\/cuidado-de-tu-piel-3-claves-que-debes-conocer-antes-del-verano\/#primaryimage"},"thumbnailUrl":"https:\/\/www.idermic.es\/wp-content\/uploads\/2020\/06\/cuidado-de-la-piel.jpg","datePublished":"2016-05-05T07:22:16+00:00","dateModified":"2022-05-06T07:13:03+00:00","description":"3 claves que debes tener en cuenta ahora que se acerca el verano para tu bienestar general y el cuidado de la piel en particular.","breadcrumb":{"@id":"https:\/\/www.idermic.es\/es\/cuidado-de-tu-piel-3-claves-que-debes-conocer-antes-del-verano\/#breadcrumb"},"inLanguage":"es","potentialAction":[{"@type":"ReadAction","target":["https:\/\/www.idermic.es\/es\/cuidado-de-tu-piel-3-claves-que-debes-conocer-antes-del-verano\/"]}]},{"@type":"ImageObject","inLanguage":"es","@id":"https:\/\/www.idermic.es\/es\/cuidado-de-tu-piel-3-claves-que-debes-conocer-antes-del-verano\/#primaryimage","url":"https:\/\/www.idermic.es\/wp-content\/uploads\/2020\/06\/cuidado-de-la-piel.jpg","contentUrl":"https:\/\/www.idermic.es\/wp-content\/uploads\/2020\/06\/cuidado-de-la-piel.jpg","width":480,"height":766,"caption":"Cuidado de la piel antes del verano"},{"@type":"BreadcrumbList","@id":"https:\/\/www.idermic.es\/es\/cuidado-de-tu-piel-3-claves-que-debes-conocer-antes-del-verano\/#breadcrumb","itemListElement":[{"@type":"ListItem","position":1,"name":"Inici","item":"https:\/\/www.idermic.es\/es\/"},{"@type":"ListItem","position":2,"name":"Cuidado de tu piel: 3 claves que debes conocer antes del verano"}]},{"@type":"WebSite","@id":"https:\/\/www.idermic.es\/#website","url":"https:\/\/www.idermic.es\/","name":"Idermic. Dermatolog\u00eda en Terrassa","description":"Dermatolog\u00eda, Medicina est\u00e9tica, Cirurg\u00eda Pl\u00e0stica","publisher":{"@id":"https:\/\/www.idermic.es\/#organization"},"potentialAction":[{"@type":"SearchAction","target":{"@type":"EntryPoint","urlTemplate":"https:\/\/www.idermic.es\/?s={search_term_string}"},"query-input":{"@type":"PropertyValueSpecification","valueRequired":true,"valueName":"search_term_string"}}],"inLanguage":"es"},{"@type":"Organization","@id":"https:\/\/www.idermic.es\/#organization","name":"Idermic. Dermatolog\u00eda en Terrassa","url":"https:\/\/www.idermic.es\/","logo":{"@type":"ImageObject","inLanguage":"es","@id":"https:\/\/www.idermic.es\/#\/schema\/logo\/image\/","url":"https:\/\/www.idermic.es\/wp-content\/uploads\/2025\/10\/Logo-Idermic.jpg","contentUrl":"https:\/\/www.idermic.es\/wp-content\/uploads\/2025\/10\/Logo-Idermic.jpg","width":501,"height":502,"caption":"Idermic. Dermatolog\u00eda en Terrassa"},"image":{"@id":"https:\/\/www.idermic.es\/#\/schema\/logo\/image\/"},"sameAs":["https:\/\/www.facebook.com\/Idermic","https:\/\/x.com\/idermic","https:\/\/www.instagram.com\/idermicclinic\/","https:\/\/www.youtube.com\/channel\/UCyAHC9-p8lc6hr_nguO8p_g"]},{"@type":"Person","@id":"https:\/\/www.idermic.es\/#\/schema\/person\/c12703027a878b23d3c71c87921a82f8","name":"Equipo","image":{"@type":"ImageObject","inLanguage":"es","@id":"https:\/\/secure.gravatar.com\/avatar\/7ca0be23248108c6b0887e0693b7dcf7764bd3503f84d1f04e6653ef7c3b9420?s=96&d=mm&r=g","url":"https:\/\/secure.gravatar.com\/avatar\/7ca0be23248108c6b0887e0693b7dcf7764bd3503f84d1f04e6653ef7c3b9420?s=96&d=mm&r=g","contentUrl":"https:\/\/secure.gravatar.com\/avatar\/7ca0be23248108c6b0887e0693b7dcf7764bd3503f84d1f04e6653ef7c3b9420?s=96&d=mm&r=g","caption":"Equipo"},"description":"Equipo de Idermic"}]}},"_links":{"self":[{"href":"https:\/\/www.idermic.es\/es\/wp-json\/wp\/v2\/posts\/2429","targetHints":{"allow":["GET"]}}],"collection":[{"href":"https:\/\/www.idermic.es\/es\/wp-json\/wp\/v2\/posts"}],"about":[{"href":"https:\/\/www.idermic.es\/es\/wp-json\/wp\/v2\/types\/post"}],"author":[{"embeddable":true,"href":"https:\/\/www.idermic.es\/es\/wp-json\/wp\/v2\/users\/3"}],"replies":[{"embeddable":true,"href":"https:\/\/www.idermic.es\/es\/wp-json\/wp\/v2\/comments?post=2429"}],"version-history":[{"count":5,"href":"https:\/\/www.idermic.es\/es\/wp-json\/wp\/v2\/posts\/2429\/revisions"}],"predecessor-version":[{"id":4812,"href":"https:\/\/www.idermic.es\/es\/wp-json\/wp\/v2\/posts\/2429\/revisions\/4812"}],"wp:featuredmedia":[{"embeddable":true,"href":"https:\/\/www.idermic.es\/es\/wp-json\/wp\/v2\/media\/2431"}],"wp:attachment":[{"href":"https:\/\/www.idermic.es\/es\/wp-json\/wp\/v2\/media?parent=2429"}],"wp:term":[{"taxonomy":"category","embeddable":true,"href":"https:\/\/www.idermic.es\/es\/wp-json\/wp\/v2\/categories?post=2429"},{"taxonomy":"post_tag","embeddable":true,"href":"https:\/\/www.idermic.es\/es\/wp-json\/wp\/v2\/tags?post=2429"}],"curies":[{"name":"wp","href":"https:\/\/api.w.org\/{rel}","templated":true}]}}