{"id":2415,"date":"2017-01-13T17:01:17","date_gmt":"2017-01-13T17:01:17","guid":{"rendered":"https:\/\/www.idermic.es\/?p=2415"},"modified":"2025-11-21T12:56:27","modified_gmt":"2025-11-21T12:56:27","slug":"que-es-el-melanoma","status":"publish","type":"post","link":"https:\/\/www.idermic.es\/es\/que-es-el-melanoma\/","title":{"rendered":"Melanoma"},"content":{"rendered":"<p><div class=\"fusion-fullwidth fullwidth-box fusion-builder-row-1 nonhundred-percent-fullwidth non-hundred-percent-height-scrolling\" style=\"--awb-border-radius-top-left:0px;--awb-border-radius-top-right:0px;--awb-border-radius-bottom-right:0px;--awb-border-radius-bottom-left:0px;--awb-margin-top:32px;--awb-margin-bottom:32px;--awb-flex-wrap:wrap;\" ><div class=\"fusion-builder-row fusion-row\"><div class=\"fusion-layout-column fusion_builder_column fusion-builder-column-0 fusion_builder_column_1_1 1_1 fusion-one-full fusion-column-first fusion-column-last\" style=\"--awb-bg-size:cover;\"><div class=\"fusion-column-wrapper fusion-flex-column-wrapper-legacy\"><div class=\"fusion-text fusion-text-1\"><h2><span style=\"vertical-align: inherit;\"><span style=\"vertical-align: inherit;\">Qu\u00e9 es el melanoma<\/span><\/span><\/h2>\n<\/div><div class=\"fusion-text fusion-text-2\"><p><span data-contrast=\"auto\">El\u00a0<\/span><b><span data-contrast=\"auto\"><a href=\"https:\/\/www.idermic.es\/es\/enfermedades-dermatologicas\/#melanoma\">melanoma<\/a> maligno (MM)\u00a0<\/span><\/b><span data-contrast=\"auto\">es el\u00a0<\/span><a href=\"https:\/\/www.sanibook.net\/diccionario-del-dolor\/?abitem_id=88\"><b><span data-contrast=\"auto\">c\u00e1ncer de piel<\/span><\/b><\/a><span data-contrast=\"auto\">\u00a0m\u00e1s grave que existe.\u00a0 La dermat\u00f3loga\u00a0<\/span><a href=\"https:\/\/www.idermic.es\/es\/equipo-humano\/cv-de-dra-marta-vilavella-i-rius\/\"><b><span data-contrast=\"auto\">Marta Vilavella<\/span><\/b><\/a><span data-contrast=\"auto\">\u00a0del Centre\u00a0<\/span><span data-contrast=\"auto\">Idermic<\/span><span data-contrast=\"auto\">\u00a0de\u00a0<\/span><b><span data-contrast=\"auto\">Terrassa<\/span><\/b><span data-contrast=\"auto\">, nos explica con detalle este tipo de c\u00e1ncer, como se puede prevenir y\u00a0<\/span><span data-contrast=\"auto\">cual<\/span><span data-contrast=\"auto\">\u00a0es su tratamiento. Es un\u00a0<\/span><b><span data-contrast=\"auto\">c\u00e1ncer<\/span><\/b><span data-contrast=\"auto\">\u00a0que puede invadir los tejidos cercanos y diseminarse en otros lugares del cuerpo. Una vez desarrolladas met\u00e1stasis a distancia, el MM es una enfermedad muy dif\u00edcil de tratar, resistente a los tratamientos antineopl\u00e1sicos convencionales como la radioterapia o la quimioterapia. Afecta a personas j\u00f3venes y cada vez se diagnostican m\u00e1s casos cada a\u00f1o. Por todos estos motivos, la prevenci\u00f3n y el diagn\u00f3stico precoz del MM y la detecci\u00f3n y control de los individuos con alto riesgo de desarrollarlo resultan fundamental<\/span><span data-ccp-props=\"{\">\u00a0<\/span><\/p>\n<h3 aria-level=\"2\"><span data-contrast=\"none\">Cu\u00e1les son los factores de riesgo para desarrollar MM<\/span><span data-ccp-props=\"{\">\u00a0<\/span><\/h3>\n<p><span data-contrast=\"auto\">Como la mayor\u00eda de los tumores, el\u00a0<\/span><b><span data-contrast=\"auto\">melanoma maligno\u00a0<\/span><\/b><span data-contrast=\"auto\">se desarrolla cuando una serie de\u00a0<\/span><b><span data-contrast=\"auto\">factores carcin\u00f3genos<\/span><\/b><span data-contrast=\"auto\">\u00a0act\u00faan sobre un individuo que presenta susceptibilidad frente a este tipo de c\u00e1ncer, ya sea constitucional y\/o hereditaria. Estos son algunos de los\u00a0<\/span><b><span data-contrast=\"auto\">factores de riesgo<\/span><\/b><span data-contrast=\"auto\">:\u00a0<\/span><span data-ccp-props=\"{\">\u00a0<\/span><\/p>\n<ul>\n<li data-leveltext=\"\uf0b7\" data-font=\"Symbol\" data-listid=\"1\" aria-setsize=\"-1\" data-aria-posinset=\"1\" data-aria-level=\"1\"><span data-contrast=\"auto\">Ser de raza blanca y\/o tener la piel clara con las estas caracter\u00edsticas:\u00a0<\/span><span data-ccp-props=\"{\">\u00a0<\/span><\/li>\n<\/ul>\n<ul>\n<li data-leveltext=\"o\" data-font=\"Courier New\" data-listid=\"1\" aria-setsize=\"-1\" data-aria-posinset=\"1\" data-aria-level=\"2\"><span data-contrast=\"auto\">Piel clara que se pone pecosa y se quema f\u00e1cilmente, no se broncea o se broncea mal.<\/span><span data-ccp-props=\"{\">\u00a0<\/span><\/li>\n<li data-leveltext=\"o\" data-font=\"Courier New\" data-listid=\"1\" aria-setsize=\"-1\" data-aria-posinset=\"2\" data-aria-level=\"2\"><span data-contrast=\"auto\">Color de ojos azul, verde o de color claro.<\/span><span data-ccp-props=\"{\">\u00a0<\/span><\/li>\n<li data-leveltext=\"o\" data-font=\"Courier New\" data-listid=\"1\" aria-setsize=\"-1\" data-aria-posinset=\"3\" data-aria-level=\"2\"><span data-contrast=\"auto\">Tener el pelo rubio o pelirrojo.<\/span><span data-ccp-props=\"{\">\u00a0<\/span><\/li>\n<\/ul>\n<ul>\n<li data-leveltext=\"\uf0b7\" data-font=\"Symbol\" data-listid=\"1\" aria-setsize=\"-1\" data-aria-posinset=\"1\" data-aria-level=\"1\"><span data-contrast=\"auto\">Exponerse durante periodos largos de tiempo a<\/span><b><span data-contrast=\"auto\">\u00a0luz solar<\/span><\/b><span data-contrast=\"auto\">\u00a0<\/span><b><span data-contrast=\"auto\">natural<\/span><\/b><span data-ccp-props=\"{\">\u00a0<\/span><\/li>\n<li data-leveltext=\"\uf0b7\" data-font=\"Symbol\" data-listid=\"1\" aria-setsize=\"-1\" data-aria-posinset=\"2\" data-aria-level=\"1\"><span data-contrast=\"auto\">Haber tenido antecedentes de\u00a0<\/span><b><span data-contrast=\"auto\">quemaduras de sol<\/span><\/b><span data-contrast=\"auto\">\u00a0con ampollas sobre todo en la ni\u00f1ez o la adolescencia.<\/span><span data-ccp-props=\"{\">\u00a0<\/span><\/li>\n<li data-leveltext=\"\uf0b7\" data-font=\"Symbol\" data-listid=\"1\" aria-setsize=\"-1\" data-aria-posinset=\"3\" data-aria-level=\"1\"><span data-contrast=\"auto\">Exponerse a la\u00a0<\/span><b><span data-contrast=\"auto\">luz solar artificial<\/span><\/b><span data-contrast=\"auto\">\u00a0como la de las\u00a0<\/span><b><span data-contrast=\"auto\">c\u00e1maras de bronceado<\/span><\/b><span data-ccp-props=\"{\">\u00a0<\/span><\/li>\n<li data-leveltext=\"\uf0b7\" data-font=\"Symbol\" data-listid=\"1\" aria-setsize=\"-1\" data-aria-posinset=\"4\" data-aria-level=\"1\"><span data-contrast=\"auto\">Estar expuesto a ciertos factores en el ambiente como son la\u00a0<\/span><b><span data-contrast=\"auto\">radiaci\u00f3n<\/span><\/b><span data-contrast=\"auto\">, los\u00a0<\/span><b><span data-contrast=\"auto\">solventes<\/span><\/b><span data-contrast=\"auto\">\u00a0y el\u00a0<\/span><b><span data-contrast=\"auto\">cloruro vin\u00edlico<\/span><\/b><span data-ccp-props=\"{\">\u00a0<\/span><\/li>\n<li data-leveltext=\"\uf0b7\" data-font=\"Symbol\" data-listid=\"1\" aria-setsize=\"-1\" data-aria-posinset=\"5\" data-aria-level=\"1\"><span data-contrast=\"auto\">Tener muchos\u00a0<\/span><b><span data-contrast=\"auto\">lunares<\/span><\/b><span data-contrast=\"auto\">\u00a0en el cuerpo<\/span><span data-ccp-props=\"{\">\u00a0<\/span><\/li>\n<\/ul>\n<ul>\n<li data-leveltext=\"\uf0b7\" data-font=\"Symbol\" data-listid=\"1\" aria-setsize=\"-1\" data-aria-posinset=\"1\" data-aria-level=\"1\"><span data-contrast=\"auto\">Tener\u00a0<\/span><b><span data-contrast=\"auto\">antecedentes familiares<\/span><\/b><span data-contrast=\"auto\">\u00a0de\u00a0<\/span><b><span data-contrast=\"auto\">lunares anormales<\/span><\/b><span data-contrast=\"auto\">, tambi\u00e9n conocido como\u00a0<\/span><b><span data-contrast=\"auto\">s\u00edndrome de lunar at\u00edpico<\/span><\/b><span data-contrast=\"auto\">\u00a0o antecedentes familiares o personales de\u00a0<\/span><b><span data-contrast=\"auto\">melanoma<\/span><\/b><span data-contrast=\"auto\">.<\/span><span data-ccp-props=\"{\">\u00a0<\/span><\/li>\n<li data-leveltext=\"\uf0b7\" data-font=\"Symbol\" data-listid=\"1\" aria-setsize=\"-1\" data-aria-posinset=\"2\" data-aria-level=\"1\"><span data-contrast=\"auto\">Tener debilitado el\u00a0<\/span><b><span data-contrast=\"auto\">sistema inmunitario<\/span><\/b><span data-contrast=\"auto\">, lo que se conoce como estar \u201c<\/span><b><span data-contrast=\"auto\">bajo de defensas<\/span><\/b><span data-contrast=\"auto\">\u201d.<\/span><span data-ccp-props=\"{\">\u00a0<\/span><\/li>\n<li data-leveltext=\"\uf0b7\" data-font=\"Symbol\" data-listid=\"1\" aria-setsize=\"-1\" data-aria-posinset=\"3\" data-aria-level=\"1\"><span data-contrast=\"auto\">Tener ciertos cambios en los genes que se relacionan con el\u00a0<\/span><b><span data-contrast=\"auto\">melanoma<\/span><\/b><span data-contrast=\"auto\">.<\/span><span data-ccp-props=\"{\">\u00a0<\/span><\/li>\n<\/ul>\n<h3 aria-level=\"2\"><span data-contrast=\"none\">C\u00f3mo se diagnostica el\u00a0<\/span><b><span data-contrast=\"none\">melanoma maligno<\/span><\/b><span data-ccp-props=\"{\">\u00a0<\/span><\/h3>\n<p><span data-contrast=\"auto\">El diagn\u00f3stico se realiza por la cl\u00ednica y se confirma con la biopsia cut\u00e1nea. Con frecuencia el primer signo que nos indica la presencia del\u00a0<\/span><b><span data-contrast=\"auto\">melanoma\u00a0<\/span><\/b><span data-contrast=\"auto\">es un cambio de tama\u00f1o, forma, color o textura de un\u00a0<\/span><b><span data-contrast=\"auto\">lunar<\/span><\/b><span data-contrast=\"auto\">. La mayor\u00eda de estos\u00a0<\/span><b><span data-contrast=\"auto\">lunares\u00a0<\/span><\/b><span data-contrast=\"auto\">tienen un\u00a0<\/span><b><span data-contrast=\"auto\">\u00e1rea negra<\/span><\/b><span data-contrast=\"auto\">\u00a0o\u00a0<\/span><b><span data-contrast=\"auto\">negra azulada<\/span><\/b><span data-contrast=\"auto\">. Tambi\u00e9n puede aparecer como un\u00a0<\/span><b><span data-contrast=\"auto\">lunar nuevo<\/span><\/b><span data-contrast=\"auto\">. Una regla nemot\u00e9cnica que utilizan los\u00a0<\/span><b><span data-contrast=\"auto\">dermat\u00f3logos<\/span><\/b><span data-contrast=\"auto\">\u00a0para ense\u00f1ar al paciente\u00a0a\u00a0 detectar\u00a0<\/span><b><span data-contrast=\"auto\">melanomas<\/span><\/b><span data-contrast=\"auto\">\u00a0o posibles\u00a0<\/span><b><span data-contrast=\"auto\">lunares sospechosos<\/span><\/b><span data-contrast=\"auto\">\u00a0es recordar las letras \u00abABCDE\u00bb:\u00a0<\/span><span data-ccp-props=\"{\">\u00a0<\/span><\/p>\n<ul>\n<li data-leveltext=\"\uf0b7\" data-font=\"Symbol\" data-listid=\"1\" aria-setsize=\"-1\" data-aria-posinset=\"1\" data-aria-level=\"1\"><b><span data-contrast=\"auto\">Asimetr\u00eda<\/span><\/b><span data-contrast=\"auto\">: una mitad es diferente de la otra<\/span><span data-ccp-props=\"{\">\u00a0<\/span><\/li>\n<li data-leveltext=\"\uf0b7\" data-font=\"Symbol\" data-listid=\"1\" aria-setsize=\"-1\" data-aria-posinset=\"2\" data-aria-level=\"1\"><b><span data-contrast=\"auto\">Bordes<\/span><\/b><span data-contrast=\"auto\">: los bordes borrosos o irregulares<\/span><span data-ccp-props=\"{\">\u00a0<\/span><\/li>\n<li data-leveltext=\"\uf0b7\" data-font=\"Symbol\" data-listid=\"1\" aria-setsize=\"-1\" data-aria-posinset=\"3\" data-aria-level=\"1\"><b><span data-contrast=\"auto\">Color<\/span><\/b><span data-contrast=\"auto\">: el color es variable y puede incluir tonalidades negras, caf\u00e9s y canela<\/span><span data-ccp-props=\"{\">\u00a0<\/span><\/li>\n<li data-leveltext=\"\uf0b7\" data-font=\"Symbol\" data-listid=\"1\" aria-setsize=\"-1\" data-aria-posinset=\"4\" data-aria-level=\"1\"><b><span data-contrast=\"auto\">Di\u00e1metro<\/span><\/b><span data-contrast=\"auto\">: hay cambios en el tama\u00f1o, normalmente se vuelven m\u00e1s grandes.<\/span><span data-ccp-props=\"{\">\u00a0<\/span><\/li>\n<li data-leveltext=\"\uf0b7\" data-font=\"Symbol\" data-listid=\"1\" aria-setsize=\"-1\" data-aria-posinset=\"5\" data-aria-level=\"1\"><b><span data-contrast=\"auto\">Evoluci\u00f3n<\/span><\/b><span data-contrast=\"auto\">: se producen cambios en el lunar<\/span><span data-ccp-props=\"{\">\u00a0<\/span><\/li>\n<\/ul>\n<h3 aria-level=\"2\"><span data-contrast=\"none\">D\u00f3nde puede aparecer<\/span><span data-ccp-props=\"{\">\u00a0<\/span><\/h3>\n<p><span data-contrast=\"auto\">El\u00a0<\/span><b><span data-contrast=\"auto\">melanoma<\/span><\/b><span data-contrast=\"auto\">\u00a0puede aparecer en cualquier parte del tegumento cut\u00e1neo e incluso en mucosas. La localizaci\u00f3n del mismo puede diferir seg\u00fan el sexo, as\u00ed en los hombres, se encuentra m\u00e1s frecuentemente el tronco, en la cabeza y en el cuello. En las mujeres se forma con mayor frecuencia en los brazos y las piernas.\u00a0<\/span><span data-ccp-props=\"{\">\u00a0<\/span><\/p>\n<h3 aria-level=\"2\"><span data-contrast=\"none\">C\u00f3mo se trata<\/span><span data-ccp-props=\"{\">\u00a0<\/span><\/h3>\n<p><span data-contrast=\"auto\">El\u00a0<\/span><b><span data-contrast=\"auto\">MM<\/span><\/b><span data-contrast=\"auto\">\u00a0es un\u00a0<\/span><b><span data-contrast=\"auto\">tumor<\/span><\/b><span data-contrast=\"auto\">\u00a0de\u00a0<\/span><b><span data-contrast=\"auto\">tratamiento quir\u00fargico<\/span><\/b><span data-contrast=\"auto\">. Es\u00a0decir\u00a0en casi todos los casos se\u00a0realitzar\u00e0\u00a0<\/span><b><span data-contrast=\"auto\">extirpaci\u00f3n del tumor<\/span><\/b><span data-contrast=\"auto\">. Se realiza con una escisi\u00f3n local amplia para extirpar el\u00a0<\/span><b><span data-contrast=\"auto\">melanoma<\/span><\/b><span data-contrast=\"auto\">\u00a0y parte del tejido normal que lo rodea. Dependiendo del grosor del MM (de lo profundo que est\u00e9 en la piel) se proceder\u00e1 a realizar otras t\u00e9cnicas y se necesitar\u00e1n\u00a0<\/span><b><span data-contrast=\"auto\">tratamientos inmunitarios<\/span><\/b><span data-contrast=\"auto\">. En la actualidad se est\u00e1n desarrollando diferentes f\u00e1rmacos y nuevas mol\u00e9culas para bloquear diferentes dianas de las\u00a0<\/span><b><span data-contrast=\"auto\">c\u00e9lulas tumorale<\/span><\/b><span data-contrast=\"auto\">s para impedir la progresi\u00f3n del tumor con resultados esperanzadores.\u00a0<\/span><span data-ccp-props=\"{\">\u00a0<\/span><\/p>\n<h3 aria-level=\"2\"><span data-contrast=\"none\">C\u00f3mo se puede evitar<\/span><span data-ccp-props=\"{\">\u00a0<\/span><\/h3>\n<p><span data-contrast=\"auto\">No todos los\u00a0<\/span><b><span data-contrast=\"auto\">melanomas<\/span><\/b><span data-contrast=\"auto\">\u00a0se pueden prevenir, pero hay medidas que se pueden tomar para disminuir su riesgo. La forma m\u00e1s importante de reducir el\u00a0<\/span><b><span data-contrast=\"auto\">riesgo de melanoma<\/span><\/b><span data-contrast=\"auto\">\u00a0es protegerse de la exposici\u00f3n a los\u00a0<\/span><b><span data-contrast=\"auto\">rayos UV<\/span><\/b><span data-contrast=\"auto\">, es decir evitar las\u00a0<\/span><b><span data-contrast=\"auto\">quemaduras<\/span><\/b><span data-contrast=\"auto\">\u00a0y la\u00a0<\/span><b><span data-contrast=\"auto\">exposici\u00f3n solar<\/span><\/b><span data-contrast=\"auto\">\u00a0persistente. Se insistir\u00e1 en la\u00a0<\/span><b><span data-contrast=\"auto\">fotoprotecci\u00f3n<\/span><\/b><span data-contrast=\"auto\">\u00a0con\u00a0<\/span><b><span data-contrast=\"auto\">filtros solares<\/span><\/b><span data-contrast=\"auto\">\u00a0altos. Otra medida importante a tener en cuenta es la\u00a0<\/span><b><span data-contrast=\"auto\">autoexploraci\u00f3n<\/span><\/b><span data-contrast=\"auto\">. \u00c9sta consiste en\u00a0<\/span><b><span data-contrast=\"auto\">analizarse la piel del cuerpo<\/span><\/b><span data-contrast=\"auto\">\u00a0en busca de posibles<\/span><b><span data-contrast=\"auto\">\u00a0manchas oscuras<\/span><\/b><span data-contrast=\"auto\">\u00a0nuevas o cambios en\u00a0<\/span><b><span data-contrast=\"auto\">lunares<\/span><\/b><span data-contrast=\"auto\">\u00a0preexistentes. Ante tal sospecha se debe consultar r\u00e1pidamente con el especialista. Actualmente los\u00a0<\/span><b><span data-contrast=\"auto\">dermat\u00f3logos<\/span><\/b><span data-contrast=\"auto\">\u00a0utilizamos t\u00e9cnicas de prevenci\u00f3n como el control de lesiones pigmentadas con la\u00a0<\/span><a href=\"https:\/\/es.wikipedia.org\/wiki\/Dermatoscopia\"><b><span data-contrast=\"auto\">dermatoscopia<\/span><\/b><\/a><span data-contrast=\"auto\">\u00a0(tambi\u00e9n denominada\u00a0epiluminiscencia) que nos permiten detectar\u00a0alteraciones precoz\u00a0de los\u00a0<\/span><b><span data-contrast=\"auto\">nevus<\/span><\/b><span data-contrast=\"auto\">\u00a0y descartar su posible malignidad. Hay que tener en cuenta que una detecci\u00f3n precoz permite la<\/span><b><span data-contrast=\"auto\">\u00a0extirpaci\u00f3n quir\u00fargica<\/span><\/b><span data-contrast=\"auto\">\u00a0de la pr\u00e1ctica totalidad de los\u00a0<\/span><b><span data-contrast=\"auto\">melanomas<\/span><\/b><span data-contrast=\"auto\">.\u00a0<\/span><span data-ccp-props=\"{\">\u00a0<\/span><\/p>\n<\/div><div class=\"fusion-clearfix\"><\/div><\/div><\/div><\/div><\/div><div class=\"fusion-fullwidth fullwidth-box fusion-builder-row-2 has-pattern-background has-mask-background nonhundred-percent-fullwidth non-hundred-percent-height-scrolling\" style=\"--awb-border-radius-top-left:0px;--awb-border-radius-top-right:0px;--awb-border-radius-bottom-right:0px;--awb-border-radius-bottom-left:0px;--awb-padding-top:20px;--awb-padding-bottom:32px;--awb-margin-top:48px;--awb-margin-bottom:32px;--awb-flex-wrap:wrap;\" ><div class=\"fusion-builder-row fusion-row\"><div class=\"fusion-layout-column fusion_builder_column fusion-builder-column-1 fusion_builder_column_1_2 1_2 fusion-one-half fusion-column-first fusion-column-inner-bg-wrapper\" style=\"--awb-padding-top:20px;--awb-padding-right:20px;--awb-padding-bottom:20px;--awb-padding-left:60px;--awb-inner-bg-color:#f4d0c2;--awb-inner-bg-color-hover:#f4d0c2;--awb-inner-bg-size:cover;width:50%;width:calc(50% - ( ( 4% ) * 0.5 ) );margin-right: 4%;\" data-scroll-devices=\"small-visibility,medium-visibility,large-visibility\"><span class=\"fusion-column-inner-bg hover-type-none\"><a class=\"fusion-column-anchor\" href=\"https:\/\/www.idermic.es\/es\/financiacion\/\"><span class=\"fusion-column-inner-bg-image\"><\/span><\/a><\/span><div class=\"fusion-column-wrapper fusion-column-has-shadow fusion-flex-column-wrapper-legacy\"><div style=\"text-align:center; max-width: 100%; width: calc(100% - 40px); margin: 0 auto;\">\n  <p style=\"color:white;margin:0;padding:15px 15px 0 15px;background-color:#ddbcb0;font-family:Montserrat;font-size:20px;font-weight:500;letter-spacing:2px;line-height:30px;\">\n    FINAN\u00c7AMENT 0% INTER\u00c8S\n  <\/p>\n  <p style=\"color:white;margin:0;padding:0 15px 15px 15px;background-color:#ddbcb0;font-family:Open Sans;font-size:12px;font-weight:500;letter-spacing:2px;line-height:30px;\">\n    LLEGIR M\u00c9S +\n  <\/p>\n<\/div><div class=\"fusion-clearfix\"><\/div><\/div><\/div><div class=\"fusion-layout-column fusion_builder_column fusion-builder-column-2 fusion_builder_column_1_2 1_2 fusion-one-half fusion-column-last fusion-column-inner-bg-wrapper\" style=\"--awb-padding-top:20px;--awb-padding-right:20px;--awb-padding-bottom:20px;--awb-padding-left:60px;--awb-inner-bg-color:#f4d0c2;--awb-inner-bg-color-hover:#f4d0c2;--awb-inner-bg-size:cover;width:50%;width:calc(50% - ( ( 4% ) * 0.5 ) );\" data-scroll-devices=\"small-visibility,medium-visibility,large-visibility\"><span class=\"fusion-column-inner-bg hover-type-none\"><a class=\"fusion-column-anchor\" href=\"https:\/\/www.idermic.es\/es\/preguntas-frecuentes\/\"><span class=\"fusion-column-inner-bg-image\"><\/span><\/a><\/span><div class=\"fusion-column-wrapper fusion-column-has-shadow fusion-flex-column-wrapper-legacy\"><div style=\"text-align:center; max-width: 100%; width: calc(100% - 40px); margin: 0 auto;\">\n  <p style=\"color:white;margin:0;padding:15px 15px 0 15px;background-color:#ddbcb0;font-family:Montserrat;font-size:20px;font-weight:500;letter-spacing:2px;line-height:30px;\">\n    PREGUNTES FREQ\u00dcENTS \n  <\/p>\n  <p style=\"color:white;margin:0;padding:0 15px 15px 15px;background-color:#ddbcb0;font-family:Open Sans;font-size:12px;font-weight:500;letter-spacing:2px;line-height:30px;\">\n    LLEGIR M\u00c9S +\n  <\/p>\n<\/div><div class=\"fusion-clearfix\"><\/div><\/div><\/div><\/div><\/div>\n<\/p>\n","protected":false},"excerpt":{"rendered":"<p>El melanoma maligno, es el c\u00e1ncer de piel m\u00e1s grave que existe. Puede invadir los tejidos cercanos y diseminarse en otros lugares del cuerpo<\/p>\n","protected":false},"author":3,"featured_media":2417,"comment_status":"open","ping_status":"open","sticky":false,"template":"","format":"standard","meta":{"_joinchat":[],"footnotes":""},"categories":[52],"tags":[101,102,106],"class_list":["post-2415","post","type-post","status-publish","format-standard","has-post-thumbnail","hentry","category-dermatologia","tag-cancer","tag-lunar","tag-sol"],"yoast_head":"<!-- This site is optimized with the Yoast SEO plugin v28.4 - https:\/\/yoast.com\/product\/yoast-seo-wordpress\/ -->\n<title>Melanoma - Idermic. Dermatolog\u00eda en Terrassa<\/title>\n<meta name=\"description\" content=\"El melanoma maligno, es el c\u00e1ncer de piel m\u00e1s grave que existe. Puede invadir los tejidos cercanos y diseminarse en otros lugares del cuerpo\" \/>\n<meta name=\"robots\" content=\"index, follow, max-snippet:-1, max-image-preview:large, max-video-preview:-1\" \/>\n<link rel=\"canonical\" href=\"https:\/\/www.idermic.es\/es\/que-es-el-melanoma\/\" \/>\n<meta property=\"og:locale\" content=\"es_ES\" \/>\n<meta property=\"og:type\" content=\"article\" \/>\n<meta property=\"og:title\" content=\"Melanoma - Idermic. Dermatolog\u00eda en Terrassa\" \/>\n<meta property=\"og:description\" content=\"El melanoma maligno, es el c\u00e1ncer de piel m\u00e1s grave que existe. Puede invadir los tejidos cercanos y diseminarse en otros lugares del cuerpo\" \/>\n<meta property=\"og:url\" content=\"https:\/\/www.idermic.es\/es\/que-es-el-melanoma\/\" \/>\n<meta property=\"og:site_name\" content=\"Idermic. Dermatolog\u00eda en Terrassa\" \/>\n<meta property=\"article:publisher\" content=\"https:\/\/www.facebook.com\/Idermic\" \/>\n<meta property=\"article:published_time\" content=\"2017-01-13T17:01:17+00:00\" \/>\n<meta property=\"article:modified_time\" content=\"2025-11-21T12:56:27+00:00\" \/>\n<meta property=\"og:image\" content=\"https:\/\/www.idermic.es\/wp-content\/uploads\/2020\/06\/Melanoma.jpg\" \/>\n\t<meta property=\"og:image:width\" content=\"800\" \/>\n\t<meta property=\"og:image:height\" content=\"557\" \/>\n\t<meta property=\"og:image:type\" content=\"image\/jpeg\" \/>\n<meta name=\"author\" content=\"Equipo\" \/>\n<meta name=\"twitter:card\" content=\"summary_large_image\" \/>\n<meta name=\"twitter:creator\" content=\"@idermic\" \/>\n<meta name=\"twitter:site\" content=\"@idermic\" \/>\n<meta name=\"twitter:label1\" content=\"Escrito por\" \/>\n\t<meta name=\"twitter:data1\" content=\"Equipo\" \/>\n\t<meta name=\"twitter:label2\" content=\"Tiempo de lectura\" \/>\n\t<meta name=\"twitter:data2\" content=\"5 minutos\" \/>\n<script type=\"application\/ld+json\" class=\"yoast-schema-graph\">{\"@context\":\"https:\\\/\\\/schema.org\",\"@graph\":[{\"@type\":\"Article\",\"@id\":\"https:\\\/\\\/www.idermic.es\\\/es\\\/que-es-el-melanoma\\\/#article\",\"isPartOf\":{\"@id\":\"https:\\\/\\\/www.idermic.es\\\/es\\\/que-es-el-melanoma\\\/\"},\"author\":{\"name\":\"Equipo\",\"@id\":\"https:\\\/\\\/www.idermic.es\\\/#\\\/schema\\\/person\\\/c12703027a878b23d3c71c87921a82f8\"},\"headline\":\"Melanoma\",\"datePublished\":\"2017-01-13T17:01:17+00:00\",\"dateModified\":\"2025-11-21T12:56:27+00:00\",\"mainEntityOfPage\":{\"@id\":\"https:\\\/\\\/www.idermic.es\\\/es\\\/que-es-el-melanoma\\\/\"},\"wordCount\":1079,\"commentCount\":0,\"publisher\":{\"@id\":\"https:\\\/\\\/www.idermic.es\\\/#organization\"},\"image\":{\"@id\":\"https:\\\/\\\/www.idermic.es\\\/es\\\/que-es-el-melanoma\\\/#primaryimage\"},\"thumbnailUrl\":\"https:\\\/\\\/www.idermic.es\\\/wp-content\\\/uploads\\\/2020\\\/06\\\/Melanoma.jpg\",\"keywords\":[\"c\u00e1ncer\",\"lunar\",\"sol\"],\"articleSection\":[\"Dermatolog\u00eda\"],\"inLanguage\":\"es\",\"potentialAction\":[{\"@type\":\"CommentAction\",\"name\":\"Comment\",\"target\":[\"https:\\\/\\\/www.idermic.es\\\/es\\\/que-es-el-melanoma\\\/#respond\"]}]},{\"@type\":\"WebPage\",\"@id\":\"https:\\\/\\\/www.idermic.es\\\/es\\\/que-es-el-melanoma\\\/\",\"url\":\"https:\\\/\\\/www.idermic.es\\\/es\\\/que-es-el-melanoma\\\/\",\"name\":\"Melanoma - Idermic. Dermatolog\u00eda en Terrassa\",\"isPartOf\":{\"@id\":\"https:\\\/\\\/www.idermic.es\\\/#website\"},\"primaryImageOfPage\":{\"@id\":\"https:\\\/\\\/www.idermic.es\\\/es\\\/que-es-el-melanoma\\\/#primaryimage\"},\"image\":{\"@id\":\"https:\\\/\\\/www.idermic.es\\\/es\\\/que-es-el-melanoma\\\/#primaryimage\"},\"thumbnailUrl\":\"https:\\\/\\\/www.idermic.es\\\/wp-content\\\/uploads\\\/2020\\\/06\\\/Melanoma.jpg\",\"datePublished\":\"2017-01-13T17:01:17+00:00\",\"dateModified\":\"2025-11-21T12:56:27+00:00\",\"description\":\"El melanoma maligno, es el c\u00e1ncer de piel m\u00e1s grave que existe. Puede invadir los tejidos cercanos y diseminarse en otros lugares del cuerpo\",\"breadcrumb\":{\"@id\":\"https:\\\/\\\/www.idermic.es\\\/es\\\/que-es-el-melanoma\\\/#breadcrumb\"},\"inLanguage\":\"es\",\"potentialAction\":[{\"@type\":\"ReadAction\",\"target\":[\"https:\\\/\\\/www.idermic.es\\\/es\\\/que-es-el-melanoma\\\/\"]}]},{\"@type\":\"ImageObject\",\"inLanguage\":\"es\",\"@id\":\"https:\\\/\\\/www.idermic.es\\\/es\\\/que-es-el-melanoma\\\/#primaryimage\",\"url\":\"https:\\\/\\\/www.idermic.es\\\/wp-content\\\/uploads\\\/2020\\\/06\\\/Melanoma.jpg\",\"contentUrl\":\"https:\\\/\\\/www.idermic.es\\\/wp-content\\\/uploads\\\/2020\\\/06\\\/Melanoma.jpg\",\"width\":800,\"height\":557,\"caption\":\"Melanoma maligno\"},{\"@type\":\"BreadcrumbList\",\"@id\":\"https:\\\/\\\/www.idermic.es\\\/es\\\/que-es-el-melanoma\\\/#breadcrumb\",\"itemListElement\":[{\"@type\":\"ListItem\",\"position\":1,\"name\":\"Inici\",\"item\":\"https:\\\/\\\/www.idermic.es\\\/es\\\/\"},{\"@type\":\"ListItem\",\"position\":2,\"name\":\"Melanoma\"}]},{\"@type\":\"WebSite\",\"@id\":\"https:\\\/\\\/www.idermic.es\\\/#website\",\"url\":\"https:\\\/\\\/www.idermic.es\\\/\",\"name\":\"Idermic. Dermatolog\u00eda en Terrassa\",\"description\":\"Dermatolog\u00eda, Medicina est\u00e9tica, Cirurg\u00eda Pl\u00e0stica\",\"publisher\":{\"@id\":\"https:\\\/\\\/www.idermic.es\\\/#organization\"},\"potentialAction\":[{\"@type\":\"SearchAction\",\"target\":{\"@type\":\"EntryPoint\",\"urlTemplate\":\"https:\\\/\\\/www.idermic.es\\\/?s={search_term_string}\"},\"query-input\":{\"@type\":\"PropertyValueSpecification\",\"valueRequired\":true,\"valueName\":\"search_term_string\"}}],\"inLanguage\":\"es\"},{\"@type\":\"Organization\",\"@id\":\"https:\\\/\\\/www.idermic.es\\\/#organization\",\"name\":\"Idermic. Dermatolog\u00eda en Terrassa\",\"url\":\"https:\\\/\\\/www.idermic.es\\\/\",\"logo\":{\"@type\":\"ImageObject\",\"inLanguage\":\"es\",\"@id\":\"https:\\\/\\\/www.idermic.es\\\/#\\\/schema\\\/logo\\\/image\\\/\",\"url\":\"https:\\\/\\\/www.idermic.es\\\/wp-content\\\/uploads\\\/2025\\\/10\\\/Logo-Idermic.jpg\",\"contentUrl\":\"https:\\\/\\\/www.idermic.es\\\/wp-content\\\/uploads\\\/2025\\\/10\\\/Logo-Idermic.jpg\",\"width\":501,\"height\":502,\"caption\":\"Idermic. Dermatolog\u00eda en Terrassa\"},\"image\":{\"@id\":\"https:\\\/\\\/www.idermic.es\\\/#\\\/schema\\\/logo\\\/image\\\/\"},\"sameAs\":[\"https:\\\/\\\/www.facebook.com\\\/Idermic\",\"https:\\\/\\\/x.com\\\/idermic\",\"https:\\\/\\\/www.instagram.com\\\/idermicclinic\\\/\",\"https:\\\/\\\/www.youtube.com\\\/channel\\\/UCyAHC9-p8lc6hr_nguO8p_g\"]},{\"@type\":\"Person\",\"@id\":\"https:\\\/\\\/www.idermic.es\\\/#\\\/schema\\\/person\\\/c12703027a878b23d3c71c87921a82f8\",\"name\":\"Equipo\",\"image\":{\"@type\":\"ImageObject\",\"inLanguage\":\"es\",\"@id\":\"https:\\\/\\\/secure.gravatar.com\\\/avatar\\\/7ca0be23248108c6b0887e0693b7dcf7764bd3503f84d1f04e6653ef7c3b9420?s=96&d=mm&r=g\",\"url\":\"https:\\\/\\\/secure.gravatar.com\\\/avatar\\\/7ca0be23248108c6b0887e0693b7dcf7764bd3503f84d1f04e6653ef7c3b9420?s=96&d=mm&r=g\",\"contentUrl\":\"https:\\\/\\\/secure.gravatar.com\\\/avatar\\\/7ca0be23248108c6b0887e0693b7dcf7764bd3503f84d1f04e6653ef7c3b9420?s=96&d=mm&r=g\",\"caption\":\"Equipo\"},\"description\":\"Equipo de Idermic\"}]}<\/script>\n<!-- \/ Yoast SEO plugin. -->","yoast_head_json":{"title":"Melanoma - Idermic. Dermatolog\u00eda en Terrassa","description":"El melanoma maligno, es el c\u00e1ncer de piel m\u00e1s grave que existe. Puede invadir los tejidos cercanos y diseminarse en otros lugares del cuerpo","robots":{"index":"index","follow":"follow","max-snippet":"max-snippet:-1","max-image-preview":"max-image-preview:large","max-video-preview":"max-video-preview:-1"},"canonical":"https:\/\/www.idermic.es\/es\/que-es-el-melanoma\/","og_locale":"es_ES","og_type":"article","og_title":"Melanoma - Idermic. Dermatolog\u00eda en Terrassa","og_description":"El melanoma maligno, es el c\u00e1ncer de piel m\u00e1s grave que existe. Puede invadir los tejidos cercanos y diseminarse en otros lugares del cuerpo","og_url":"https:\/\/www.idermic.es\/es\/que-es-el-melanoma\/","og_site_name":"Idermic. Dermatolog\u00eda en Terrassa","article_publisher":"https:\/\/www.facebook.com\/Idermic","article_published_time":"2017-01-13T17:01:17+00:00","article_modified_time":"2025-11-21T12:56:27+00:00","og_image":[{"width":800,"height":557,"url":"https:\/\/www.idermic.es\/wp-content\/uploads\/2020\/06\/Melanoma.jpg","type":"image\/jpeg"}],"author":"Equipo","twitter_card":"summary_large_image","twitter_creator":"@idermic","twitter_site":"@idermic","twitter_misc":{"Escrito por":"Equipo","Tiempo de lectura":"5 minutos"},"schema":{"@context":"https:\/\/schema.org","@graph":[{"@type":"Article","@id":"https:\/\/www.idermic.es\/es\/que-es-el-melanoma\/#article","isPartOf":{"@id":"https:\/\/www.idermic.es\/es\/que-es-el-melanoma\/"},"author":{"name":"Equipo","@id":"https:\/\/www.idermic.es\/#\/schema\/person\/c12703027a878b23d3c71c87921a82f8"},"headline":"Melanoma","datePublished":"2017-01-13T17:01:17+00:00","dateModified":"2025-11-21T12:56:27+00:00","mainEntityOfPage":{"@id":"https:\/\/www.idermic.es\/es\/que-es-el-melanoma\/"},"wordCount":1079,"commentCount":0,"publisher":{"@id":"https:\/\/www.idermic.es\/#organization"},"image":{"@id":"https:\/\/www.idermic.es\/es\/que-es-el-melanoma\/#primaryimage"},"thumbnailUrl":"https:\/\/www.idermic.es\/wp-content\/uploads\/2020\/06\/Melanoma.jpg","keywords":["c\u00e1ncer","lunar","sol"],"articleSection":["Dermatolog\u00eda"],"inLanguage":"es","potentialAction":[{"@type":"CommentAction","name":"Comment","target":["https:\/\/www.idermic.es\/es\/que-es-el-melanoma\/#respond"]}]},{"@type":"WebPage","@id":"https:\/\/www.idermic.es\/es\/que-es-el-melanoma\/","url":"https:\/\/www.idermic.es\/es\/que-es-el-melanoma\/","name":"Melanoma - Idermic. Dermatolog\u00eda en Terrassa","isPartOf":{"@id":"https:\/\/www.idermic.es\/#website"},"primaryImageOfPage":{"@id":"https:\/\/www.idermic.es\/es\/que-es-el-melanoma\/#primaryimage"},"image":{"@id":"https:\/\/www.idermic.es\/es\/que-es-el-melanoma\/#primaryimage"},"thumbnailUrl":"https:\/\/www.idermic.es\/wp-content\/uploads\/2020\/06\/Melanoma.jpg","datePublished":"2017-01-13T17:01:17+00:00","dateModified":"2025-11-21T12:56:27+00:00","description":"El melanoma maligno, es el c\u00e1ncer de piel m\u00e1s grave que existe. Puede invadir los tejidos cercanos y diseminarse en otros lugares del cuerpo","breadcrumb":{"@id":"https:\/\/www.idermic.es\/es\/que-es-el-melanoma\/#breadcrumb"},"inLanguage":"es","potentialAction":[{"@type":"ReadAction","target":["https:\/\/www.idermic.es\/es\/que-es-el-melanoma\/"]}]},{"@type":"ImageObject","inLanguage":"es","@id":"https:\/\/www.idermic.es\/es\/que-es-el-melanoma\/#primaryimage","url":"https:\/\/www.idermic.es\/wp-content\/uploads\/2020\/06\/Melanoma.jpg","contentUrl":"https:\/\/www.idermic.es\/wp-content\/uploads\/2020\/06\/Melanoma.jpg","width":800,"height":557,"caption":"Melanoma maligno"},{"@type":"BreadcrumbList","@id":"https:\/\/www.idermic.es\/es\/que-es-el-melanoma\/#breadcrumb","itemListElement":[{"@type":"ListItem","position":1,"name":"Inici","item":"https:\/\/www.idermic.es\/es\/"},{"@type":"ListItem","position":2,"name":"Melanoma"}]},{"@type":"WebSite","@id":"https:\/\/www.idermic.es\/#website","url":"https:\/\/www.idermic.es\/","name":"Idermic. Dermatolog\u00eda en Terrassa","description":"Dermatolog\u00eda, Medicina est\u00e9tica, Cirurg\u00eda Pl\u00e0stica","publisher":{"@id":"https:\/\/www.idermic.es\/#organization"},"potentialAction":[{"@type":"SearchAction","target":{"@type":"EntryPoint","urlTemplate":"https:\/\/www.idermic.es\/?s={search_term_string}"},"query-input":{"@type":"PropertyValueSpecification","valueRequired":true,"valueName":"search_term_string"}}],"inLanguage":"es"},{"@type":"Organization","@id":"https:\/\/www.idermic.es\/#organization","name":"Idermic. Dermatolog\u00eda en Terrassa","url":"https:\/\/www.idermic.es\/","logo":{"@type":"ImageObject","inLanguage":"es","@id":"https:\/\/www.idermic.es\/#\/schema\/logo\/image\/","url":"https:\/\/www.idermic.es\/wp-content\/uploads\/2025\/10\/Logo-Idermic.jpg","contentUrl":"https:\/\/www.idermic.es\/wp-content\/uploads\/2025\/10\/Logo-Idermic.jpg","width":501,"height":502,"caption":"Idermic. Dermatolog\u00eda en Terrassa"},"image":{"@id":"https:\/\/www.idermic.es\/#\/schema\/logo\/image\/"},"sameAs":["https:\/\/www.facebook.com\/Idermic","https:\/\/x.com\/idermic","https:\/\/www.instagram.com\/idermicclinic\/","https:\/\/www.youtube.com\/channel\/UCyAHC9-p8lc6hr_nguO8p_g"]},{"@type":"Person","@id":"https:\/\/www.idermic.es\/#\/schema\/person\/c12703027a878b23d3c71c87921a82f8","name":"Equipo","image":{"@type":"ImageObject","inLanguage":"es","@id":"https:\/\/secure.gravatar.com\/avatar\/7ca0be23248108c6b0887e0693b7dcf7764bd3503f84d1f04e6653ef7c3b9420?s=96&d=mm&r=g","url":"https:\/\/secure.gravatar.com\/avatar\/7ca0be23248108c6b0887e0693b7dcf7764bd3503f84d1f04e6653ef7c3b9420?s=96&d=mm&r=g","contentUrl":"https:\/\/secure.gravatar.com\/avatar\/7ca0be23248108c6b0887e0693b7dcf7764bd3503f84d1f04e6653ef7c3b9420?s=96&d=mm&r=g","caption":"Equipo"},"description":"Equipo de Idermic"}]}},"_links":{"self":[{"href":"https:\/\/www.idermic.es\/es\/wp-json\/wp\/v2\/posts\/2415","targetHints":{"allow":["GET"]}}],"collection":[{"href":"https:\/\/www.idermic.es\/es\/wp-json\/wp\/v2\/posts"}],"about":[{"href":"https:\/\/www.idermic.es\/es\/wp-json\/wp\/v2\/types\/post"}],"author":[{"embeddable":true,"href":"https:\/\/www.idermic.es\/es\/wp-json\/wp\/v2\/users\/3"}],"replies":[{"embeddable":true,"href":"https:\/\/www.idermic.es\/es\/wp-json\/wp\/v2\/comments?post=2415"}],"version-history":[{"count":4,"href":"https:\/\/www.idermic.es\/es\/wp-json\/wp\/v2\/posts\/2415\/revisions"}],"predecessor-version":[{"id":4717,"href":"https:\/\/www.idermic.es\/es\/wp-json\/wp\/v2\/posts\/2415\/revisions\/4717"}],"wp:featuredmedia":[{"embeddable":true,"href":"https:\/\/www.idermic.es\/es\/wp-json\/wp\/v2\/media\/2417"}],"wp:attachment":[{"href":"https:\/\/www.idermic.es\/es\/wp-json\/wp\/v2\/media?parent=2415"}],"wp:term":[{"taxonomy":"category","embeddable":true,"href":"https:\/\/www.idermic.es\/es\/wp-json\/wp\/v2\/categories?post=2415"},{"taxonomy":"post_tag","embeddable":true,"href":"https:\/\/www.idermic.es\/es\/wp-json\/wp\/v2\/tags?post=2415"}],"curies":[{"name":"wp","href":"https:\/\/api.w.org\/{rel}","templated":true}]}}