{"id":2402,"date":"2016-12-04T18:01:10","date_gmt":"2016-12-04T18:01:10","guid":{"rendered":"https:\/\/www.idermic.es\/?p=2402"},"modified":"2025-07-25T08:01:35","modified_gmt":"2025-07-25T08:01:35","slug":"hilos-tensores-lifting-facial-sin-cirugia","status":"publish","type":"post","link":"https:\/\/www.idermic.es\/es\/hilos-tensores-lifting-facial-sin-cirugia\/","title":{"rendered":"Lifting facial sin cirug\u00eda con hilos tensores"},"content":{"rendered":"<p><div class=\"fusion-fullwidth fullwidth-box fusion-builder-row-1 nonhundred-percent-fullwidth non-hundred-percent-height-scrolling\" style=\"--awb-border-radius-top-left:0px;--awb-border-radius-top-right:0px;--awb-border-radius-bottom-right:0px;--awb-border-radius-bottom-left:0px;--awb-margin-top:32px;--awb-margin-bottom:32px;--awb-flex-wrap:wrap;\" ><div class=\"fusion-builder-row fusion-row\"><div class=\"fusion-layout-column fusion_builder_column fusion-builder-column-0 fusion_builder_column_1_1 1_1 fusion-one-full fusion-column-first fusion-column-last\" style=\"--awb-bg-size:cover;\"><div class=\"fusion-column-wrapper fusion-flex-column-wrapper-legacy\"><div class=\"fusion-text fusion-text-1\"><h1><span class=\"TextRun SCXW177108398 BCX7\" lang=\"ES-ES\" xml:lang=\"ES-ES\" data-contrast=\"auto\"><span class=\"NormalTextRun SCXW177108398 BCX7\">Hilos tensores, lifting facial sin cirug\u00eda<\/span><\/span><span class=\"EOP SCXW177108398 BCX7\" data-ccp-props=\"\">\u00a0<\/span><\/h1>\n<\/div><div class=\"fusion-text fusion-text-2\"><p><span data-contrast=\"auto\">El\u00a0<\/span><b><span data-contrast=\"auto\">lifting facial<\/span><\/b><span data-contrast=\"auto\">\u00a0con\u00a0<\/span><b><span data-contrast=\"auto\">hilos tensores<\/span><\/b><span data-contrast=\"auto\">, tambi\u00e9n conocido \"<\/span><b><span data-contrast=\"auto\">lifting biol\u00f3gico<\/span><\/b><span data-contrast=\"auto\">\" o \"<\/span><b><span data-contrast=\"auto\">lifting facial sin cirug\u00eda<\/span><\/b><span data-contrast=\"auto\">\" es una innovaci\u00f3n tecnol\u00f3gica reciente que ha llegado a los\u00a0<\/span><b><span data-contrast=\"auto\">centros de est\u00e9tica<\/span><\/b><span data-contrast=\"auto\">.<\/span><span data-ccp-props=\"\">\u00a0<\/span><\/p>\n<p><span data-contrast=\"auto\">Es una t\u00e9cnica no intrusiva muy segura, indolora y con resultados inmediatos, cuyo principal fin es el tensado cut\u00e1neo mediante la inserci\u00f3n de hilos en la dermis con una aguja gu\u00eda. Normalmente se suele aplicar una anestesia local en forma\u00a0de\u00a0 pomada.<\/span><span data-ccp-props=\"\">\u00a0<\/span><\/p>\n<h2>\u00bfEn que consiste este lifting facial?<\/h2>\n<p><span data-contrast=\"auto\">La t\u00e9cnica de realizar un\u00a0<\/span><b><span data-contrast=\"auto\">lifting facial<\/span><\/b><span data-contrast=\"auto\">\u00a0mediante el uso de los\u00a0<\/span><b><span data-contrast=\"auto\">hilos tensores<\/span><\/b><span data-contrast=\"auto\">\u00a0consiste en colocar unos\u00a0<\/span><b><span data-contrast=\"auto\">hilos biocompatibles<\/span><\/b><span data-contrast=\"auto\">\u00a0e invisibles en la dermis, que\u00a0<\/span><b><span data-contrast=\"auto\">tensan la piel<\/span><\/b><span data-contrast=\"auto\">\u00a0y estimulan la\u00a0<\/span><b><span data-contrast=\"auto\">generaci\u00f3n de col\u00e1geno<\/span><\/b><span data-contrast=\"auto\">\u00a0para recuperar as\u00ed el volumen perdido. En s\u00f3lo 30 minutos se logran unos resultados espectaculares, que duran aproximadamente 2 a\u00f1os.<\/span><span data-ccp-props=\"\">\u00a0<\/span><\/p>\n<p><span data-contrast=\"auto\">Tiene efectos inmediatos y se logra un\u00a0<\/span><b><span data-contrast=\"auto\">rejuvenecimiento facial<\/span><\/b><span data-contrast=\"auto\">\u00a0muy notable consiguiendo reafirmar y fortalecer la piel de la zona tratada, otorg\u00e1ndole un aspecto natural y saludable. La expresi\u00f3n del rostro no cambia despu\u00e9s de someterse al tratamiento. El resultado definitivo se obtiene cuando se forma el\u00a0<\/span><b><span data-contrast=\"auto\">col\u00e1geno<\/span><\/b><span data-contrast=\"auto\">, entre 1 y 2 meses despu\u00e9s de la aplicaci\u00f3n del tratamiento.<\/span><span data-ccp-props=\"\">\u00a0<\/span><\/p>\n<p><span data-contrast=\"auto\">Los\u00a0<\/span><b><span data-contrast=\"auto\">hilos tensores<\/span><\/b><span data-contrast=\"auto\">, despu\u00e9s de ser administrados, no son visibles ni se nota su presencia. No requiere de hospitalizaci\u00f3n alguna, por lo que no es necesario ning\u00fan preparativo particular antes de ser practicado el tratamiento.<\/span><span data-ccp-props=\"\">\u00a0<\/span><\/p>\n<p><span data-contrast=\"auto\">Al no ser necesarias las incisiones, no se produce sangrado ni deja cicatrices o marca alguna en la piel, est\u00e1n fabricados con\u00a0polidioxanona\u00a0(PDO), un compuesto biol\u00f3gico totalmente compatible y reabsorbible por el cuerpo, que no produce alergias. Son reabsorbidos de forma natural en un plazo de 6 a 8 meses. Se puede aplicar junto con otro tipo de tratamientos est\u00e9ticos y aplicarse de nuevo las veces que sea necesario. Debido a esto, muchos pacientes optan por reforzar regularmente los resultados obtenidos.<\/span><span data-ccp-props=\"\">\u00a0<\/span><\/p>\n<h2><strong>\u00bf Que conseguimos con este tratamiento?<\/strong><\/h2>\n<p>Con el tratamiento con hilos tensores se consiguen diferentes e inmediatos resultados como:<\/p>\n<ul>\n<li>Disimular las <a href=\"https:\/\/www.idermic.es\/es\/dermatologia_estetic\/correccion-arrugas\/\">arrugas<\/a> del contorno de los ojos.<\/li>\n<li>Elevar las mejillas.<\/li>\n<li>Reafirmaci\u00f3n de la zona del cuello.<\/li>\n<li>Elevaci\u00f3n de las cejas.<\/li>\n<li>Efecto de simetr\u00eda en la cara.<\/li>\n<li>Reafirmar el contorno facial.<\/li>\n<li>Difuminar las arrugas de la frente<\/li>\n<\/ul>\n<\/div><div class=\"fusion-clearfix\"><\/div><\/div><\/div><\/div><\/div><div class=\"fusion-fullwidth fullwidth-box fusion-builder-row-2 has-pattern-background has-mask-background nonhundred-percent-fullwidth non-hundred-percent-height-scrolling\" style=\"--awb-border-radius-top-left:0px;--awb-border-radius-top-right:0px;--awb-border-radius-bottom-right:0px;--awb-border-radius-bottom-left:0px;--awb-padding-top:20px;--awb-padding-bottom:32px;--awb-margin-top:48px;--awb-margin-bottom:32px;--awb-flex-wrap:wrap;\" ><div class=\"fusion-builder-row fusion-row\"><div class=\"fusion-layout-column fusion_builder_column fusion-builder-column-1 fusion_builder_column_1_2 1_2 fusion-one-half fusion-column-first fusion-column-inner-bg-wrapper\" style=\"--awb-padding-top:20px;--awb-padding-right:20px;--awb-padding-bottom:20px;--awb-padding-left:60px;--awb-inner-bg-color:#f4d0c2;--awb-inner-bg-color-hover:#f4d0c2;--awb-inner-bg-size:cover;width:50%;width:calc(50% - ( ( 4% ) * 0.5 ) );margin-right: 4%;\" data-scroll-devices=\"small-visibility,medium-visibility,large-visibility\"><span class=\"fusion-column-inner-bg hover-type-none\"><a class=\"fusion-column-anchor\" href=\"https:\/\/www.idermic.es\/es\/financiacion\/\"><span class=\"fusion-column-inner-bg-image\"><\/span><\/a><\/span><div class=\"fusion-column-wrapper fusion-column-has-shadow fusion-flex-column-wrapper-legacy\"><div style=\"text-align:center; max-width: 100%; width: calc(100% - 40px); margin: 0 auto;\">\n  <p style=\"color:white;margin:0;padding:15px 15px 0 15px;background-color:#ddbcb0;font-family:Montserrat;font-size:20px;font-weight:500;letter-spacing:2px;line-height:30px;\">\n    FINAN\u00c7AMENT 0% INTER\u00c8S\n  <\/p>\n  <p style=\"color:white;margin:0;padding:0 15px 15px 15px;background-color:#ddbcb0;font-family:Open Sans;font-size:12px;font-weight:500;letter-spacing:2px;line-height:30px;\">\n    LLEGIR M\u00c9S +\n  <\/p>\n<\/div><div class=\"fusion-clearfix\"><\/div><\/div><\/div><div class=\"fusion-layout-column fusion_builder_column fusion-builder-column-2 fusion_builder_column_1_2 1_2 fusion-one-half fusion-column-last fusion-column-inner-bg-wrapper\" style=\"--awb-padding-top:20px;--awb-padding-right:20px;--awb-padding-bottom:20px;--awb-padding-left:60px;--awb-inner-bg-color:#f4d0c2;--awb-inner-bg-color-hover:#f4d0c2;--awb-inner-bg-size:cover;width:50%;width:calc(50% - ( ( 4% ) * 0.5 ) );\" data-scroll-devices=\"small-visibility,medium-visibility,large-visibility\"><span class=\"fusion-column-inner-bg hover-type-none\"><a class=\"fusion-column-anchor\" href=\"https:\/\/www.idermic.es\/es\/preguntas-frecuentes\/\"><span class=\"fusion-column-inner-bg-image\"><\/span><\/a><\/span><div class=\"fusion-column-wrapper fusion-column-has-shadow fusion-flex-column-wrapper-legacy\"><div style=\"text-align:center; max-width: 100%; width: calc(100% - 40px); margin: 0 auto;\">\n  <p style=\"color:white;margin:0;padding:15px 15px 0 15px;background-color:#ddbcb0;font-family:Montserrat;font-size:20px;font-weight:500;letter-spacing:2px;line-height:30px;\">\n    PREGUNTES FREQ\u00dcENTS \n  <\/p>\n  <p style=\"color:white;margin:0;padding:0 15px 15px 15px;background-color:#ddbcb0;font-family:Open Sans;font-size:12px;font-weight:500;letter-spacing:2px;line-height:30px;\">\n    LLEGIR M\u00c9S +\n  <\/p>\n<\/div><div class=\"fusion-clearfix\"><\/div><\/div><\/div><\/div><\/div>\n<\/p>\n","protected":false},"excerpt":{"rendered":"<p>Lifting facial sin cirug\u00eda con hilos tensores: reafirma piel al instante y estimula col\u00e1geno para resultados duraderos y naturales.<\/p>\n","protected":false},"author":3,"featured_media":2778,"comment_status":"open","ping_status":"open","sticky":false,"template":"","format":"standard","meta":{"_joinchat":[],"footnotes":""},"categories":[36],"tags":[126,125,124],"class_list":["post-2402","post","type-post","status-publish","format-standard","has-post-thumbnail","hentry","category-tratamientos-de-medicina-estetica","tag-colageno","tag-dermis","tag-rejuvenecimiento-facial"],"yoast_head":"<!-- This site is optimized with the Yoast SEO plugin v28.4 - https:\/\/yoast.com\/product\/yoast-seo-wordpress\/ -->\n<title>Lifting facial sin cirug\u00eda con hilos tensores - Idermic. Dermatolog\u00eda en Terrassa<\/title>\n<meta name=\"description\" content=\"Lifting facial sin cirug\u00eda con hilos tensores: reafirma piel al instante y estimula col\u00e1geno para resultados duraderos y naturales.\" \/>\n<meta name=\"robots\" content=\"index, follow, max-snippet:-1, max-image-preview:large, max-video-preview:-1\" \/>\n<link rel=\"canonical\" href=\"https:\/\/www.idermic.es\/es\/hilos-tensores-lifting-facial-sin-cirugia\/\" \/>\n<meta property=\"og:locale\" content=\"es_ES\" \/>\n<meta property=\"og:type\" content=\"article\" \/>\n<meta property=\"og:title\" content=\"Lifting facial sin cirug\u00eda con hilos tensores - Idermic. Dermatolog\u00eda en Terrassa\" \/>\n<meta property=\"og:description\" content=\"Lifting facial sin cirug\u00eda con hilos tensores: reafirma piel al instante y estimula col\u00e1geno para resultados duraderos y naturales.\" \/>\n<meta property=\"og:url\" content=\"https:\/\/www.idermic.es\/es\/hilos-tensores-lifting-facial-sin-cirugia\/\" \/>\n<meta property=\"og:site_name\" content=\"Idermic. Dermatolog\u00eda en Terrassa\" \/>\n<meta property=\"article:publisher\" content=\"https:\/\/www.facebook.com\/Idermic\" \/>\n<meta property=\"article:published_time\" content=\"2016-12-04T18:01:10+00:00\" \/>\n<meta property=\"article:modified_time\" content=\"2025-07-25T08:01:35+00:00\" \/>\n<meta property=\"og:image\" content=\"https:\/\/www.idermic.es\/wp-content\/uploads\/2020\/06\/idermicclinic_72719219_193042481859997_5969141535356720736_n.jpg\" \/>\n\t<meta property=\"og:image:width\" content=\"1080\" \/>\n\t<meta property=\"og:image:height\" content=\"568\" \/>\n\t<meta property=\"og:image:type\" content=\"image\/jpeg\" \/>\n<meta name=\"author\" content=\"Equipo\" \/>\n<meta name=\"twitter:card\" content=\"summary_large_image\" \/>\n<meta name=\"twitter:creator\" content=\"@idermic\" \/>\n<meta name=\"twitter:site\" content=\"@idermic\" \/>\n<meta name=\"twitter:label1\" content=\"Escrito por\" \/>\n\t<meta name=\"twitter:data1\" content=\"Equipo\" \/>\n\t<meta name=\"twitter:label2\" content=\"Tiempo de lectura\" \/>\n\t<meta name=\"twitter:data2\" content=\"4 minutos\" \/>\n<script type=\"application\/ld+json\" class=\"yoast-schema-graph\">{\"@context\":\"https:\\\/\\\/schema.org\",\"@graph\":[{\"@type\":\"Article\",\"@id\":\"https:\\\/\\\/www.idermic.es\\\/es\\\/hilos-tensores-lifting-facial-sin-cirugia\\\/#article\",\"isPartOf\":{\"@id\":\"https:\\\/\\\/www.idermic.es\\\/es\\\/hilos-tensores-lifting-facial-sin-cirugia\\\/\"},\"author\":{\"name\":\"Equipo\",\"@id\":\"https:\\\/\\\/www.idermic.es\\\/#\\\/schema\\\/person\\\/c12703027a878b23d3c71c87921a82f8\"},\"headline\":\"Lifting facial sin cirug\u00eda con hilos tensores\",\"datePublished\":\"2016-12-04T18:01:10+00:00\",\"dateModified\":\"2025-07-25T08:01:35+00:00\",\"mainEntityOfPage\":{\"@id\":\"https:\\\/\\\/www.idermic.es\\\/es\\\/hilos-tensores-lifting-facial-sin-cirugia\\\/\"},\"wordCount\":633,\"commentCount\":0,\"publisher\":{\"@id\":\"https:\\\/\\\/www.idermic.es\\\/#organization\"},\"image\":{\"@id\":\"https:\\\/\\\/www.idermic.es\\\/es\\\/hilos-tensores-lifting-facial-sin-cirugia\\\/#primaryimage\"},\"thumbnailUrl\":\"https:\\\/\\\/www.idermic.es\\\/wp-content\\\/uploads\\\/2020\\\/06\\\/idermicclinic_72719219_193042481859997_5969141535356720736_n.jpg\",\"keywords\":[\"col\u00e1geno\",\"dermis\",\"rejuvenecimiento facial\"],\"articleSection\":[\"Tratamientos de Medicina Est\u00e9tica\"],\"inLanguage\":\"es\",\"potentialAction\":[{\"@type\":\"CommentAction\",\"name\":\"Comment\",\"target\":[\"https:\\\/\\\/www.idermic.es\\\/es\\\/hilos-tensores-lifting-facial-sin-cirugia\\\/#respond\"]}]},{\"@type\":\"WebPage\",\"@id\":\"https:\\\/\\\/www.idermic.es\\\/es\\\/hilos-tensores-lifting-facial-sin-cirugia\\\/\",\"url\":\"https:\\\/\\\/www.idermic.es\\\/es\\\/hilos-tensores-lifting-facial-sin-cirugia\\\/\",\"name\":\"Lifting facial sin cirug\u00eda con hilos tensores - Idermic. Dermatolog\u00eda en Terrassa\",\"isPartOf\":{\"@id\":\"https:\\\/\\\/www.idermic.es\\\/#website\"},\"primaryImageOfPage\":{\"@id\":\"https:\\\/\\\/www.idermic.es\\\/es\\\/hilos-tensores-lifting-facial-sin-cirugia\\\/#primaryimage\"},\"image\":{\"@id\":\"https:\\\/\\\/www.idermic.es\\\/es\\\/hilos-tensores-lifting-facial-sin-cirugia\\\/#primaryimage\"},\"thumbnailUrl\":\"https:\\\/\\\/www.idermic.es\\\/wp-content\\\/uploads\\\/2020\\\/06\\\/idermicclinic_72719219_193042481859997_5969141535356720736_n.jpg\",\"datePublished\":\"2016-12-04T18:01:10+00:00\",\"dateModified\":\"2025-07-25T08:01:35+00:00\",\"description\":\"Lifting facial sin cirug\u00eda con hilos tensores: reafirma piel al instante y estimula col\u00e1geno para resultados duraderos y naturales.\",\"breadcrumb\":{\"@id\":\"https:\\\/\\\/www.idermic.es\\\/es\\\/hilos-tensores-lifting-facial-sin-cirugia\\\/#breadcrumb\"},\"inLanguage\":\"es\",\"potentialAction\":[{\"@type\":\"ReadAction\",\"target\":[\"https:\\\/\\\/www.idermic.es\\\/es\\\/hilos-tensores-lifting-facial-sin-cirugia\\\/\"]}]},{\"@type\":\"ImageObject\",\"inLanguage\":\"es\",\"@id\":\"https:\\\/\\\/www.idermic.es\\\/es\\\/hilos-tensores-lifting-facial-sin-cirugia\\\/#primaryimage\",\"url\":\"https:\\\/\\\/www.idermic.es\\\/wp-content\\\/uploads\\\/2020\\\/06\\\/idermicclinic_72719219_193042481859997_5969141535356720736_n.jpg\",\"contentUrl\":\"https:\\\/\\\/www.idermic.es\\\/wp-content\\\/uploads\\\/2020\\\/06\\\/idermicclinic_72719219_193042481859997_5969141535356720736_n.jpg\",\"width\":\"1080\",\"height\":\"568\",\"caption\":\"lifting facial sin cirug\u00eda en mujer con hilos tensores\"},{\"@type\":\"BreadcrumbList\",\"@id\":\"https:\\\/\\\/www.idermic.es\\\/es\\\/hilos-tensores-lifting-facial-sin-cirugia\\\/#breadcrumb\",\"itemListElement\":[{\"@type\":\"ListItem\",\"position\":1,\"name\":\"Inici\",\"item\":\"https:\\\/\\\/www.idermic.es\\\/es\\\/\"},{\"@type\":\"ListItem\",\"position\":2,\"name\":\"Lifting facial sin cirug\u00eda con hilos tensores\"}]},{\"@type\":\"WebSite\",\"@id\":\"https:\\\/\\\/www.idermic.es\\\/#website\",\"url\":\"https:\\\/\\\/www.idermic.es\\\/\",\"name\":\"Idermic. Dermatolog\u00eda en Terrassa\",\"description\":\"Dermatolog\u00eda, Medicina est\u00e9tica, Cirurg\u00eda Pl\u00e0stica\",\"publisher\":{\"@id\":\"https:\\\/\\\/www.idermic.es\\\/#organization\"},\"potentialAction\":[{\"@type\":\"SearchAction\",\"target\":{\"@type\":\"EntryPoint\",\"urlTemplate\":\"https:\\\/\\\/www.idermic.es\\\/?s={search_term_string}\"},\"query-input\":{\"@type\":\"PropertyValueSpecification\",\"valueRequired\":true,\"valueName\":\"search_term_string\"}}],\"inLanguage\":\"es\"},{\"@type\":\"Organization\",\"@id\":\"https:\\\/\\\/www.idermic.es\\\/#organization\",\"name\":\"Idermic. Dermatolog\u00eda en Terrassa\",\"url\":\"https:\\\/\\\/www.idermic.es\\\/\",\"logo\":{\"@type\":\"ImageObject\",\"inLanguage\":\"es\",\"@id\":\"https:\\\/\\\/www.idermic.es\\\/#\\\/schema\\\/logo\\\/image\\\/\",\"url\":\"https:\\\/\\\/www.idermic.es\\\/wp-content\\\/uploads\\\/2025\\\/10\\\/Logo-Idermic.jpg\",\"contentUrl\":\"https:\\\/\\\/www.idermic.es\\\/wp-content\\\/uploads\\\/2025\\\/10\\\/Logo-Idermic.jpg\",\"width\":501,\"height\":502,\"caption\":\"Idermic. Dermatolog\u00eda en Terrassa\"},\"image\":{\"@id\":\"https:\\\/\\\/www.idermic.es\\\/#\\\/schema\\\/logo\\\/image\\\/\"},\"sameAs\":[\"https:\\\/\\\/www.facebook.com\\\/Idermic\",\"https:\\\/\\\/x.com\\\/idermic\",\"https:\\\/\\\/www.instagram.com\\\/idermicclinic\\\/\",\"https:\\\/\\\/www.youtube.com\\\/channel\\\/UCyAHC9-p8lc6hr_nguO8p_g\"]},{\"@type\":\"Person\",\"@id\":\"https:\\\/\\\/www.idermic.es\\\/#\\\/schema\\\/person\\\/c12703027a878b23d3c71c87921a82f8\",\"name\":\"Equipo\",\"image\":{\"@type\":\"ImageObject\",\"inLanguage\":\"es\",\"@id\":\"https:\\\/\\\/secure.gravatar.com\\\/avatar\\\/7ca0be23248108c6b0887e0693b7dcf7764bd3503f84d1f04e6653ef7c3b9420?s=96&d=mm&r=g\",\"url\":\"https:\\\/\\\/secure.gravatar.com\\\/avatar\\\/7ca0be23248108c6b0887e0693b7dcf7764bd3503f84d1f04e6653ef7c3b9420?s=96&d=mm&r=g\",\"contentUrl\":\"https:\\\/\\\/secure.gravatar.com\\\/avatar\\\/7ca0be23248108c6b0887e0693b7dcf7764bd3503f84d1f04e6653ef7c3b9420?s=96&d=mm&r=g\",\"caption\":\"Equipo\"},\"description\":\"Equipo de Idermic\"}]}<\/script>\n<!-- \/ Yoast SEO plugin. -->","yoast_head_json":{"title":"Lifting facial sin cirug\u00eda con hilos tensores - Idermic. Dermatolog\u00eda en Terrassa","description":"Lifting facial sin cirug\u00eda con hilos tensores: reafirma piel al instante y estimula col\u00e1geno para resultados duraderos y naturales.","robots":{"index":"index","follow":"follow","max-snippet":"max-snippet:-1","max-image-preview":"max-image-preview:large","max-video-preview":"max-video-preview:-1"},"canonical":"https:\/\/www.idermic.es\/es\/hilos-tensores-lifting-facial-sin-cirugia\/","og_locale":"es_ES","og_type":"article","og_title":"Lifting facial sin cirug\u00eda con hilos tensores - Idermic. Dermatolog\u00eda en Terrassa","og_description":"Lifting facial sin cirug\u00eda con hilos tensores: reafirma piel al instante y estimula col\u00e1geno para resultados duraderos y naturales.","og_url":"https:\/\/www.idermic.es\/es\/hilos-tensores-lifting-facial-sin-cirugia\/","og_site_name":"Idermic. Dermatolog\u00eda en Terrassa","article_publisher":"https:\/\/www.facebook.com\/Idermic","article_published_time":"2016-12-04T18:01:10+00:00","article_modified_time":"2025-07-25T08:01:35+00:00","og_image":[{"width":1080,"height":568,"url":"https:\/\/www.idermic.es\/wp-content\/uploads\/2020\/06\/idermicclinic_72719219_193042481859997_5969141535356720736_n.jpg","type":"image\/jpeg"}],"author":"Equipo","twitter_card":"summary_large_image","twitter_creator":"@idermic","twitter_site":"@idermic","twitter_misc":{"Escrito por":"Equipo","Tiempo de lectura":"4 minutos"},"schema":{"@context":"https:\/\/schema.org","@graph":[{"@type":"Article","@id":"https:\/\/www.idermic.es\/es\/hilos-tensores-lifting-facial-sin-cirugia\/#article","isPartOf":{"@id":"https:\/\/www.idermic.es\/es\/hilos-tensores-lifting-facial-sin-cirugia\/"},"author":{"name":"Equipo","@id":"https:\/\/www.idermic.es\/#\/schema\/person\/c12703027a878b23d3c71c87921a82f8"},"headline":"Lifting facial sin cirug\u00eda con hilos tensores","datePublished":"2016-12-04T18:01:10+00:00","dateModified":"2025-07-25T08:01:35+00:00","mainEntityOfPage":{"@id":"https:\/\/www.idermic.es\/es\/hilos-tensores-lifting-facial-sin-cirugia\/"},"wordCount":633,"commentCount":0,"publisher":{"@id":"https:\/\/www.idermic.es\/#organization"},"image":{"@id":"https:\/\/www.idermic.es\/es\/hilos-tensores-lifting-facial-sin-cirugia\/#primaryimage"},"thumbnailUrl":"https:\/\/www.idermic.es\/wp-content\/uploads\/2020\/06\/idermicclinic_72719219_193042481859997_5969141535356720736_n.jpg","keywords":["col\u00e1geno","dermis","rejuvenecimiento facial"],"articleSection":["Tratamientos de Medicina Est\u00e9tica"],"inLanguage":"es","potentialAction":[{"@type":"CommentAction","name":"Comment","target":["https:\/\/www.idermic.es\/es\/hilos-tensores-lifting-facial-sin-cirugia\/#respond"]}]},{"@type":"WebPage","@id":"https:\/\/www.idermic.es\/es\/hilos-tensores-lifting-facial-sin-cirugia\/","url":"https:\/\/www.idermic.es\/es\/hilos-tensores-lifting-facial-sin-cirugia\/","name":"Lifting facial sin cirug\u00eda con hilos tensores - Idermic. Dermatolog\u00eda en Terrassa","isPartOf":{"@id":"https:\/\/www.idermic.es\/#website"},"primaryImageOfPage":{"@id":"https:\/\/www.idermic.es\/es\/hilos-tensores-lifting-facial-sin-cirugia\/#primaryimage"},"image":{"@id":"https:\/\/www.idermic.es\/es\/hilos-tensores-lifting-facial-sin-cirugia\/#primaryimage"},"thumbnailUrl":"https:\/\/www.idermic.es\/wp-content\/uploads\/2020\/06\/idermicclinic_72719219_193042481859997_5969141535356720736_n.jpg","datePublished":"2016-12-04T18:01:10+00:00","dateModified":"2025-07-25T08:01:35+00:00","description":"Lifting facial sin cirug\u00eda con hilos tensores: reafirma piel al instante y estimula col\u00e1geno para resultados duraderos y naturales.","breadcrumb":{"@id":"https:\/\/www.idermic.es\/es\/hilos-tensores-lifting-facial-sin-cirugia\/#breadcrumb"},"inLanguage":"es","potentialAction":[{"@type":"ReadAction","target":["https:\/\/www.idermic.es\/es\/hilos-tensores-lifting-facial-sin-cirugia\/"]}]},{"@type":"ImageObject","inLanguage":"es","@id":"https:\/\/www.idermic.es\/es\/hilos-tensores-lifting-facial-sin-cirugia\/#primaryimage","url":"https:\/\/www.idermic.es\/wp-content\/uploads\/2020\/06\/idermicclinic_72719219_193042481859997_5969141535356720736_n.jpg","contentUrl":"https:\/\/www.idermic.es\/wp-content\/uploads\/2020\/06\/idermicclinic_72719219_193042481859997_5969141535356720736_n.jpg","width":"1080","height":"568","caption":"lifting facial sin cirug\u00eda en mujer con hilos tensores"},{"@type":"BreadcrumbList","@id":"https:\/\/www.idermic.es\/es\/hilos-tensores-lifting-facial-sin-cirugia\/#breadcrumb","itemListElement":[{"@type":"ListItem","position":1,"name":"Inici","item":"https:\/\/www.idermic.es\/es\/"},{"@type":"ListItem","position":2,"name":"Lifting facial sin cirug\u00eda con hilos tensores"}]},{"@type":"WebSite","@id":"https:\/\/www.idermic.es\/#website","url":"https:\/\/www.idermic.es\/","name":"Idermic. Dermatolog\u00eda en Terrassa","description":"Dermatolog\u00eda, Medicina est\u00e9tica, Cirurg\u00eda Pl\u00e0stica","publisher":{"@id":"https:\/\/www.idermic.es\/#organization"},"potentialAction":[{"@type":"SearchAction","target":{"@type":"EntryPoint","urlTemplate":"https:\/\/www.idermic.es\/?s={search_term_string}"},"query-input":{"@type":"PropertyValueSpecification","valueRequired":true,"valueName":"search_term_string"}}],"inLanguage":"es"},{"@type":"Organization","@id":"https:\/\/www.idermic.es\/#organization","name":"Idermic. Dermatolog\u00eda en Terrassa","url":"https:\/\/www.idermic.es\/","logo":{"@type":"ImageObject","inLanguage":"es","@id":"https:\/\/www.idermic.es\/#\/schema\/logo\/image\/","url":"https:\/\/www.idermic.es\/wp-content\/uploads\/2025\/10\/Logo-Idermic.jpg","contentUrl":"https:\/\/www.idermic.es\/wp-content\/uploads\/2025\/10\/Logo-Idermic.jpg","width":501,"height":502,"caption":"Idermic. Dermatolog\u00eda en Terrassa"},"image":{"@id":"https:\/\/www.idermic.es\/#\/schema\/logo\/image\/"},"sameAs":["https:\/\/www.facebook.com\/Idermic","https:\/\/x.com\/idermic","https:\/\/www.instagram.com\/idermicclinic\/","https:\/\/www.youtube.com\/channel\/UCyAHC9-p8lc6hr_nguO8p_g"]},{"@type":"Person","@id":"https:\/\/www.idermic.es\/#\/schema\/person\/c12703027a878b23d3c71c87921a82f8","name":"Equipo","image":{"@type":"ImageObject","inLanguage":"es","@id":"https:\/\/secure.gravatar.com\/avatar\/7ca0be23248108c6b0887e0693b7dcf7764bd3503f84d1f04e6653ef7c3b9420?s=96&d=mm&r=g","url":"https:\/\/secure.gravatar.com\/avatar\/7ca0be23248108c6b0887e0693b7dcf7764bd3503f84d1f04e6653ef7c3b9420?s=96&d=mm&r=g","contentUrl":"https:\/\/secure.gravatar.com\/avatar\/7ca0be23248108c6b0887e0693b7dcf7764bd3503f84d1f04e6653ef7c3b9420?s=96&d=mm&r=g","caption":"Equipo"},"description":"Equipo de Idermic"}]}},"_links":{"self":[{"href":"https:\/\/www.idermic.es\/es\/wp-json\/wp\/v2\/posts\/2402","targetHints":{"allow":["GET"]}}],"collection":[{"href":"https:\/\/www.idermic.es\/es\/wp-json\/wp\/v2\/posts"}],"about":[{"href":"https:\/\/www.idermic.es\/es\/wp-json\/wp\/v2\/types\/post"}],"author":[{"embeddable":true,"href":"https:\/\/www.idermic.es\/es\/wp-json\/wp\/v2\/users\/3"}],"replies":[{"embeddable":true,"href":"https:\/\/www.idermic.es\/es\/wp-json\/wp\/v2\/comments?post=2402"}],"version-history":[{"count":3,"href":"https:\/\/www.idermic.es\/es\/wp-json\/wp\/v2\/posts\/2402\/revisions"}],"predecessor-version":[{"id":5063,"href":"https:\/\/www.idermic.es\/es\/wp-json\/wp\/v2\/posts\/2402\/revisions\/5063"}],"wp:featuredmedia":[{"embeddable":true,"href":"https:\/\/www.idermic.es\/es\/wp-json\/wp\/v2\/media\/2778"}],"wp:attachment":[{"href":"https:\/\/www.idermic.es\/es\/wp-json\/wp\/v2\/media?parent=2402"}],"wp:term":[{"taxonomy":"category","embeddable":true,"href":"https:\/\/www.idermic.es\/es\/wp-json\/wp\/v2\/categories?post=2402"},{"taxonomy":"post_tag","embeddable":true,"href":"https:\/\/www.idermic.es\/es\/wp-json\/wp\/v2\/tags?post=2402"}],"curies":[{"name":"wp","href":"https:\/\/api.w.org\/{rel}","templated":true}]}}