{"id":2375,"date":"2017-06-13T15:34:29","date_gmt":"2017-06-13T15:34:29","guid":{"rendered":"https:\/\/www.idermic.es\/?p=2375"},"modified":"2022-04-04T07:47:15","modified_gmt":"2022-04-04T07:47:15","slug":"12-consejos-para-no-tener-exposicion-solar","status":"publish","type":"post","link":"https:\/\/www.idermic.es\/es\/12-consejos-para-no-tener-exposicion-solar\/","title":{"rendered":"Exposici\u00f3n solar: 12 consejos para mantenerse  protegidos del sol"},"content":{"rendered":"<p><div class=\"fusion-fullwidth fullwidth-box fusion-builder-row-1 nonhundred-percent-fullwidth non-hundred-percent-height-scrolling\" style=\"--awb-border-radius-top-left:0px;--awb-border-radius-top-right:0px;--awb-border-radius-bottom-right:0px;--awb-border-radius-bottom-left:0px;--awb-margin-top:32px;--awb-margin-bottom:32px;--awb-flex-wrap:wrap;\" ><div class=\"fusion-builder-row fusion-row\"><div class=\"fusion-layout-column fusion_builder_column fusion-builder-column-0 fusion_builder_column_1_1 1_1 fusion-one-full fusion-column-first fusion-column-last\" style=\"--awb-bg-size:cover;\"><div class=\"fusion-column-wrapper fusion-flex-column-wrapper-legacy\"><div class=\"fusion-text fusion-text-1\"><h2><span class=\"TextRun SCXW255203422 BCX9\" lang=\"ES-ES\" xml:lang=\"ES-ES\" data-contrast=\"auto\"><span class=\"NormalTextRun SCXW255203422 BCX9\">12 consejos que debes tener en cuenta para cuidar la piel ante los rayos solares.<\/span><\/span><\/h2>\n<\/div><div class=\"fusion-text fusion-text-2\"><p><span data-contrast=\"auto\">Llegan los d\u00edas del a\u00f1o en los cuales tenemos m\u00e1s exposici\u00f3n solar<\/span><span data-contrast=\"auto\">. Queremos compartir 12 consejos que debes tener en cuenta para cuidar la piel ante los rayos solares.<\/span><span data-ccp-props=\"{\">\u00a0<\/span><\/p>\n<h2 aria-level=\"2\"><span data-contrast=\"none\">Estos son los 12 consejos para conseguir menor exposici\u00f3n solar<\/span><span data-ccp-props=\"{\">\u00a0<\/span><\/h2>\n<ol>\n<li data-leveltext=\"%1.\" data-font=\"Calibri\" data-listid=\"1\" aria-setsize=\"-1\" data-aria-posinset=\"1\" data-aria-level=\"1\"><span data-contrast=\"auto\">Escoge el\u00a0<\/span><b><span data-contrast=\"auto\">protector solar<\/span><\/b><span data-contrast=\"auto\">\u00a0m\u00e1s adecuado a tu\u00a0fototipo. Tu\u00a0<\/span><a href=\"https:\/\/www.sanibook.net\/diccionario-de-salud\/?abitem_id=71\"><b><span data-contrast=\"auto\">dermat\u00f3logo<\/span><\/b><\/a><span data-contrast=\"auto\">\u00a0te dir\u00e1 cu\u00e1l es.<\/span><span data-ccp-props=\"{\">\u00a0<\/span><\/li>\n<\/ol>\n<ol>\n<li data-leveltext=\"%1.\" data-font=\"Calibri\" data-listid=\"1\" aria-setsize=\"-1\" data-aria-posinset=\"2\" data-aria-level=\"1\"><span data-contrast=\"auto\">No aproveches los\u00a0<\/span><b><span data-contrast=\"auto\">filtros solares<\/span><\/b><span data-contrast=\"auto\">\u00a0de un a\u00f1o para el otro. Debido a las altas temperaturas que soportan pueden perder algunas propiedades del principio activo y no ser tan eficaces.<\/span><span data-ccp-props=\"{\">\u00a0<\/span><\/li>\n<\/ol>\n<ol>\n<li data-leveltext=\"%1.\" data-font=\"Calibri\" data-listid=\"1\" aria-setsize=\"-1\" data-aria-posinset=\"3\" data-aria-level=\"1\"><span data-contrast=\"auto\">Apl\u00edcate bien el\u00a0<\/span><b><span data-contrast=\"auto\">protector solar<\/span><\/b><span data-contrast=\"auto\">, hazlo con tiempo antes de salir de casa y repite de nuevo cada 2-3 horas. Ten en cuenta que despu\u00e9s de cada ba\u00f1o tendr\u00edamos que secarnos y aplicar de\u00a0<\/span><b><span data-contrast=\"auto\">nuevo filtro solar<\/span><\/b><span data-contrast=\"auto\">.<\/span><span data-ccp-props=\"{\">\u00a0<\/span><\/li>\n<\/ol>\n<ol>\n<li data-leveltext=\"%1.\" data-font=\"Calibri\" data-listid=\"1\" aria-setsize=\"-1\" data-aria-posinset=\"4\" data-aria-level=\"1\"><span data-contrast=\"auto\">No tomes el sol entre las 12h y las 16h, son las horas de\u00a0<\/span><b><span data-contrast=\"auto\">m\u00e1xima incidencia solar<\/span><\/b><span data-contrast=\"auto\">.<\/span><span data-ccp-props=\"{\">\u00a0<\/span><\/li>\n<\/ol>\n<ol>\n<li data-leveltext=\"%1.\" data-font=\"Calibri\" data-listid=\"1\" aria-setsize=\"-1\" data-aria-posinset=\"5\" data-aria-level=\"1\"><span data-contrast=\"auto\">Usa sombreros, gafas de sol y ropa seca. La ropa mojada no protege de los\u00a0<\/span><b><span data-contrast=\"auto\">rayos UV<\/span><\/b><span data-contrast=\"auto\">.<\/span><span data-ccp-props=\"{\">\u00a0<\/span><\/li>\n<\/ol>\n<ol>\n<li data-leveltext=\"%1.\" data-font=\"Calibri\" data-listid=\"1\" aria-setsize=\"-1\" data-aria-posinset=\"6\" data-aria-level=\"1\"><span data-contrast=\"auto\">Ten en cuenta que las nubes tambi\u00e9n dejan pasar los r<\/span><b><span data-contrast=\"auto\">ayos UV<\/span><\/b><span data-contrast=\"auto\">\u00a0y que el agua hace efecto lupa en la\u00a0piel ,\u00a0y\u00a0por lo tanto, incrementa el riesgo de\u00a0<\/span><b><span data-contrast=\"auto\">quemaduras solares<\/span><\/b><span data-contrast=\"auto\">.<\/span><span data-ccp-props=\"{\">\u00a0<\/span><\/li>\n<\/ol>\n<ol>\n<li data-leveltext=\"%1.\" data-font=\"Calibri\" data-listid=\"1\" aria-setsize=\"-1\" data-aria-posinset=\"7\" data-aria-level=\"1\"><span data-contrast=\"auto\">Evita ponerte<\/span><b><span data-contrast=\"auto\">\u00a0perfumes en la piel<\/span><\/b><span data-contrast=\"auto\">\u00a0antes de una\u00a0<\/span><b><span data-contrast=\"auto\">exposici\u00f3n solar<\/span><\/b><span data-contrast=\"auto\">.<\/span><span data-ccp-props=\"{\">\u00a0<\/span><\/li>\n<\/ol>\n<ol>\n<li data-leveltext=\"%1.\" data-font=\"Calibri\" data-listid=\"1\" aria-setsize=\"-1\" data-aria-posinset=\"8\" data-aria-level=\"1\"><span data-contrast=\"auto\">Conoce las\u00a0<\/span><b><span data-contrast=\"auto\">situaciones de riesgo<\/span><\/b><span data-contrast=\"auto\">: alta monta\u00f1a, alta mar o nieve.<\/span><span data-ccp-props=\"{\">\u00a0<\/span><\/li>\n<\/ol>\n<ol>\n<li data-leveltext=\"%1.\" data-font=\"Calibri\" data-listid=\"1\" aria-setsize=\"-1\" data-aria-posinset=\"9\" data-aria-level=\"1\"><span data-contrast=\"auto\">No te expongas\u00a0<\/span><b><span data-contrast=\"auto\">muchas horas en el sol<\/span><\/b><span data-contrast=\"auto\">\u00a0si est\u00e1s embarazada.<\/span><span data-ccp-props=\"{\">\u00a0<\/span><\/li>\n<\/ol>\n<ol>\n<li data-leveltext=\"%1.\" data-font=\"Calibri\" data-listid=\"1\" aria-setsize=\"-1\" data-aria-posinset=\"10\" data-aria-level=\"1\"><span data-contrast=\"auto\">Los ni\u00f1os menores de 6 meses no se deber\u00edan exponer directamente en el sol. En caso de querer proteger ni\u00f1os de menos de dos a\u00f1os se tendr\u00eda que hacer con\u00a0<\/span><b><span data-contrast=\"auto\">filtros solares<\/span><\/b><span data-contrast=\"auto\">\u00a0minerales sin qu\u00edmicos.<\/span><span data-ccp-props=\"{\">\u00a0<\/span><\/li>\n<\/ol>\n<ol>\n<li data-leveltext=\"%1.\" data-font=\"Calibri\" data-listid=\"1\" aria-setsize=\"-1\" data-aria-posinset=\"11\" data-aria-level=\"1\"><span data-contrast=\"auto\">Ten cuidado con las<\/span><b><span data-contrast=\"auto\">\u00a0cicatrices reciente<\/span><\/b><span data-contrast=\"auto\">s y prot\u00e9gelas bien ya que con el sol se podr\u00edan pigmentar.<\/span><span data-ccp-props=\"{\">\u00a0<\/span><\/li>\n<\/ol>\n<ol>\n<li data-leveltext=\"%1.\" data-font=\"Calibri\" data-listid=\"1\" aria-setsize=\"-1\" data-aria-posinset=\"12\" data-aria-level=\"1\"><span data-contrast=\"auto\">Si tomas medicamentos, mira al prospecto si pueden ser f\u00e1rmacos\u00a0<\/span><b><span data-contrast=\"auto\">fotosensibilizantes<\/span><\/b><span data-contrast=\"auto\">.<\/span><span data-ccp-props=\"{\">\u00a0<\/span><\/li>\n<\/ol>\n<h3 aria-level=\"2\"><\/h3>\n<h2><span data-contrast=\"none\">Adem\u00e1s de no tener una exposici\u00f3n solar directa, recuerda tambi\u00e9n:<\/span><span data-ccp-props=\"{\">\u00a0<\/span><\/h2>\n<ul>\n<li data-leveltext=\"\uf0b7\" data-font=\"Symbol\" data-listid=\"2\" aria-setsize=\"-1\" data-aria-posinset=\"1\" data-aria-level=\"1\"><span data-contrast=\"auto\">Usar TODO EL A\u00d1O protectores solares en actividades al aire libre, sobre todo en zonas con la piel descubierta.<\/span><span data-ccp-props=\"{\">\u00a0<\/span><\/li>\n<li data-leveltext=\"\uf0b7\" data-font=\"Symbol\" data-listid=\"2\" aria-setsize=\"-1\" data-aria-posinset=\"2\" data-aria-level=\"1\"><span data-contrast=\"auto\">HIDRATARSE bien para restaurar la piel. Beber\u00a0agua\u00a0aunque no se tenga sensaci\u00f3n de sed y ofrec\u00e9rsela a menudo a los ni\u00f1os y a la gente mayor.<\/span><span data-ccp-props=\"{\">\u00a0<\/span><\/li>\n<li data-leveltext=\"\uf0b7\" data-font=\"Symbol\" data-listid=\"2\" aria-setsize=\"-1\" data-aria-posinset=\"2\" data-aria-level=\"1\"><span data-contrast=\"auto\">Aplicar siempre cremas y lociones refrescantes y calmantes despu\u00e9s de la exposici\u00f3n solar que permitir\u00e1n reparar e hidratar la piel.<\/span><span data-ccp-props=\"{\">\u00a0<\/span><\/li>\n<li data-leveltext=\"\uf0b7\" data-font=\"Symbol\" data-listid=\"2\" aria-setsize=\"-1\" data-aria-posinset=\"2\" data-aria-level=\"1\"><span data-contrast=\"auto\">Hacer una dieta variada con abundante fruta y verdura.<\/span><span data-ccp-props=\"{\">\u00a0<\/span><\/li>\n<\/ul>\n<\/div><div class=\"fusion-clearfix\"><\/div><\/div><\/div><\/div><\/div><div class=\"fusion-fullwidth fullwidth-box fusion-builder-row-2 has-pattern-background has-mask-background nonhundred-percent-fullwidth non-hundred-percent-height-scrolling\" style=\"--awb-border-radius-top-left:0px;--awb-border-radius-top-right:0px;--awb-border-radius-bottom-right:0px;--awb-border-radius-bottom-left:0px;--awb-padding-top:20px;--awb-padding-bottom:32px;--awb-margin-top:48px;--awb-margin-bottom:32px;--awb-flex-wrap:wrap;\" ><div class=\"fusion-builder-row fusion-row\"><div class=\"fusion-layout-column fusion_builder_column fusion-builder-column-1 fusion_builder_column_1_2 1_2 fusion-one-half fusion-column-first fusion-column-inner-bg-wrapper\" style=\"--awb-padding-top:20px;--awb-padding-right:20px;--awb-padding-bottom:20px;--awb-padding-left:60px;--awb-inner-bg-color:#f4d0c2;--awb-inner-bg-color-hover:#f4d0c2;--awb-inner-bg-size:cover;width:50%;width:calc(50% - ( ( 4% ) * 0.5 ) );margin-right: 4%;\" data-scroll-devices=\"small-visibility,medium-visibility,large-visibility\"><span class=\"fusion-column-inner-bg hover-type-none\"><a class=\"fusion-column-anchor\" href=\"https:\/\/www.idermic.es\/es\/financiacion\/\"><span class=\"fusion-column-inner-bg-image\"><\/span><\/a><\/span><div class=\"fusion-column-wrapper fusion-column-has-shadow fusion-flex-column-wrapper-legacy\"><div style=\"text-align:center; max-width: 100%; width: calc(100% - 40px); margin: 0 auto;\">\n  <p style=\"color:white;margin:0;padding:15px 15px 0 15px;background-color:#ddbcb0;font-family:Montserrat;font-size:20px;font-weight:500;letter-spacing:2px;line-height:30px;\">\n    FINAN\u00c7AMENT 0% INTER\u00c8S\n  <\/p>\n  <p style=\"color:white;margin:0;padding:0 15px 15px 15px;background-color:#ddbcb0;font-family:Open Sans;font-size:12px;font-weight:500;letter-spacing:2px;line-height:30px;\">\n    LLEGIR M\u00c9S +\n  <\/p>\n<\/div><div class=\"fusion-clearfix\"><\/div><\/div><\/div><div class=\"fusion-layout-column fusion_builder_column fusion-builder-column-2 fusion_builder_column_1_2 1_2 fusion-one-half fusion-column-last fusion-column-inner-bg-wrapper\" style=\"--awb-padding-top:20px;--awb-padding-right:20px;--awb-padding-bottom:20px;--awb-padding-left:60px;--awb-inner-bg-color:#f4d0c2;--awb-inner-bg-color-hover:#f4d0c2;--awb-inner-bg-size:cover;width:50%;width:calc(50% - ( ( 4% ) * 0.5 ) );\" data-scroll-devices=\"small-visibility,medium-visibility,large-visibility\"><span class=\"fusion-column-inner-bg hover-type-none\"><a class=\"fusion-column-anchor\" href=\"https:\/\/www.idermic.es\/es\/preguntas-frecuentes\/\"><span class=\"fusion-column-inner-bg-image\"><\/span><\/a><\/span><div class=\"fusion-column-wrapper fusion-column-has-shadow fusion-flex-column-wrapper-legacy\"><div style=\"text-align:center; max-width: 100%; width: calc(100% - 40px); margin: 0 auto;\">\n  <p style=\"color:white;margin:0;padding:15px 15px 0 15px;background-color:#ddbcb0;font-family:Montserrat;font-size:20px;font-weight:500;letter-spacing:2px;line-height:30px;\">\n    PREGUNTES FREQ\u00dcENTS \n  <\/p>\n  <p style=\"color:white;margin:0;padding:0 15px 15px 15px;background-color:#ddbcb0;font-family:Open Sans;font-size:12px;font-weight:500;letter-spacing:2px;line-height:30px;\">\n    LLEGIR M\u00c9S +\n  <\/p>\n<\/div><div class=\"fusion-clearfix\"><\/div><\/div><\/div><\/div><\/div>\n<\/p>\n","protected":false},"excerpt":{"rendered":"<p>Llegan los d\u00edas del a\u00f1o en los que tenemos m\u00e1s exposici\u00f3n solar. 12 consejos a tener en cuenta para cuidar la piel ante los rayos solares.<\/p>\n","protected":false},"author":3,"featured_media":2787,"comment_status":"open","ping_status":"open","sticky":false,"template":"","format":"standard","meta":{"_joinchat":[],"footnotes":""},"categories":[52],"tags":[105,104,106,107],"class_list":["post-2375","post","type-post","status-publish","format-standard","has-post-thumbnail","hentry","category-dermatologia","tag-exposicion-solar","tag-piel","tag-sol","tag-verano"],"yoast_head":"<!-- This site is optimized with the Yoast SEO plugin v28.4 - https:\/\/yoast.com\/product\/yoast-seo-wordpress\/ -->\n<title>Exposici\u00f3n solar: 12 consejos para mantenerse protegidos del sol - Idermic. Dermatolog\u00eda en Terrassa<\/title>\n<meta name=\"description\" content=\"Llegan los d\u00edas del a\u00f1o en los que tenemos m\u00e1s exposici\u00f3n solar. 12 consejos a tener en cuenta para cuidar la piel ante los rayos solares.\" \/>\n<meta name=\"robots\" content=\"index, follow, max-snippet:-1, max-image-preview:large, max-video-preview:-1\" \/>\n<link rel=\"canonical\" href=\"https:\/\/www.idermic.es\/es\/12-consejos-para-no-tener-exposicion-solar\/\" \/>\n<meta property=\"og:locale\" content=\"es_ES\" \/>\n<meta property=\"og:type\" content=\"article\" \/>\n<meta property=\"og:title\" content=\"Exposici\u00f3n solar: 12 consejos para mantenerse protegidos del sol - Idermic. Dermatolog\u00eda en Terrassa\" \/>\n<meta property=\"og:description\" content=\"Llegan los d\u00edas del a\u00f1o en los que tenemos m\u00e1s exposici\u00f3n solar. 12 consejos a tener en cuenta para cuidar la piel ante los rayos solares.\" \/>\n<meta property=\"og:url\" content=\"https:\/\/www.idermic.es\/es\/12-consejos-para-no-tener-exposicion-solar\/\" \/>\n<meta property=\"og:site_name\" content=\"Idermic. Dermatolog\u00eda en Terrassa\" \/>\n<meta property=\"article:publisher\" content=\"https:\/\/www.facebook.com\/Idermic\" \/>\n<meta property=\"article:published_time\" content=\"2017-06-13T15:34:29+00:00\" \/>\n<meta property=\"article:modified_time\" content=\"2022-04-04T07:47:15+00:00\" \/>\n<meta property=\"og:image\" content=\"https:\/\/www.idermic.es\/wp-content\/uploads\/2020\/06\/sol-2.jpg\" \/>\n\t<meta property=\"og:image:width\" content=\"900\" \/>\n\t<meta property=\"og:image:height\" content=\"599\" \/>\n\t<meta property=\"og:image:type\" content=\"image\/jpeg\" \/>\n<meta name=\"author\" content=\"Equipo\" \/>\n<meta name=\"twitter:card\" content=\"summary_large_image\" \/>\n<meta name=\"twitter:creator\" content=\"@idermic\" \/>\n<meta name=\"twitter:site\" content=\"@idermic\" \/>\n<meta name=\"twitter:label1\" content=\"Escrito por\" \/>\n\t<meta name=\"twitter:data1\" content=\"Equipo\" \/>\n\t<meta name=\"twitter:label2\" content=\"Tiempo de lectura\" \/>\n\t<meta name=\"twitter:data2\" content=\"3 minutos\" \/>\n<script type=\"application\/ld+json\" class=\"yoast-schema-graph\">{\"@context\":\"https:\\\/\\\/schema.org\",\"@graph\":[{\"@type\":\"Article\",\"@id\":\"https:\\\/\\\/www.idermic.es\\\/es\\\/12-consejos-para-no-tener-exposicion-solar\\\/#article\",\"isPartOf\":{\"@id\":\"https:\\\/\\\/www.idermic.es\\\/es\\\/12-consejos-para-no-tener-exposicion-solar\\\/\"},\"author\":{\"name\":\"Equipo\",\"@id\":\"https:\\\/\\\/www.idermic.es\\\/#\\\/schema\\\/person\\\/c12703027a878b23d3c71c87921a82f8\"},\"headline\":\"Exposici\u00f3n solar: 12 consejos para mantenerse protegidos del sol\",\"datePublished\":\"2017-06-13T15:34:29+00:00\",\"dateModified\":\"2022-04-04T07:47:15+00:00\",\"mainEntityOfPage\":{\"@id\":\"https:\\\/\\\/www.idermic.es\\\/es\\\/12-consejos-para-no-tener-exposicion-solar\\\/\"},\"wordCount\":659,\"commentCount\":0,\"publisher\":{\"@id\":\"https:\\\/\\\/www.idermic.es\\\/#organization\"},\"image\":{\"@id\":\"https:\\\/\\\/www.idermic.es\\\/es\\\/12-consejos-para-no-tener-exposicion-solar\\\/#primaryimage\"},\"thumbnailUrl\":\"https:\\\/\\\/www.idermic.es\\\/wp-content\\\/uploads\\\/2020\\\/06\\\/sol-2.jpg\",\"keywords\":[\"exposici\u00f3n solar\",\"piel\",\"sol\",\"verano\"],\"articleSection\":[\"Dermatolog\u00eda\"],\"inLanguage\":\"es\",\"potentialAction\":[{\"@type\":\"CommentAction\",\"name\":\"Comment\",\"target\":[\"https:\\\/\\\/www.idermic.es\\\/es\\\/12-consejos-para-no-tener-exposicion-solar\\\/#respond\"]}]},{\"@type\":\"WebPage\",\"@id\":\"https:\\\/\\\/www.idermic.es\\\/es\\\/12-consejos-para-no-tener-exposicion-solar\\\/\",\"url\":\"https:\\\/\\\/www.idermic.es\\\/es\\\/12-consejos-para-no-tener-exposicion-solar\\\/\",\"name\":\"Exposici\u00f3n solar: 12 consejos para mantenerse protegidos del sol - Idermic. Dermatolog\u00eda en Terrassa\",\"isPartOf\":{\"@id\":\"https:\\\/\\\/www.idermic.es\\\/#website\"},\"primaryImageOfPage\":{\"@id\":\"https:\\\/\\\/www.idermic.es\\\/es\\\/12-consejos-para-no-tener-exposicion-solar\\\/#primaryimage\"},\"image\":{\"@id\":\"https:\\\/\\\/www.idermic.es\\\/es\\\/12-consejos-para-no-tener-exposicion-solar\\\/#primaryimage\"},\"thumbnailUrl\":\"https:\\\/\\\/www.idermic.es\\\/wp-content\\\/uploads\\\/2020\\\/06\\\/sol-2.jpg\",\"datePublished\":\"2017-06-13T15:34:29+00:00\",\"dateModified\":\"2022-04-04T07:47:15+00:00\",\"description\":\"Llegan los d\u00edas del a\u00f1o en los que tenemos m\u00e1s exposici\u00f3n solar. 12 consejos a tener en cuenta para cuidar la piel ante los rayos solares.\",\"breadcrumb\":{\"@id\":\"https:\\\/\\\/www.idermic.es\\\/es\\\/12-consejos-para-no-tener-exposicion-solar\\\/#breadcrumb\"},\"inLanguage\":\"es\",\"potentialAction\":[{\"@type\":\"ReadAction\",\"target\":[\"https:\\\/\\\/www.idermic.es\\\/es\\\/12-consejos-para-no-tener-exposicion-solar\\\/\"]}]},{\"@type\":\"ImageObject\",\"inLanguage\":\"es\",\"@id\":\"https:\\\/\\\/www.idermic.es\\\/es\\\/12-consejos-para-no-tener-exposicion-solar\\\/#primaryimage\",\"url\":\"https:\\\/\\\/www.idermic.es\\\/wp-content\\\/uploads\\\/2020\\\/06\\\/sol-2.jpg\",\"contentUrl\":\"https:\\\/\\\/www.idermic.es\\\/wp-content\\\/uploads\\\/2020\\\/06\\\/sol-2.jpg\",\"width\":\"900\",\"height\":\"599\",\"caption\":\"exposici\u00f3n solar, protegerse la piel\"},{\"@type\":\"BreadcrumbList\",\"@id\":\"https:\\\/\\\/www.idermic.es\\\/es\\\/12-consejos-para-no-tener-exposicion-solar\\\/#breadcrumb\",\"itemListElement\":[{\"@type\":\"ListItem\",\"position\":1,\"name\":\"Inici\",\"item\":\"https:\\\/\\\/www.idermic.es\\\/es\\\/\"},{\"@type\":\"ListItem\",\"position\":2,\"name\":\"Exposici\u00f3n solar: 12 consejos para mantenerse protegidos del sol\"}]},{\"@type\":\"WebSite\",\"@id\":\"https:\\\/\\\/www.idermic.es\\\/#website\",\"url\":\"https:\\\/\\\/www.idermic.es\\\/\",\"name\":\"Idermic. Dermatolog\u00eda en Terrassa\",\"description\":\"Dermatolog\u00eda, Medicina est\u00e9tica, Cirurg\u00eda Pl\u00e0stica\",\"publisher\":{\"@id\":\"https:\\\/\\\/www.idermic.es\\\/#organization\"},\"potentialAction\":[{\"@type\":\"SearchAction\",\"target\":{\"@type\":\"EntryPoint\",\"urlTemplate\":\"https:\\\/\\\/www.idermic.es\\\/?s={search_term_string}\"},\"query-input\":{\"@type\":\"PropertyValueSpecification\",\"valueRequired\":true,\"valueName\":\"search_term_string\"}}],\"inLanguage\":\"es\"},{\"@type\":\"Organization\",\"@id\":\"https:\\\/\\\/www.idermic.es\\\/#organization\",\"name\":\"Idermic. Dermatolog\u00eda en Terrassa\",\"url\":\"https:\\\/\\\/www.idermic.es\\\/\",\"logo\":{\"@type\":\"ImageObject\",\"inLanguage\":\"es\",\"@id\":\"https:\\\/\\\/www.idermic.es\\\/#\\\/schema\\\/logo\\\/image\\\/\",\"url\":\"https:\\\/\\\/www.idermic.es\\\/wp-content\\\/uploads\\\/2025\\\/10\\\/Logo-Idermic.jpg\",\"contentUrl\":\"https:\\\/\\\/www.idermic.es\\\/wp-content\\\/uploads\\\/2025\\\/10\\\/Logo-Idermic.jpg\",\"width\":501,\"height\":502,\"caption\":\"Idermic. Dermatolog\u00eda en Terrassa\"},\"image\":{\"@id\":\"https:\\\/\\\/www.idermic.es\\\/#\\\/schema\\\/logo\\\/image\\\/\"},\"sameAs\":[\"https:\\\/\\\/www.facebook.com\\\/Idermic\",\"https:\\\/\\\/x.com\\\/idermic\",\"https:\\\/\\\/www.instagram.com\\\/idermicclinic\\\/\",\"https:\\\/\\\/www.youtube.com\\\/channel\\\/UCyAHC9-p8lc6hr_nguO8p_g\"]},{\"@type\":\"Person\",\"@id\":\"https:\\\/\\\/www.idermic.es\\\/#\\\/schema\\\/person\\\/c12703027a878b23d3c71c87921a82f8\",\"name\":\"Equipo\",\"image\":{\"@type\":\"ImageObject\",\"inLanguage\":\"es\",\"@id\":\"https:\\\/\\\/secure.gravatar.com\\\/avatar\\\/7ca0be23248108c6b0887e0693b7dcf7764bd3503f84d1f04e6653ef7c3b9420?s=96&d=mm&r=g\",\"url\":\"https:\\\/\\\/secure.gravatar.com\\\/avatar\\\/7ca0be23248108c6b0887e0693b7dcf7764bd3503f84d1f04e6653ef7c3b9420?s=96&d=mm&r=g\",\"contentUrl\":\"https:\\\/\\\/secure.gravatar.com\\\/avatar\\\/7ca0be23248108c6b0887e0693b7dcf7764bd3503f84d1f04e6653ef7c3b9420?s=96&d=mm&r=g\",\"caption\":\"Equipo\"},\"description\":\"Equipo de Idermic\"}]}<\/script>\n<!-- \/ Yoast SEO plugin. -->","yoast_head_json":{"title":"Exposici\u00f3n solar: 12 consejos para mantenerse protegidos del sol - Idermic. Dermatolog\u00eda en Terrassa","description":"Llegan los d\u00edas del a\u00f1o en los que tenemos m\u00e1s exposici\u00f3n solar. 12 consejos a tener en cuenta para cuidar la piel ante los rayos solares.","robots":{"index":"index","follow":"follow","max-snippet":"max-snippet:-1","max-image-preview":"max-image-preview:large","max-video-preview":"max-video-preview:-1"},"canonical":"https:\/\/www.idermic.es\/es\/12-consejos-para-no-tener-exposicion-solar\/","og_locale":"es_ES","og_type":"article","og_title":"Exposici\u00f3n solar: 12 consejos para mantenerse protegidos del sol - Idermic. Dermatolog\u00eda en Terrassa","og_description":"Llegan los d\u00edas del a\u00f1o en los que tenemos m\u00e1s exposici\u00f3n solar. 12 consejos a tener en cuenta para cuidar la piel ante los rayos solares.","og_url":"https:\/\/www.idermic.es\/es\/12-consejos-para-no-tener-exposicion-solar\/","og_site_name":"Idermic. Dermatolog\u00eda en Terrassa","article_publisher":"https:\/\/www.facebook.com\/Idermic","article_published_time":"2017-06-13T15:34:29+00:00","article_modified_time":"2022-04-04T07:47:15+00:00","og_image":[{"width":900,"height":599,"url":"https:\/\/www.idermic.es\/wp-content\/uploads\/2020\/06\/sol-2.jpg","type":"image\/jpeg"}],"author":"Equipo","twitter_card":"summary_large_image","twitter_creator":"@idermic","twitter_site":"@idermic","twitter_misc":{"Escrito por":"Equipo","Tiempo de lectura":"3 minutos"},"schema":{"@context":"https:\/\/schema.org","@graph":[{"@type":"Article","@id":"https:\/\/www.idermic.es\/es\/12-consejos-para-no-tener-exposicion-solar\/#article","isPartOf":{"@id":"https:\/\/www.idermic.es\/es\/12-consejos-para-no-tener-exposicion-solar\/"},"author":{"name":"Equipo","@id":"https:\/\/www.idermic.es\/#\/schema\/person\/c12703027a878b23d3c71c87921a82f8"},"headline":"Exposici\u00f3n solar: 12 consejos para mantenerse protegidos del sol","datePublished":"2017-06-13T15:34:29+00:00","dateModified":"2022-04-04T07:47:15+00:00","mainEntityOfPage":{"@id":"https:\/\/www.idermic.es\/es\/12-consejos-para-no-tener-exposicion-solar\/"},"wordCount":659,"commentCount":0,"publisher":{"@id":"https:\/\/www.idermic.es\/#organization"},"image":{"@id":"https:\/\/www.idermic.es\/es\/12-consejos-para-no-tener-exposicion-solar\/#primaryimage"},"thumbnailUrl":"https:\/\/www.idermic.es\/wp-content\/uploads\/2020\/06\/sol-2.jpg","keywords":["exposici\u00f3n solar","piel","sol","verano"],"articleSection":["Dermatolog\u00eda"],"inLanguage":"es","potentialAction":[{"@type":"CommentAction","name":"Comment","target":["https:\/\/www.idermic.es\/es\/12-consejos-para-no-tener-exposicion-solar\/#respond"]}]},{"@type":"WebPage","@id":"https:\/\/www.idermic.es\/es\/12-consejos-para-no-tener-exposicion-solar\/","url":"https:\/\/www.idermic.es\/es\/12-consejos-para-no-tener-exposicion-solar\/","name":"Exposici\u00f3n solar: 12 consejos para mantenerse protegidos del sol - Idermic. Dermatolog\u00eda en Terrassa","isPartOf":{"@id":"https:\/\/www.idermic.es\/#website"},"primaryImageOfPage":{"@id":"https:\/\/www.idermic.es\/es\/12-consejos-para-no-tener-exposicion-solar\/#primaryimage"},"image":{"@id":"https:\/\/www.idermic.es\/es\/12-consejos-para-no-tener-exposicion-solar\/#primaryimage"},"thumbnailUrl":"https:\/\/www.idermic.es\/wp-content\/uploads\/2020\/06\/sol-2.jpg","datePublished":"2017-06-13T15:34:29+00:00","dateModified":"2022-04-04T07:47:15+00:00","description":"Llegan los d\u00edas del a\u00f1o en los que tenemos m\u00e1s exposici\u00f3n solar. 12 consejos a tener en cuenta para cuidar la piel ante los rayos solares.","breadcrumb":{"@id":"https:\/\/www.idermic.es\/es\/12-consejos-para-no-tener-exposicion-solar\/#breadcrumb"},"inLanguage":"es","potentialAction":[{"@type":"ReadAction","target":["https:\/\/www.idermic.es\/es\/12-consejos-para-no-tener-exposicion-solar\/"]}]},{"@type":"ImageObject","inLanguage":"es","@id":"https:\/\/www.idermic.es\/es\/12-consejos-para-no-tener-exposicion-solar\/#primaryimage","url":"https:\/\/www.idermic.es\/wp-content\/uploads\/2020\/06\/sol-2.jpg","contentUrl":"https:\/\/www.idermic.es\/wp-content\/uploads\/2020\/06\/sol-2.jpg","width":"900","height":"599","caption":"exposici\u00f3n solar, protegerse la piel"},{"@type":"BreadcrumbList","@id":"https:\/\/www.idermic.es\/es\/12-consejos-para-no-tener-exposicion-solar\/#breadcrumb","itemListElement":[{"@type":"ListItem","position":1,"name":"Inici","item":"https:\/\/www.idermic.es\/es\/"},{"@type":"ListItem","position":2,"name":"Exposici\u00f3n solar: 12 consejos para mantenerse protegidos del sol"}]},{"@type":"WebSite","@id":"https:\/\/www.idermic.es\/#website","url":"https:\/\/www.idermic.es\/","name":"Idermic. Dermatolog\u00eda en Terrassa","description":"Dermatolog\u00eda, Medicina est\u00e9tica, Cirurg\u00eda Pl\u00e0stica","publisher":{"@id":"https:\/\/www.idermic.es\/#organization"},"potentialAction":[{"@type":"SearchAction","target":{"@type":"EntryPoint","urlTemplate":"https:\/\/www.idermic.es\/?s={search_term_string}"},"query-input":{"@type":"PropertyValueSpecification","valueRequired":true,"valueName":"search_term_string"}}],"inLanguage":"es"},{"@type":"Organization","@id":"https:\/\/www.idermic.es\/#organization","name":"Idermic. Dermatolog\u00eda en Terrassa","url":"https:\/\/www.idermic.es\/","logo":{"@type":"ImageObject","inLanguage":"es","@id":"https:\/\/www.idermic.es\/#\/schema\/logo\/image\/","url":"https:\/\/www.idermic.es\/wp-content\/uploads\/2025\/10\/Logo-Idermic.jpg","contentUrl":"https:\/\/www.idermic.es\/wp-content\/uploads\/2025\/10\/Logo-Idermic.jpg","width":501,"height":502,"caption":"Idermic. Dermatolog\u00eda en Terrassa"},"image":{"@id":"https:\/\/www.idermic.es\/#\/schema\/logo\/image\/"},"sameAs":["https:\/\/www.facebook.com\/Idermic","https:\/\/x.com\/idermic","https:\/\/www.instagram.com\/idermicclinic\/","https:\/\/www.youtube.com\/channel\/UCyAHC9-p8lc6hr_nguO8p_g"]},{"@type":"Person","@id":"https:\/\/www.idermic.es\/#\/schema\/person\/c12703027a878b23d3c71c87921a82f8","name":"Equipo","image":{"@type":"ImageObject","inLanguage":"es","@id":"https:\/\/secure.gravatar.com\/avatar\/7ca0be23248108c6b0887e0693b7dcf7764bd3503f84d1f04e6653ef7c3b9420?s=96&d=mm&r=g","url":"https:\/\/secure.gravatar.com\/avatar\/7ca0be23248108c6b0887e0693b7dcf7764bd3503f84d1f04e6653ef7c3b9420?s=96&d=mm&r=g","contentUrl":"https:\/\/secure.gravatar.com\/avatar\/7ca0be23248108c6b0887e0693b7dcf7764bd3503f84d1f04e6653ef7c3b9420?s=96&d=mm&r=g","caption":"Equipo"},"description":"Equipo de Idermic"}]}},"_links":{"self":[{"href":"https:\/\/www.idermic.es\/es\/wp-json\/wp\/v2\/posts\/2375","targetHints":{"allow":["GET"]}}],"collection":[{"href":"https:\/\/www.idermic.es\/es\/wp-json\/wp\/v2\/posts"}],"about":[{"href":"https:\/\/www.idermic.es\/es\/wp-json\/wp\/v2\/types\/post"}],"author":[{"embeddable":true,"href":"https:\/\/www.idermic.es\/es\/wp-json\/wp\/v2\/users\/3"}],"replies":[{"embeddable":true,"href":"https:\/\/www.idermic.es\/es\/wp-json\/wp\/v2\/comments?post=2375"}],"version-history":[{"count":4,"href":"https:\/\/www.idermic.es\/es\/wp-json\/wp\/v2\/posts\/2375\/revisions"}],"predecessor-version":[{"id":4719,"href":"https:\/\/www.idermic.es\/es\/wp-json\/wp\/v2\/posts\/2375\/revisions\/4719"}],"wp:featuredmedia":[{"embeddable":true,"href":"https:\/\/www.idermic.es\/es\/wp-json\/wp\/v2\/media\/2787"}],"wp:attachment":[{"href":"https:\/\/www.idermic.es\/es\/wp-json\/wp\/v2\/media?parent=2375"}],"wp:term":[{"taxonomy":"category","embeddable":true,"href":"https:\/\/www.idermic.es\/es\/wp-json\/wp\/v2\/categories?post=2375"},{"taxonomy":"post_tag","embeddable":true,"href":"https:\/\/www.idermic.es\/es\/wp-json\/wp\/v2\/tags?post=2375"}],"curies":[{"name":"wp","href":"https:\/\/api.w.org\/{rel}","templated":true}]}}