{"id":2244,"date":"2017-01-31T12:16:48","date_gmt":"2017-01-31T12:16:48","guid":{"rendered":"https:\/\/www.idermic.es\/?p=2244"},"modified":"2025-09-26T05:54:11","modified_gmt":"2025-09-26T05:54:11","slug":"gorras-hr3-y-su-aplicacion-en-la-alopecia","status":"publish","type":"post","link":"https:\/\/www.idermic.es\/es\/gorras-hr3-y-su-aplicacion-en-la-alopecia\/","title":{"rendered":"Gorras Hr3 y su aplicaci\u00f3n en la alopecia"},"content":{"rendered":"<p><div class=\"fusion-fullwidth fullwidth-box fusion-builder-row-1 nonhundred-percent-fullwidth non-hundred-percent-height-scrolling\" style=\"--awb-border-radius-top-left:0px;--awb-border-radius-top-right:0px;--awb-border-radius-bottom-right:0px;--awb-border-radius-bottom-left:0px;--awb-margin-top:32px;--awb-margin-bottom:32px;--awb-flex-wrap:wrap;\" ><div class=\"fusion-builder-row fusion-row\"><div class=\"fusion-layout-column fusion_builder_column fusion-builder-column-0 fusion_builder_column_1_1 1_1 fusion-one-full fusion-column-first fusion-column-last\" style=\"--awb-bg-size:cover;\"><div class=\"fusion-column-wrapper fusion-flex-column-wrapper-legacy\"><div class=\"fusion-title title fusion-title-1 fusion-sep-none fusion-title-text fusion-title-size-one\"><h1 class=\"fusion-title-heading title-heading-left\" style=\"margin:0;\"><h1>Gorras Hr3 y su aplicaci\u00f3n en la alopecia<\/h1><\/h1><\/div><div class=\"fusion-text fusion-text-1\"><p>En la Cl\u00ednica Idermic de Terrassa os queremos informar de una de las \u00faltimas novedades en dermatolog\u00eda para combatir la <a href=\"https:\/\/www.idermic.es\/es\/dermatologia_clinica\/alopecia\/\"><strong>alopecia<\/strong> o <strong>ca\u00edda del pelo<\/strong><\/a>, la <strong>gorra Hr3<\/strong>.<\/p>\n<p>La <strong>gorra Hr3\u00a0<\/strong>es una alternativa moderna y eficaz, en el tratamiento, control y prevenci\u00f3n de la <strong>alopecia androgen\u00e9tica<\/strong>. Esta forma de <strong>calvicie<\/strong> es la m\u00e1s com\u00fan, ocurre en hombres y mujeres y se expresa por la <strong>p\u00e9rdida de la densidad capilar<\/strong> y la miniaturizaci\u00f3n del <a href=\"https:\/\/www.sanibook.net\/diccionario-de-salud\/#foliculo-piloso\">fol\u00edculo piloso<\/a>.<\/p>\n<p>Este tratamiento, <strong>certificado por la FDA<\/strong>, est\u00e1 respaldado por varios estudios cient\u00edficos que han demostrado su eficacia en <strong>alopecia androgen\u00e9tica<\/strong> y otros tipos de <strong>alopecia<\/strong> menos frecuentes.<\/p>\n<p>En este art\u00edculo, os vamos a explicar en qu\u00e9 consiste el tratamiento y que tecnolog\u00eda usan estas gorras.<\/p>\n<h2>Qu\u00e9 es la Gorra Hr3<\/h2>\n<p>Las<strong> gorras Hr3<\/strong> son un nuevo dispositivo que permite aplicar una <strong>terapia l\u00e1ser de baja intensidad<\/strong> mediante LED\u2019s conocida por las siglas <strong>LLLT<\/strong> que ingl\u00e9s quieren decir Low Level Laser Therapy.<\/p>\n<p>Las <strong>gorras Hr3<\/strong> tienen aproximadamente 120 diodos que aplican l<strong>\u00e1ser de baja potencia<\/strong> a la piel y que se pueden utilizar en cualquier actividad diaria como puede ser en el trabajo, viendo la televisi\u00f3n, haciendo ejercicio f\u00edsico, etc. No es necesario estar conectado a la corriente en el momento del tratamiento por lo que el paciente goza de autonom\u00eda mientras la lleva puesta. Una sesi\u00f3n suele durar unos 12 minutos y cuando finaliza se apaga autom\u00e1ticamente. Cada <strong>gorra<\/strong> dispone de una bater\u00eda que permite realizar hasta 4 sesiones y se puede recargar<\/p>\n<h2>En que casos est\u00e1 indicada<\/h2>\n<p>La <strong>gorra Hr3<\/strong> se puede usar sola o como complemento a otros tratamientos que se utilizan para la <strong>ca\u00edda del cabello<\/strong>. Est\u00e1 indicada tanto en hombres como en mujeres.<\/p>\n<p>La LLTT puede mejorar la respuesta al tratamiento en aquellos pacientes que realizan terapias orales (vitaminas o tratamientos hormonales como el finasteride) f\u00e1rmacos t\u00f3picos (minoxidil) o infiltraciones de plasma rico en plaquetas.<\/p>\n<p>Tambi\u00e9n podemos utilizar esta prenda como refuerzo despu\u00e9s de un trasplante de pelo para mejorar la adherencia y disminuir la inflamaci\u00f3n del pelo injertado.<\/p>\n<h2>C\u00f3mo act\u00faa la Gorra Hr3<\/h2>\n<p>En <strong>dermatolog\u00eda<\/strong> se ha investigado como el calor LED estimula<strong> c\u00e9lulas de la piel<\/strong> seg\u00fan la longitud de onda que se use y eso favorece el crecimiento del pelo.<\/p>\n<p>La LLTT:<\/p>\n<ul>\n<li>Mejora la circulaci\u00f3n sangu\u00ednea de los capilares as\u00ed como la producci\u00f3n de energ\u00eda en las c\u00e9lulas.<\/li>\n<li>Aumenta el suministro de los nutrientes a los fol\u00edculos pilosos.<\/li>\n<\/ul>\n<p>Como hemos indicado, el uso de la <strong>gorra Hr3<\/strong> ir\u00e1 acompa\u00f1ado del tratamiento m\u00e9dico que recomiende el <strong>dermat\u00f3logo<\/strong>. Despu\u00e9s el paciente podr\u00e1 utilizar la<strong> gorra Hr3<\/strong> para aplicar el tratamiento de <strong>Terapia L\u00e1ser de baja intensidad<\/strong> en su casa.<\/p>\n<h2>Cu\u00e1ndo se empiezan a notar los resultados<\/h2>\n<p>Los resultados del uso de la <strong>Gorra Hr3<\/strong> se empiezan a notar a partir de las 6-8 semanas de uso. Se aprecia una disminuci\u00f3n de la <strong>ca\u00edda del pelo<\/strong> y lo podremos notar en los sitios habituales donde se detecta como son el ba\u00f1o, las almohadas y los cepillos.<\/p>\n<p>Por otra parte el pelo existente tiene m\u00e1s consistencia, grosor y es m\u00e1s brillante. Al cabo de unas semanas se nota como el <strong>cabello crece con m\u00e1s rapidez<\/strong>. Se puede establecer que la recuperaci\u00f3n de la <strong>ca\u00edda del cabello<\/strong> empieza sobre las 16 semanas de uso dependiendo del grado de atrofia que hayan sufrido los <strong>fol\u00edculos pilosos<\/strong> ya que con el tiempo \u00e9stos se van retrayendo y perdiendo vitalidad.<\/p>\n<p>Es importante destacar que cuanto m\u00e1s pronto se inicie el tratamiento mejor ser\u00e1 el resultado.<\/p>\n<h2>\u00bfSon seguras las gorras Hr3?<\/h2>\n<p>Este dispositivo es muy seguro y no representa ning\u00fan peligro para la zona en exposici\u00f3n ni para la salud en general. Es un tipo de luz que no tiene radiaci\u00f3n ultravioleta o ionizante que pudiera ser peligrosa para las personas.<\/p>\n<p>En nuestra cl\u00ednica de Idermic de Terrassa te podemos explicar como funcionan las <strong>gorras Hr3<\/strong> y te las ense\u00f1aremos personalmente.<\/p>\n<h2>Referencias<\/h2>\n<ul>\n<li><a href=\"http:\/\/www.fda.gov\" target=\"_blank\" rel=\"noopener noreferrer\">FDA<\/a>. U.S. Food and Drugs Administration<\/li>\n<\/ul>\n<\/div><div class=\"fusion-clearfix\"><\/div><\/div><\/div><\/div><\/div><div class=\"fusion-fullwidth fullwidth-box fusion-builder-row-2 has-pattern-background has-mask-background nonhundred-percent-fullwidth non-hundred-percent-height-scrolling\" style=\"--awb-border-radius-top-left:0px;--awb-border-radius-top-right:0px;--awb-border-radius-bottom-right:0px;--awb-border-radius-bottom-left:0px;--awb-padding-top:20px;--awb-padding-bottom:32px;--awb-margin-top:48px;--awb-margin-bottom:32px;--awb-flex-wrap:wrap;\" ><div class=\"fusion-builder-row fusion-row\"><div class=\"fusion-layout-column fusion_builder_column fusion-builder-column-1 fusion_builder_column_1_2 1_2 fusion-one-half fusion-column-first fusion-column-inner-bg-wrapper\" style=\"--awb-padding-top:20px;--awb-padding-right:20px;--awb-padding-bottom:20px;--awb-padding-left:60px;--awb-inner-bg-color:#f4d0c2;--awb-inner-bg-color-hover:#f4d0c2;--awb-inner-bg-size:cover;width:50%;width:calc(50% - ( ( 4% ) * 0.5 ) );margin-right: 4%;\" data-scroll-devices=\"small-visibility,medium-visibility,large-visibility\"><span class=\"fusion-column-inner-bg hover-type-none\"><a class=\"fusion-column-anchor\" href=\"https:\/\/www.idermic.es\/es\/financiacion\/\"><span class=\"fusion-column-inner-bg-image\"><\/span><\/a><\/span><div class=\"fusion-column-wrapper fusion-column-has-shadow fusion-flex-column-wrapper-legacy\"><div style=\"text-align:center; max-width: 100%; width: calc(100% - 40px); margin: 0 auto;\">\n  <p style=\"color:white;margin:0;padding:15px 15px 0 15px;background-color:#ddbcb0;font-family:Montserrat;font-size:20px;font-weight:500;letter-spacing:2px;line-height:30px;\">\n    FINAN\u00c7AMENT 0% INTER\u00c8S\n  <\/p>\n  <p style=\"color:white;margin:0;padding:0 15px 15px 15px;background-color:#ddbcb0;font-family:Open Sans;font-size:12px;font-weight:500;letter-spacing:2px;line-height:30px;\">\n    LLEGIR M\u00c9S +\n  <\/p>\n<\/div><div class=\"fusion-clearfix\"><\/div><\/div><\/div><div class=\"fusion-layout-column fusion_builder_column fusion-builder-column-2 fusion_builder_column_1_2 1_2 fusion-one-half fusion-column-last fusion-column-inner-bg-wrapper\" style=\"--awb-padding-top:20px;--awb-padding-right:20px;--awb-padding-bottom:20px;--awb-padding-left:60px;--awb-inner-bg-color:#f4d0c2;--awb-inner-bg-color-hover:#f4d0c2;--awb-inner-bg-size:cover;width:50%;width:calc(50% - ( ( 4% ) * 0.5 ) );\" data-scroll-devices=\"small-visibility,medium-visibility,large-visibility\"><span class=\"fusion-column-inner-bg hover-type-none\"><a class=\"fusion-column-anchor\" href=\"https:\/\/www.idermic.es\/es\/preguntas-frecuentes\/\"><span class=\"fusion-column-inner-bg-image\"><\/span><\/a><\/span><div class=\"fusion-column-wrapper fusion-column-has-shadow fusion-flex-column-wrapper-legacy\"><div style=\"text-align:center; max-width: 100%; width: calc(100% - 40px); margin: 0 auto;\">\n  <p style=\"color:white;margin:0;padding:15px 15px 0 15px;background-color:#ddbcb0;font-family:Montserrat;font-size:20px;font-weight:500;letter-spacing:2px;line-height:30px;\">\n    PREGUNTES FREQ\u00dcENTS \n  <\/p>\n  <p style=\"color:white;margin:0;padding:0 15px 15px 15px;background-color:#ddbcb0;font-family:Open Sans;font-size:12px;font-weight:500;letter-spacing:2px;line-height:30px;\">\n    LLEGIR M\u00c9S +\n  <\/p>\n<\/div><div class=\"fusion-clearfix\"><\/div><\/div><\/div><\/div><\/div>\n<\/p>\n","protected":false},"excerpt":{"rendered":"<p>Descubre c\u00f3mo las gorras HR3 combaten la alopecia con luz l\u00e1ser de baja intensidad. Tratamiento seguro y eficaz en Idermic.<\/p>\n","protected":false},"author":1,"featured_media":2247,"comment_status":"closed","ping_status":"open","sticky":false,"template":"","format":"standard","meta":{"_joinchat":[],"footnotes":""},"categories":[60],"tags":[90],"class_list":["post-2244","post","type-post","status-publish","format-standard","has-post-thumbnail","hentry","category-dermatologia-estetica-es","tag-pelo"],"yoast_head":"<!-- This site is optimized with the Yoast SEO plugin v28.4 - https:\/\/yoast.com\/product\/yoast-seo-wordpress\/ -->\n<title>Gorras Hr3 y su aplicaci\u00f3n en la alopecia - Idermic. Dermatolog\u00eda en Terrassa<\/title>\n<meta name=\"description\" content=\"Descubre c\u00f3mo las gorras HR3 combaten la alopecia con luz l\u00e1ser de baja intensidad. Tratamiento seguro y eficaz en Idermic.\" \/>\n<meta name=\"robots\" content=\"index, follow, max-snippet:-1, max-image-preview:large, max-video-preview:-1\" \/>\n<link rel=\"canonical\" href=\"https:\/\/www.idermic.es\/es\/gorras-hr3-y-su-aplicacion-en-la-alopecia\/\" \/>\n<meta property=\"og:locale\" content=\"es_ES\" \/>\n<meta property=\"og:type\" content=\"article\" \/>\n<meta property=\"og:title\" content=\"Gorras Hr3 y su aplicaci\u00f3n en la alopecia - Idermic. Dermatolog\u00eda en Terrassa\" \/>\n<meta property=\"og:description\" content=\"Descubre c\u00f3mo las gorras HR3 combaten la alopecia con luz l\u00e1ser de baja intensidad. Tratamiento seguro y eficaz en Idermic.\" \/>\n<meta property=\"og:url\" content=\"https:\/\/www.idermic.es\/es\/gorras-hr3-y-su-aplicacion-en-la-alopecia\/\" \/>\n<meta property=\"og:site_name\" content=\"Idermic. Dermatolog\u00eda en Terrassa\" \/>\n<meta property=\"article:publisher\" content=\"https:\/\/www.facebook.com\/Idermic\" \/>\n<meta property=\"article:published_time\" content=\"2017-01-31T12:16:48+00:00\" \/>\n<meta property=\"article:modified_time\" content=\"2025-09-26T05:54:11+00:00\" \/>\n<meta property=\"og:image\" content=\"https:\/\/www.idermic.es\/wp-content\/uploads\/2020\/02\/Gorra-hr3-para-alopecia.jpg\" \/>\n\t<meta property=\"og:image:width\" content=\"530\" \/>\n\t<meta property=\"og:image:height\" content=\"380\" \/>\n\t<meta property=\"og:image:type\" content=\"image\/jpeg\" \/>\n<meta name=\"author\" content=\"admin@www\" \/>\n<meta name=\"twitter:card\" content=\"summary_large_image\" \/>\n<meta name=\"twitter:creator\" content=\"@idermic\" \/>\n<meta name=\"twitter:site\" content=\"@idermic\" \/>\n<meta name=\"twitter:label1\" content=\"Escrito por\" \/>\n\t<meta name=\"twitter:data1\" content=\"admin@www\" \/>\n\t<meta name=\"twitter:label2\" content=\"Tiempo de lectura\" \/>\n\t<meta name=\"twitter:data2\" content=\"5 minutos\" \/>\n<script type=\"application\/ld+json\" class=\"yoast-schema-graph\">{\"@context\":\"https:\\\/\\\/schema.org\",\"@graph\":[{\"@type\":\"Article\",\"@id\":\"https:\\\/\\\/www.idermic.es\\\/es\\\/gorras-hr3-y-su-aplicacion-en-la-alopecia\\\/#article\",\"isPartOf\":{\"@id\":\"https:\\\/\\\/www.idermic.es\\\/es\\\/gorras-hr3-y-su-aplicacion-en-la-alopecia\\\/\"},\"author\":{\"name\":\"admin@www\",\"@id\":\"https:\\\/\\\/www.idermic.es\\\/#\\\/schema\\\/person\\\/d9bd7e6f2a783f0f526073250560bfb5\"},\"headline\":\"Gorras Hr3 y su aplicaci\u00f3n en la alopecia\",\"datePublished\":\"2017-01-31T12:16:48+00:00\",\"dateModified\":\"2025-09-26T05:54:11+00:00\",\"mainEntityOfPage\":{\"@id\":\"https:\\\/\\\/www.idermic.es\\\/es\\\/gorras-hr3-y-su-aplicacion-en-la-alopecia\\\/\"},\"wordCount\":973,\"publisher\":{\"@id\":\"https:\\\/\\\/www.idermic.es\\\/#organization\"},\"image\":{\"@id\":\"https:\\\/\\\/www.idermic.es\\\/es\\\/gorras-hr3-y-su-aplicacion-en-la-alopecia\\\/#primaryimage\"},\"thumbnailUrl\":\"https:\\\/\\\/www.idermic.es\\\/wp-content\\\/uploads\\\/2020\\\/02\\\/Gorra-hr3-para-alopecia.jpg\",\"keywords\":[\"pelo\"],\"articleSection\":[\"Dermatologia est\u00e8tica\"],\"inLanguage\":\"es\"},{\"@type\":\"WebPage\",\"@id\":\"https:\\\/\\\/www.idermic.es\\\/es\\\/gorras-hr3-y-su-aplicacion-en-la-alopecia\\\/\",\"url\":\"https:\\\/\\\/www.idermic.es\\\/es\\\/gorras-hr3-y-su-aplicacion-en-la-alopecia\\\/\",\"name\":\"Gorras Hr3 y su aplicaci\u00f3n en la alopecia - Idermic. Dermatolog\u00eda en Terrassa\",\"isPartOf\":{\"@id\":\"https:\\\/\\\/www.idermic.es\\\/#website\"},\"primaryImageOfPage\":{\"@id\":\"https:\\\/\\\/www.idermic.es\\\/es\\\/gorras-hr3-y-su-aplicacion-en-la-alopecia\\\/#primaryimage\"},\"image\":{\"@id\":\"https:\\\/\\\/www.idermic.es\\\/es\\\/gorras-hr3-y-su-aplicacion-en-la-alopecia\\\/#primaryimage\"},\"thumbnailUrl\":\"https:\\\/\\\/www.idermic.es\\\/wp-content\\\/uploads\\\/2020\\\/02\\\/Gorra-hr3-para-alopecia.jpg\",\"datePublished\":\"2017-01-31T12:16:48+00:00\",\"dateModified\":\"2025-09-26T05:54:11+00:00\",\"description\":\"Descubre c\u00f3mo las gorras HR3 combaten la alopecia con luz l\u00e1ser de baja intensidad. Tratamiento seguro y eficaz en Idermic.\",\"breadcrumb\":{\"@id\":\"https:\\\/\\\/www.idermic.es\\\/es\\\/gorras-hr3-y-su-aplicacion-en-la-alopecia\\\/#breadcrumb\"},\"inLanguage\":\"es\",\"potentialAction\":[{\"@type\":\"ReadAction\",\"target\":[\"https:\\\/\\\/www.idermic.es\\\/es\\\/gorras-hr3-y-su-aplicacion-en-la-alopecia\\\/\"]}]},{\"@type\":\"ImageObject\",\"inLanguage\":\"es\",\"@id\":\"https:\\\/\\\/www.idermic.es\\\/es\\\/gorras-hr3-y-su-aplicacion-en-la-alopecia\\\/#primaryimage\",\"url\":\"https:\\\/\\\/www.idermic.es\\\/wp-content\\\/uploads\\\/2020\\\/02\\\/Gorra-hr3-para-alopecia.jpg\",\"contentUrl\":\"https:\\\/\\\/www.idermic.es\\\/wp-content\\\/uploads\\\/2020\\\/02\\\/Gorra-hr3-para-alopecia.jpg\",\"width\":530,\"height\":380,\"caption\":\"Gorra hr3 para alopecia i caiguda del cabell\"},{\"@type\":\"BreadcrumbList\",\"@id\":\"https:\\\/\\\/www.idermic.es\\\/es\\\/gorras-hr3-y-su-aplicacion-en-la-alopecia\\\/#breadcrumb\",\"itemListElement\":[{\"@type\":\"ListItem\",\"position\":1,\"name\":\"Inici\",\"item\":\"https:\\\/\\\/www.idermic.es\\\/es\\\/\"},{\"@type\":\"ListItem\",\"position\":2,\"name\":\"Gorras Hr3 y su aplicaci\u00f3n en la alopecia\"}]},{\"@type\":\"WebSite\",\"@id\":\"https:\\\/\\\/www.idermic.es\\\/#website\",\"url\":\"https:\\\/\\\/www.idermic.es\\\/\",\"name\":\"Idermic. Dermatolog\u00eda en Terrassa\",\"description\":\"Dermatolog\u00eda, Medicina est\u00e9tica, Cirurg\u00eda Pl\u00e0stica\",\"publisher\":{\"@id\":\"https:\\\/\\\/www.idermic.es\\\/#organization\"},\"potentialAction\":[{\"@type\":\"SearchAction\",\"target\":{\"@type\":\"EntryPoint\",\"urlTemplate\":\"https:\\\/\\\/www.idermic.es\\\/?s={search_term_string}\"},\"query-input\":{\"@type\":\"PropertyValueSpecification\",\"valueRequired\":true,\"valueName\":\"search_term_string\"}}],\"inLanguage\":\"es\"},{\"@type\":\"Organization\",\"@id\":\"https:\\\/\\\/www.idermic.es\\\/#organization\",\"name\":\"Idermic. Dermatolog\u00eda en Terrassa\",\"url\":\"https:\\\/\\\/www.idermic.es\\\/\",\"logo\":{\"@type\":\"ImageObject\",\"inLanguage\":\"es\",\"@id\":\"https:\\\/\\\/www.idermic.es\\\/#\\\/schema\\\/logo\\\/image\\\/\",\"url\":\"https:\\\/\\\/www.idermic.es\\\/wp-content\\\/uploads\\\/2025\\\/10\\\/Logo-Idermic.jpg\",\"contentUrl\":\"https:\\\/\\\/www.idermic.es\\\/wp-content\\\/uploads\\\/2025\\\/10\\\/Logo-Idermic.jpg\",\"width\":501,\"height\":502,\"caption\":\"Idermic. Dermatolog\u00eda en Terrassa\"},\"image\":{\"@id\":\"https:\\\/\\\/www.idermic.es\\\/#\\\/schema\\\/logo\\\/image\\\/\"},\"sameAs\":[\"https:\\\/\\\/www.facebook.com\\\/Idermic\",\"https:\\\/\\\/x.com\\\/idermic\",\"https:\\\/\\\/www.instagram.com\\\/idermicclinic\\\/\",\"https:\\\/\\\/www.youtube.com\\\/channel\\\/UCyAHC9-p8lc6hr_nguO8p_g\"]},{\"@type\":\"Person\",\"@id\":\"https:\\\/\\\/www.idermic.es\\\/#\\\/schema\\\/person\\\/d9bd7e6f2a783f0f526073250560bfb5\",\"name\":\"admin@www\",\"image\":{\"@type\":\"ImageObject\",\"inLanguage\":\"es\",\"@id\":\"https:\\\/\\\/secure.gravatar.com\\\/avatar\\\/b4e94726668ce15d352771a043d3273340f3898aee9f386703de5f0d2865d807?s=96&d=mm&r=g\",\"url\":\"https:\\\/\\\/secure.gravatar.com\\\/avatar\\\/b4e94726668ce15d352771a043d3273340f3898aee9f386703de5f0d2865d807?s=96&d=mm&r=g\",\"contentUrl\":\"https:\\\/\\\/secure.gravatar.com\\\/avatar\\\/b4e94726668ce15d352771a043d3273340f3898aee9f386703de5f0d2865d807?s=96&d=mm&r=g\",\"caption\":\"admin@www\"}}]}<\/script>\n<!-- \/ Yoast SEO plugin. -->","yoast_head_json":{"title":"Gorras Hr3 y su aplicaci\u00f3n en la alopecia - Idermic. Dermatolog\u00eda en Terrassa","description":"Descubre c\u00f3mo las gorras HR3 combaten la alopecia con luz l\u00e1ser de baja intensidad. Tratamiento seguro y eficaz en Idermic.","robots":{"index":"index","follow":"follow","max-snippet":"max-snippet:-1","max-image-preview":"max-image-preview:large","max-video-preview":"max-video-preview:-1"},"canonical":"https:\/\/www.idermic.es\/es\/gorras-hr3-y-su-aplicacion-en-la-alopecia\/","og_locale":"es_ES","og_type":"article","og_title":"Gorras Hr3 y su aplicaci\u00f3n en la alopecia - Idermic. Dermatolog\u00eda en Terrassa","og_description":"Descubre c\u00f3mo las gorras HR3 combaten la alopecia con luz l\u00e1ser de baja intensidad. Tratamiento seguro y eficaz en Idermic.","og_url":"https:\/\/www.idermic.es\/es\/gorras-hr3-y-su-aplicacion-en-la-alopecia\/","og_site_name":"Idermic. Dermatolog\u00eda en Terrassa","article_publisher":"https:\/\/www.facebook.com\/Idermic","article_published_time":"2017-01-31T12:16:48+00:00","article_modified_time":"2025-09-26T05:54:11+00:00","og_image":[{"width":530,"height":380,"url":"https:\/\/www.idermic.es\/wp-content\/uploads\/2020\/02\/Gorra-hr3-para-alopecia.jpg","type":"image\/jpeg"}],"author":"admin@www","twitter_card":"summary_large_image","twitter_creator":"@idermic","twitter_site":"@idermic","twitter_misc":{"Escrito por":"admin@www","Tiempo de lectura":"5 minutos"},"schema":{"@context":"https:\/\/schema.org","@graph":[{"@type":"Article","@id":"https:\/\/www.idermic.es\/es\/gorras-hr3-y-su-aplicacion-en-la-alopecia\/#article","isPartOf":{"@id":"https:\/\/www.idermic.es\/es\/gorras-hr3-y-su-aplicacion-en-la-alopecia\/"},"author":{"name":"admin@www","@id":"https:\/\/www.idermic.es\/#\/schema\/person\/d9bd7e6f2a783f0f526073250560bfb5"},"headline":"Gorras Hr3 y su aplicaci\u00f3n en la alopecia","datePublished":"2017-01-31T12:16:48+00:00","dateModified":"2025-09-26T05:54:11+00:00","mainEntityOfPage":{"@id":"https:\/\/www.idermic.es\/es\/gorras-hr3-y-su-aplicacion-en-la-alopecia\/"},"wordCount":973,"publisher":{"@id":"https:\/\/www.idermic.es\/#organization"},"image":{"@id":"https:\/\/www.idermic.es\/es\/gorras-hr3-y-su-aplicacion-en-la-alopecia\/#primaryimage"},"thumbnailUrl":"https:\/\/www.idermic.es\/wp-content\/uploads\/2020\/02\/Gorra-hr3-para-alopecia.jpg","keywords":["pelo"],"articleSection":["Dermatologia est\u00e8tica"],"inLanguage":"es"},{"@type":"WebPage","@id":"https:\/\/www.idermic.es\/es\/gorras-hr3-y-su-aplicacion-en-la-alopecia\/","url":"https:\/\/www.idermic.es\/es\/gorras-hr3-y-su-aplicacion-en-la-alopecia\/","name":"Gorras Hr3 y su aplicaci\u00f3n en la alopecia - Idermic. Dermatolog\u00eda en Terrassa","isPartOf":{"@id":"https:\/\/www.idermic.es\/#website"},"primaryImageOfPage":{"@id":"https:\/\/www.idermic.es\/es\/gorras-hr3-y-su-aplicacion-en-la-alopecia\/#primaryimage"},"image":{"@id":"https:\/\/www.idermic.es\/es\/gorras-hr3-y-su-aplicacion-en-la-alopecia\/#primaryimage"},"thumbnailUrl":"https:\/\/www.idermic.es\/wp-content\/uploads\/2020\/02\/Gorra-hr3-para-alopecia.jpg","datePublished":"2017-01-31T12:16:48+00:00","dateModified":"2025-09-26T05:54:11+00:00","description":"Descubre c\u00f3mo las gorras HR3 combaten la alopecia con luz l\u00e1ser de baja intensidad. Tratamiento seguro y eficaz en Idermic.","breadcrumb":{"@id":"https:\/\/www.idermic.es\/es\/gorras-hr3-y-su-aplicacion-en-la-alopecia\/#breadcrumb"},"inLanguage":"es","potentialAction":[{"@type":"ReadAction","target":["https:\/\/www.idermic.es\/es\/gorras-hr3-y-su-aplicacion-en-la-alopecia\/"]}]},{"@type":"ImageObject","inLanguage":"es","@id":"https:\/\/www.idermic.es\/es\/gorras-hr3-y-su-aplicacion-en-la-alopecia\/#primaryimage","url":"https:\/\/www.idermic.es\/wp-content\/uploads\/2020\/02\/Gorra-hr3-para-alopecia.jpg","contentUrl":"https:\/\/www.idermic.es\/wp-content\/uploads\/2020\/02\/Gorra-hr3-para-alopecia.jpg","width":530,"height":380,"caption":"Gorra hr3 para alopecia i caiguda del cabell"},{"@type":"BreadcrumbList","@id":"https:\/\/www.idermic.es\/es\/gorras-hr3-y-su-aplicacion-en-la-alopecia\/#breadcrumb","itemListElement":[{"@type":"ListItem","position":1,"name":"Inici","item":"https:\/\/www.idermic.es\/es\/"},{"@type":"ListItem","position":2,"name":"Gorras Hr3 y su aplicaci\u00f3n en la alopecia"}]},{"@type":"WebSite","@id":"https:\/\/www.idermic.es\/#website","url":"https:\/\/www.idermic.es\/","name":"Idermic. Dermatolog\u00eda en Terrassa","description":"Dermatolog\u00eda, Medicina est\u00e9tica, Cirurg\u00eda Pl\u00e0stica","publisher":{"@id":"https:\/\/www.idermic.es\/#organization"},"potentialAction":[{"@type":"SearchAction","target":{"@type":"EntryPoint","urlTemplate":"https:\/\/www.idermic.es\/?s={search_term_string}"},"query-input":{"@type":"PropertyValueSpecification","valueRequired":true,"valueName":"search_term_string"}}],"inLanguage":"es"},{"@type":"Organization","@id":"https:\/\/www.idermic.es\/#organization","name":"Idermic. Dermatolog\u00eda en Terrassa","url":"https:\/\/www.idermic.es\/","logo":{"@type":"ImageObject","inLanguage":"es","@id":"https:\/\/www.idermic.es\/#\/schema\/logo\/image\/","url":"https:\/\/www.idermic.es\/wp-content\/uploads\/2025\/10\/Logo-Idermic.jpg","contentUrl":"https:\/\/www.idermic.es\/wp-content\/uploads\/2025\/10\/Logo-Idermic.jpg","width":501,"height":502,"caption":"Idermic. Dermatolog\u00eda en Terrassa"},"image":{"@id":"https:\/\/www.idermic.es\/#\/schema\/logo\/image\/"},"sameAs":["https:\/\/www.facebook.com\/Idermic","https:\/\/x.com\/idermic","https:\/\/www.instagram.com\/idermicclinic\/","https:\/\/www.youtube.com\/channel\/UCyAHC9-p8lc6hr_nguO8p_g"]},{"@type":"Person","@id":"https:\/\/www.idermic.es\/#\/schema\/person\/d9bd7e6f2a783f0f526073250560bfb5","name":"admin@www","image":{"@type":"ImageObject","inLanguage":"es","@id":"https:\/\/secure.gravatar.com\/avatar\/b4e94726668ce15d352771a043d3273340f3898aee9f386703de5f0d2865d807?s=96&d=mm&r=g","url":"https:\/\/secure.gravatar.com\/avatar\/b4e94726668ce15d352771a043d3273340f3898aee9f386703de5f0d2865d807?s=96&d=mm&r=g","contentUrl":"https:\/\/secure.gravatar.com\/avatar\/b4e94726668ce15d352771a043d3273340f3898aee9f386703de5f0d2865d807?s=96&d=mm&r=g","caption":"admin@www"}}]}},"_links":{"self":[{"href":"https:\/\/www.idermic.es\/es\/wp-json\/wp\/v2\/posts\/2244","targetHints":{"allow":["GET"]}}],"collection":[{"href":"https:\/\/www.idermic.es\/es\/wp-json\/wp\/v2\/posts"}],"about":[{"href":"https:\/\/www.idermic.es\/es\/wp-json\/wp\/v2\/types\/post"}],"author":[{"embeddable":true,"href":"https:\/\/www.idermic.es\/es\/wp-json\/wp\/v2\/users\/1"}],"replies":[{"embeddable":true,"href":"https:\/\/www.idermic.es\/es\/wp-json\/wp\/v2\/comments?post=2244"}],"version-history":[{"count":1,"href":"https:\/\/www.idermic.es\/es\/wp-json\/wp\/v2\/posts\/2244\/revisions"}],"predecessor-version":[{"id":8332,"href":"https:\/\/www.idermic.es\/es\/wp-json\/wp\/v2\/posts\/2244\/revisions\/8332"}],"wp:featuredmedia":[{"embeddable":true,"href":"https:\/\/www.idermic.es\/es\/wp-json\/wp\/v2\/media\/2247"}],"wp:attachment":[{"href":"https:\/\/www.idermic.es\/es\/wp-json\/wp\/v2\/media?parent=2244"}],"wp:term":[{"taxonomy":"category","embeddable":true,"href":"https:\/\/www.idermic.es\/es\/wp-json\/wp\/v2\/categories?post=2244"},{"taxonomy":"post_tag","embeddable":true,"href":"https:\/\/www.idermic.es\/es\/wp-json\/wp\/v2\/tags?post=2244"}],"curies":[{"name":"wp","href":"https:\/\/api.w.org\/{rel}","templated":true}]}}