{"id":2225,"date":"2020-02-04T22:54:13","date_gmt":"2020-02-04T22:54:13","guid":{"rendered":"https:\/\/www.idermic.es\/?p=2225"},"modified":"2025-08-15T11:56:33","modified_gmt":"2025-08-15T11:56:33","slug":"cuidados-postoperatorios-tras-una-cirugia-de-parpados-superiores","status":"publish","type":"post","link":"https:\/\/www.idermic.es\/es\/cuidados-postoperatorios-tras-una-cirugia-de-parpados-superiores\/","title":{"rendered":"P\u00e1rpados superiores: Cuidados Postoperatorios tras una cirug\u00eda"},"content":{"rendered":"<p><div class=\"fusion-fullwidth fullwidth-box fusion-builder-row-1 nonhundred-percent-fullwidth non-hundred-percent-height-scrolling\" style=\"--awb-border-radius-top-left:0px;--awb-border-radius-top-right:0px;--awb-border-radius-bottom-right:0px;--awb-border-radius-bottom-left:0px;--awb-flex-wrap:wrap;\" ><div class=\"fusion-builder-row fusion-row\"><div class=\"fusion-layout-column fusion_builder_column fusion-builder-column-0 fusion_builder_column_1_1 1_1 fusion-one-full fusion-column-first fusion-column-last\" style=\"--awb-bg-size:cover;\"><div class=\"fusion-column-wrapper fusion-flex-column-wrapper-legacy\"><div class=\"fusion-sep-clear\"><\/div><div class=\"fusion-separator fusion-full-width-sep\" style=\"margin-left: auto;margin-right: auto;margin-top:16px;width:100%;\"><div class=\"fusion-separator-border sep-double\" style=\"--awb-height:20px;--awb-amount:20px;border-color:#e0dede;border-top-width:0px;border-bottom-width:0px;\"><\/div><\/div><div class=\"fusion-sep-clear\"><\/div><div class=\"fusion-text fusion-text-1\"><h2>Cuidados Postoperatorios tras una cirug\u00eda de p\u00e1rpados superiores<\/h2>\n<\/div><div class=\"fusion-text fusion-text-2\"><p class=\"p2\">La <a href=\"https:\/\/www.idermic.es\/es\/cirurgia_plastica\/parpados\/\">cirug\u00eda de p\u00e1rpados superiores o Blefaroplastia<\/a> superior es una t\u00e9cnica que se realiza para reducir el exceso cut\u00e1neo de los p\u00e1rpados y, si se presenta, el exceso de grasa en la zona. A medida que pasan los a\u00f1os, se va produciendo una relajaci\u00f3n de la piel de los p\u00e1rpados superiores, la cual comienza a descolgar, pudiendo incluso dificultar la visi\u00f3n al sobrepasar la l\u00ednea de las pesta\u00f1as.<\/p>\n<p class=\"p4\"><span class=\"s1\">Es una intervenci\u00f3n que habitualmente se realiza con anestesia local, aunque en algunos pacientes muy ansiosos o con bajo umbral de tolerancia al dolor se realiza bajo sedaci\u00f3n. Suele tener una duraci\u00f3n de aproximadamente una hora. <\/span><\/p>\n<p class=\"p5\"><span class=\"s1\">En este caso voy a centrarme en exclusivamente en el postoperatorio de la <a href=\"https:\/\/www.sanibook.net\/diccionario-de-cirugia\/?abitem_id=86\">Blefaroplastia superior<\/a>.<\/span><\/p>\n<p class=\"p5\"><span class=\"s1\"><b>Inmediatamente terminada la intervenci\u00f3n<\/b><\/span><\/p>\n<p class=\"p4\"><span class=\"s1\">Si se realiz\u00f3 con anestesia local se encontrar\u00e1 completamente consciente. Le colocaremos unas tiritas adhesivas sobre la cicatriz del p\u00e1rpado e inmediatamente hielo o gel fr\u00edo sobre la zona para disminuir el proceso inflamatorio. Recuerde que, aunque los p\u00e1rpados se inflamar\u00e1n, en todo momento podr\u00e1 mantener los ojos abiertos y no necesitar\u00e1 ayuda para caminar o moverse. Es recomendable tener preparadas unas gafas de sol oscuras y grandes con el fin de disimular la cirug\u00eda y evitar tener que dar explicaciones sobre la misma. <\/span><\/p>\n<p class=\"p4\"><span class=\"s1\">Eso s\u00ed, lo mejor para su vuelta a casa es que sea acompa\u00f1ado por un familiar, ya que no se recomienda conducir. <\/span><\/p>\n<p class=\"p5\"><span class=\"s1\"><b>Cuidados en casa. Los primeros d\u00edas.<\/b><\/span><\/p>\n<p class=\"p4\"><span class=\"s1\">No suele ser una cirug\u00eda dolorosa. Lo habitual es sentir algunas molestias, que se calman f\u00e1cilmente con los analg\u00e9sicos que le recetaremos. Es muy importante aplicar fr\u00edo en la zona (hielo o geles). Generalmente se realizan tandas de 20 min de fr\u00edo, descansando una hora. Durante los primeros d\u00edas es el tratamiento mas importante para disminuir la inflamaci\u00f3n.<\/span><\/p>\n<p class=\"p4\"><span class=\"s1\">Puede tener la sensaci\u00f3n de ojo seco o irritado que suelen mejorar r\u00e1pidamente con un colirio o l\u00e1grimas artificiales que puede utilizar las veces que haga falta.\u00a0<\/span><span class=\"s1\">Es recomendable no realizar esfuerzos, ya que estos favorecer\u00edan la inflamaci\u00f3n o incluso el sangrado. Durante 2 o 3 d\u00edas puede ser molesto leer o mirar la televisi\u00f3n, debido a la inflamaci\u00f3n de la zona.\u00a0<\/span><span class=\"s1\">Debe tener a mano suero fisiol\u00f3gico est\u00e9ril (en unidades monodosis que son mas higi\u00e9nicas) para poder lavarse los ojos en caso de que lo necesite. <\/span><\/p>\n<p class=\"p4\"><span class=\"s1\">Para dormir se recomienda que lo haga boca arriba y que coloque un par de cojines para mantener la cabeza mas levantada. Al despertarse puede tener los p\u00e1rpados<span class=\"Apple-converted-space\">\u00a0 <\/span>hinchados y a veces con laga\u00f1as o secreciones sobre las pesta\u00f1as. L\u00e1vese los ojos con el suero fisiol\u00f3gico. La hinchaz\u00f3n ir\u00e1 disminuyendo a lo largo del d\u00eda. <\/span><\/p>\n<p class=\"p4\"><span class=\"s1\">Es habitual que tenga morados alrededor de los ojos, desde leves a intensos, depende del paciente. Se localizar\u00e1n en el p\u00e1rpado superior, pero ir\u00e1n bajando hacia el p\u00e1rpado inferior e incluso hacia los p\u00f3mulos. Generalmente desaparecen alrededor de la segunda semana. Pueden ayudar a acelerar el proceso el uso de cremas con <a href=\"https:\/\/www.sanibook.net\/diccionario-de-salud\/#vitamina-k\">vitamina K<\/a>.<\/span><\/p>\n<p class=\"p4\"><span class=\"s1\">A partir del 4-5\u00ba d\u00eda notar\u00e1 una marcada mejor\u00eda: menos inflamaci\u00f3n, ausencia de secreciones y podr\u00e1 leer o trabajar con el ordenador sin problemas. Puede salir a pasear , siempre protegida por las gafas de sol y sin realizar grandes esfuerzos. Todav\u00eda no es recomendable conducir. <\/span><\/p>\n<p class=\"p4\"><span class=\"s1\">Ser\u00e1 citada a partir de 5to d\u00eda para el primer control luego de la cirug\u00eda. Se retirar\u00e1n los esparadrapos y las suturas. <\/span><\/p>\n<p class=\"p5\"><span class=\"s1\"><b>El primer mes<\/b><\/span><\/p>\n<p class=\"p4\"><span class=\"s1\">Tras la primera semana pr\u00e1cticamente puede llevar una vida normal, evitando los ejercicios f\u00edsicos intensos. Podr\u00e1 conducir, leer, mirar la T.V. o trabajar con el ordenador. <\/span><\/p>\n<p class=\"p4\"><span class=\"s1\">Pasadas 2 semanas de la cirug\u00eda pr\u00e1cticamente no notar\u00e1 molestias. Pueden quedar algunos restos de hematomas, que se pueden disimular f\u00e1cilmente con maquillaje. <\/span><\/p>\n<p class=\"p4\"><span class=\"s1\">Sobre todo al despertarse puede notar todav\u00eda una leve hinchaz\u00f3n de los p\u00e1rpados que es debida a la retenci\u00f3n de l\u00edquidos. Est\u00e1 se ir\u00e1 resolviendo gradualmente. Puede mejorar con el uso de hielo al despertarse.<\/span><\/p>\n<p class=\"p4\"><span class=\"s1\">Es muy importante que proteja la cicatriz del sol. Debe usar protector solar y gafas de sol cuando se encuentre al aire libre. <\/span><\/p>\n<p class=\"p4\"><span class=\"s1\">Pasadas 3 semanas tendr\u00e1 otra visita de control. Es normal<span class=\"Apple-converted-space\">\u00a0 <\/span>notar una sensaci\u00f3n de picor sobre la cicatriz, debida a la regeneraci\u00f3n cut\u00e1nea. Puede aparecer sobre la cicatriz un peque\u00f1o quiste. Generalmente desaparecen solos, pero si este persiste, se eliminan f\u00e1cilmente en consulta. <\/span><\/p>\n<p class=\"p4\"><span class=\"s1\">Alrededor del mes desde la cirug\u00eda se encontrar\u00e1 con un aspecto normal. La mirada se ver\u00e1 m\u00e1s despejada, desapareciendo la sensaci\u00f3n de cansancio o de mirada triste. Recuerde que el objetivo de la cirug\u00eda es eliminar el exceso de piel, por lo que la forma del ojo no cambiar\u00e1. <\/span><\/p>\n<p class=\"p4\"><span class=\"s1\">Espero que este post sea de ayuda para los pacientes que est\u00e9n pensando en operarse los p\u00e1rpados superiores y tengan dudas sobre como ser\u00e1 la recuperaci\u00f3n. <\/span><\/p>\n<\/div><div class=\"fusion-clearfix\"><\/div><\/div><\/div><\/div><\/div><div class=\"fusion-fullwidth fullwidth-box fusion-builder-row-2 nonhundred-percent-fullwidth non-hundred-percent-height-scrolling\" style=\"--awb-border-color:#b2eaeb;--awb-border-radius-top-left:0px;--awb-border-radius-top-right:0px;--awb-border-radius-bottom-right:0px;--awb-border-radius-bottom-left:0px;--awb-padding-top:12px;--awb-padding-right:12px;--awb-padding-bottom:12px;--awb-padding-left:12px;--awb-border-sizes-top:0px;--awb-border-sizes-bottom:0px;--awb-flex-wrap:wrap;\" ><div class=\"fusion-builder-row fusion-row\"><div class=\"fusion-layout-column fusion_builder_column fusion-builder-column-1 fusion_builder_column_1_1 1_1 fusion-one-full fusion-column-first fusion-column-last\" style=\"--awb-bg-size:cover;\"><div class=\"fusion-column-wrapper fusion-flex-column-wrapper-legacy\"><div class=\"fusion-sep-clear\"><\/div><div class=\"fusion-separator fusion-full-width-sep\" style=\"margin-left: auto;margin-right: auto;margin-top:16px;margin-bottom:16px;width:100%;\"><div class=\"fusion-separator-border sep-double\" style=\"--awb-height:20px;--awb-amount:20px;border-color:#e0dede;border-top-width:0px;border-bottom-width:0px;\"><\/div><\/div><div class=\"fusion-sep-clear\"><\/div><div class=\"fusion-clearfix\"><\/div><\/div><\/div><div class=\"fusion-layout-column fusion_builder_column fusion-builder-column-2 fusion_builder_column_1_2 1_2 fusion-one-half fusion-column-first\" style=\"--awb-bg-size:cover;width:50%;width:calc(50% - ( ( 4% ) * 0.5 ) );margin-right: 4%;\"><div class=\"fusion-column-wrapper fusion-flex-column-wrapper-legacy\"><div class=\"fusion-text fusion-text-3\"><h3 style=\"text-align: center;\">Contacta por tel\u00e9fono<\/h3>\n<\/div><div class=\"fusion-text fusion-text-4\"><p><a href=\"tel:937801441\"><img decoding=\"async\" class=\"size-full wp-image-2385 aligncenter\" src=\"https:\/\/www.idermic.es\/wp-content\/uploads\/2020\/02\/Llama-ahora-a-Idermic.jpg\" alt=\"Llama ahora a Idermic de Terrassa\" width=\"799\" height=\"178\" srcset=\"https:\/\/www.idermic.es\/wp-content\/uploads\/2020\/02\/Llama-ahora-a-Idermic-200x45.jpg 200w, https:\/\/www.idermic.es\/wp-content\/uploads\/2020\/02\/Llama-ahora-a-Idermic-300x67.jpg 300w, https:\/\/www.idermic.es\/wp-content\/uploads\/2020\/02\/Llama-ahora-a-Idermic-400x89.jpg 400w, https:\/\/www.idermic.es\/wp-content\/uploads\/2020\/02\/Llama-ahora-a-Idermic-600x134.jpg 600w, https:\/\/www.idermic.es\/wp-content\/uploads\/2020\/02\/Llama-ahora-a-Idermic-768x171.jpg 768w, https:\/\/www.idermic.es\/wp-content\/uploads\/2020\/02\/Llama-ahora-a-Idermic.jpg 799w\" sizes=\"(max-width: 799px) 100vw, 799px\" \/><\/a><\/p>\n<\/div><div class=\"fusion-sep-clear\"><\/div><div class=\"fusion-separator fusion-full-width-sep\" style=\"margin-left: auto;margin-right: auto;margin-top:8px;margin-bottom:8px;width:100%;\"><div class=\"fusion-separator-border sep-double\" style=\"--awb-height:20px;--awb-amount:20px;border-color:#e0dede;border-top-width:0px;border-bottom-width:0px;\"><\/div><\/div><div class=\"fusion-sep-clear\"><\/div>\n<div class=\"fusion-slider-revolution rev_slider_wrapper\">\t\t\t<!-- START banner_financament_ca REVOLUTION SLIDER 6.7.39 --><p class=\"rs-p-wp-fix\"><\/p>\n\t\t\t<rs-module-wrap id=\"rev_slider_27_1_wrapper\" data-source=\"gallery\" style=\"visibility:hidden;background:transparent;padding:0;margin:0px auto;margin-top:0;margin-bottom:0;\">\n\t\t\t\t<rs-module id=\"rev_slider_27_1\" style=\"\" data-version=\"6.7.39\">\n\t\t\t\t\t<rs-slides style=\"overflow: hidden; position: absolute;\">\n\t\t\t\t\t\t<rs-slide style=\"position: absolute;\" data-key=\"rs-121\" data-title=\"Slide\" data-link=\"\/\/www.idermic.es\/es\/financiacion\/\" data-tag=\"l\" data-target=\"_self\" data-seoz=\"front\" data-anim=\"adpr:false;\">\n\t\t\t\t\t\t\t<img decoding=\"async\" src=\"\/\/www.idermic.es\/wp-content\/plugins\/revslider\/sr6\/assets\/assets\/dummy.png\" alt=\"Slide\" title=\"P\u00e1rpados superiores: Cuidados Postoperatorios tras una cirug\u00eda\" class=\"rev-slidebg tp-rs-img rs-lazyload\" data-lazyload=\"\/\/www.idermic.es\/wp-content\/plugins\/revslider\/sr6\/assets\/assets\/transparent.png\" data-no-retina>\n<!--\n\t\t\t\t\t\t\t--><rs-layer\n\t\t\t\t\t\t\t\tid=\"slider-27-slide-121-layer-3\" \n\t\t\t\t\t\t\t\tdata-type=\"image\"\n\t\t\t\t\t\t\t\tdata-rsp_ch=\"on\"\n\t\t\t\t\t\t\t\tdata-text=\"l:22;a:inherit;\"\n\t\t\t\t\t\t\t\tdata-dim=\"w:[&#039;800px&#039;,&#039;800px&#039;,&#039;800px&#039;,&#039;800px&#039;];h:[&#039;178px&#039;,&#039;178px&#039;,&#039;178px&#039;,&#039;178px&#039;];\"\n\t\t\t\t\t\t\t\tdata-frame_0=\"tp:600;\"\n\t\t\t\t\t\t\t\tdata-frame_1=\"tp:600;st:0;\"\n\t\t\t\t\t\t\t\tdata-frame_999=\"o:0;tp:600;st:w;sR:8700;\"\n\t\t\t\t\t\t\t\tstyle=\"z-index:5;\"\n\t\t\t\t\t\t\t><img decoding=\"async\" src=\"\/\/www.idermic.es\/wp-content\/plugins\/revslider\/sr6\/assets\/assets\/dummy.png\" alt=\"\" class=\"tp-rs-img rs-lazyload\" width=\"800\" height=\"178\" data-lazyload=\"\/\/www.idermic.es\/wp-content\/uploads\/2019\/01\/financament_interes.jpg\" data-no-retina> \n\t\t\t\t\t\t\t<\/rs-layer><!--\n\n\t\t\t\t\t\t\t--><rs-layer\n\t\t\t\t\t\t\t\tid=\"slider-27-slide-121-layer-4\" \n\t\t\t\t\t\t\t\tdata-type=\"text\"\n\t\t\t\t\t\t\t\tdata-rsp_ch=\"on\"\n\t\t\t\t\t\t\t\tdata-xy=\"x:c;y:m;yo:-6px,-6px,-6px,-5px;\"\n\t\t\t\t\t\t\t\tdata-text=\"s:28,28,30,30;l:30;ls:2px;fw:400,400,300,300;a:inherit;\"\n\t\t\t\t\t\t\t\tdata-frame_0=\"tp:600;\"\n\t\t\t\t\t\t\t\tdata-frame_1=\"tp:600;st:0;\"\n\t\t\t\t\t\t\t\tdata-frame_999=\"o:0;tp:600;st:w;sR:8700;\"\n\t\t\t\t\t\t\t\tstyle=\"z-index:6;font-family:'Montserrat';\"\n\t\t\t\t\t\t\t>FINANCIACI\u00d3N 0% INTER\u00c9S \n\t\t\t\t\t\t\t<\/rs-layer><!--\n\n\t\t\t\t\t\t\t--><rs-layer\n\t\t\t\t\t\t\t\tid=\"slider-27-slide-121-layer-5\" \n\t\t\t\t\t\t\t\tdata-type=\"text\"\n\t\t\t\t\t\t\t\tdata-rsp_ch=\"on\"\n\t\t\t\t\t\t\t\tdata-xy=\"x:c;y:m;yo:25px;\"\n\t\t\t\t\t\t\t\tdata-text=\"s:16;l:22;ls:2px;a:inherit;\"\n\t\t\t\t\t\t\t\tdata-frame_0=\"tp:600;\"\n\t\t\t\t\t\t\t\tdata-frame_1=\"tp:600;st:0;\"\n\t\t\t\t\t\t\t\tdata-frame_999=\"o:0;tp:600;st:w;sR:8700;\"\n\t\t\t\t\t\t\t\tstyle=\"z-index:7;font-family:'Open Sans';\"\n\t\t\t\t\t\t\t>LEER M\u00c1S + \n\t\t\t\t\t\t\t<\/rs-layer><!--\n-->\t\t\t\t\t<\/rs-slide>\n\t\t\t\t\t<\/rs-slides>\n\t\t\t\t<\/rs-module>\n\t\t\t\t<script>\n\t\t\t\t\tsetREVStartSize({c: 'rev_slider_27_1',rl:[1240,1024,778,480],el:[],gw:[800,800,800,800],gh:[178,178,178,178],type:'standard',justify:'',layout:'fullwidth',mh:\"0\"});if (window.RS_MODULES!==undefined && window.RS_MODULES.modules!==undefined && window.RS_MODULES.modules[\"revslider271\"]!==undefined) {window.RS_MODULES.modules[\"revslider271\"].once = false;window.revapi27 = undefined;if (window.RS_MODULES.checkMinimal!==undefined) window.RS_MODULES.checkMinimal()}\n\t\t\t\t<\/script>\n\t\t\t<\/rs-module-wrap>\n\t\t\t<!-- END REVOLUTION SLIDER -->\n<\/div><div class=\"fusion-clearfix\"><\/div><\/div><\/div><div class=\"fusion-layout-column fusion_builder_column fusion-builder-column-3 fusion_builder_column_1_2 1_2 fusion-one-half fusion-column-last\" style=\"--awb-bg-size:cover;width:50%;width:calc(50% - ( ( 4% ) * 0.5 ) );\"><div class=\"fusion-column-wrapper fusion-flex-column-wrapper-legacy\"><div class=\"fusion-text fusion-text-5\"><h3 style=\"text-align: center;\">Escr\u00edbenos<\/h3>\n<\/div><div class=\"fusion-text fusion-text-6\">\n<div class=\"wpcf7 no-js\" id=\"wpcf7-f2384-o1\" lang=\"es-ES\" dir=\"ltr\" data-wpcf7-id=\"2384\">\n<div class=\"screen-reader-response\"><p role=\"status\" aria-live=\"polite\" aria-atomic=\"true\"><\/p> <ul><\/ul><\/div>\n<form action=\"\/es\/wp-json\/wp\/v2\/posts\/2225#wpcf7-f2384-o1\" method=\"post\" class=\"wpcf7-form init\" aria-label=\"Formulario de contacto\" novalidate=\"novalidate\" data-status=\"init\">\n<fieldset class=\"hidden-fields-container\"><input type=\"hidden\" name=\"_wpcf7\" value=\"2384\" \/><input type=\"hidden\" name=\"_wpcf7_version\" value=\"6.1.7\" \/><input type=\"hidden\" name=\"_wpcf7_locale\" value=\"es_ES\" \/><input type=\"hidden\" name=\"_wpcf7_unit_tag\" value=\"wpcf7-f2384-o1\" \/><input type=\"hidden\" name=\"_wpcf7_container_post\" value=\"0\" \/><input type=\"hidden\" name=\"_wpcf7_posted_data_hash\" value=\"\" \/><input type=\"hidden\" name=\"_wpcf7_recaptcha_response\" value=\"\" \/>\n<\/fieldset>\n<p><label> Nombre (requerido)<br \/>\n<span class=\"wpcf7-form-control-wrap\" data-name=\"your-name\"><input size=\"40\" maxlength=\"400\" class=\"wpcf7-form-control wpcf7-text wpcf7-validates-as-required\" aria-required=\"true\" aria-invalid=\"false\" value=\"\" type=\"text\" name=\"your-name\" \/><\/span> <\/label>\n<\/p>\n<p><label> Email (requerido)<br \/>\n<span class=\"wpcf7-form-control-wrap\" data-name=\"your-email\"><input size=\"40\" maxlength=\"400\" class=\"wpcf7-form-control wpcf7-email wpcf7-validates-as-required wpcf7-text wpcf7-validates-as-email\" aria-required=\"true\" aria-invalid=\"false\" value=\"\" type=\"email\" name=\"your-email\" \/><\/span> <\/label>\n<\/p>\n<p><label> Asunto<br \/>\n<span class=\"wpcf7-form-control-wrap\" data-name=\"your-subject\"><input size=\"40\" maxlength=\"400\" class=\"wpcf7-form-control wpcf7-text\" aria-invalid=\"false\" value=\"\" type=\"text\" name=\"your-subject\" \/><\/span> <\/label>\n<\/p>\n<p><span class=\"wpcf7-form-control-wrap\" data-name=\"acceptance-621\"><span class=\"wpcf7-form-control wpcf7-acceptance\"><span class=\"wpcf7-list-item\"><label><input type=\"checkbox\" name=\"acceptance-621\" value=\"1\" aria-invalid=\"false\" \/><span class=\"wpcf7-list-item-label\"><a href=\"https:\/\/www.idermic.es\/avis-legal\/\" target=\"_blank\" style=\"color:#000;\">&nbsp;Acepto la pol\u00edtica de privacidad<\/a><\/span><\/label><\/span><\/span><\/span>\n<\/p>\n<p><input class=\"wpcf7-form-control wpcf7-submit has-spinner\" type=\"submit\" value=\"Enviar\" \/>\n<\/p><div class=\"fusion-alert alert custom alert-custom fusion-alert-center wpcf7-response-output fusion-alert-capitalize awb-alert-native-link-color alert-dismissable awb-alert-close-boxed\" style=\"--awb-border-size:1px;--awb-border-top-left-radius:0px;--awb-border-top-right-radius:0px;--awb-border-bottom-left-radius:0px;--awb-border-bottom-right-radius:0px;\" role=\"alert\"><div class=\"fusion-alert-content-wrapper\"><span class=\"fusion-alert-content\"><\/span><\/div><button type=\"button\" class=\"close toggle-alert\" data-dismiss=\"alert\" aria-label=\"Close\">&times;<\/button><\/div>\n<\/form>\n<\/div>\n\n<\/div><div class=\"fusion-clearfix\"><\/div><\/div><\/div><div class=\"fusion-layout-column fusion_builder_column fusion-builder-column-4 fusion_builder_column_1_1 1_1 fusion-one-full fusion-column-first fusion-column-last\" style=\"--awb-bg-size:cover;\"><div class=\"fusion-column-wrapper fusion-flex-column-wrapper-legacy\"><div class=\"fusion-sep-clear\"><\/div><div class=\"fusion-separator fusion-full-width-sep\" style=\"margin-left: auto;margin-right: auto;margin-top:16px;margin-bottom:16px;width:100%;\"><div class=\"fusion-separator-border sep-double\" style=\"--awb-height:20px;--awb-amount:20px;border-color:#e0dede;border-top-width:0px;border-bottom-width:0px;\"><\/div><\/div><div class=\"fusion-sep-clear\"><\/div><div class=\"fusion-clearfix\"><\/div><\/div><\/div><\/div><\/div><\/p>\n","protected":false},"excerpt":{"rendered":"<p>Cuidados postoperatorios despu\u00e9s de blefaroplastia superior con recomendaciones claras para aliviar inflamaci\u00f3n y acelerar recuperaci\u00f3n.<\/p>\n","protected":false},"author":1,"featured_media":2226,"comment_status":"closed","ping_status":"open","sticky":false,"template":"","format":"standard","meta":{"_joinchat":[],"footnotes":""},"categories":[56],"tags":[],"class_list":["post-2225","post","type-post","status-publish","format-standard","has-post-thumbnail","hentry","category-tratamientos-de-cirugia-estetica"],"yoast_head":"<!-- This site is optimized with the Yoast SEO plugin v28.4 - https:\/\/yoast.com\/product\/yoast-seo-wordpress\/ -->\n<title>P\u00e1rpados superiores: Cuidados Postoperatorios tras una cirug\u00eda -<\/title>\n<meta name=\"description\" content=\"Cuidados postoperatorios despu\u00e9s de blefaroplastia superior con recomendaciones claras para aliviar inflamaci\u00f3n y acelerar recuperaci\u00f3n.\" \/>\n<meta name=\"robots\" content=\"index, follow, max-snippet:-1, max-image-preview:large, max-video-preview:-1\" \/>\n<link rel=\"canonical\" href=\"https:\/\/www.idermic.es\/es\/cuidados-postoperatorios-tras-una-cirugia-de-parpados-superiores\/\" \/>\n<meta property=\"og:locale\" content=\"es_ES\" \/>\n<meta property=\"og:type\" content=\"article\" \/>\n<meta property=\"og:title\" content=\"P\u00e1rpados superiores: Cuidados Postoperatorios tras una cirug\u00eda -\" \/>\n<meta property=\"og:description\" content=\"Cuidados postoperatorios despu\u00e9s de blefaroplastia superior con recomendaciones claras para aliviar inflamaci\u00f3n y acelerar recuperaci\u00f3n.\" \/>\n<meta property=\"og:url\" content=\"https:\/\/www.idermic.es\/es\/cuidados-postoperatorios-tras-una-cirugia-de-parpados-superiores\/\" \/>\n<meta property=\"og:site_name\" content=\"Idermic. Dermatolog\u00eda en Terrassa\" \/>\n<meta property=\"article:publisher\" content=\"https:\/\/www.facebook.com\/Idermic\" \/>\n<meta property=\"article:published_time\" content=\"2020-02-04T22:54:13+00:00\" \/>\n<meta property=\"article:modified_time\" content=\"2025-08-15T11:56:33+00:00\" \/>\n<meta property=\"og:image\" content=\"https:\/\/www.idermic.es\/wp-content\/uploads\/2020\/02\/Cuidados-Postoperatorios-tras-una-cirug\u00eda-de-p\u00e1rpados-superiores.jpg\" \/>\n\t<meta property=\"og:image:width\" content=\"1002\" \/>\n\t<meta property=\"og:image:height\" content=\"600\" \/>\n\t<meta property=\"og:image:type\" content=\"image\/jpeg\" \/>\n<meta name=\"author\" content=\"admin@www\" \/>\n<meta name=\"twitter:card\" content=\"summary_large_image\" \/>\n<meta name=\"twitter:creator\" content=\"@idermic\" \/>\n<meta name=\"twitter:site\" content=\"@idermic\" \/>\n<meta name=\"twitter:label1\" content=\"Escrito por\" \/>\n\t<meta name=\"twitter:data1\" content=\"admin@www\" \/>\n\t<meta name=\"twitter:label2\" content=\"Tiempo de lectura\" \/>\n\t<meta name=\"twitter:data2\" content=\"7 minutos\" \/>\n<script type=\"application\/ld+json\" class=\"yoast-schema-graph\">{\"@context\":\"https:\\\/\\\/schema.org\",\"@graph\":[{\"@type\":\"Article\",\"@id\":\"https:\\\/\\\/www.idermic.es\\\/es\\\/cuidados-postoperatorios-tras-una-cirugia-de-parpados-superiores\\\/#article\",\"isPartOf\":{\"@id\":\"https:\\\/\\\/www.idermic.es\\\/es\\\/cuidados-postoperatorios-tras-una-cirugia-de-parpados-superiores\\\/\"},\"author\":{\"name\":\"admin@www\",\"@id\":\"https:\\\/\\\/www.idermic.es\\\/#\\\/schema\\\/person\\\/d9bd7e6f2a783f0f526073250560bfb5\"},\"headline\":\"P\u00e1rpados superiores: Cuidados Postoperatorios tras una cirug\u00eda\",\"datePublished\":\"2020-02-04T22:54:13+00:00\",\"dateModified\":\"2025-08-15T11:56:33+00:00\",\"mainEntityOfPage\":{\"@id\":\"https:\\\/\\\/www.idermic.es\\\/es\\\/cuidados-postoperatorios-tras-una-cirugia-de-parpados-superiores\\\/\"},\"wordCount\":1750,\"publisher\":{\"@id\":\"https:\\\/\\\/www.idermic.es\\\/#organization\"},\"image\":{\"@id\":\"https:\\\/\\\/www.idermic.es\\\/es\\\/cuidados-postoperatorios-tras-una-cirugia-de-parpados-superiores\\\/#primaryimage\"},\"thumbnailUrl\":\"https:\\\/\\\/www.idermic.es\\\/wp-content\\\/uploads\\\/2020\\\/02\\\/Cuidados-Postoperatorios-tras-una-cirug\u00eda-de-p\u00e1rpados-superiores.jpg\",\"articleSection\":[\"Tratamientos de Cirug\u00eda Est\u00e9tica\"],\"inLanguage\":\"es\"},{\"@type\":\"WebPage\",\"@id\":\"https:\\\/\\\/www.idermic.es\\\/es\\\/cuidados-postoperatorios-tras-una-cirugia-de-parpados-superiores\\\/\",\"url\":\"https:\\\/\\\/www.idermic.es\\\/es\\\/cuidados-postoperatorios-tras-una-cirugia-de-parpados-superiores\\\/\",\"name\":\"P\u00e1rpados superiores: Cuidados Postoperatorios tras una cirug\u00eda -\",\"isPartOf\":{\"@id\":\"https:\\\/\\\/www.idermic.es\\\/#website\"},\"primaryImageOfPage\":{\"@id\":\"https:\\\/\\\/www.idermic.es\\\/es\\\/cuidados-postoperatorios-tras-una-cirugia-de-parpados-superiores\\\/#primaryimage\"},\"image\":{\"@id\":\"https:\\\/\\\/www.idermic.es\\\/es\\\/cuidados-postoperatorios-tras-una-cirugia-de-parpados-superiores\\\/#primaryimage\"},\"thumbnailUrl\":\"https:\\\/\\\/www.idermic.es\\\/wp-content\\\/uploads\\\/2020\\\/02\\\/Cuidados-Postoperatorios-tras-una-cirug\u00eda-de-p\u00e1rpados-superiores.jpg\",\"datePublished\":\"2020-02-04T22:54:13+00:00\",\"dateModified\":\"2025-08-15T11:56:33+00:00\",\"description\":\"Cuidados postoperatorios despu\u00e9s de blefaroplastia superior con recomendaciones claras para aliviar inflamaci\u00f3n y acelerar recuperaci\u00f3n.\",\"breadcrumb\":{\"@id\":\"https:\\\/\\\/www.idermic.es\\\/es\\\/cuidados-postoperatorios-tras-una-cirugia-de-parpados-superiores\\\/#breadcrumb\"},\"inLanguage\":\"es\",\"potentialAction\":[{\"@type\":\"ReadAction\",\"target\":[\"https:\\\/\\\/www.idermic.es\\\/es\\\/cuidados-postoperatorios-tras-una-cirugia-de-parpados-superiores\\\/\"]}]},{\"@type\":\"ImageObject\",\"inLanguage\":\"es\",\"@id\":\"https:\\\/\\\/www.idermic.es\\\/es\\\/cuidados-postoperatorios-tras-una-cirugia-de-parpados-superiores\\\/#primaryimage\",\"url\":\"https:\\\/\\\/www.idermic.es\\\/wp-content\\\/uploads\\\/2020\\\/02\\\/Cuidados-Postoperatorios-tras-una-cirug\u00eda-de-p\u00e1rpados-superiores.jpg\",\"contentUrl\":\"https:\\\/\\\/www.idermic.es\\\/wp-content\\\/uploads\\\/2020\\\/02\\\/Cuidados-Postoperatorios-tras-una-cirug\u00eda-de-p\u00e1rpados-superiores.jpg\",\"width\":1002,\"height\":600,\"caption\":\"Cuidados Postoperatorios tras una cirug\u00eda de p\u00e1rpados superiores. Idermic Terrassa\"},{\"@type\":\"BreadcrumbList\",\"@id\":\"https:\\\/\\\/www.idermic.es\\\/es\\\/cuidados-postoperatorios-tras-una-cirugia-de-parpados-superiores\\\/#breadcrumb\",\"itemListElement\":[{\"@type\":\"ListItem\",\"position\":1,\"name\":\"Inici\",\"item\":\"https:\\\/\\\/www.idermic.es\\\/es\\\/\"},{\"@type\":\"ListItem\",\"position\":2,\"name\":\"P\u00e1rpados superiores: Cuidados Postoperatorios tras una cirug\u00eda\"}]},{\"@type\":\"WebSite\",\"@id\":\"https:\\\/\\\/www.idermic.es\\\/#website\",\"url\":\"https:\\\/\\\/www.idermic.es\\\/\",\"name\":\"Idermic. Dermatolog\u00eda en Terrassa\",\"description\":\"Dermatolog\u00eda, Medicina est\u00e9tica, Cirurg\u00eda Pl\u00e0stica\",\"publisher\":{\"@id\":\"https:\\\/\\\/www.idermic.es\\\/#organization\"},\"potentialAction\":[{\"@type\":\"SearchAction\",\"target\":{\"@type\":\"EntryPoint\",\"urlTemplate\":\"https:\\\/\\\/www.idermic.es\\\/?s={search_term_string}\"},\"query-input\":{\"@type\":\"PropertyValueSpecification\",\"valueRequired\":true,\"valueName\":\"search_term_string\"}}],\"inLanguage\":\"es\"},{\"@type\":\"Organization\",\"@id\":\"https:\\\/\\\/www.idermic.es\\\/#organization\",\"name\":\"Idermic. Dermatolog\u00eda en Terrassa\",\"url\":\"https:\\\/\\\/www.idermic.es\\\/\",\"logo\":{\"@type\":\"ImageObject\",\"inLanguage\":\"es\",\"@id\":\"https:\\\/\\\/www.idermic.es\\\/#\\\/schema\\\/logo\\\/image\\\/\",\"url\":\"https:\\\/\\\/www.idermic.es\\\/wp-content\\\/uploads\\\/2025\\\/10\\\/Logo-Idermic.jpg\",\"contentUrl\":\"https:\\\/\\\/www.idermic.es\\\/wp-content\\\/uploads\\\/2025\\\/10\\\/Logo-Idermic.jpg\",\"width\":501,\"height\":502,\"caption\":\"Idermic. Dermatolog\u00eda en Terrassa\"},\"image\":{\"@id\":\"https:\\\/\\\/www.idermic.es\\\/#\\\/schema\\\/logo\\\/image\\\/\"},\"sameAs\":[\"https:\\\/\\\/www.facebook.com\\\/Idermic\",\"https:\\\/\\\/x.com\\\/idermic\",\"https:\\\/\\\/www.instagram.com\\\/idermicclinic\\\/\",\"https:\\\/\\\/www.youtube.com\\\/channel\\\/UCyAHC9-p8lc6hr_nguO8p_g\"]},{\"@type\":\"Person\",\"@id\":\"https:\\\/\\\/www.idermic.es\\\/#\\\/schema\\\/person\\\/d9bd7e6f2a783f0f526073250560bfb5\",\"name\":\"admin@www\",\"image\":{\"@type\":\"ImageObject\",\"inLanguage\":\"es\",\"@id\":\"https:\\\/\\\/secure.gravatar.com\\\/avatar\\\/b4e94726668ce15d352771a043d3273340f3898aee9f386703de5f0d2865d807?s=96&d=mm&r=g\",\"url\":\"https:\\\/\\\/secure.gravatar.com\\\/avatar\\\/b4e94726668ce15d352771a043d3273340f3898aee9f386703de5f0d2865d807?s=96&d=mm&r=g\",\"contentUrl\":\"https:\\\/\\\/secure.gravatar.com\\\/avatar\\\/b4e94726668ce15d352771a043d3273340f3898aee9f386703de5f0d2865d807?s=96&d=mm&r=g\",\"caption\":\"admin@www\"}}]}<\/script>\n<!-- \/ Yoast SEO plugin. -->","yoast_head_json":{"title":"P\u00e1rpados superiores: Cuidados Postoperatorios tras una cirug\u00eda -","description":"Cuidados postoperatorios despu\u00e9s de blefaroplastia superior con recomendaciones claras para aliviar inflamaci\u00f3n y acelerar recuperaci\u00f3n.","robots":{"index":"index","follow":"follow","max-snippet":"max-snippet:-1","max-image-preview":"max-image-preview:large","max-video-preview":"max-video-preview:-1"},"canonical":"https:\/\/www.idermic.es\/es\/cuidados-postoperatorios-tras-una-cirugia-de-parpados-superiores\/","og_locale":"es_ES","og_type":"article","og_title":"P\u00e1rpados superiores: Cuidados Postoperatorios tras una cirug\u00eda -","og_description":"Cuidados postoperatorios despu\u00e9s de blefaroplastia superior con recomendaciones claras para aliviar inflamaci\u00f3n y acelerar recuperaci\u00f3n.","og_url":"https:\/\/www.idermic.es\/es\/cuidados-postoperatorios-tras-una-cirugia-de-parpados-superiores\/","og_site_name":"Idermic. Dermatolog\u00eda en Terrassa","article_publisher":"https:\/\/www.facebook.com\/Idermic","article_published_time":"2020-02-04T22:54:13+00:00","article_modified_time":"2025-08-15T11:56:33+00:00","og_image":[{"width":1002,"height":600,"url":"https:\/\/www.idermic.es\/wp-content\/uploads\/2020\/02\/Cuidados-Postoperatorios-tras-una-cirug\u00eda-de-p\u00e1rpados-superiores.jpg","type":"image\/jpeg"}],"author":"admin@www","twitter_card":"summary_large_image","twitter_creator":"@idermic","twitter_site":"@idermic","twitter_misc":{"Escrito por":"admin@www","Tiempo de lectura":"7 minutos"},"schema":{"@context":"https:\/\/schema.org","@graph":[{"@type":"Article","@id":"https:\/\/www.idermic.es\/es\/cuidados-postoperatorios-tras-una-cirugia-de-parpados-superiores\/#article","isPartOf":{"@id":"https:\/\/www.idermic.es\/es\/cuidados-postoperatorios-tras-una-cirugia-de-parpados-superiores\/"},"author":{"name":"admin@www","@id":"https:\/\/www.idermic.es\/#\/schema\/person\/d9bd7e6f2a783f0f526073250560bfb5"},"headline":"P\u00e1rpados superiores: Cuidados Postoperatorios tras una cirug\u00eda","datePublished":"2020-02-04T22:54:13+00:00","dateModified":"2025-08-15T11:56:33+00:00","mainEntityOfPage":{"@id":"https:\/\/www.idermic.es\/es\/cuidados-postoperatorios-tras-una-cirugia-de-parpados-superiores\/"},"wordCount":1750,"publisher":{"@id":"https:\/\/www.idermic.es\/#organization"},"image":{"@id":"https:\/\/www.idermic.es\/es\/cuidados-postoperatorios-tras-una-cirugia-de-parpados-superiores\/#primaryimage"},"thumbnailUrl":"https:\/\/www.idermic.es\/wp-content\/uploads\/2020\/02\/Cuidados-Postoperatorios-tras-una-cirug\u00eda-de-p\u00e1rpados-superiores.jpg","articleSection":["Tratamientos de Cirug\u00eda Est\u00e9tica"],"inLanguage":"es"},{"@type":"WebPage","@id":"https:\/\/www.idermic.es\/es\/cuidados-postoperatorios-tras-una-cirugia-de-parpados-superiores\/","url":"https:\/\/www.idermic.es\/es\/cuidados-postoperatorios-tras-una-cirugia-de-parpados-superiores\/","name":"P\u00e1rpados superiores: Cuidados Postoperatorios tras una cirug\u00eda -","isPartOf":{"@id":"https:\/\/www.idermic.es\/#website"},"primaryImageOfPage":{"@id":"https:\/\/www.idermic.es\/es\/cuidados-postoperatorios-tras-una-cirugia-de-parpados-superiores\/#primaryimage"},"image":{"@id":"https:\/\/www.idermic.es\/es\/cuidados-postoperatorios-tras-una-cirugia-de-parpados-superiores\/#primaryimage"},"thumbnailUrl":"https:\/\/www.idermic.es\/wp-content\/uploads\/2020\/02\/Cuidados-Postoperatorios-tras-una-cirug\u00eda-de-p\u00e1rpados-superiores.jpg","datePublished":"2020-02-04T22:54:13+00:00","dateModified":"2025-08-15T11:56:33+00:00","description":"Cuidados postoperatorios despu\u00e9s de blefaroplastia superior con recomendaciones claras para aliviar inflamaci\u00f3n y acelerar recuperaci\u00f3n.","breadcrumb":{"@id":"https:\/\/www.idermic.es\/es\/cuidados-postoperatorios-tras-una-cirugia-de-parpados-superiores\/#breadcrumb"},"inLanguage":"es","potentialAction":[{"@type":"ReadAction","target":["https:\/\/www.idermic.es\/es\/cuidados-postoperatorios-tras-una-cirugia-de-parpados-superiores\/"]}]},{"@type":"ImageObject","inLanguage":"es","@id":"https:\/\/www.idermic.es\/es\/cuidados-postoperatorios-tras-una-cirugia-de-parpados-superiores\/#primaryimage","url":"https:\/\/www.idermic.es\/wp-content\/uploads\/2020\/02\/Cuidados-Postoperatorios-tras-una-cirug\u00eda-de-p\u00e1rpados-superiores.jpg","contentUrl":"https:\/\/www.idermic.es\/wp-content\/uploads\/2020\/02\/Cuidados-Postoperatorios-tras-una-cirug\u00eda-de-p\u00e1rpados-superiores.jpg","width":1002,"height":600,"caption":"Cuidados Postoperatorios tras una cirug\u00eda de p\u00e1rpados superiores. Idermic Terrassa"},{"@type":"BreadcrumbList","@id":"https:\/\/www.idermic.es\/es\/cuidados-postoperatorios-tras-una-cirugia-de-parpados-superiores\/#breadcrumb","itemListElement":[{"@type":"ListItem","position":1,"name":"Inici","item":"https:\/\/www.idermic.es\/es\/"},{"@type":"ListItem","position":2,"name":"P\u00e1rpados superiores: Cuidados Postoperatorios tras una cirug\u00eda"}]},{"@type":"WebSite","@id":"https:\/\/www.idermic.es\/#website","url":"https:\/\/www.idermic.es\/","name":"Idermic. Dermatolog\u00eda en Terrassa","description":"Dermatolog\u00eda, Medicina est\u00e9tica, Cirurg\u00eda Pl\u00e0stica","publisher":{"@id":"https:\/\/www.idermic.es\/#organization"},"potentialAction":[{"@type":"SearchAction","target":{"@type":"EntryPoint","urlTemplate":"https:\/\/www.idermic.es\/?s={search_term_string}"},"query-input":{"@type":"PropertyValueSpecification","valueRequired":true,"valueName":"search_term_string"}}],"inLanguage":"es"},{"@type":"Organization","@id":"https:\/\/www.idermic.es\/#organization","name":"Idermic. Dermatolog\u00eda en Terrassa","url":"https:\/\/www.idermic.es\/","logo":{"@type":"ImageObject","inLanguage":"es","@id":"https:\/\/www.idermic.es\/#\/schema\/logo\/image\/","url":"https:\/\/www.idermic.es\/wp-content\/uploads\/2025\/10\/Logo-Idermic.jpg","contentUrl":"https:\/\/www.idermic.es\/wp-content\/uploads\/2025\/10\/Logo-Idermic.jpg","width":501,"height":502,"caption":"Idermic. Dermatolog\u00eda en Terrassa"},"image":{"@id":"https:\/\/www.idermic.es\/#\/schema\/logo\/image\/"},"sameAs":["https:\/\/www.facebook.com\/Idermic","https:\/\/x.com\/idermic","https:\/\/www.instagram.com\/idermicclinic\/","https:\/\/www.youtube.com\/channel\/UCyAHC9-p8lc6hr_nguO8p_g"]},{"@type":"Person","@id":"https:\/\/www.idermic.es\/#\/schema\/person\/d9bd7e6f2a783f0f526073250560bfb5","name":"admin@www","image":{"@type":"ImageObject","inLanguage":"es","@id":"https:\/\/secure.gravatar.com\/avatar\/b4e94726668ce15d352771a043d3273340f3898aee9f386703de5f0d2865d807?s=96&d=mm&r=g","url":"https:\/\/secure.gravatar.com\/avatar\/b4e94726668ce15d352771a043d3273340f3898aee9f386703de5f0d2865d807?s=96&d=mm&r=g","contentUrl":"https:\/\/secure.gravatar.com\/avatar\/b4e94726668ce15d352771a043d3273340f3898aee9f386703de5f0d2865d807?s=96&d=mm&r=g","caption":"admin@www"}}]}},"_links":{"self":[{"href":"https:\/\/www.idermic.es\/es\/wp-json\/wp\/v2\/posts\/2225","targetHints":{"allow":["GET"]}}],"collection":[{"href":"https:\/\/www.idermic.es\/es\/wp-json\/wp\/v2\/posts"}],"about":[{"href":"https:\/\/www.idermic.es\/es\/wp-json\/wp\/v2\/types\/post"}],"author":[{"embeddable":true,"href":"https:\/\/www.idermic.es\/es\/wp-json\/wp\/v2\/users\/1"}],"replies":[{"embeddable":true,"href":"https:\/\/www.idermic.es\/es\/wp-json\/wp\/v2\/comments?post=2225"}],"version-history":[{"count":6,"href":"https:\/\/www.idermic.es\/es\/wp-json\/wp\/v2\/posts\/2225\/revisions"}],"predecessor-version":[{"id":8084,"href":"https:\/\/www.idermic.es\/es\/wp-json\/wp\/v2\/posts\/2225\/revisions\/8084"}],"wp:featuredmedia":[{"embeddable":true,"href":"https:\/\/www.idermic.es\/es\/wp-json\/wp\/v2\/media\/2226"}],"wp:attachment":[{"href":"https:\/\/www.idermic.es\/es\/wp-json\/wp\/v2\/media?parent=2225"}],"wp:term":[{"taxonomy":"category","embeddable":true,"href":"https:\/\/www.idermic.es\/es\/wp-json\/wp\/v2\/categories?post=2225"},{"taxonomy":"post_tag","embeddable":true,"href":"https:\/\/www.idermic.es\/es\/wp-json\/wp\/v2\/tags?post=2225"}],"curies":[{"name":"wp","href":"https:\/\/api.w.org\/{rel}","templated":true}]}}