{"id":2191,"date":"2024-10-21T17:34:21","date_gmt":"2024-10-21T17:34:21","guid":{"rendered":"https:\/\/www.idermic.es\/?p=2191"},"modified":"2026-05-26T09:44:50","modified_gmt":"2026-05-26T09:44:50","slug":"morpheus8-de-inmodemd-tecnologia-de-radiofrecuencia-fraccionada","status":"publish","type":"post","link":"https:\/\/www.idermic.es\/es\/morpheus8-de-inmodemd-tecnologia-de-radiofrecuencia-fraccionada\/","title":{"rendered":"Morpheus8 de InModeMD. Tecnolog\u00eda de radiofrecuencia fraccionada"},"content":{"rendered":"<p><div class=\"fusion-fullwidth fullwidth-box fusion-builder-row-1 nonhundred-percent-fullwidth non-hundred-percent-height-scrolling\" style=\"--awb-border-radius-top-left:0px;--awb-border-radius-top-right:0px;--awb-border-radius-bottom-right:0px;--awb-border-radius-bottom-left:0px;--awb-margin-top:32px;--awb-margin-bottom:32px;--awb-flex-wrap:wrap;\" ><div class=\"fusion-builder-row fusion-row\"><div class=\"fusion-layout-column fusion_builder_column fusion-builder-column-0 fusion_builder_column_1_1 1_1 fusion-one-full fusion-column-first fusion-column-last\" style=\"--awb-bg-size:cover;\"><div class=\"fusion-column-wrapper fusion-flex-column-wrapper-legacy\"><div class=\"fusion-text fusion-text-1\"><h1>Morpheus8 de InModeMD. Tecnolog\u00eda de radiofrecuencia fraccionada<\/h1>\n<\/div><div class=\"fusion-text fusion-text-2\"><p><strong><a href=\"https:\/\/www.idermic.es\/es\/dermatologia_estetic\/morpheus8\/\">Morpheus8<\/a> de InMode<\/strong> es un dispositivo de microagujas que utiliza energ\u00eda de <strong>radiofrecuencia<\/strong> para remodelar y contornear la cara y el cuerpo mediante la remodelaci\u00f3n adiposa subd\u00e9rmica. Es el primer y \u00fanico dispositivo del mundo que act\u00faa sobre el <strong>tejido subd\u00e9rmico<\/strong> corporal y facial. <span class=\"notranslate\">La remodelaci\u00f3n adiposa subd\u00e9rmica (ADRS) est\u00e1 aprobada por la prestigiosa FDA. Es el primer y \u00fanico tratamiento a nivel mundial para moldear la grasa profundamente en las capas d\u00e9rmicas para \u00abtransformarse\u00bb y remodelar el tejido facial y corporal.<\/span>\u00a0<span class=\"notranslate\">Los <strong>avances de InMode<\/strong> han establecido el est\u00e1ndar en <strong>tecnolog\u00eda RF<\/strong> con una eficiencia y resultados incomparables sin pasar por el quir\u00f3fano.\u00a0<\/span><br \/>\n\u2800<br \/>\nEste dispositivo tiene un aplicador de agujas que penetra profundamente en la piel coagulando la grasa, consiguiendo as\u00ed tensar la piel, reducir las arrugas en la cara y el cuerpo y mejorar la textura de la piel. <span class=\"notranslate\">Al crear heridas punzantes microsc\u00f3picas en la dermis superficial, el cuerpo se ve obligado a crear nuevo col\u00e1geno para curarse a s\u00ed mismo, al tiempo que suministra energ\u00eda t\u00e9rmica a profundidades de hasta 4 mil\u00edmetros (m\u00e1s profundo que cualquier otro dispositivo en el mercado) remodela la grasa adiposa en el tejido subcut\u00e1neo a nivel de la piel.<\/span>\u00a0<span class=\"notranslate\">Las agujas de silicona m\u00e1s afiladas son suaves para la epidermis y evitan tirones que realizan con otros dispositivos.<\/span>\u00a0<span class=\"notranslate\">El tratamiento es c\u00f3modo para el paciente y afecta todas las capas de la piel, epidermis, dermis y subcut\u00e1nea.<\/span>\u00a0<span class=\"notranslate\">Los pacientes reciben resultados m\u00e1ximos sin largos tiempos de recuperaci\u00f3n.<\/span><\/p>\n<div id=\"attachment_6608\" style=\"width: 671px\" class=\"wp-caption alignnone\"><img decoding=\"async\" aria-describedby=\"caption-attachment-6608\" class=\" wp-image-6608\" src=\"https:\/\/www.idermic.es\/wp-content\/uploads\/2024\/10\/image-300x143.png\" alt=\"Morpheus8 de InModeMD. Tecnolog\u00eda de radiofrecuencia fraccionada\" width=\"661\" height=\"315\" srcset=\"https:\/\/www.idermic.es\/wp-content\/uploads\/2024\/10\/image-200x96.png 200w, https:\/\/www.idermic.es\/wp-content\/uploads\/2024\/10\/image-300x143.png 300w, https:\/\/www.idermic.es\/wp-content\/uploads\/2024\/10\/image-400x191.png 400w, https:\/\/www.idermic.es\/wp-content\/uploads\/2024\/10\/image-600x287.png 600w, https:\/\/www.idermic.es\/wp-content\/uploads\/2024\/10\/image-768x367.png 768w, https:\/\/www.idermic.es\/wp-content\/uploads\/2024\/10\/image-800x383.png 800w, https:\/\/www.idermic.es\/wp-content\/uploads\/2024\/10\/image-1024x490.png 1024w, https:\/\/www.idermic.es\/wp-content\/uploads\/2024\/10\/image-1200x574.png 1200w, https:\/\/www.idermic.es\/wp-content\/uploads\/2024\/10\/image.png 1516w\" sizes=\"(max-width: 661px) 100vw, 661px\" \/><p id=\"caption-attachment-6608\" class=\"wp-caption-text\">Morpheus8 de InModeMD. Tecnolog\u00eda de radiofrecuencia fraccionada<\/p><\/div>\n<p>\ud83d\udc49Indicado para: flacidez o piel ligeramente descolgada con aspecto arrugado o con irregularidades.<br \/>\n\ud83d\udcc6Sesiones: El n\u00famero de sesiones de Morpheus8 360 var\u00eda seg\u00fan el \u00e1rea a tratar y las necesidades espec\u00edficas del paciente. Generalmente, se recomiendan entre 1 y 3 sesiones para lograr los mejores resultados, con intervalos de 4 a 6 semanas entre cada sesi\u00f3n. A medida que la piel contin\u00faa produciendo col\u00e1geno en los meses posteriores al tratamiento, los resultados seguir\u00e1n mejorando.<\/p>\n<p>\ud83d\ude31Dolor: se aplica una <a href=\"https:\/\/www.sanibook.net\/diccionario-de-salud\/#anestesia-topica\">anestesia t\u00f3pica<\/a> en crema<br \/>\n\ud83d\udd59Recuperaci\u00f3n: depende del \u00e1rea tratada. Entre 1-2 d\u00edas y un m\u00e1ximo de 10 d\u00edas.<br \/>\n\ud83d\udc4dCuidados Post tratamiento: evitar la exposici\u00f3n solar 7 d\u00edas y\u00a0utilizar protector solar para proteger la piel tratada. Tambi\u00e9n es importante mantener una rutina de cuidado suave para asegurar una curaci\u00f3n adecuada y maximizar los beneficios del procedimiento.<\/p>\n<p>\ud83d\udc69Resultados: a partir del mes 2 y mejora durante los 3 meses siguientes.<\/p>\n<\/div><div class=\"fusion-text fusion-text-3\"><h2>Aplicaciones de Morpheus8<\/h2>\n<p>Morpheus8 se puede utilizar para realizar diversos tratamientos est\u00e9ticos que a continuaci\u00f3n os explicamos.<\/p>\n<ul>\n<li>Reducir la grasa submentoniana (<a href=\"https:\/\/www.sanibook.net\/diccionario-de-salud\/#papada\">papada<\/a>) de forma r\u00e1pida y eficaz.<\/li>\n<li>Abordaje de las<a href=\"https:\/\/www.idermic.es\/es\/dermatologia_estetic\/tratamiento-marcas-acne\/\"> cicatrices de acn\u00e9<\/a>.<\/li>\n<li>Tratamiento de la hiperhidrosis.<\/li>\n<\/ul>\n<h2>Utilidades de Morpheus8 360<\/h2>\n<p>Este tratamiento es altamente vers\u00e1til y puede usarse para una variedad de problemas est\u00e9ticos en diferentes zonas del cuerpo, entre ellas:<\/p>\n<ul>\n<li><strong>Mejorar la textura de la piel<\/strong>: Aten\u00faa cicatrices de acn\u00e9, estr\u00edas, manchas y poros dilatados.<\/li>\n<li><strong>Reducci\u00f3n de arrugas y l\u00edneas finas<\/strong>: Estimula el col\u00e1geno para tensar la piel y minimizar arrugas.<\/li>\n<li><strong>Reafirmaci\u00f3n de la piel fl\u00e1cida<\/strong>: Se utiliza para tratar la piel suelta en el rostro, cuello, abdomen, brazos y rodillas.<\/li>\n<li><strong>Contorno corporal<\/strong>: Mejora la definici\u00f3n y firmeza en \u00e1reas como abdomen y muslos.<\/li>\n<li><strong>Tratamiento de la celulitis<\/strong>: Ayuda a reducir la apariencia de la celulitis en \u00e1reas problem\u00e1ticas.<\/li>\n<\/ul>\n<p><strong>Caracter\u00edsticas de Morpheus8 360<\/strong><\/p>\n<ul>\n<li><strong>Tecnolog\u00eda de micro agujas y radiofrecuencia<\/strong>: La combinaci\u00f3n de ambas tecnolog\u00edas permite penetrar en diferentes profundidades de la piel, ofreciendo resultados efectivos tanto en la epidermis como en las capas subd\u00e9rmicas.<\/li>\n<li><strong>Versatilidad<\/strong>: Morpheus8 360 es ideal para una amplia gama de tipos de piel y puede personalizarse seg\u00fan las necesidades de cada paciente. La profundidad y la intensidad de la energ\u00eda de radiofrecuencia pueden ajustarse seg\u00fan el \u00e1rea tratada y los resultados deseados.<\/li>\n<li><strong>Tratamiento de cuerpo completo<\/strong>: Si bien es muy efectivo en el rostro, cuello y escote, Morpheus8 360 tambi\u00e9n puede aplicarse en \u00e1reas del cuerpo que requieran tensado y rejuvenecimiento, como el abdomen, brazos, muslos y gl\u00fateos.<\/li>\n<\/ul>\n<p><strong>Beneficios de Morpheus8 360<\/strong><\/p>\n<ul>\n<li><strong>Resultados duraderos y naturales<\/strong>: Al estimular la producci\u00f3n de col\u00e1geno y elastina en las capas profundas de la piel, los efectos de Morpheus8 360 tienden a durar mucho m\u00e1s que los tratamientos superficiales. Los pacientes suelen notar mejoras continuas en su piel durante varios meses despu\u00e9s de cada sesi\u00f3n.<\/li>\n<li><strong>Recuperaci\u00f3n r\u00e1pida<\/strong>: Aunque el tratamiento implica el uso de microagujas, la recuperaci\u00f3n es relativamente r\u00e1pida en comparaci\u00f3n con procedimientos quir\u00fargicos. La mayor\u00eda de los pacientes experimentan un enrojecimiento leve y posible hinchaz\u00f3n que desaparece en pocos d\u00edas.<\/li>\n<li><strong>Tratamiento no quir\u00fargico<\/strong>: Morpheus8 360 ofrece una alternativa no invasiva a los procedimientos quir\u00fargicos, como los liftings faciales. Esto permite obtener resultados visibles sin los riesgos, el tiempo de inactividad o las cicatrices asociados con las cirug\u00edas.<\/li>\n<li><strong>Seguridad y precisi\u00f3n<\/strong>: La radiofrecuencia fraccionada aplicada con precisi\u00f3n a trav\u00e9s de microagujas minimiza los riesgos de quemaduras o da\u00f1o en la piel, siendo un procedimiento seguro para la mayor\u00eda de los pacientes.<\/li>\n<li><strong>Personalizaci\u00f3n<\/strong>: El tratamiento se puede adaptar para tratar diferentes tipos de piel, tonos y necesidades, proporcionando resultados que se ajustan a los objetivos est\u00e9ticos individuales de cada paciente.<\/li>\n<\/ul>\n<h2>\u00bfQui\u00e9n es candidato para Morpheus8 360?<\/h2>\n<p>Morpheus8 360 es adecuado para personas que buscan mejorar la apariencia de su piel y combatir signos de envejecimiento sin recurrir a la cirug\u00eda. Aquellos que experimentan flacidez en la piel, cicatrices de acn\u00e9, l\u00edneas finas o problemas de textura pueden beneficiarse significativamente de este tratamiento. Sin embargo, siempre es recomendable una consulta previa con un profesional m\u00e9dico para determinar si este procedimiento es adecuado para cada caso.<\/p>\n<p>Por lo tanto, Morpheus8 360 es una opci\u00f3n revolucionaria para aquellos que desean una soluci\u00f3n eficaz para el rejuvenecimiento facial y corporal sin cirug\u00eda. Con una capacidad para tratar una amplia gama de problemas est\u00e9ticos y ofrecer resultados duraderos, este tratamiento se posiciona como una opci\u00f3n vers\u00e1til y segura en la medicina est\u00e9tica moderna.<\/p>\n<\/div><div class=\"fusion-video fusion-youtube\" style=\"--awb-max-width:600px;--awb-max-height:360px;\"><div class=\"video-shortcode\"><div class=\"fluid-width-video-wrapper\" style=\"padding-top:60%;\" ><iframe title=\"YouTube video player 1\" src=\"https:\/\/www.youtube.com\/embed\/MNq380zaC0Q?wmode=transparent&autoplay=0\" width=\"600\" height=\"360\" allowfullscreen allow=\"autoplay; clipboard-write; encrypted-media; gyroscope; picture-in-picture;\"><\/iframe><\/div><\/div><\/div><div class=\"fusion-text fusion-text-4\"><h2>5 beneficios del tratamiento Morpheus 8<\/h2>\n<div>\n<div><span style=\"color: #222222; font-family: georgia, palatino, serif; font-size: 12pt;\">1\ufe0f\u20e3 Rejuvenece desde dentro<\/span><\/div>\n<div><span style=\"color: #222222; font-family: georgia, palatino, serif; font-size: 12pt;\">Estimula la producci\u00f3n natural de col\u00e1geno y elastina en las capas profundas de la piel, mejorando firmeza y textura.<\/span><\/div>\n<div><span style=\"color: #222222; font-family: georgia, palatino, serif; font-size: 12pt;\">\u00a0<\/span><\/div>\n<div><span style=\"color: #222222; font-family: georgia, palatino, serif; font-size: 12pt;\">2\ufe0f\u20e3 Mejora la calidad de la piel<\/span><\/div>\n<div><span style=\"color: #222222; font-family: georgia, palatino, serif; font-size: 12pt;\">Afina el poro, suaviza arrugas y cicatrices de acn\u00e9, y aporta un aspecto m\u00e1s uniforme y luminoso.<\/span><\/div>\n<div><span style=\"color: #222222; font-family: georgia, palatino, serif; font-size: 12pt;\">\u00a0<\/span><\/div>\n<div><span style=\"color: #222222; font-family: georgia, palatino, serif; font-size: 12pt;\">3\ufe0f\u20e3 Redefine el contorno facial<\/span><\/div>\n<div><span style=\"color: #222222; font-family: georgia, palatino, serif; font-size: 12pt;\">Act\u00faa a nivel subd\u00e9rmico, ayudando a tensar la piel y redefinir el \u00f3valo facial sin necesidad de cirug\u00eda.<\/span><\/div>\n<div><span style=\"color: #222222; font-family: georgia, palatino, serif; font-size: 12pt;\">\u00a0<\/span><\/div>\n<div><span style=\"color: #222222; font-family: georgia, palatino, serif; font-size: 12pt;\">4\ufe0f\u20e3 Tratamiento seguro y personalizado<\/span><\/div>\n<div><span style=\"color: #222222; font-family: georgia, palatino, serif; font-size: 12pt;\">La profundidad y energ\u00eda se adaptan a cada zona y tipo de piel, con m\u00ednima recuperaci\u00f3n.<\/span><\/div>\n<div><span style=\"color: #222222; font-family: georgia, palatino, serif; font-size: 12pt;\">\u00a0<\/span><\/div>\n<div><span style=\"color: #222222; font-family: georgia, palatino, serif; font-size: 12pt;\">5\ufe0f\u20e3 Resultados progresivos y naturales<\/span><\/div>\n<div><span style=\"color: #222222; font-family: georgia, palatino, serif; font-size: 12pt;\">La piel mejora semana a semana, ofreciendo un efecto tensor y revitalizante duradero.<\/span><\/div>\n<\/div>\n<\/div><div class=\"fusion-video fusion-youtube\" style=\"--awb-max-width:600px;--awb-max-height:360px;\"><div class=\"video-shortcode\"><div class=\"fluid-width-video-wrapper\" style=\"padding-top:60%;\" ><iframe title=\"YouTube video player 2\" src=\"https:\/\/www.youtube.com\/embed\/HRN8uu38CgA?wmode=transparent&autoplay=0\" width=\"600\" height=\"360\" allowfullscreen allow=\"autoplay; clipboard-write; encrypted-media; gyroscope; picture-in-picture;\"><\/iframe><\/div><\/div><\/div><div class=\"fusion-clearfix\"><\/div><\/div><\/div><\/div><\/div><div class=\"fusion-fullwidth fullwidth-box fusion-builder-row-2 nonhundred-percent-fullwidth non-hundred-percent-height-scrolling\" style=\"--awb-border-radius-top-left:0px;--awb-border-radius-top-right:0px;--awb-border-radius-bottom-right:0px;--awb-border-radius-bottom-left:0px;--awb-flex-wrap:wrap;\" ><div class=\"fusion-builder-row fusion-row\"><div class=\"fusion-layout-column fusion_builder_column fusion-builder-column-1 fusion_builder_column_1_1 1_1 fusion-one-full fusion-column-first fusion-column-last\" style=\"--awb-bg-size:cover;\"><div class=\"fusion-column-wrapper fusion-flex-column-wrapper-legacy\"><div class=\"fusion-clearfix\"><\/div><\/div><\/div><\/div><\/div><div class=\"fusion-fullwidth fullwidth-box fusion-builder-row-3 nonhundred-percent-fullwidth non-hundred-percent-height-scrolling\" style=\"--awb-border-radius-top-left:0px;--awb-border-radius-top-right:0px;--awb-border-radius-bottom-right:0px;--awb-border-radius-bottom-left:0px;--awb-flex-wrap:wrap;\" ><div class=\"fusion-builder-row fusion-row\"><div class=\"fusion-layout-column fusion_builder_column fusion-builder-column-2 fusion_builder_column_1_1 1_1 fusion-one-full fusion-column-first fusion-column-last\" style=\"--awb-bg-size:cover;\"><div class=\"fusion-column-wrapper fusion-flex-column-wrapper-legacy\"><div class=\"fusion-clearfix\"><\/div><\/div><\/div><\/div><\/div><div class=\"fusion-fullwidth fullwidth-box fusion-builder-row-4 has-pattern-background has-mask-background nonhundred-percent-fullwidth non-hundred-percent-height-scrolling\" style=\"--awb-border-radius-top-left:0px;--awb-border-radius-top-right:0px;--awb-border-radius-bottom-right:0px;--awb-border-radius-bottom-left:0px;--awb-padding-top:20px;--awb-padding-bottom:32px;--awb-margin-top:48px;--awb-margin-bottom:32px;--awb-flex-wrap:wrap;\" ><div class=\"fusion-builder-row fusion-row\"><div class=\"fusion-layout-column fusion_builder_column fusion-builder-column-3 fusion_builder_column_1_2 1_2 fusion-one-half fusion-column-first fusion-column-inner-bg-wrapper\" style=\"--awb-padding-top:20px;--awb-padding-right:20px;--awb-padding-bottom:20px;--awb-padding-left:60px;--awb-inner-bg-color:#f4d0c2;--awb-inner-bg-color-hover:#f4d0c2;--awb-inner-bg-size:cover;width:50%;width:calc(50% - ( ( 4% ) * 0.5 ) );margin-right: 4%;\" data-scroll-devices=\"small-visibility,medium-visibility,large-visibility\"><span class=\"fusion-column-inner-bg hover-type-none\"><a class=\"fusion-column-anchor\" href=\"https:\/\/www.idermic.es\/es\/financiacion\/\"><span class=\"fusion-column-inner-bg-image\"><\/span><\/a><\/span><div class=\"fusion-column-wrapper fusion-column-has-shadow fusion-flex-column-wrapper-legacy\"><div style=\"text-align:center; max-width: 100%; width: calc(100% - 40px); margin: 0 auto;\">\n  <p style=\"color:white;margin:0;padding:15px 15px 0 15px;background-color:#ddbcb0;font-family:Montserrat;font-size:20px;font-weight:500;letter-spacing:2px;line-height:30px;\">\n    FINAN\u00c7AMENT 0% INTER\u00c8S\n  <\/p>\n  <p style=\"color:white;margin:0;padding:0 15px 15px 15px;background-color:#ddbcb0;font-family:Open Sans;font-size:12px;font-weight:500;letter-spacing:2px;line-height:30px;\">\n    LLEGIR M\u00c9S +\n  <\/p>\n<\/div><div class=\"fusion-clearfix\"><\/div><\/div><\/div><div class=\"fusion-layout-column fusion_builder_column fusion-builder-column-4 fusion_builder_column_1_2 1_2 fusion-one-half fusion-column-last fusion-column-inner-bg-wrapper\" style=\"--awb-padding-top:20px;--awb-padding-right:20px;--awb-padding-bottom:20px;--awb-padding-left:60px;--awb-inner-bg-color:#f4d0c2;--awb-inner-bg-color-hover:#f4d0c2;--awb-inner-bg-size:cover;width:50%;width:calc(50% - ( ( 4% ) * 0.5 ) );\" data-scroll-devices=\"small-visibility,medium-visibility,large-visibility\"><span class=\"fusion-column-inner-bg hover-type-none\"><a class=\"fusion-column-anchor\" href=\"https:\/\/www.idermic.es\/es\/preguntas-frecuentes\/\"><span class=\"fusion-column-inner-bg-image\"><\/span><\/a><\/span><div class=\"fusion-column-wrapper fusion-column-has-shadow fusion-flex-column-wrapper-legacy\"><div style=\"text-align:center; max-width: 100%; width: calc(100% - 40px); margin: 0 auto;\">\n  <p style=\"color:white;margin:0;padding:15px 15px 0 15px;background-color:#ddbcb0;font-family:Montserrat;font-size:20px;font-weight:500;letter-spacing:2px;line-height:30px;\">\n    PREGUNTES FREQ\u00dcENTS \n  <\/p>\n  <p style=\"color:white;margin:0;padding:0 15px 15px 15px;background-color:#ddbcb0;font-family:Open Sans;font-size:12px;font-weight:500;letter-spacing:2px;line-height:30px;\">\n    LLEGIR M\u00c9S +\n  <\/p>\n<\/div><div class=\"fusion-clearfix\"><\/div><\/div><\/div><\/div><\/div>\n<\/p>\n","protected":false},"excerpt":{"rendered":"<p>Morpheus8 (radiofrecuencia fraccionada) en Idermic: remodela, tensa y mejora textura facial y corporal sin cirug\u00eda.<\/p>\n","protected":false},"author":1,"featured_media":2195,"comment_status":"open","ping_status":"closed","sticky":false,"template":"","format":"standard","meta":{"_joinchat":[],"footnotes":""},"categories":[37,36],"tags":[41,40],"class_list":["post-2191","post","type-post","status-publish","format-standard","has-post-thumbnail","hentry","category-tecnologia","category-tratamientos-de-medicina-estetica","tag-inmode","tag-radiofrecuencia"],"yoast_head":"<!-- This site is optimized with the Yoast SEO plugin v28.4 - https:\/\/yoast.com\/product\/yoast-seo-wordpress\/ -->\n<title>Morpheus8 de InModeMD. Tecnolog\u00eda de radiofrecuencia fraccionada - Idermic. Dermatolog\u00eda en Terrassa<\/title>\n<meta name=\"description\" content=\"Morpheus8 (radiofrecuencia fraccionada) en Idermic: remodela, tensa y mejora textura facial y corporal sin cirug\u00eda.\" \/>\n<meta name=\"robots\" content=\"index, follow, max-snippet:-1, max-image-preview:large, max-video-preview:-1\" \/>\n<link rel=\"canonical\" href=\"https:\/\/www.idermic.es\/es\/morpheus8-de-inmodemd-tecnologia-de-radiofrecuencia-fraccionada\/\" \/>\n<meta property=\"og:locale\" content=\"es_ES\" \/>\n<meta property=\"og:type\" content=\"article\" \/>\n<meta property=\"og:title\" content=\"Morpheus8 de InModeMD. Tecnolog\u00eda de radiofrecuencia fraccionada - Idermic. Dermatolog\u00eda en Terrassa\" \/>\n<meta property=\"og:description\" content=\"Morpheus8 (radiofrecuencia fraccionada) en Idermic: remodela, tensa y mejora textura facial y corporal sin cirug\u00eda.\" \/>\n<meta property=\"og:url\" content=\"https:\/\/www.idermic.es\/es\/morpheus8-de-inmodemd-tecnologia-de-radiofrecuencia-fraccionada\/\" \/>\n<meta property=\"og:site_name\" content=\"Idermic. Dermatolog\u00eda en Terrassa\" \/>\n<meta property=\"article:publisher\" content=\"https:\/\/www.facebook.com\/Idermic\" \/>\n<meta property=\"article:published_time\" content=\"2024-10-21T17:34:21+00:00\" \/>\n<meta property=\"article:modified_time\" content=\"2026-05-26T09:44:50+00:00\" \/>\n<meta property=\"og:image\" content=\"https:\/\/www.idermic.es\/wp-content\/uploads\/2020\/01\/Morpheus8-de-InModeMD.-Tecnolog\u00eda-de-radiofrecuencia-fraccionada.jpg\" \/>\n\t<meta property=\"og:image:width\" content=\"531\" \/>\n\t<meta property=\"og:image:height\" content=\"341\" \/>\n\t<meta property=\"og:image:type\" content=\"image\/jpeg\" \/>\n<meta name=\"author\" content=\"admin@www\" \/>\n<meta name=\"twitter:card\" content=\"summary_large_image\" \/>\n<meta name=\"twitter:creator\" content=\"@idermic\" \/>\n<meta name=\"twitter:site\" content=\"@idermic\" \/>\n<meta name=\"twitter:label1\" content=\"Escrito por\" \/>\n\t<meta name=\"twitter:data1\" content=\"admin@www\" \/>\n\t<meta name=\"twitter:label2\" content=\"Tiempo de lectura\" \/>\n\t<meta name=\"twitter:data2\" content=\"7 minutos\" \/>\n<script type=\"application\/ld+json\" class=\"yoast-schema-graph\">{\"@context\":\"https:\\\/\\\/schema.org\",\"@graph\":[{\"@type\":\"Article\",\"@id\":\"https:\\\/\\\/www.idermic.es\\\/es\\\/morpheus8-de-inmodemd-tecnologia-de-radiofrecuencia-fraccionada\\\/#article\",\"isPartOf\":{\"@id\":\"https:\\\/\\\/www.idermic.es\\\/es\\\/morpheus8-de-inmodemd-tecnologia-de-radiofrecuencia-fraccionada\\\/\"},\"author\":{\"name\":\"admin@www\",\"@id\":\"https:\\\/\\\/www.idermic.es\\\/#\\\/schema\\\/person\\\/d9bd7e6f2a783f0f526073250560bfb5\"},\"headline\":\"Morpheus8 de InModeMD. Tecnolog\u00eda de radiofrecuencia fraccionada\",\"datePublished\":\"2024-10-21T17:34:21+00:00\",\"dateModified\":\"2026-05-26T09:44:50+00:00\",\"mainEntityOfPage\":{\"@id\":\"https:\\\/\\\/www.idermic.es\\\/es\\\/morpheus8-de-inmodemd-tecnologia-de-radiofrecuencia-fraccionada\\\/\"},\"wordCount\":1891,\"commentCount\":0,\"publisher\":{\"@id\":\"https:\\\/\\\/www.idermic.es\\\/#organization\"},\"image\":{\"@id\":\"https:\\\/\\\/www.idermic.es\\\/es\\\/morpheus8-de-inmodemd-tecnologia-de-radiofrecuencia-fraccionada\\\/#primaryimage\"},\"thumbnailUrl\":\"https:\\\/\\\/www.idermic.es\\\/wp-content\\\/uploads\\\/2020\\\/01\\\/Morpheus8-de-InModeMD.-Tecnolog\u00eda-de-radiofrecuencia-fraccionada.jpg\",\"keywords\":[\"InMode\",\"Radiofrecuencia\"],\"articleSection\":[\"Tecnolog\u00eda\",\"Tratamientos de Medicina Est\u00e9tica\"],\"inLanguage\":\"es\",\"potentialAction\":[{\"@type\":\"CommentAction\",\"name\":\"Comment\",\"target\":[\"https:\\\/\\\/www.idermic.es\\\/es\\\/morpheus8-de-inmodemd-tecnologia-de-radiofrecuencia-fraccionada\\\/#respond\"]}]},{\"@type\":\"WebPage\",\"@id\":\"https:\\\/\\\/www.idermic.es\\\/es\\\/morpheus8-de-inmodemd-tecnologia-de-radiofrecuencia-fraccionada\\\/\",\"url\":\"https:\\\/\\\/www.idermic.es\\\/es\\\/morpheus8-de-inmodemd-tecnologia-de-radiofrecuencia-fraccionada\\\/\",\"name\":\"Morpheus8 de InModeMD. Tecnolog\u00eda de radiofrecuencia fraccionada - Idermic. Dermatolog\u00eda en Terrassa\",\"isPartOf\":{\"@id\":\"https:\\\/\\\/www.idermic.es\\\/#website\"},\"primaryImageOfPage\":{\"@id\":\"https:\\\/\\\/www.idermic.es\\\/es\\\/morpheus8-de-inmodemd-tecnologia-de-radiofrecuencia-fraccionada\\\/#primaryimage\"},\"image\":{\"@id\":\"https:\\\/\\\/www.idermic.es\\\/es\\\/morpheus8-de-inmodemd-tecnologia-de-radiofrecuencia-fraccionada\\\/#primaryimage\"},\"thumbnailUrl\":\"https:\\\/\\\/www.idermic.es\\\/wp-content\\\/uploads\\\/2020\\\/01\\\/Morpheus8-de-InModeMD.-Tecnolog\u00eda-de-radiofrecuencia-fraccionada.jpg\",\"datePublished\":\"2024-10-21T17:34:21+00:00\",\"dateModified\":\"2026-05-26T09:44:50+00:00\",\"description\":\"Morpheus8 (radiofrecuencia fraccionada) en Idermic: remodela, tensa y mejora textura facial y corporal sin cirug\u00eda.\",\"breadcrumb\":{\"@id\":\"https:\\\/\\\/www.idermic.es\\\/es\\\/morpheus8-de-inmodemd-tecnologia-de-radiofrecuencia-fraccionada\\\/#breadcrumb\"},\"inLanguage\":\"es\",\"potentialAction\":[{\"@type\":\"ReadAction\",\"target\":[\"https:\\\/\\\/www.idermic.es\\\/es\\\/morpheus8-de-inmodemd-tecnologia-de-radiofrecuencia-fraccionada\\\/\"]}]},{\"@type\":\"ImageObject\",\"inLanguage\":\"es\",\"@id\":\"https:\\\/\\\/www.idermic.es\\\/es\\\/morpheus8-de-inmodemd-tecnologia-de-radiofrecuencia-fraccionada\\\/#primaryimage\",\"url\":\"https:\\\/\\\/www.idermic.es\\\/wp-content\\\/uploads\\\/2020\\\/01\\\/Morpheus8-de-InModeMD.-Tecnolog\u00eda-de-radiofrecuencia-fraccionada.jpg\",\"contentUrl\":\"https:\\\/\\\/www.idermic.es\\\/wp-content\\\/uploads\\\/2020\\\/01\\\/Morpheus8-de-InModeMD.-Tecnolog\u00eda-de-radiofrecuencia-fraccionada.jpg\",\"width\":531,\"height\":341,\"caption\":\"Morpheus8 de InModeMD. Tecnolog\u00eda de radiofrecuencia fraccionada en Idermic de Terrassa\"},{\"@type\":\"BreadcrumbList\",\"@id\":\"https:\\\/\\\/www.idermic.es\\\/es\\\/morpheus8-de-inmodemd-tecnologia-de-radiofrecuencia-fraccionada\\\/#breadcrumb\",\"itemListElement\":[{\"@type\":\"ListItem\",\"position\":1,\"name\":\"Inici\",\"item\":\"https:\\\/\\\/www.idermic.es\\\/es\\\/\"},{\"@type\":\"ListItem\",\"position\":2,\"name\":\"Morpheus8 de InModeMD. Tecnolog\u00eda de radiofrecuencia fraccionada\"}]},{\"@type\":\"WebSite\",\"@id\":\"https:\\\/\\\/www.idermic.es\\\/#website\",\"url\":\"https:\\\/\\\/www.idermic.es\\\/\",\"name\":\"Idermic. Dermatolog\u00eda en Terrassa\",\"description\":\"Dermatolog\u00eda, Medicina est\u00e9tica, Cirurg\u00eda Pl\u00e0stica\",\"publisher\":{\"@id\":\"https:\\\/\\\/www.idermic.es\\\/#organization\"},\"potentialAction\":[{\"@type\":\"SearchAction\",\"target\":{\"@type\":\"EntryPoint\",\"urlTemplate\":\"https:\\\/\\\/www.idermic.es\\\/?s={search_term_string}\"},\"query-input\":{\"@type\":\"PropertyValueSpecification\",\"valueRequired\":true,\"valueName\":\"search_term_string\"}}],\"inLanguage\":\"es\"},{\"@type\":\"Organization\",\"@id\":\"https:\\\/\\\/www.idermic.es\\\/#organization\",\"name\":\"Idermic. Dermatolog\u00eda en Terrassa\",\"url\":\"https:\\\/\\\/www.idermic.es\\\/\",\"logo\":{\"@type\":\"ImageObject\",\"inLanguage\":\"es\",\"@id\":\"https:\\\/\\\/www.idermic.es\\\/#\\\/schema\\\/logo\\\/image\\\/\",\"url\":\"https:\\\/\\\/www.idermic.es\\\/wp-content\\\/uploads\\\/2025\\\/10\\\/Logo-Idermic.jpg\",\"contentUrl\":\"https:\\\/\\\/www.idermic.es\\\/wp-content\\\/uploads\\\/2025\\\/10\\\/Logo-Idermic.jpg\",\"width\":501,\"height\":502,\"caption\":\"Idermic. Dermatolog\u00eda en Terrassa\"},\"image\":{\"@id\":\"https:\\\/\\\/www.idermic.es\\\/#\\\/schema\\\/logo\\\/image\\\/\"},\"sameAs\":[\"https:\\\/\\\/www.facebook.com\\\/Idermic\",\"https:\\\/\\\/x.com\\\/idermic\",\"https:\\\/\\\/www.instagram.com\\\/idermicclinic\\\/\",\"https:\\\/\\\/www.youtube.com\\\/channel\\\/UCyAHC9-p8lc6hr_nguO8p_g\"]},{\"@type\":\"Person\",\"@id\":\"https:\\\/\\\/www.idermic.es\\\/#\\\/schema\\\/person\\\/d9bd7e6f2a783f0f526073250560bfb5\",\"name\":\"admin@www\",\"image\":{\"@type\":\"ImageObject\",\"inLanguage\":\"es\",\"@id\":\"https:\\\/\\\/secure.gravatar.com\\\/avatar\\\/b4e94726668ce15d352771a043d3273340f3898aee9f386703de5f0d2865d807?s=96&d=mm&r=g\",\"url\":\"https:\\\/\\\/secure.gravatar.com\\\/avatar\\\/b4e94726668ce15d352771a043d3273340f3898aee9f386703de5f0d2865d807?s=96&d=mm&r=g\",\"contentUrl\":\"https:\\\/\\\/secure.gravatar.com\\\/avatar\\\/b4e94726668ce15d352771a043d3273340f3898aee9f386703de5f0d2865d807?s=96&d=mm&r=g\",\"caption\":\"admin@www\"}}]}<\/script>\n<!-- \/ Yoast SEO plugin. -->","yoast_head_json":{"title":"Morpheus8 de InModeMD. Tecnolog\u00eda de radiofrecuencia fraccionada - Idermic. Dermatolog\u00eda en Terrassa","description":"Morpheus8 (radiofrecuencia fraccionada) en Idermic: remodela, tensa y mejora textura facial y corporal sin cirug\u00eda.","robots":{"index":"index","follow":"follow","max-snippet":"max-snippet:-1","max-image-preview":"max-image-preview:large","max-video-preview":"max-video-preview:-1"},"canonical":"https:\/\/www.idermic.es\/es\/morpheus8-de-inmodemd-tecnologia-de-radiofrecuencia-fraccionada\/","og_locale":"es_ES","og_type":"article","og_title":"Morpheus8 de InModeMD. Tecnolog\u00eda de radiofrecuencia fraccionada - Idermic. Dermatolog\u00eda en Terrassa","og_description":"Morpheus8 (radiofrecuencia fraccionada) en Idermic: remodela, tensa y mejora textura facial y corporal sin cirug\u00eda.","og_url":"https:\/\/www.idermic.es\/es\/morpheus8-de-inmodemd-tecnologia-de-radiofrecuencia-fraccionada\/","og_site_name":"Idermic. Dermatolog\u00eda en Terrassa","article_publisher":"https:\/\/www.facebook.com\/Idermic","article_published_time":"2024-10-21T17:34:21+00:00","article_modified_time":"2026-05-26T09:44:50+00:00","og_image":[{"width":531,"height":341,"url":"https:\/\/www.idermic.es\/wp-content\/uploads\/2020\/01\/Morpheus8-de-InModeMD.-Tecnolog\u00eda-de-radiofrecuencia-fraccionada.jpg","type":"image\/jpeg"}],"author":"admin@www","twitter_card":"summary_large_image","twitter_creator":"@idermic","twitter_site":"@idermic","twitter_misc":{"Escrito por":"admin@www","Tiempo de lectura":"7 minutos"},"schema":{"@context":"https:\/\/schema.org","@graph":[{"@type":"Article","@id":"https:\/\/www.idermic.es\/es\/morpheus8-de-inmodemd-tecnologia-de-radiofrecuencia-fraccionada\/#article","isPartOf":{"@id":"https:\/\/www.idermic.es\/es\/morpheus8-de-inmodemd-tecnologia-de-radiofrecuencia-fraccionada\/"},"author":{"name":"admin@www","@id":"https:\/\/www.idermic.es\/#\/schema\/person\/d9bd7e6f2a783f0f526073250560bfb5"},"headline":"Morpheus8 de InModeMD. Tecnolog\u00eda de radiofrecuencia fraccionada","datePublished":"2024-10-21T17:34:21+00:00","dateModified":"2026-05-26T09:44:50+00:00","mainEntityOfPage":{"@id":"https:\/\/www.idermic.es\/es\/morpheus8-de-inmodemd-tecnologia-de-radiofrecuencia-fraccionada\/"},"wordCount":1891,"commentCount":0,"publisher":{"@id":"https:\/\/www.idermic.es\/#organization"},"image":{"@id":"https:\/\/www.idermic.es\/es\/morpheus8-de-inmodemd-tecnologia-de-radiofrecuencia-fraccionada\/#primaryimage"},"thumbnailUrl":"https:\/\/www.idermic.es\/wp-content\/uploads\/2020\/01\/Morpheus8-de-InModeMD.-Tecnolog\u00eda-de-radiofrecuencia-fraccionada.jpg","keywords":["InMode","Radiofrecuencia"],"articleSection":["Tecnolog\u00eda","Tratamientos de Medicina Est\u00e9tica"],"inLanguage":"es","potentialAction":[{"@type":"CommentAction","name":"Comment","target":["https:\/\/www.idermic.es\/es\/morpheus8-de-inmodemd-tecnologia-de-radiofrecuencia-fraccionada\/#respond"]}]},{"@type":"WebPage","@id":"https:\/\/www.idermic.es\/es\/morpheus8-de-inmodemd-tecnologia-de-radiofrecuencia-fraccionada\/","url":"https:\/\/www.idermic.es\/es\/morpheus8-de-inmodemd-tecnologia-de-radiofrecuencia-fraccionada\/","name":"Morpheus8 de InModeMD. Tecnolog\u00eda de radiofrecuencia fraccionada - Idermic. Dermatolog\u00eda en Terrassa","isPartOf":{"@id":"https:\/\/www.idermic.es\/#website"},"primaryImageOfPage":{"@id":"https:\/\/www.idermic.es\/es\/morpheus8-de-inmodemd-tecnologia-de-radiofrecuencia-fraccionada\/#primaryimage"},"image":{"@id":"https:\/\/www.idermic.es\/es\/morpheus8-de-inmodemd-tecnologia-de-radiofrecuencia-fraccionada\/#primaryimage"},"thumbnailUrl":"https:\/\/www.idermic.es\/wp-content\/uploads\/2020\/01\/Morpheus8-de-InModeMD.-Tecnolog\u00eda-de-radiofrecuencia-fraccionada.jpg","datePublished":"2024-10-21T17:34:21+00:00","dateModified":"2026-05-26T09:44:50+00:00","description":"Morpheus8 (radiofrecuencia fraccionada) en Idermic: remodela, tensa y mejora textura facial y corporal sin cirug\u00eda.","breadcrumb":{"@id":"https:\/\/www.idermic.es\/es\/morpheus8-de-inmodemd-tecnologia-de-radiofrecuencia-fraccionada\/#breadcrumb"},"inLanguage":"es","potentialAction":[{"@type":"ReadAction","target":["https:\/\/www.idermic.es\/es\/morpheus8-de-inmodemd-tecnologia-de-radiofrecuencia-fraccionada\/"]}]},{"@type":"ImageObject","inLanguage":"es","@id":"https:\/\/www.idermic.es\/es\/morpheus8-de-inmodemd-tecnologia-de-radiofrecuencia-fraccionada\/#primaryimage","url":"https:\/\/www.idermic.es\/wp-content\/uploads\/2020\/01\/Morpheus8-de-InModeMD.-Tecnolog\u00eda-de-radiofrecuencia-fraccionada.jpg","contentUrl":"https:\/\/www.idermic.es\/wp-content\/uploads\/2020\/01\/Morpheus8-de-InModeMD.-Tecnolog\u00eda-de-radiofrecuencia-fraccionada.jpg","width":531,"height":341,"caption":"Morpheus8 de InModeMD. Tecnolog\u00eda de radiofrecuencia fraccionada en Idermic de Terrassa"},{"@type":"BreadcrumbList","@id":"https:\/\/www.idermic.es\/es\/morpheus8-de-inmodemd-tecnologia-de-radiofrecuencia-fraccionada\/#breadcrumb","itemListElement":[{"@type":"ListItem","position":1,"name":"Inici","item":"https:\/\/www.idermic.es\/es\/"},{"@type":"ListItem","position":2,"name":"Morpheus8 de InModeMD. Tecnolog\u00eda de radiofrecuencia fraccionada"}]},{"@type":"WebSite","@id":"https:\/\/www.idermic.es\/#website","url":"https:\/\/www.idermic.es\/","name":"Idermic. Dermatolog\u00eda en Terrassa","description":"Dermatolog\u00eda, Medicina est\u00e9tica, Cirurg\u00eda Pl\u00e0stica","publisher":{"@id":"https:\/\/www.idermic.es\/#organization"},"potentialAction":[{"@type":"SearchAction","target":{"@type":"EntryPoint","urlTemplate":"https:\/\/www.idermic.es\/?s={search_term_string}"},"query-input":{"@type":"PropertyValueSpecification","valueRequired":true,"valueName":"search_term_string"}}],"inLanguage":"es"},{"@type":"Organization","@id":"https:\/\/www.idermic.es\/#organization","name":"Idermic. Dermatolog\u00eda en Terrassa","url":"https:\/\/www.idermic.es\/","logo":{"@type":"ImageObject","inLanguage":"es","@id":"https:\/\/www.idermic.es\/#\/schema\/logo\/image\/","url":"https:\/\/www.idermic.es\/wp-content\/uploads\/2025\/10\/Logo-Idermic.jpg","contentUrl":"https:\/\/www.idermic.es\/wp-content\/uploads\/2025\/10\/Logo-Idermic.jpg","width":501,"height":502,"caption":"Idermic. Dermatolog\u00eda en Terrassa"},"image":{"@id":"https:\/\/www.idermic.es\/#\/schema\/logo\/image\/"},"sameAs":["https:\/\/www.facebook.com\/Idermic","https:\/\/x.com\/idermic","https:\/\/www.instagram.com\/idermicclinic\/","https:\/\/www.youtube.com\/channel\/UCyAHC9-p8lc6hr_nguO8p_g"]},{"@type":"Person","@id":"https:\/\/www.idermic.es\/#\/schema\/person\/d9bd7e6f2a783f0f526073250560bfb5","name":"admin@www","image":{"@type":"ImageObject","inLanguage":"es","@id":"https:\/\/secure.gravatar.com\/avatar\/b4e94726668ce15d352771a043d3273340f3898aee9f386703de5f0d2865d807?s=96&d=mm&r=g","url":"https:\/\/secure.gravatar.com\/avatar\/b4e94726668ce15d352771a043d3273340f3898aee9f386703de5f0d2865d807?s=96&d=mm&r=g","contentUrl":"https:\/\/secure.gravatar.com\/avatar\/b4e94726668ce15d352771a043d3273340f3898aee9f386703de5f0d2865d807?s=96&d=mm&r=g","caption":"admin@www"}}]}},"_links":{"self":[{"href":"https:\/\/www.idermic.es\/es\/wp-json\/wp\/v2\/posts\/2191","targetHints":{"allow":["GET"]}}],"collection":[{"href":"https:\/\/www.idermic.es\/es\/wp-json\/wp\/v2\/posts"}],"about":[{"href":"https:\/\/www.idermic.es\/es\/wp-json\/wp\/v2\/types\/post"}],"author":[{"embeddable":true,"href":"https:\/\/www.idermic.es\/es\/wp-json\/wp\/v2\/users\/1"}],"replies":[{"embeddable":true,"href":"https:\/\/www.idermic.es\/es\/wp-json\/wp\/v2\/comments?post=2191"}],"version-history":[{"count":8,"href":"https:\/\/www.idermic.es\/es\/wp-json\/wp\/v2\/posts\/2191\/revisions"}],"predecessor-version":[{"id":8551,"href":"https:\/\/www.idermic.es\/es\/wp-json\/wp\/v2\/posts\/2191\/revisions\/8551"}],"wp:featuredmedia":[{"embeddable":true,"href":"https:\/\/www.idermic.es\/es\/wp-json\/wp\/v2\/media\/2195"}],"wp:attachment":[{"href":"https:\/\/www.idermic.es\/es\/wp-json\/wp\/v2\/media?parent=2191"}],"wp:term":[{"taxonomy":"category","embeddable":true,"href":"https:\/\/www.idermic.es\/es\/wp-json\/wp\/v2\/categories?post=2191"},{"taxonomy":"post_tag","embeddable":true,"href":"https:\/\/www.idermic.es\/es\/wp-json\/wp\/v2\/tags?post=2191"}],"curies":[{"name":"wp","href":"https:\/\/api.w.org\/{rel}","templated":true}]}}