{"id":2121,"date":"2014-12-10T09:22:34","date_gmt":"2014-12-10T09:22:34","guid":{"rendered":"https:\/\/www.idermic.es\/?p=2121"},"modified":"2025-10-27T09:51:11","modified_gmt":"2025-10-27T09:51:11","slug":"conociendo-las-protesis-de-mamas","status":"publish","type":"post","link":"https:\/\/www.idermic.es\/es\/conociendo-las-protesis-de-mamas\/","title":{"rendered":"Conociendo las pr\u00f3tesis de mamas"},"content":{"rendered":"<p><div class=\"fusion-fullwidth fullwidth-box fusion-builder-row-1 nonhundred-percent-fullwidth non-hundred-percent-height-scrolling\" style=\"--awb-border-radius-top-left:0px;--awb-border-radius-top-right:0px;--awb-border-radius-bottom-right:0px;--awb-border-radius-bottom-left:0px;--awb-margin-top:32px;--awb-margin-bottom:32px;--awb-flex-wrap:wrap;\" ><div class=\"fusion-builder-row fusion-row\"><div class=\"fusion-layout-column fusion_builder_column fusion-builder-column-0 fusion_builder_column_1_1 1_1 fusion-one-full fusion-column-first fusion-column-last\" style=\"--awb-bg-size:cover;\"><div class=\"fusion-column-wrapper fusion-flex-column-wrapper-legacy\"><div class=\"fusion-text fusion-text-1\"><p>Uno de los pasos fundamentales en una intervenci\u00f3n de aumento mamario es la elecci\u00f3n de las pr\u00f3tesis mamarias. Existe todo un mundo de pr\u00f3tesis: rellenas de silicona, de suero salino, de forma redondas, anat\u00f3micas, de cobertura rugosa, lisa, etc, etc.<\/p>\n<p>La idea de este art\u00edculo es hacer una descripci\u00f3n b\u00e1sica de las caracter\u00edsticas f\u00edsicas de las pr\u00f3tesis mamarias de gel de silicona, las m\u00e1s utilizadas en nuestro pa\u00eds.<\/p>\n<p>En primer lugar, es conveniente cambiar el concepto de solamente \u201caumentar de tama\u00f1o el pecho\u201d. El concepto actual es el de ganar volumen consiguiendo una mama de proporciones arm\u00f3nicas adaptadas a las caracter\u00edsticas corporales de cada paciente. Y para ello el mercado de pr\u00f3tesis mamarias nos ofrece un amplio cat\u00e1logo de posibilidades que nos permite planificar un aumento mamario \u201ca medida\u201d para cada paciente.<\/p>\n<\/div><div class=\"fusion-clearfix\"><\/div><\/div><\/div><\/div><\/div><div class=\"fusion-fullwidth fullwidth-box fusion-builder-row-2 nonhundred-percent-fullwidth non-hundred-percent-height-scrolling\" style=\"--awb-border-color:#009ba8;--awb-border-radius-top-left:0px;--awb-border-radius-top-right:0px;--awb-border-radius-bottom-right:0px;--awb-border-radius-bottom-left:0px;--awb-margin-top:24px;--awb-margin-bottom:24px;--awb-border-sizes-top:1px;--awb-border-sizes-bottom:1px;--awb-flex-wrap:wrap;\" ><div class=\"fusion-builder-row fusion-row\"><div class=\"fusion-layout-column fusion_builder_column fusion-builder-column-1 fusion_builder_column_2_3 2_3 fusion-two-third fusion-column-first\" style=\"--awb-bg-size:cover;width:66.666666666667%;width:calc(66.666666666667% - ( ( 4% ) * 0.66666666666667 ) );margin-right: 4%;\"><div class=\"fusion-column-wrapper fusion-flex-column-wrapper-legacy\"><div class=\"fusion-text fusion-text-2\"><h2>Composici\u00f3n de las pr\u00f3tesis de mamas<\/h2>\n<p>B\u00e1sicamente, una<strong> pr\u00f3tesis de mama<\/strong> se compone de una cubierta (capa externa) y de un contenido. La cubierta o capa externa est\u00e1 formada por un tipo de silicona dise\u00f1ada para soportar grandes fuerzas de elongaci\u00f3n antes de llegar a la ruptura. As\u00ed mismo la superficie de esta cubierta puede ser, al tacto, lisa o rugosa (texturada). Los implantes de superficie rugosa son una evoluci\u00f3n de los implantes de superficie lisa. Se utilizan en la <a href=\"http:\/\/www.idermic.es\/es\/cirurgia_plastica\/mamas\/\">cirug\u00eda pl\u00e1stica de mamas<\/a>.<\/p>\n<p>La texturizaci\u00f3n de los implantes se desarroll\u00f3 con objeto de que esa rugosidad determinase una adherencia mayor dentro de la mama, evitando rotaciones del mismo y favoreciendo una mayor integraci\u00f3n de \u00e9ste dentro de la mama. El interior de las pr\u00f3tesis contiene gel cohesivo de silicona. Traducido significa que esta silicona no es l\u00edquida, por lo que en caso de rotura de la pr\u00f3tesis no se produce una migraci\u00f3n de la misma. Este gel puede tener diferentes densidades (m\u00e1s o menos cohesivo). Generalmente las pr\u00f3tesis redondas tienen un gel m\u00e1s blando y las anat\u00f3micas un gel de silicona m\u00e1s denso.<\/p>\n<\/div><div class=\"fusion-clearfix\"><\/div><\/div><\/div><div class=\"fusion-layout-column fusion_builder_column fusion-builder-column-2 fusion_builder_column_1_3 1_3 fusion-one-third fusion-column-last\" style=\"--awb-padding-top:48px;--awb-bg-size:cover;width:33.333333333333%;width:calc(33.333333333333% - ( ( 4% ) * 0.33333333333333 ) );\"><div class=\"fusion-column-wrapper fusion-flex-column-wrapper-legacy\"><div class=\"fusion-image-element in-legacy-container\" style=\"--awb-caption-title-font-family:var(--h2_typography-font-family);--awb-caption-title-font-weight:var(--h2_typography-font-weight);--awb-caption-title-font-style:var(--h2_typography-font-style);--awb-caption-title-size:var(--h2_typography-font-size);--awb-caption-title-transform:var(--h2_typography-text-transform);--awb-caption-title-line-height:var(--h2_typography-line-height);--awb-caption-title-letter-spacing:var(--h2_typography-letter-spacing);\"><span class=\" fusion-imageframe imageframe-none imageframe-1 hover-type-none\"><img decoding=\"async\" width=\"274\" height=\"234\" alt=\"pr\u00f3tesis de mamas de silicona para aumento de pecho\" title=\"pr\u00f3tesis de mama de silicona\" src=\"https:\/\/www.idermic.es\/wp-content\/uploads\/2019\/12\/protesis-de-mama-de-silicona.gif\" class=\"img-responsive wp-image-2122\"\/><\/span><\/div><div class=\"fusion-clearfix\"><\/div><\/div><\/div><\/div><\/div><div class=\"fusion-fullwidth fullwidth-box fusion-builder-row-3 nonhundred-percent-fullwidth non-hundred-percent-height-scrolling\" style=\"--awb-border-color:#009ba8;--awb-border-radius-top-left:0px;--awb-border-radius-top-right:0px;--awb-border-radius-bottom-right:0px;--awb-border-radius-bottom-left:0px;--awb-margin-top:24px;--awb-margin-bottom:24px;--awb-border-sizes-top:1px;--awb-border-sizes-bottom:1px;--awb-flex-wrap:wrap;\" ><div class=\"fusion-builder-row fusion-row\"><div class=\"fusion-layout-column fusion_builder_column fusion-builder-column-3 fusion_builder_column_1_2 1_2 fusion-one-half fusion-column-first\" style=\"--awb-bg-size:cover;width:50%;width:calc(50% - ( ( 4% ) * 0.5 ) );margin-right: 4%;\"><div class=\"fusion-column-wrapper fusion-flex-column-wrapper-legacy\"><div class=\"fusion-text fusion-text-3\"><h2>Formas de pr\u00f3tesis de mamas<\/h2>\n<p>Existen dos formas b\u00e1sicas de implantes de mamas:<\/p>\n<ul>\n<li><strong>Pr\u00f3tesis redondas<\/strong>: sus medidas en alto y ancho son iguales y su superficie anterior es uniformemente convexa.<\/li>\n<li><strong>Pr\u00f3tesis anat\u00f3micas<\/strong>: el alto difiere del largo y su superficie anterior es menos pronunciada en su polo superior y m\u00e1s pronunciada en el polo inferior.<\/li>\n<\/ul>\n<\/div><div class=\"fusion-clearfix\"><\/div><\/div><\/div><div class=\"fusion-layout-column fusion_builder_column fusion-builder-column-4 fusion_builder_column_1_2 1_2 fusion-one-half fusion-column-last\" style=\"--awb-padding-top:48px;--awb-bg-size:cover;width:50%;width:calc(50% - ( ( 4% ) * 0.5 ) );\"><div class=\"fusion-column-wrapper fusion-flex-column-wrapper-legacy\"><div class=\"fusion-image-element in-legacy-container\" style=\"--awb-caption-title-font-family:var(--h2_typography-font-family);--awb-caption-title-font-weight:var(--h2_typography-font-weight);--awb-caption-title-font-style:var(--h2_typography-font-style);--awb-caption-title-size:var(--h2_typography-font-size);--awb-caption-title-transform:var(--h2_typography-text-transform);--awb-caption-title-line-height:var(--h2_typography-line-height);--awb-caption-title-letter-spacing:var(--h2_typography-letter-spacing);\"><span class=\" fusion-imageframe imageframe-none imageframe-2 hover-type-none\"><img decoding=\"async\" width=\"567\" height=\"160\" alt=\"pr\u00f3tesis de mama de silicona para aumento de pecho\" title=\"formas de las pr\u00f3tesis de mama de silicona\" src=\"https:\/\/www.idermic.es\/wp-content\/uploads\/2019\/12\/formas-de-las-pr\u00f3tesis-de-mama-de-silicona.gif\" class=\"img-responsive wp-image-2128\"\/><\/span><\/div><div class=\"fusion-clearfix\"><\/div><\/div><\/div><\/div><\/div><div class=\"fusion-fullwidth fullwidth-box fusion-builder-row-4 nonhundred-percent-fullwidth non-hundred-percent-height-scrolling\" style=\"--awb-border-color:#009ba8;--awb-border-radius-top-left:0px;--awb-border-radius-top-right:0px;--awb-border-radius-bottom-right:0px;--awb-border-radius-bottom-left:0px;--awb-margin-top:24px;--awb-margin-bottom:24px;--awb-border-sizes-top:1px;--awb-border-sizes-bottom:1px;--awb-flex-wrap:wrap;\" ><div class=\"fusion-builder-row fusion-row\"><div class=\"fusion-layout-column fusion_builder_column fusion-builder-column-5 fusion_builder_column_1_2 1_2 fusion-one-half fusion-column-first\" style=\"--awb-bg-size:cover;width:50%;width:calc(50% - ( ( 4% ) * 0.5 ) );margin-right: 4%;\"><div class=\"fusion-column-wrapper fusion-flex-column-wrapper-legacy\"><div class=\"fusion-text fusion-text-4\"><h2>Las medidas y el volumen de las pr\u00f3tesis<\/h2>\n<p>Las pr\u00f3tesis de mamas se configuran en funci\u00f3n de tres par\u00e1metros: la base, la proyecci\u00f3n y la altura. La combinaci\u00f3n de \u00e9stas caracter\u00edsticas nos dar\u00e1 el volumen final de la <a href=\"https:\/\/www.sanibook.net\/mama\/\">mama<\/a>. La base de las pr\u00f3tesis es la superficie plana que estar\u00e1 en contacto con el t\u00f3rax del paciente. En la base se definen dos elementos clave de su dise\u00f1o, que corresponden a la anchura (dimensi\u00f3n del eje mayor horizontal) y la altura (dimensi\u00f3n del eje mayor vertical).<\/p>\n<p>Para las pr\u00f3tesis redondas, los ejes de la base son (alto y ancho) son, por definici\u00f3n, iguales. Las pr\u00f3tesis anat\u00f3micas cuentan con diferentes alturas en relaci\u00f3n con el ancho de las mismas.\u00a0Tanto las pr\u00f3tesis redondas como las anat\u00f3micas, tienen diferentes proyecciones o perfiles. El perfil es la medida del implante que har\u00e1 que la mama \u201cdespegue\u201d del t\u00f3rax.<\/p>\n<p>De esta manera, combinando las diferentes medidas de las pr\u00f3tesis: ancho de la base, altura y proyecci\u00f3n obtenemos un extenso cat\u00e1logo de posibilidades, a fin de seleccionar la pr\u00f3tesis de mama que mejor se adapte a las caracter\u00edsticas de cada paciente.<\/p>\n<\/div><div class=\"fusion-clearfix\"><\/div><\/div><\/div><div class=\"fusion-layout-column fusion_builder_column fusion-builder-column-6 fusion_builder_column_1_2 1_2 fusion-one-half fusion-column-last\" style=\"--awb-padding-top:48px;--awb-bg-size:cover;width:50%;width:calc(50% - ( ( 4% ) * 0.5 ) );\"><div class=\"fusion-column-wrapper fusion-flex-column-wrapper-legacy\"><div class=\"fusion-image-carousel fusion-image-carousel-auto fusion-image-carousel-1 fusion-carousel-border\"><div class=\"awb-carousel awb-swiper awb-swiper-carousel awb-carousel--carousel awb-swiper-dots-position-bottom\" data-layout=\"carousel\" data-autoplay=\"no\" data-autoplayspeed=\"2500\" data-autoplaypause=\"no\" data-columns=\"1\" data-columnsmedium=\"1\" data-columnssmall=\"1\" data-itemmargin=\"13\" data-itemwidth=\"180\" data-touchscroll=\"no\" data-freemode=\"no\" data-imagesize=\"auto\" data-scrollitems=\"0\" data-centeredslides=\"no\" data-rotationangle=\"50\" data-depth=\"100\" data-speed=\"500\" data-shadow=\"no\" data-pagination=\"bullets\" style=\"--awb-columns:1;--awb-border-width:1px;--awb-border-color:#e9eaee;\"><div class=\"swiper-wrapper awb-image-carousel-wrapper fusion-flex-align-items-center\"><div class=\"swiper-slide\"><div class=\"fusion-carousel-item-wrapper\"><div class=\"fusion-image-wrapper hover-type-none\"><img decoding=\"async\" width=\"321\" height=\"302\" src=\"https:\/\/www.idermic.es\/wp-content\/uploads\/2019\/12\/pr\u00f3tesis-de-mama-tama\u00f1o.jpg\" class=\"attachment-full size-full\" alt=\"pr\u00f3tesis de mama tama\u00f1o\" srcset=\"https:\/\/www.idermic.es\/wp-content\/uploads\/2019\/12\/pr\u00f3tesis-de-mama-tama\u00f1o-200x188.jpg 200w, https:\/\/www.idermic.es\/wp-content\/uploads\/2019\/12\/pr\u00f3tesis-de-mama-tama\u00f1o-300x282.jpg 300w, https:\/\/www.idermic.es\/wp-content\/uploads\/2019\/12\/pr\u00f3tesis-de-mama-tama\u00f1o.jpg 321w\" sizes=\"(max-width: 321px) 100vw, 321px\" \/><\/div><\/div><\/div><div class=\"swiper-slide\"><div class=\"fusion-carousel-item-wrapper\"><div class=\"fusion-image-wrapper hover-type-none\"><img decoding=\"async\" width=\"170\" height=\"231\" src=\"https:\/\/www.idermic.es\/wp-content\/uploads\/2019\/12\/pr\u00f3tesis-de-mama-proyecci\u00f3n.jpg\" class=\"attachment-full size-full\" alt=\"pr\u00f3tesis de mama proyecci\u00f3n\" \/><\/div><\/div><\/div><div class=\"swiper-slide\"><div class=\"fusion-carousel-item-wrapper\"><div class=\"fusion-image-wrapper hover-type-none\"><img decoding=\"async\" width=\"223\" height=\"218\" src=\"https:\/\/www.idermic.es\/wp-content\/uploads\/2019\/12\/pr\u00f3tesis-de-mama-redonda.jpg\" class=\"attachment-full size-full\" alt=\"pr\u00f3tesis de mama implante redondo\" srcset=\"https:\/\/www.idermic.es\/wp-content\/uploads\/2019\/12\/pr\u00f3tesis-de-mama-redonda-66x66.jpg 66w, https:\/\/www.idermic.es\/wp-content\/uploads\/2019\/12\/pr\u00f3tesis-de-mama-redonda-200x196.jpg 200w, https:\/\/www.idermic.es\/wp-content\/uploads\/2019\/12\/pr\u00f3tesis-de-mama-redonda.jpg 223w\" sizes=\"(max-width: 223px) 100vw, 223px\" \/><\/div><\/div><\/div><div class=\"swiper-slide\"><div class=\"fusion-carousel-item-wrapper\"><div class=\"fusion-image-wrapper hover-type-none\"><img decoding=\"async\" width=\"329\" height=\"209\" src=\"https:\/\/www.idermic.es\/wp-content\/uploads\/2019\/12\/pr\u00f3tesis-de-mama.-Dimensiones-habituales.jpg\" class=\"attachment-full size-full\" alt=\"pr\u00f3tesis de mama. Dimensiones habituales\" srcset=\"https:\/\/www.idermic.es\/wp-content\/uploads\/2019\/12\/pr\u00f3tesis-de-mama.-Dimensiones-habituales-200x127.jpg 200w, https:\/\/www.idermic.es\/wp-content\/uploads\/2019\/12\/pr\u00f3tesis-de-mama.-Dimensiones-habituales-300x191.jpg 300w, https:\/\/www.idermic.es\/wp-content\/uploads\/2019\/12\/pr\u00f3tesis-de-mama.-Dimensiones-habituales-320x202.jpg 320w, https:\/\/www.idermic.es\/wp-content\/uploads\/2019\/12\/pr\u00f3tesis-de-mama.-Dimensiones-habituales.jpg 329w\" sizes=\"(max-width: 329px) 100vw, 329px\" \/><\/div><\/div><\/div><div class=\"swiper-slide\"><div class=\"fusion-carousel-item-wrapper\"><div class=\"fusion-image-wrapper hover-type-none\"><img decoding=\"async\" width=\"346\" height=\"387\" src=\"https:\/\/www.idermic.es\/wp-content\/uploads\/2019\/12\/pr\u00f3tesis-de-mama-tabla-de-tipos.jpg\" class=\"attachment-full size-full\" alt=\"pr\u00f3tesis de mama tabla de tipos\" srcset=\"https:\/\/www.idermic.es\/wp-content\/uploads\/2019\/12\/pr\u00f3tesis-de-mama-tabla-de-tipos-200x224.jpg 200w, https:\/\/www.idermic.es\/wp-content\/uploads\/2019\/12\/pr\u00f3tesis-de-mama-tabla-de-tipos-268x300.jpg 268w, https:\/\/www.idermic.es\/wp-content\/uploads\/2019\/12\/pr\u00f3tesis-de-mama-tabla-de-tipos.jpg 346w\" sizes=\"(max-width: 346px) 100vw, 346px\" \/><\/div><\/div><\/div><\/div><div class=\"awb-swiper-button awb-swiper-button-prev\"><i class=\"awb-icon-angle-left\" aria-hidden=\"true\"><\/i><\/div><div class=\"awb-swiper-button awb-swiper-button-next\"><i class=\"awb-icon-angle-right\" aria-hidden=\"true\"><\/i><\/div><\/div><\/div><div class=\"fusion-clearfix\"><\/div><\/div><\/div><\/div><\/div><\/p>\n","protected":false},"excerpt":{"rendered":"<p>En este art\u00edculo te informamos sobre las pr\u00f3tesis de mamas: formas, volumen y texturas para un aumento mamario adaptado a ti.<\/p>\n","protected":false},"author":1,"featured_media":2145,"comment_status":"closed","ping_status":"open","sticky":false,"template":"","format":"standard","meta":{"_joinchat":[],"footnotes":""},"categories":[56],"tags":[66],"class_list":["post-2121","post","type-post","status-publish","format-standard","has-post-thumbnail","hentry","category-tratamientos-de-cirugia-estetica","tag-aumento-de-mamas"],"yoast_head":"<!-- This site is optimized with the Yoast SEO plugin v28.4 - https:\/\/yoast.com\/product\/yoast-seo-wordpress\/ -->\n<title>Conociendo las pr\u00f3tesis de mamas - Idermic. Dermatolog\u00eda en Terrassa<\/title>\n<meta name=\"description\" content=\"En este art\u00edculo te informamos sobre las pr\u00f3tesis de mamas: formas, volumen y texturas para un aumento mamario adaptado a ti.\" \/>\n<meta name=\"robots\" content=\"index, follow, max-snippet:-1, max-image-preview:large, max-video-preview:-1\" \/>\n<link rel=\"canonical\" href=\"https:\/\/www.idermic.es\/es\/conociendo-las-protesis-de-mamas\/\" \/>\n<meta property=\"og:locale\" content=\"es_ES\" \/>\n<meta property=\"og:type\" content=\"article\" \/>\n<meta property=\"og:title\" content=\"Conociendo las pr\u00f3tesis de mamas - Idermic. Dermatolog\u00eda en Terrassa\" \/>\n<meta property=\"og:description\" content=\"En este art\u00edculo te informamos sobre las pr\u00f3tesis de mamas: formas, volumen y texturas para un aumento mamario adaptado a ti.\" \/>\n<meta property=\"og:url\" content=\"https:\/\/www.idermic.es\/es\/conociendo-las-protesis-de-mamas\/\" \/>\n<meta property=\"og:site_name\" content=\"Idermic. Dermatolog\u00eda en Terrassa\" \/>\n<meta property=\"article:publisher\" content=\"https:\/\/www.facebook.com\/Idermic\" \/>\n<meta property=\"article:published_time\" content=\"2014-12-10T09:22:34+00:00\" \/>\n<meta property=\"article:modified_time\" content=\"2025-10-27T09:51:11+00:00\" \/>\n<meta property=\"og:image\" content=\"https:\/\/www.idermic.es\/wp-content\/uploads\/2019\/12\/pr\u00f3tesis-de-mama-tabla-de-tipos.jpg\" \/>\n\t<meta property=\"og:image:width\" content=\"346\" \/>\n\t<meta property=\"og:image:height\" content=\"387\" \/>\n\t<meta property=\"og:image:type\" content=\"image\/jpeg\" \/>\n<meta name=\"author\" content=\"admin@www\" \/>\n<meta name=\"twitter:card\" content=\"summary_large_image\" \/>\n<meta name=\"twitter:creator\" content=\"@idermic\" \/>\n<meta name=\"twitter:site\" content=\"@idermic\" \/>\n<meta name=\"twitter:label1\" content=\"Escrito por\" \/>\n\t<meta name=\"twitter:data1\" content=\"admin@www\" \/>\n\t<meta name=\"twitter:label2\" content=\"Tiempo de lectura\" \/>\n\t<meta name=\"twitter:data2\" content=\"5 minutos\" \/>\n<script type=\"application\/ld+json\" class=\"yoast-schema-graph\">{\"@context\":\"https:\\\/\\\/schema.org\",\"@graph\":[{\"@type\":\"Article\",\"@id\":\"https:\\\/\\\/www.idermic.es\\\/es\\\/conociendo-las-protesis-de-mamas\\\/#article\",\"isPartOf\":{\"@id\":\"https:\\\/\\\/www.idermic.es\\\/es\\\/conociendo-las-protesis-de-mamas\\\/\"},\"author\":{\"name\":\"admin@www\",\"@id\":\"https:\\\/\\\/www.idermic.es\\\/#\\\/schema\\\/person\\\/d9bd7e6f2a783f0f526073250560bfb5\"},\"headline\":\"Conociendo las pr\u00f3tesis de mamas\",\"datePublished\":\"2014-12-10T09:22:34+00:00\",\"dateModified\":\"2025-10-27T09:51:11+00:00\",\"mainEntityOfPage\":{\"@id\":\"https:\\\/\\\/www.idermic.es\\\/es\\\/conociendo-las-protesis-de-mamas\\\/\"},\"wordCount\":1945,\"publisher\":{\"@id\":\"https:\\\/\\\/www.idermic.es\\\/#organization\"},\"image\":{\"@id\":\"https:\\\/\\\/www.idermic.es\\\/es\\\/conociendo-las-protesis-de-mamas\\\/#primaryimage\"},\"thumbnailUrl\":\"https:\\\/\\\/www.idermic.es\\\/wp-content\\\/uploads\\\/2019\\\/12\\\/pr\u00f3tesis-de-mama-tabla-de-tipos.jpg\",\"keywords\":[\"Aumento De Mamas\"],\"articleSection\":[\"Tratamientos de Cirug\u00eda Est\u00e9tica\"],\"inLanguage\":\"es\"},{\"@type\":\"WebPage\",\"@id\":\"https:\\\/\\\/www.idermic.es\\\/es\\\/conociendo-las-protesis-de-mamas\\\/\",\"url\":\"https:\\\/\\\/www.idermic.es\\\/es\\\/conociendo-las-protesis-de-mamas\\\/\",\"name\":\"Conociendo las pr\u00f3tesis de mamas - Idermic. Dermatolog\u00eda en Terrassa\",\"isPartOf\":{\"@id\":\"https:\\\/\\\/www.idermic.es\\\/#website\"},\"primaryImageOfPage\":{\"@id\":\"https:\\\/\\\/www.idermic.es\\\/es\\\/conociendo-las-protesis-de-mamas\\\/#primaryimage\"},\"image\":{\"@id\":\"https:\\\/\\\/www.idermic.es\\\/es\\\/conociendo-las-protesis-de-mamas\\\/#primaryimage\"},\"thumbnailUrl\":\"https:\\\/\\\/www.idermic.es\\\/wp-content\\\/uploads\\\/2019\\\/12\\\/pr\u00f3tesis-de-mama-tabla-de-tipos.jpg\",\"datePublished\":\"2014-12-10T09:22:34+00:00\",\"dateModified\":\"2025-10-27T09:51:11+00:00\",\"description\":\"En este art\u00edculo te informamos sobre las pr\u00f3tesis de mamas: formas, volumen y texturas para un aumento mamario adaptado a ti.\",\"breadcrumb\":{\"@id\":\"https:\\\/\\\/www.idermic.es\\\/es\\\/conociendo-las-protesis-de-mamas\\\/#breadcrumb\"},\"inLanguage\":\"es\",\"potentialAction\":[{\"@type\":\"ReadAction\",\"target\":[\"https:\\\/\\\/www.idermic.es\\\/es\\\/conociendo-las-protesis-de-mamas\\\/\"]}]},{\"@type\":\"ImageObject\",\"inLanguage\":\"es\",\"@id\":\"https:\\\/\\\/www.idermic.es\\\/es\\\/conociendo-las-protesis-de-mamas\\\/#primaryimage\",\"url\":\"https:\\\/\\\/www.idermic.es\\\/wp-content\\\/uploads\\\/2019\\\/12\\\/pr\u00f3tesis-de-mama-tabla-de-tipos.jpg\",\"contentUrl\":\"https:\\\/\\\/www.idermic.es\\\/wp-content\\\/uploads\\\/2019\\\/12\\\/pr\u00f3tesis-de-mama-tabla-de-tipos.jpg\",\"width\":346,\"height\":387,\"caption\":\"pr\u00f3tesis de mama tabla de tipos\"},{\"@type\":\"BreadcrumbList\",\"@id\":\"https:\\\/\\\/www.idermic.es\\\/es\\\/conociendo-las-protesis-de-mamas\\\/#breadcrumb\",\"itemListElement\":[{\"@type\":\"ListItem\",\"position\":1,\"name\":\"Inici\",\"item\":\"https:\\\/\\\/www.idermic.es\\\/es\\\/\"},{\"@type\":\"ListItem\",\"position\":2,\"name\":\"Conociendo las pr\u00f3tesis de mamas\"}]},{\"@type\":\"WebSite\",\"@id\":\"https:\\\/\\\/www.idermic.es\\\/#website\",\"url\":\"https:\\\/\\\/www.idermic.es\\\/\",\"name\":\"Idermic. Dermatolog\u00eda en Terrassa\",\"description\":\"Dermatolog\u00eda, Medicina est\u00e9tica, Cirurg\u00eda Pl\u00e0stica\",\"publisher\":{\"@id\":\"https:\\\/\\\/www.idermic.es\\\/#organization\"},\"potentialAction\":[{\"@type\":\"SearchAction\",\"target\":{\"@type\":\"EntryPoint\",\"urlTemplate\":\"https:\\\/\\\/www.idermic.es\\\/?s={search_term_string}\"},\"query-input\":{\"@type\":\"PropertyValueSpecification\",\"valueRequired\":true,\"valueName\":\"search_term_string\"}}],\"inLanguage\":\"es\"},{\"@type\":\"Organization\",\"@id\":\"https:\\\/\\\/www.idermic.es\\\/#organization\",\"name\":\"Idermic. Dermatolog\u00eda en Terrassa\",\"url\":\"https:\\\/\\\/www.idermic.es\\\/\",\"logo\":{\"@type\":\"ImageObject\",\"inLanguage\":\"es\",\"@id\":\"https:\\\/\\\/www.idermic.es\\\/#\\\/schema\\\/logo\\\/image\\\/\",\"url\":\"https:\\\/\\\/www.idermic.es\\\/wp-content\\\/uploads\\\/2025\\\/10\\\/Logo-Idermic.jpg\",\"contentUrl\":\"https:\\\/\\\/www.idermic.es\\\/wp-content\\\/uploads\\\/2025\\\/10\\\/Logo-Idermic.jpg\",\"width\":501,\"height\":502,\"caption\":\"Idermic. Dermatolog\u00eda en Terrassa\"},\"image\":{\"@id\":\"https:\\\/\\\/www.idermic.es\\\/#\\\/schema\\\/logo\\\/image\\\/\"},\"sameAs\":[\"https:\\\/\\\/www.facebook.com\\\/Idermic\",\"https:\\\/\\\/x.com\\\/idermic\",\"https:\\\/\\\/www.instagram.com\\\/idermicclinic\\\/\",\"https:\\\/\\\/www.youtube.com\\\/channel\\\/UCyAHC9-p8lc6hr_nguO8p_g\"]},{\"@type\":\"Person\",\"@id\":\"https:\\\/\\\/www.idermic.es\\\/#\\\/schema\\\/person\\\/d9bd7e6f2a783f0f526073250560bfb5\",\"name\":\"admin@www\",\"image\":{\"@type\":\"ImageObject\",\"inLanguage\":\"es\",\"@id\":\"https:\\\/\\\/secure.gravatar.com\\\/avatar\\\/b4e94726668ce15d352771a043d3273340f3898aee9f386703de5f0d2865d807?s=96&d=mm&r=g\",\"url\":\"https:\\\/\\\/secure.gravatar.com\\\/avatar\\\/b4e94726668ce15d352771a043d3273340f3898aee9f386703de5f0d2865d807?s=96&d=mm&r=g\",\"contentUrl\":\"https:\\\/\\\/secure.gravatar.com\\\/avatar\\\/b4e94726668ce15d352771a043d3273340f3898aee9f386703de5f0d2865d807?s=96&d=mm&r=g\",\"caption\":\"admin@www\"}}]}<\/script>\n<!-- \/ Yoast SEO plugin. -->","yoast_head_json":{"title":"Conociendo las pr\u00f3tesis de mamas - Idermic. Dermatolog\u00eda en Terrassa","description":"En este art\u00edculo te informamos sobre las pr\u00f3tesis de mamas: formas, volumen y texturas para un aumento mamario adaptado a ti.","robots":{"index":"index","follow":"follow","max-snippet":"max-snippet:-1","max-image-preview":"max-image-preview:large","max-video-preview":"max-video-preview:-1"},"canonical":"https:\/\/www.idermic.es\/es\/conociendo-las-protesis-de-mamas\/","og_locale":"es_ES","og_type":"article","og_title":"Conociendo las pr\u00f3tesis de mamas - Idermic. Dermatolog\u00eda en Terrassa","og_description":"En este art\u00edculo te informamos sobre las pr\u00f3tesis de mamas: formas, volumen y texturas para un aumento mamario adaptado a ti.","og_url":"https:\/\/www.idermic.es\/es\/conociendo-las-protesis-de-mamas\/","og_site_name":"Idermic. Dermatolog\u00eda en Terrassa","article_publisher":"https:\/\/www.facebook.com\/Idermic","article_published_time":"2014-12-10T09:22:34+00:00","article_modified_time":"2025-10-27T09:51:11+00:00","og_image":[{"width":346,"height":387,"url":"https:\/\/www.idermic.es\/wp-content\/uploads\/2019\/12\/pr\u00f3tesis-de-mama-tabla-de-tipos.jpg","type":"image\/jpeg"}],"author":"admin@www","twitter_card":"summary_large_image","twitter_creator":"@idermic","twitter_site":"@idermic","twitter_misc":{"Escrito por":"admin@www","Tiempo de lectura":"5 minutos"},"schema":{"@context":"https:\/\/schema.org","@graph":[{"@type":"Article","@id":"https:\/\/www.idermic.es\/es\/conociendo-las-protesis-de-mamas\/#article","isPartOf":{"@id":"https:\/\/www.idermic.es\/es\/conociendo-las-protesis-de-mamas\/"},"author":{"name":"admin@www","@id":"https:\/\/www.idermic.es\/#\/schema\/person\/d9bd7e6f2a783f0f526073250560bfb5"},"headline":"Conociendo las pr\u00f3tesis de mamas","datePublished":"2014-12-10T09:22:34+00:00","dateModified":"2025-10-27T09:51:11+00:00","mainEntityOfPage":{"@id":"https:\/\/www.idermic.es\/es\/conociendo-las-protesis-de-mamas\/"},"wordCount":1945,"publisher":{"@id":"https:\/\/www.idermic.es\/#organization"},"image":{"@id":"https:\/\/www.idermic.es\/es\/conociendo-las-protesis-de-mamas\/#primaryimage"},"thumbnailUrl":"https:\/\/www.idermic.es\/wp-content\/uploads\/2019\/12\/pr\u00f3tesis-de-mama-tabla-de-tipos.jpg","keywords":["Aumento De Mamas"],"articleSection":["Tratamientos de Cirug\u00eda Est\u00e9tica"],"inLanguage":"es"},{"@type":"WebPage","@id":"https:\/\/www.idermic.es\/es\/conociendo-las-protesis-de-mamas\/","url":"https:\/\/www.idermic.es\/es\/conociendo-las-protesis-de-mamas\/","name":"Conociendo las pr\u00f3tesis de mamas - Idermic. Dermatolog\u00eda en Terrassa","isPartOf":{"@id":"https:\/\/www.idermic.es\/#website"},"primaryImageOfPage":{"@id":"https:\/\/www.idermic.es\/es\/conociendo-las-protesis-de-mamas\/#primaryimage"},"image":{"@id":"https:\/\/www.idermic.es\/es\/conociendo-las-protesis-de-mamas\/#primaryimage"},"thumbnailUrl":"https:\/\/www.idermic.es\/wp-content\/uploads\/2019\/12\/pr\u00f3tesis-de-mama-tabla-de-tipos.jpg","datePublished":"2014-12-10T09:22:34+00:00","dateModified":"2025-10-27T09:51:11+00:00","description":"En este art\u00edculo te informamos sobre las pr\u00f3tesis de mamas: formas, volumen y texturas para un aumento mamario adaptado a ti.","breadcrumb":{"@id":"https:\/\/www.idermic.es\/es\/conociendo-las-protesis-de-mamas\/#breadcrumb"},"inLanguage":"es","potentialAction":[{"@type":"ReadAction","target":["https:\/\/www.idermic.es\/es\/conociendo-las-protesis-de-mamas\/"]}]},{"@type":"ImageObject","inLanguage":"es","@id":"https:\/\/www.idermic.es\/es\/conociendo-las-protesis-de-mamas\/#primaryimage","url":"https:\/\/www.idermic.es\/wp-content\/uploads\/2019\/12\/pr\u00f3tesis-de-mama-tabla-de-tipos.jpg","contentUrl":"https:\/\/www.idermic.es\/wp-content\/uploads\/2019\/12\/pr\u00f3tesis-de-mama-tabla-de-tipos.jpg","width":346,"height":387,"caption":"pr\u00f3tesis de mama tabla de tipos"},{"@type":"BreadcrumbList","@id":"https:\/\/www.idermic.es\/es\/conociendo-las-protesis-de-mamas\/#breadcrumb","itemListElement":[{"@type":"ListItem","position":1,"name":"Inici","item":"https:\/\/www.idermic.es\/es\/"},{"@type":"ListItem","position":2,"name":"Conociendo las pr\u00f3tesis de mamas"}]},{"@type":"WebSite","@id":"https:\/\/www.idermic.es\/#website","url":"https:\/\/www.idermic.es\/","name":"Idermic. Dermatolog\u00eda en Terrassa","description":"Dermatolog\u00eda, Medicina est\u00e9tica, Cirurg\u00eda Pl\u00e0stica","publisher":{"@id":"https:\/\/www.idermic.es\/#organization"},"potentialAction":[{"@type":"SearchAction","target":{"@type":"EntryPoint","urlTemplate":"https:\/\/www.idermic.es\/?s={search_term_string}"},"query-input":{"@type":"PropertyValueSpecification","valueRequired":true,"valueName":"search_term_string"}}],"inLanguage":"es"},{"@type":"Organization","@id":"https:\/\/www.idermic.es\/#organization","name":"Idermic. Dermatolog\u00eda en Terrassa","url":"https:\/\/www.idermic.es\/","logo":{"@type":"ImageObject","inLanguage":"es","@id":"https:\/\/www.idermic.es\/#\/schema\/logo\/image\/","url":"https:\/\/www.idermic.es\/wp-content\/uploads\/2025\/10\/Logo-Idermic.jpg","contentUrl":"https:\/\/www.idermic.es\/wp-content\/uploads\/2025\/10\/Logo-Idermic.jpg","width":501,"height":502,"caption":"Idermic. Dermatolog\u00eda en Terrassa"},"image":{"@id":"https:\/\/www.idermic.es\/#\/schema\/logo\/image\/"},"sameAs":["https:\/\/www.facebook.com\/Idermic","https:\/\/x.com\/idermic","https:\/\/www.instagram.com\/idermicclinic\/","https:\/\/www.youtube.com\/channel\/UCyAHC9-p8lc6hr_nguO8p_g"]},{"@type":"Person","@id":"https:\/\/www.idermic.es\/#\/schema\/person\/d9bd7e6f2a783f0f526073250560bfb5","name":"admin@www","image":{"@type":"ImageObject","inLanguage":"es","@id":"https:\/\/secure.gravatar.com\/avatar\/b4e94726668ce15d352771a043d3273340f3898aee9f386703de5f0d2865d807?s=96&d=mm&r=g","url":"https:\/\/secure.gravatar.com\/avatar\/b4e94726668ce15d352771a043d3273340f3898aee9f386703de5f0d2865d807?s=96&d=mm&r=g","contentUrl":"https:\/\/secure.gravatar.com\/avatar\/b4e94726668ce15d352771a043d3273340f3898aee9f386703de5f0d2865d807?s=96&d=mm&r=g","caption":"admin@www"}}]}},"_links":{"self":[{"href":"https:\/\/www.idermic.es\/es\/wp-json\/wp\/v2\/posts\/2121","targetHints":{"allow":["GET"]}}],"collection":[{"href":"https:\/\/www.idermic.es\/es\/wp-json\/wp\/v2\/posts"}],"about":[{"href":"https:\/\/www.idermic.es\/es\/wp-json\/wp\/v2\/types\/post"}],"author":[{"embeddable":true,"href":"https:\/\/www.idermic.es\/es\/wp-json\/wp\/v2\/users\/1"}],"replies":[{"embeddable":true,"href":"https:\/\/www.idermic.es\/es\/wp-json\/wp\/v2\/comments?post=2121"}],"version-history":[{"count":4,"href":"https:\/\/www.idermic.es\/es\/wp-json\/wp\/v2\/posts\/2121\/revisions"}],"predecessor-version":[{"id":8487,"href":"https:\/\/www.idermic.es\/es\/wp-json\/wp\/v2\/posts\/2121\/revisions\/8487"}],"wp:featuredmedia":[{"embeddable":true,"href":"https:\/\/www.idermic.es\/es\/wp-json\/wp\/v2\/media\/2145"}],"wp:attachment":[{"href":"https:\/\/www.idermic.es\/es\/wp-json\/wp\/v2\/media?parent=2121"}],"wp:term":[{"taxonomy":"category","embeddable":true,"href":"https:\/\/www.idermic.es\/es\/wp-json\/wp\/v2\/categories?post=2121"},{"taxonomy":"post_tag","embeddable":true,"href":"https:\/\/www.idermic.es\/es\/wp-json\/wp\/v2\/tags?post=2121"}],"curies":[{"name":"wp","href":"https:\/\/api.w.org\/{rel}","templated":true}]}}