{"id":2010,"date":"2017-07-03T09:34:20","date_gmt":"2017-07-03T09:34:20","guid":{"rendered":"https:\/\/www.idermic.es\/com-eliminar-les-papules-perlades-del-penis\/"},"modified":"2025-05-26T10:16:57","modified_gmt":"2025-05-26T10:16:57","slug":"como-eliminar-las-papulas-perladas-del-pene","status":"publish","type":"post","link":"https:\/\/www.idermic.es\/es\/como-eliminar-las-papulas-perladas-del-pene\/","title":{"rendered":"P\u00e1pulas perladas: qu\u00e9 son y c\u00f3mo eliminarlas"},"content":{"rendered":"<p><div class=\"fusion-fullwidth fullwidth-box fusion-builder-row-1 nonhundred-percent-fullwidth non-hundred-percent-height-scrolling\" style=\"--awb-border-radius-top-left:0px;--awb-border-radius-top-right:0px;--awb-border-radius-bottom-right:0px;--awb-border-radius-bottom-left:0px;--awb-margin-top:32px;--awb-margin-bottom:32px;--awb-flex-wrap:wrap;\" ><div class=\"fusion-builder-row fusion-row\"><div class=\"fusion-layout-column fusion_builder_column fusion-builder-column-0 fusion_builder_column_1_1 1_1 fusion-one-full fusion-column-first fusion-column-last\" style=\"--awb-bg-size:cover;\"><div class=\"fusion-column-wrapper fusion-flex-column-wrapper-legacy\"><div class=\"fusion-text fusion-text-1\"><h1>C\u00f3mo eliminar les p\u00e1pulas perladas del pene<\/h1>\n<\/div><div class=\"fusion-text fusion-text-2\"><p>Las <strong>p\u00e1pulas perladas del pene<\/strong> son una condici\u00f3n fisiol\u00f3gica que se observa en muchos hombres. Se trata de m\u00faltiples protuberancias milim\u00e9tricas color piel normal o ligeramente blanquecino que se distribuyen en una o dos hileras y que se localizan en la <strong>base del glande<\/strong>. En Idermic, tu <a href=\"http:\/\/idermic.es\/\">dermat\u00f3logo en Terrassa<\/a> conocer\u00e1s todo lo relacionado con este tipo de lesi\u00f3n benigna.<\/p>\n<p>No se relaciona con <strong>ninguna enfermedad de transmisi\u00f3n sexual<\/strong>, con falta de higiene ni con la <strong>actividad sexual<\/strong>. Algunos estudios muestran cierta predisposici\u00f3n hereditaria. Aunque \u00e9sta condici\u00f3n no se considera ning\u00fan problema de salud puede ser motivo de preocupaci\u00f3n por miedo al rechazo de las parejas sexuales.<\/p>\n<p>El tratamiento de \u00e9ste problema est\u00e9tico es r\u00e1pido, sencillo e indoloro. En tan solo una sesi\u00f3n de <a href=\"https:\/\/www.sanibook.net\/diccionario-de-salud\/#laser-co2\"><strong>l\u00e1ser C02<\/strong><\/a> o <strong>electrocofulguraci\u00f3n<\/strong> (previa aplicaci\u00f3n de anestesia en crema) se consigue la desaparici\u00f3n de todas las lesiones.<\/p>\n<h2>\u00bfQu\u00e9 es la electrofulguraci\u00f3n?<\/h2>\n<p>Es un procedimiento que utiliza el calor de la corriente el\u00e9ctrica para destruir tejido anormal, como por ejemplo los de un <a href=\"https:\/\/www.idermic.es\/es\/que-es-el-melanoma\/\">tumor<\/a> u otra lesi\u00f3n. Adem\u00e1s es posible utilizar este procedimiento para controlar el sangrado durante una operaci\u00f3n quir\u00fargica o en el per\u00edodo posterior a una lesi\u00f3n.<\/p>\n<div class=\"wWOJcd\" tabindex=\"0\" role=\"button\" aria-controls=\"exacc_XmgIY_-pIZmDhbIP2JiOwAY7\" aria-expanded=\"true\" aria-labelledby=\"exacc_XmgIY_-pIZmDhbIP2JiOwAY5\">\n<div id=\"exacc_XmgIY_-pIZmDhbIP2JiOwAY5\" class=\"iDjcJe IX9Lgd wwB5gf\" aria-hidden=\"true\">El proceso de cicatrizaci\u00f3n de la electrofulguraci\u00f3n suele durar hasta un mes. Es recomendable en todo este per\u00edodo de recuperaci\u00f3n, la utilizaci\u00f3n de ropa que no sea demasiado ajustada. Tambi\u00e9n es aconsejable utilizar una gasa que cubra toda la zona para evitar el rozamiento con la ropa interior. Adem\u00e1s se debe lavar a diario.<\/div>\n<div class=\"YsGUOb\"><\/div>\n<div class=\"r21Kzd\" data-hveid=\"CBgQAQ\" data-ved=\"2ahUKEwj_0LLU8OP5AhWZQUEAHViMA2gQuk56BAgYEAE\"><\/div>\n<\/div>\n<\/div><div class=\"fusion-text fusion-text-3\"><h2>Prevenci\u00f3n<\/h2>\n<p>Aunque no se pueden prevenir completamente, seguir algunos h\u00e1bitos de higiene y cuidado puede ayudar a mantener la salud de la piel genital.<\/p>\n<p>En primer lugar, es esencial mantener una buena higiene personal. Lavar el \u00e1rea genital con agua tibia y un jab\u00f3n suave puede prevenir la acumulaci\u00f3n de bacterias o c\u00e9lulas muertas en la piel. Evita productos qu\u00edmicos agresivos que puedan irritar la piel.<\/p>\n<p>Adem\u00e1s, es importante no intentar eliminar las p\u00e1pulas por ti mismo, ya que esto puede causar irritaci\u00f3n o infecciones. Si tienes inquietudes, consulta a un dermat\u00f3logo para una evaluaci\u00f3n profesional. En algunos casos, hay tratamientos est\u00e9ticos disponibles para quienes deseen eliminar las p\u00e1pulas, pero deben realizarse bajo supervisi\u00f3n m\u00e9dica.<\/p>\n<\/div><div class=\"fusion-clearfix\"><\/div><\/div><\/div><\/div><\/div><div class=\"fusion-fullwidth fullwidth-box fusion-builder-row-2 has-pattern-background has-mask-background nonhundred-percent-fullwidth non-hundred-percent-height-scrolling\" style=\"--awb-border-radius-top-left:0px;--awb-border-radius-top-right:0px;--awb-border-radius-bottom-right:0px;--awb-border-radius-bottom-left:0px;--awb-padding-top:20px;--awb-padding-bottom:32px;--awb-margin-top:48px;--awb-margin-bottom:32px;--awb-flex-wrap:wrap;\" ><div class=\"fusion-builder-row fusion-row\"><div class=\"fusion-layout-column fusion_builder_column fusion-builder-column-1 fusion_builder_column_1_2 1_2 fusion-one-half fusion-column-first fusion-column-inner-bg-wrapper\" style=\"--awb-padding-top:20px;--awb-padding-right:20px;--awb-padding-bottom:20px;--awb-padding-left:60px;--awb-inner-bg-color:#f4d0c2;--awb-inner-bg-color-hover:#f4d0c2;--awb-inner-bg-size:cover;width:50%;width:calc(50% - ( ( 4% ) * 0.5 ) );margin-right: 4%;\" data-scroll-devices=\"small-visibility,medium-visibility,large-visibility\"><span class=\"fusion-column-inner-bg hover-type-none\"><a class=\"fusion-column-anchor\" href=\"https:\/\/www.idermic.es\/es\/financiacion\/\"><span class=\"fusion-column-inner-bg-image\"><\/span><\/a><\/span><div class=\"fusion-column-wrapper fusion-column-has-shadow fusion-flex-column-wrapper-legacy\"><div style=\"text-align:center; max-width: 100%; width: calc(100% - 40px); margin: 0 auto;\">\n  <p style=\"color:white;margin:0;padding:15px 15px 0 15px;background-color:#ddbcb0;font-family:Montserrat;font-size:20px;font-weight:500;letter-spacing:2px;line-height:30px;\">\n    FINAN\u00c7AMENT 0% INTER\u00c8S\n  <\/p>\n  <p style=\"color:white;margin:0;padding:0 15px 15px 15px;background-color:#ddbcb0;font-family:Open Sans;font-size:12px;font-weight:500;letter-spacing:2px;line-height:30px;\">\n    LLEGIR M\u00c9S +\n  <\/p>\n<\/div><div class=\"fusion-clearfix\"><\/div><\/div><\/div><div class=\"fusion-layout-column fusion_builder_column fusion-builder-column-2 fusion_builder_column_1_2 1_2 fusion-one-half fusion-column-last fusion-column-inner-bg-wrapper\" style=\"--awb-padding-top:20px;--awb-padding-right:20px;--awb-padding-bottom:20px;--awb-padding-left:60px;--awb-inner-bg-color:#f4d0c2;--awb-inner-bg-color-hover:#f4d0c2;--awb-inner-bg-size:cover;width:50%;width:calc(50% - ( ( 4% ) * 0.5 ) );\" data-scroll-devices=\"small-visibility,medium-visibility,large-visibility\"><span class=\"fusion-column-inner-bg hover-type-none\"><a class=\"fusion-column-anchor\" href=\"https:\/\/www.idermic.es\/es\/preguntas-frecuentes\/\"><span class=\"fusion-column-inner-bg-image\"><\/span><\/a><\/span><div class=\"fusion-column-wrapper fusion-column-has-shadow fusion-flex-column-wrapper-legacy\"><div style=\"text-align:center; max-width: 100%; width: calc(100% - 40px); margin: 0 auto;\">\n  <p style=\"color:white;margin:0;padding:15px 15px 0 15px;background-color:#ddbcb0;font-family:Montserrat;font-size:20px;font-weight:500;letter-spacing:2px;line-height:30px;\">\n    PREGUNTES FREQ\u00dcENTS \n  <\/p>\n  <p style=\"color:white;margin:0;padding:0 15px 15px 15px;background-color:#ddbcb0;font-family:Open Sans;font-size:12px;font-weight:500;letter-spacing:2px;line-height:30px;\">\n    LLEGIR M\u00c9S +\n  <\/p>\n<\/div><div class=\"fusion-clearfix\"><\/div><\/div><\/div><\/div><\/div>\n<div class=\"fusion-fullwidth fullwidth-box fusion-builder-row-3 nonhundred-percent-fullwidth non-hundred-percent-height-scrolling\" style=\"--awb-border-radius-top-left:0px;--awb-border-radius-top-right:0px;--awb-border-radius-bottom-right:0px;--awb-border-radius-bottom-left:0px;--awb-flex-wrap:wrap;\" ><div class=\"fusion-builder-row fusion-row\"><div class=\"fusion-layout-column fusion_builder_column fusion-builder-column-3 fusion_builder_column_1_1 1_1 fusion-one-full fusion-column-first fusion-column-last\" style=\"--awb-bg-size:cover;\"><div class=\"fusion-column-wrapper fusion-flex-column-wrapper-legacy\"><div class=\"fusion-text fusion-text-4\"><\/div><div class=\"fusion-clearfix\"><\/div><\/div><\/div><\/div><\/div><\/p>\n","protected":false},"excerpt":{"rendered":"<p>Descubre qu\u00e9 son las p\u00e1pulas perladas y las opciones seguras para eliminarlas con tratamientos como l\u00e1ser CO\u2082 o electrofulguraci\u00f3n.<\/p>\n","protected":false},"author":1,"featured_media":2013,"comment_status":"closed","ping_status":"closed","sticky":false,"template":"","format":"standard","meta":{"_joinchat":[],"footnotes":""},"categories":[60],"tags":[],"class_list":["post-2010","post","type-post","status-publish","format-standard","has-post-thumbnail","hentry","category-dermatologia-estetica-es"],"yoast_head":"<!-- This site is optimized with the Yoast SEO plugin v28.4 - https:\/\/yoast.com\/product\/yoast-seo-wordpress\/ -->\n<title>P\u00e1pulas perladas: qu\u00e9 son y c\u00f3mo eliminarlas - Idermic. Dermatolog\u00eda en Terrassa<\/title>\n<meta name=\"description\" content=\"Descubre qu\u00e9 son las p\u00e1pulas perladas y las opciones seguras para eliminarlas con tratamientos como l\u00e1ser CO\u2082 o electrofulguraci\u00f3n.\" \/>\n<meta name=\"robots\" content=\"index, follow, max-snippet:-1, max-image-preview:large, max-video-preview:-1\" \/>\n<link rel=\"canonical\" href=\"https:\/\/www.idermic.es\/es\/como-eliminar-las-papulas-perladas-del-pene\/\" \/>\n<meta property=\"og:locale\" content=\"es_ES\" \/>\n<meta property=\"og:type\" content=\"article\" \/>\n<meta property=\"og:title\" content=\"P\u00e1pulas perladas: qu\u00e9 son y c\u00f3mo eliminarlas - Idermic. Dermatolog\u00eda en Terrassa\" \/>\n<meta property=\"og:description\" content=\"Descubre qu\u00e9 son las p\u00e1pulas perladas y las opciones seguras para eliminarlas con tratamientos como l\u00e1ser CO\u2082 o electrofulguraci\u00f3n.\" \/>\n<meta property=\"og:url\" content=\"https:\/\/www.idermic.es\/es\/como-eliminar-las-papulas-perladas-del-pene\/\" \/>\n<meta property=\"og:site_name\" content=\"Idermic. Dermatolog\u00eda en Terrassa\" \/>\n<meta property=\"article:publisher\" content=\"https:\/\/www.facebook.com\/Idermic\" \/>\n<meta property=\"article:published_time\" content=\"2017-07-03T09:34:20+00:00\" \/>\n<meta property=\"article:modified_time\" content=\"2025-05-26T10:16:57+00:00\" \/>\n<meta property=\"og:image\" content=\"https:\/\/www.idermic.es\/wp-content\/uploads\/2017\/07\/Como-eliminar-las-p\u00e1pulas-perladas-del-pene.jpg\" \/>\n\t<meta property=\"og:image:width\" content=\"480\" \/>\n\t<meta property=\"og:image:height\" content=\"360\" \/>\n\t<meta property=\"og:image:type\" content=\"image\/jpeg\" \/>\n<meta name=\"author\" content=\"admin@www\" \/>\n<meta name=\"twitter:card\" content=\"summary_large_image\" \/>\n<meta name=\"twitter:creator\" content=\"@idermic\" \/>\n<meta name=\"twitter:site\" content=\"@idermic\" \/>\n<meta name=\"twitter:label1\" content=\"Escrito por\" \/>\n\t<meta name=\"twitter:data1\" content=\"admin@www\" \/>\n\t<meta name=\"twitter:label2\" content=\"Tiempo de lectura\" \/>\n\t<meta name=\"twitter:data2\" content=\"4 minutos\" \/>\n<script type=\"application\/ld+json\" class=\"yoast-schema-graph\">{\"@context\":\"https:\\\/\\\/schema.org\",\"@graph\":[{\"@type\":\"Article\",\"@id\":\"https:\\\/\\\/www.idermic.es\\\/es\\\/como-eliminar-las-papulas-perladas-del-pene\\\/#article\",\"isPartOf\":{\"@id\":\"https:\\\/\\\/www.idermic.es\\\/es\\\/como-eliminar-las-papulas-perladas-del-pene\\\/\"},\"author\":{\"name\":\"admin@www\",\"@id\":\"https:\\\/\\\/www.idermic.es\\\/#\\\/schema\\\/person\\\/d9bd7e6f2a783f0f526073250560bfb5\"},\"headline\":\"P\u00e1pulas perladas: qu\u00e9 son y c\u00f3mo eliminarlas\",\"datePublished\":\"2017-07-03T09:34:20+00:00\",\"dateModified\":\"2025-05-26T10:16:57+00:00\",\"mainEntityOfPage\":{\"@id\":\"https:\\\/\\\/www.idermic.es\\\/es\\\/como-eliminar-las-papulas-perladas-del-pene\\\/\"},\"wordCount\":846,\"publisher\":{\"@id\":\"https:\\\/\\\/www.idermic.es\\\/#organization\"},\"image\":{\"@id\":\"https:\\\/\\\/www.idermic.es\\\/es\\\/como-eliminar-las-papulas-perladas-del-pene\\\/#primaryimage\"},\"thumbnailUrl\":\"https:\\\/\\\/www.idermic.es\\\/wp-content\\\/uploads\\\/2017\\\/07\\\/Como-eliminar-las-p\u00e1pulas-perladas-del-pene.jpg\",\"articleSection\":[\"Dermatologia est\u00e8tica\"],\"inLanguage\":\"es\"},{\"@type\":\"WebPage\",\"@id\":\"https:\\\/\\\/www.idermic.es\\\/es\\\/como-eliminar-las-papulas-perladas-del-pene\\\/\",\"url\":\"https:\\\/\\\/www.idermic.es\\\/es\\\/como-eliminar-las-papulas-perladas-del-pene\\\/\",\"name\":\"P\u00e1pulas perladas: qu\u00e9 son y c\u00f3mo eliminarlas - Idermic. Dermatolog\u00eda en Terrassa\",\"isPartOf\":{\"@id\":\"https:\\\/\\\/www.idermic.es\\\/#website\"},\"primaryImageOfPage\":{\"@id\":\"https:\\\/\\\/www.idermic.es\\\/es\\\/como-eliminar-las-papulas-perladas-del-pene\\\/#primaryimage\"},\"image\":{\"@id\":\"https:\\\/\\\/www.idermic.es\\\/es\\\/como-eliminar-las-papulas-perladas-del-pene\\\/#primaryimage\"},\"thumbnailUrl\":\"https:\\\/\\\/www.idermic.es\\\/wp-content\\\/uploads\\\/2017\\\/07\\\/Como-eliminar-las-p\u00e1pulas-perladas-del-pene.jpg\",\"datePublished\":\"2017-07-03T09:34:20+00:00\",\"dateModified\":\"2025-05-26T10:16:57+00:00\",\"description\":\"Descubre qu\u00e9 son las p\u00e1pulas perladas y las opciones seguras para eliminarlas con tratamientos como l\u00e1ser CO\u2082 o electrofulguraci\u00f3n.\",\"breadcrumb\":{\"@id\":\"https:\\\/\\\/www.idermic.es\\\/es\\\/como-eliminar-las-papulas-perladas-del-pene\\\/#breadcrumb\"},\"inLanguage\":\"es\",\"potentialAction\":[{\"@type\":\"ReadAction\",\"target\":[\"https:\\\/\\\/www.idermic.es\\\/es\\\/como-eliminar-las-papulas-perladas-del-pene\\\/\"]}]},{\"@type\":\"ImageObject\",\"inLanguage\":\"es\",\"@id\":\"https:\\\/\\\/www.idermic.es\\\/es\\\/como-eliminar-las-papulas-perladas-del-pene\\\/#primaryimage\",\"url\":\"https:\\\/\\\/www.idermic.es\\\/wp-content\\\/uploads\\\/2017\\\/07\\\/Como-eliminar-las-p\u00e1pulas-perladas-del-pene.jpg\",\"contentUrl\":\"https:\\\/\\\/www.idermic.es\\\/wp-content\\\/uploads\\\/2017\\\/07\\\/Como-eliminar-las-p\u00e1pulas-perladas-del-pene.jpg\",\"width\":480,\"height\":360,\"caption\":\"C\u00f3mo eliminar las p\u00e1pulas perladas del pene\"},{\"@type\":\"BreadcrumbList\",\"@id\":\"https:\\\/\\\/www.idermic.es\\\/es\\\/como-eliminar-las-papulas-perladas-del-pene\\\/#breadcrumb\",\"itemListElement\":[{\"@type\":\"ListItem\",\"position\":1,\"name\":\"Inici\",\"item\":\"https:\\\/\\\/www.idermic.es\\\/es\\\/\"},{\"@type\":\"ListItem\",\"position\":2,\"name\":\"P\u00e1pulas perladas: qu\u00e9 son y c\u00f3mo eliminarlas\"}]},{\"@type\":\"WebSite\",\"@id\":\"https:\\\/\\\/www.idermic.es\\\/#website\",\"url\":\"https:\\\/\\\/www.idermic.es\\\/\",\"name\":\"Idermic. Dermatolog\u00eda en Terrassa\",\"description\":\"Dermatolog\u00eda, Medicina est\u00e9tica, Cirurg\u00eda Pl\u00e0stica\",\"publisher\":{\"@id\":\"https:\\\/\\\/www.idermic.es\\\/#organization\"},\"potentialAction\":[{\"@type\":\"SearchAction\",\"target\":{\"@type\":\"EntryPoint\",\"urlTemplate\":\"https:\\\/\\\/www.idermic.es\\\/?s={search_term_string}\"},\"query-input\":{\"@type\":\"PropertyValueSpecification\",\"valueRequired\":true,\"valueName\":\"search_term_string\"}}],\"inLanguage\":\"es\"},{\"@type\":\"Organization\",\"@id\":\"https:\\\/\\\/www.idermic.es\\\/#organization\",\"name\":\"Idermic. Dermatolog\u00eda en Terrassa\",\"url\":\"https:\\\/\\\/www.idermic.es\\\/\",\"logo\":{\"@type\":\"ImageObject\",\"inLanguage\":\"es\",\"@id\":\"https:\\\/\\\/www.idermic.es\\\/#\\\/schema\\\/logo\\\/image\\\/\",\"url\":\"https:\\\/\\\/www.idermic.es\\\/wp-content\\\/uploads\\\/2025\\\/10\\\/Logo-Idermic.jpg\",\"contentUrl\":\"https:\\\/\\\/www.idermic.es\\\/wp-content\\\/uploads\\\/2025\\\/10\\\/Logo-Idermic.jpg\",\"width\":501,\"height\":502,\"caption\":\"Idermic. Dermatolog\u00eda en Terrassa\"},\"image\":{\"@id\":\"https:\\\/\\\/www.idermic.es\\\/#\\\/schema\\\/logo\\\/image\\\/\"},\"sameAs\":[\"https:\\\/\\\/www.facebook.com\\\/Idermic\",\"https:\\\/\\\/x.com\\\/idermic\",\"https:\\\/\\\/www.instagram.com\\\/idermicclinic\\\/\",\"https:\\\/\\\/www.youtube.com\\\/channel\\\/UCyAHC9-p8lc6hr_nguO8p_g\"]},{\"@type\":\"Person\",\"@id\":\"https:\\\/\\\/www.idermic.es\\\/#\\\/schema\\\/person\\\/d9bd7e6f2a783f0f526073250560bfb5\",\"name\":\"admin@www\",\"image\":{\"@type\":\"ImageObject\",\"inLanguage\":\"es\",\"@id\":\"https:\\\/\\\/secure.gravatar.com\\\/avatar\\\/b4e94726668ce15d352771a043d3273340f3898aee9f386703de5f0d2865d807?s=96&d=mm&r=g\",\"url\":\"https:\\\/\\\/secure.gravatar.com\\\/avatar\\\/b4e94726668ce15d352771a043d3273340f3898aee9f386703de5f0d2865d807?s=96&d=mm&r=g\",\"contentUrl\":\"https:\\\/\\\/secure.gravatar.com\\\/avatar\\\/b4e94726668ce15d352771a043d3273340f3898aee9f386703de5f0d2865d807?s=96&d=mm&r=g\",\"caption\":\"admin@www\"}}]}<\/script>\n<!-- \/ Yoast SEO plugin. -->","yoast_head_json":{"title":"P\u00e1pulas perladas: qu\u00e9 son y c\u00f3mo eliminarlas - Idermic. Dermatolog\u00eda en Terrassa","description":"Descubre qu\u00e9 son las p\u00e1pulas perladas y las opciones seguras para eliminarlas con tratamientos como l\u00e1ser CO\u2082 o electrofulguraci\u00f3n.","robots":{"index":"index","follow":"follow","max-snippet":"max-snippet:-1","max-image-preview":"max-image-preview:large","max-video-preview":"max-video-preview:-1"},"canonical":"https:\/\/www.idermic.es\/es\/como-eliminar-las-papulas-perladas-del-pene\/","og_locale":"es_ES","og_type":"article","og_title":"P\u00e1pulas perladas: qu\u00e9 son y c\u00f3mo eliminarlas - Idermic. Dermatolog\u00eda en Terrassa","og_description":"Descubre qu\u00e9 son las p\u00e1pulas perladas y las opciones seguras para eliminarlas con tratamientos como l\u00e1ser CO\u2082 o electrofulguraci\u00f3n.","og_url":"https:\/\/www.idermic.es\/es\/como-eliminar-las-papulas-perladas-del-pene\/","og_site_name":"Idermic. Dermatolog\u00eda en Terrassa","article_publisher":"https:\/\/www.facebook.com\/Idermic","article_published_time":"2017-07-03T09:34:20+00:00","article_modified_time":"2025-05-26T10:16:57+00:00","og_image":[{"width":480,"height":360,"url":"https:\/\/www.idermic.es\/wp-content\/uploads\/2017\/07\/Como-eliminar-las-p\u00e1pulas-perladas-del-pene.jpg","type":"image\/jpeg"}],"author":"admin@www","twitter_card":"summary_large_image","twitter_creator":"@idermic","twitter_site":"@idermic","twitter_misc":{"Escrito por":"admin@www","Tiempo de lectura":"4 minutos"},"schema":{"@context":"https:\/\/schema.org","@graph":[{"@type":"Article","@id":"https:\/\/www.idermic.es\/es\/como-eliminar-las-papulas-perladas-del-pene\/#article","isPartOf":{"@id":"https:\/\/www.idermic.es\/es\/como-eliminar-las-papulas-perladas-del-pene\/"},"author":{"name":"admin@www","@id":"https:\/\/www.idermic.es\/#\/schema\/person\/d9bd7e6f2a783f0f526073250560bfb5"},"headline":"P\u00e1pulas perladas: qu\u00e9 son y c\u00f3mo eliminarlas","datePublished":"2017-07-03T09:34:20+00:00","dateModified":"2025-05-26T10:16:57+00:00","mainEntityOfPage":{"@id":"https:\/\/www.idermic.es\/es\/como-eliminar-las-papulas-perladas-del-pene\/"},"wordCount":846,"publisher":{"@id":"https:\/\/www.idermic.es\/#organization"},"image":{"@id":"https:\/\/www.idermic.es\/es\/como-eliminar-las-papulas-perladas-del-pene\/#primaryimage"},"thumbnailUrl":"https:\/\/www.idermic.es\/wp-content\/uploads\/2017\/07\/Como-eliminar-las-p\u00e1pulas-perladas-del-pene.jpg","articleSection":["Dermatologia est\u00e8tica"],"inLanguage":"es"},{"@type":"WebPage","@id":"https:\/\/www.idermic.es\/es\/como-eliminar-las-papulas-perladas-del-pene\/","url":"https:\/\/www.idermic.es\/es\/como-eliminar-las-papulas-perladas-del-pene\/","name":"P\u00e1pulas perladas: qu\u00e9 son y c\u00f3mo eliminarlas - Idermic. Dermatolog\u00eda en Terrassa","isPartOf":{"@id":"https:\/\/www.idermic.es\/#website"},"primaryImageOfPage":{"@id":"https:\/\/www.idermic.es\/es\/como-eliminar-las-papulas-perladas-del-pene\/#primaryimage"},"image":{"@id":"https:\/\/www.idermic.es\/es\/como-eliminar-las-papulas-perladas-del-pene\/#primaryimage"},"thumbnailUrl":"https:\/\/www.idermic.es\/wp-content\/uploads\/2017\/07\/Como-eliminar-las-p\u00e1pulas-perladas-del-pene.jpg","datePublished":"2017-07-03T09:34:20+00:00","dateModified":"2025-05-26T10:16:57+00:00","description":"Descubre qu\u00e9 son las p\u00e1pulas perladas y las opciones seguras para eliminarlas con tratamientos como l\u00e1ser CO\u2082 o electrofulguraci\u00f3n.","breadcrumb":{"@id":"https:\/\/www.idermic.es\/es\/como-eliminar-las-papulas-perladas-del-pene\/#breadcrumb"},"inLanguage":"es","potentialAction":[{"@type":"ReadAction","target":["https:\/\/www.idermic.es\/es\/como-eliminar-las-papulas-perladas-del-pene\/"]}]},{"@type":"ImageObject","inLanguage":"es","@id":"https:\/\/www.idermic.es\/es\/como-eliminar-las-papulas-perladas-del-pene\/#primaryimage","url":"https:\/\/www.idermic.es\/wp-content\/uploads\/2017\/07\/Como-eliminar-las-p\u00e1pulas-perladas-del-pene.jpg","contentUrl":"https:\/\/www.idermic.es\/wp-content\/uploads\/2017\/07\/Como-eliminar-las-p\u00e1pulas-perladas-del-pene.jpg","width":480,"height":360,"caption":"C\u00f3mo eliminar las p\u00e1pulas perladas del pene"},{"@type":"BreadcrumbList","@id":"https:\/\/www.idermic.es\/es\/como-eliminar-las-papulas-perladas-del-pene\/#breadcrumb","itemListElement":[{"@type":"ListItem","position":1,"name":"Inici","item":"https:\/\/www.idermic.es\/es\/"},{"@type":"ListItem","position":2,"name":"P\u00e1pulas perladas: qu\u00e9 son y c\u00f3mo eliminarlas"}]},{"@type":"WebSite","@id":"https:\/\/www.idermic.es\/#website","url":"https:\/\/www.idermic.es\/","name":"Idermic. Dermatolog\u00eda en Terrassa","description":"Dermatolog\u00eda, Medicina est\u00e9tica, Cirurg\u00eda Pl\u00e0stica","publisher":{"@id":"https:\/\/www.idermic.es\/#organization"},"potentialAction":[{"@type":"SearchAction","target":{"@type":"EntryPoint","urlTemplate":"https:\/\/www.idermic.es\/?s={search_term_string}"},"query-input":{"@type":"PropertyValueSpecification","valueRequired":true,"valueName":"search_term_string"}}],"inLanguage":"es"},{"@type":"Organization","@id":"https:\/\/www.idermic.es\/#organization","name":"Idermic. Dermatolog\u00eda en Terrassa","url":"https:\/\/www.idermic.es\/","logo":{"@type":"ImageObject","inLanguage":"es","@id":"https:\/\/www.idermic.es\/#\/schema\/logo\/image\/","url":"https:\/\/www.idermic.es\/wp-content\/uploads\/2025\/10\/Logo-Idermic.jpg","contentUrl":"https:\/\/www.idermic.es\/wp-content\/uploads\/2025\/10\/Logo-Idermic.jpg","width":501,"height":502,"caption":"Idermic. Dermatolog\u00eda en Terrassa"},"image":{"@id":"https:\/\/www.idermic.es\/#\/schema\/logo\/image\/"},"sameAs":["https:\/\/www.facebook.com\/Idermic","https:\/\/x.com\/idermic","https:\/\/www.instagram.com\/idermicclinic\/","https:\/\/www.youtube.com\/channel\/UCyAHC9-p8lc6hr_nguO8p_g"]},{"@type":"Person","@id":"https:\/\/www.idermic.es\/#\/schema\/person\/d9bd7e6f2a783f0f526073250560bfb5","name":"admin@www","image":{"@type":"ImageObject","inLanguage":"es","@id":"https:\/\/secure.gravatar.com\/avatar\/b4e94726668ce15d352771a043d3273340f3898aee9f386703de5f0d2865d807?s=96&d=mm&r=g","url":"https:\/\/secure.gravatar.com\/avatar\/b4e94726668ce15d352771a043d3273340f3898aee9f386703de5f0d2865d807?s=96&d=mm&r=g","contentUrl":"https:\/\/secure.gravatar.com\/avatar\/b4e94726668ce15d352771a043d3273340f3898aee9f386703de5f0d2865d807?s=96&d=mm&r=g","caption":"admin@www"}}]}},"_links":{"self":[{"href":"https:\/\/www.idermic.es\/es\/wp-json\/wp\/v2\/posts\/2010","targetHints":{"allow":["GET"]}}],"collection":[{"href":"https:\/\/www.idermic.es\/es\/wp-json\/wp\/v2\/posts"}],"about":[{"href":"https:\/\/www.idermic.es\/es\/wp-json\/wp\/v2\/types\/post"}],"author":[{"embeddable":true,"href":"https:\/\/www.idermic.es\/es\/wp-json\/wp\/v2\/users\/1"}],"replies":[{"embeddable":true,"href":"https:\/\/www.idermic.es\/es\/wp-json\/wp\/v2\/comments?post=2010"}],"version-history":[{"count":6,"href":"https:\/\/www.idermic.es\/es\/wp-json\/wp\/v2\/posts\/2010\/revisions"}],"predecessor-version":[{"id":7788,"href":"https:\/\/www.idermic.es\/es\/wp-json\/wp\/v2\/posts\/2010\/revisions\/7788"}],"wp:featuredmedia":[{"embeddable":true,"href":"https:\/\/www.idermic.es\/es\/wp-json\/wp\/v2\/media\/2013"}],"wp:attachment":[{"href":"https:\/\/www.idermic.es\/es\/wp-json\/wp\/v2\/media?parent=2010"}],"wp:term":[{"taxonomy":"category","embeddable":true,"href":"https:\/\/www.idermic.es\/es\/wp-json\/wp\/v2\/categories?post=2010"},{"taxonomy":"post_tag","embeddable":true,"href":"https:\/\/www.idermic.es\/es\/wp-json\/wp\/v2\/tags?post=2010"}],"curies":[{"name":"wp","href":"https:\/\/api.w.org\/{rel}","templated":true}]}}