{"id":1947,"date":"2019-10-12T05:44:06","date_gmt":"2019-10-12T05:44:06","guid":{"rendered":"https:\/\/www.idermic.es\/?p=1947"},"modified":"2025-07-19T12:06:53","modified_gmt":"2025-07-19T12:06:53","slug":"kleresca-acne-treatment","status":"publish","type":"post","link":"https:\/\/www.idermic.es\/es\/kleresca-acne-treatment\/","title":{"rendered":"KLERESCA\u00ae ACNE TREATMENT"},"content":{"rendered":"<p><div class=\"fusion-fullwidth fullwidth-box fusion-builder-row-1 nonhundred-percent-fullwidth non-hundred-percent-height-scrolling\" style=\"--awb-border-radius-top-left:0px;--awb-border-radius-top-right:0px;--awb-border-radius-bottom-right:0px;--awb-border-radius-bottom-left:0px;--awb-margin-top:32px;--awb-margin-bottom:32px;--awb-flex-wrap:wrap;\" ><div class=\"fusion-builder-row fusion-row\"><div class=\"fusion-layout-column fusion_builder_column fusion-builder-column-0 fusion_builder_column_1_1 1_1 fusion-one-full fusion-column-first fusion-column-last\" style=\"--awb-bg-size:cover;\"><div class=\"fusion-column-wrapper fusion-flex-column-wrapper-legacy\"><div class=\"fusion-text fusion-text-1\"><h1>KLERESCA\u00ae ACNE TREATMENT<\/h1>\n<\/div><div class=\"fusion-text fusion-text-2\"><p class=\"null\"><span style=\"color: #f7b21e;\"><a href=\"https:\/\/www.idermic.es\/es\/kleresca-tratamiento-de-rejuvenecimiento-de-la-piel\/\">KLERESCA<sup>\u00ae<\/sup> ACNE\u00a0TREATMENT<\/a>\u00a0<\/span>es un m\u00e9todo que act\u00faa con contundencia contra el <a href=\"https:\/\/www.idermic.es\/es\/dermatologia_clinica\/acne\/\">acn\u00e9<\/a>, pero con suavidad en la piel. Es una alternativa suave y no sist\u00e9mica a los tratamientos convencionales. El tratamiento es indoloro reduciendo los granos, el enrojecimiento de la piel y las zonas dolorosas o inflamadas. Una vez aplicado deja la piel equilibrada y suave. Adem\u00e1s este tratamiento estimula la piel para que su reparaci\u00f3n. <span style=\"color: #f7b21e;\">KLERESCA<sup>\u00ae<\/sup> ACNE TREATMENT <\/span>es\u00a0 muy eficaz y tiene las siguientes ventajas:<\/p>\n<ul>\n<li class=\"text-color-acne text-weight-500 font-size-36\">Tratamiento del acn\u00e9 activo y de las cicatrices provocadas por el acn\u00e9<\/li>\n<li class=\"text-color-acne text-weight-500 font-size-36\">Normaliza la piel<\/li>\n<li class=\"text-color-acne text-weight-500 font-size-36\">Tratamiento no sist\u00e9mico, que dura hasta un a\u00f1o y m\u00e1s<\/li>\n<li class=\"text-color-acne text-weight-500 font-size-36\">Las sesiones pueden realizarse todo el a\u00f1o, incluso en verano<\/li>\n<\/ul>\n<div>Mediante la t\u00e9cnica de la fluorescencia <span style=\"color: #f7b21e;\">KLERESCA<sup>\u00ae<\/sup>\u00a0ACNE\u00a0TREATMENT<\/span> \u00a0se combate el <strong>acn\u00e9 activo<\/strong> y las <strong>cicatrices<\/strong> que provoca esta afecci\u00f3n. Normaliza la piel, no es sist\u00e9mico y dura hasta un a\u00f1o e incluso m\u00e1s tiempo.<\/div>\n<div><\/div>\n<div>Con este tratamiento convierte a tu piel en tu aliada, irradiar\u00e1s positividad y te olvidar\u00e1s del <a href=\"https:\/\/www.idermic.es\/es\/dermatologia_clinica\/acne\/\">acn\u00e9<\/a>.<\/div>\n<\/div><div class=\"fusion-sep-clear\"><\/div><div class=\"fusion-separator fusion-full-width-sep\" style=\"margin-left: auto;margin-right: auto;margin-top:16px;margin-bottom:16px;width:100%;\"><div class=\"fusion-separator-border sep-double\" style=\"--awb-height:20px;--awb-amount:20px;border-color:#e0dede;border-top-width:1px;border-bottom-width:1px;\"><\/div><\/div><div class=\"fusion-sep-clear\"><\/div><div class=\"fusion-text fusion-text-3\"><h2>Im\u00e1genes de antes y despu\u00e9s del tratamiento del acn\u00e9 con Kleresca<\/h2>\n<p>En las siguientes im\u00e1genes puedes ver el resultado del tratamiento del acn\u00e9 con Kleresca en hombres y mujeres. A la izquierda est\u00e1n las fotos antes del tratamiento y la derecha despu\u00e9s.<\/p>\n<\/div><div class=\"fusion-clearfix\"><\/div><\/div><\/div><\/div><\/div><div class=\"fusion-fullwidth fullwidth-box fusion-builder-row-2 nonhundred-percent-fullwidth non-hundred-percent-height-scrolling\" style=\"--awb-border-radius-top-left:0px;--awb-border-radius-top-right:0px;--awb-border-radius-bottom-right:0px;--awb-border-radius-bottom-left:0px;--awb-flex-wrap:wrap;\" ><div class=\"fusion-builder-row fusion-row\"><div class=\"fusion-layout-column fusion_builder_column fusion-builder-column-1 fusion_builder_column_1_1 1_1 fusion-one-full fusion-column-first fusion-column-last\" style=\"--awb-bg-size:cover;\"><div class=\"fusion-column-wrapper fusion-flex-column-wrapper-legacy\"><div class=\"fusion-text fusion-text-4\"><h3>Mujer con acn\u00e9 en la cara antes y despu\u00e9s<\/h3>\n<\/div><div class=\"fusion-clearfix\"><\/div><\/div><\/div><div class=\"fusion-layout-column fusion_builder_column fusion-builder-column-2 fusion_builder_column_1_2 1_2 fusion-one-half fusion-column-first\" style=\"--awb-padding-top:18px;--awb-padding-right:18px;--awb-padding-bottom:18px;--awb-padding-left:18px;--awb-bg-size:cover;width:50%;width:calc(50% - ( ( 4% ) * 0.5 ) );margin-right: 4%;\"><div class=\"fusion-column-wrapper fusion-flex-column-wrapper-legacy\"><div class=\"fusion-image-element fusion-image-align-center in-legacy-container\" style=\"text-align:center;--awb-max-width:150px;--awb-caption-title-font-family:var(--h2_typography-font-family);--awb-caption-title-font-weight:var(--h2_typography-font-weight);--awb-caption-title-font-style:var(--h2_typography-font-style);--awb-caption-title-size:var(--h2_typography-font-size);--awb-caption-title-transform:var(--h2_typography-text-transform);--awb-caption-title-line-height:var(--h2_typography-line-height);--awb-caption-title-letter-spacing:var(--h2_typography-letter-spacing);\"><div class=\"imageframe-align-center\"><span class=\" fusion-imageframe imageframe-none imageframe-1 hover-type-zoomin\"><img decoding=\"async\" width=\"200\" height=\"300\" alt=\"Acn\u00e9 en la cara de una mujer antes del tratamiento con Kleresca.\" title=\"KLERESCA\u00ae ACNE TREATMENT\" src=\"https:\/\/www.idermic.es\/wp-content\/uploads\/2019\/10\/Kleresca-Acne-Treatment-Caso-4-Antes-200x300.jpg\" class=\"img-responsive wp-image-1964\" srcset=\"https:\/\/www.idermic.es\/wp-content\/uploads\/2019\/10\/Kleresca-Acne-Treatment-Caso-4-Antes-200x300.jpg 200w, https:\/\/www.idermic.es\/wp-content\/uploads\/2019\/10\/Kleresca-Acne-Treatment-Caso-4-Antes-400x599.jpg 400w, https:\/\/www.idermic.es\/wp-content\/uploads\/2019\/10\/Kleresca-Acne-Treatment-Caso-4-Antes.jpg 600w\" sizes=\"(max-width: 800px) 100vw, 200px\" \/><\/span><\/div><\/div><div class=\"fusion-clearfix\"><\/div><\/div><\/div><div class=\"fusion-layout-column fusion_builder_column fusion-builder-column-3 fusion_builder_column_1_2 1_2 fusion-one-half fusion-column-last\" style=\"--awb-padding-top:18px;--awb-padding-right:18px;--awb-padding-bottom:18px;--awb-padding-left:18px;--awb-bg-size:cover;width:50%;width:calc(50% - ( ( 4% ) * 0.5 ) );\"><div class=\"fusion-column-wrapper fusion-flex-column-wrapper-legacy\"><div class=\"fusion-image-element fusion-image-align-center in-legacy-container\" style=\"text-align:center;--awb-caption-title-font-family:var(--h2_typography-font-family);--awb-caption-title-font-weight:var(--h2_typography-font-weight);--awb-caption-title-font-style:var(--h2_typography-font-style);--awb-caption-title-size:var(--h2_typography-font-size);--awb-caption-title-transform:var(--h2_typography-text-transform);--awb-caption-title-line-height:var(--h2_typography-line-height);--awb-caption-title-letter-spacing:var(--h2_typography-letter-spacing);\"><div class=\"imageframe-align-center\"><span class=\" fusion-imageframe imageframe-none imageframe-2 hover-type-none\"><img decoding=\"async\" width=\"200\" height=\"300\" alt=\"Acn\u00e9 en la cara de una mujer despu\u00e9s del tratamiento con Kleresca.\" title=\"KLERESCA\u00ae ACNE TREATMENT\" src=\"https:\/\/www.idermic.es\/wp-content\/uploads\/2019\/10\/Kleresca-Acne-Treatment-Caso-4-Despues-200x300.jpg\" class=\"img-responsive wp-image-1966\" srcset=\"https:\/\/www.idermic.es\/wp-content\/uploads\/2019\/10\/Kleresca-Acne-Treatment-Caso-4-Despues-200x300.jpg 200w, https:\/\/www.idermic.es\/wp-content\/uploads\/2019\/10\/Kleresca-Acne-Treatment-Caso-4-Despues-400x599.jpg 400w, https:\/\/www.idermic.es\/wp-content\/uploads\/2019\/10\/Kleresca-Acne-Treatment-Caso-4-Despues.jpg 600w\" sizes=\"(max-width: 800px) 100vw, 200px\" \/><\/span><\/div><\/div><div class=\"fusion-clearfix\"><\/div><\/div><\/div><div class=\"fusion-layout-column fusion_builder_column fusion-builder-column-4 fusion_builder_column_1_1 1_1 fusion-one-full fusion-column-first fusion-column-last\" style=\"--awb-bg-size:cover;\"><div class=\"fusion-column-wrapper fusion-flex-column-wrapper-legacy\"><div class=\"fusion-sep-clear\"><\/div><div class=\"fusion-separator fusion-full-width-sep\" style=\"margin-left: auto;margin-right: auto;margin-top:16px;margin-bottom:16px;width:100%;\"><div class=\"fusion-separator-border sep-single sep-solid\" style=\"--awb-height:20px;--awb-amount:20px;border-color:#e0dede;border-top-width:2px;\"><\/div><\/div><div class=\"fusion-sep-clear\"><\/div><div class=\"fusion-clearfix\"><\/div><\/div><\/div><\/div><\/div><div class=\"fusion-fullwidth fullwidth-box fusion-builder-row-3 nonhundred-percent-fullwidth non-hundred-percent-height-scrolling\" style=\"--awb-border-radius-top-left:0px;--awb-border-radius-top-right:0px;--awb-border-radius-bottom-right:0px;--awb-border-radius-bottom-left:0px;--awb-flex-wrap:wrap;\" ><div class=\"fusion-builder-row fusion-row\"><div class=\"fusion-layout-column fusion_builder_column fusion-builder-column-5 fusion_builder_column_1_1 1_1 fusion-one-full fusion-column-first fusion-column-last\" style=\"--awb-bg-size:cover;\"><div class=\"fusion-column-wrapper fusion-flex-column-wrapper-legacy\"><div class=\"fusion-text fusion-text-5\"><h3>Hombre con acn\u00e9 en la frente antes y despu\u00e9s<\/h3>\n<\/div><div class=\"fusion-clearfix\"><\/div><\/div><\/div><div class=\"fusion-layout-column fusion_builder_column fusion-builder-column-6 fusion_builder_column_1_2 1_2 fusion-one-half fusion-column-first\" style=\"--awb-padding-top:18px;--awb-padding-right:18px;--awb-padding-bottom:18px;--awb-padding-left:18px;--awb-bg-size:cover;width:50%;width:calc(50% - ( ( 4% ) * 0.5 ) );margin-right: 4%;\"><div class=\"fusion-column-wrapper fusion-flex-column-wrapper-legacy\"><div class=\"fusion-image-element fusion-image-align-center in-legacy-container\" style=\"text-align:center;--awb-max-width:150px;--awb-caption-title-font-family:var(--h2_typography-font-family);--awb-caption-title-font-weight:var(--h2_typography-font-weight);--awb-caption-title-font-style:var(--h2_typography-font-style);--awb-caption-title-size:var(--h2_typography-font-size);--awb-caption-title-transform:var(--h2_typography-text-transform);--awb-caption-title-line-height:var(--h2_typography-line-height);--awb-caption-title-letter-spacing:var(--h2_typography-letter-spacing);\"><div class=\"imageframe-align-center\"><span class=\" fusion-imageframe imageframe-none imageframe-3 hover-type-zoomin\"><img decoding=\"async\" width=\"300\" height=\"279\" alt=\"Acn\u00e9 en la cara de una mujer antes del tratamiento con Kleresca.\" title=\"KLERESCA\u00ae ACNE TREATMENT\" src=\"https:\/\/www.idermic.es\/wp-content\/uploads\/2019\/10\/Kleresca-Acne-Treatment-Caso-3-Antes-300x279.jpg\" class=\"img-responsive wp-image-1960\" srcset=\"https:\/\/www.idermic.es\/wp-content\/uploads\/2019\/10\/Kleresca-Acne-Treatment-Caso-3-Antes-200x186.jpg 200w, https:\/\/www.idermic.es\/wp-content\/uploads\/2019\/10\/Kleresca-Acne-Treatment-Caso-3-Antes-400x372.jpg 400w, https:\/\/www.idermic.es\/wp-content\/uploads\/2019\/10\/Kleresca-Acne-Treatment-Caso-3-Antes-600x557.jpg 600w, https:\/\/www.idermic.es\/wp-content\/uploads\/2019\/10\/Kleresca-Acne-Treatment-Caso-3-Antes-800x743.jpg 800w, https:\/\/www.idermic.es\/wp-content\/uploads\/2019\/10\/Kleresca-Acne-Treatment-Caso-3-Antes.jpg 900w\" sizes=\"(max-width: 800px) 100vw, 600px\" \/><\/span><\/div><\/div><div class=\"fusion-clearfix\"><\/div><\/div><\/div><div class=\"fusion-layout-column fusion_builder_column fusion-builder-column-7 fusion_builder_column_1_2 1_2 fusion-one-half fusion-column-last\" style=\"--awb-padding-top:18px;--awb-padding-right:18px;--awb-padding-bottom:18px;--awb-padding-left:18px;--awb-bg-size:cover;width:50%;width:calc(50% - ( ( 4% ) * 0.5 ) );\"><div class=\"fusion-column-wrapper fusion-flex-column-wrapper-legacy\"><div class=\"fusion-image-element fusion-image-align-center in-legacy-container\" style=\"text-align:center;--awb-caption-title-font-family:var(--h2_typography-font-family);--awb-caption-title-font-weight:var(--h2_typography-font-weight);--awb-caption-title-font-style:var(--h2_typography-font-style);--awb-caption-title-size:var(--h2_typography-font-size);--awb-caption-title-transform:var(--h2_typography-text-transform);--awb-caption-title-line-height:var(--h2_typography-line-height);--awb-caption-title-letter-spacing:var(--h2_typography-letter-spacing);\"><div class=\"imageframe-align-center\"><span class=\" fusion-imageframe imageframe-none imageframe-4 hover-type-none\"><img decoding=\"async\" width=\"300\" height=\"279\" alt=\"Acn\u00e9 en la cara de una mujer despu\u00e9s del tratamiento con Kleresca.\" title=\"KLERESCA\u00ae ACNE TREATMENT\" src=\"https:\/\/www.idermic.es\/wp-content\/uploads\/2019\/10\/Kleresca-Acne-Treatment-Caso-3-Despues-300x279.jpg\" class=\"img-responsive wp-image-1962\" srcset=\"https:\/\/www.idermic.es\/wp-content\/uploads\/2019\/10\/Kleresca-Acne-Treatment-Caso-3-Despues-200x186.jpg 200w, https:\/\/www.idermic.es\/wp-content\/uploads\/2019\/10\/Kleresca-Acne-Treatment-Caso-3-Despues-400x372.jpg 400w, https:\/\/www.idermic.es\/wp-content\/uploads\/2019\/10\/Kleresca-Acne-Treatment-Caso-3-Despues-600x557.jpg 600w, https:\/\/www.idermic.es\/wp-content\/uploads\/2019\/10\/Kleresca-Acne-Treatment-Caso-3-Despues-800x743.jpg 800w, https:\/\/www.idermic.es\/wp-content\/uploads\/2019\/10\/Kleresca-Acne-Treatment-Caso-3-Despues.jpg 900w\" sizes=\"(max-width: 800px) 100vw, 600px\" \/><\/span><\/div><\/div><div class=\"fusion-clearfix\"><\/div><\/div><\/div><div class=\"fusion-layout-column fusion_builder_column fusion-builder-column-8 fusion_builder_column_1_1 1_1 fusion-one-full fusion-column-first fusion-column-last\" style=\"--awb-bg-size:cover;\"><div class=\"fusion-column-wrapper fusion-flex-column-wrapper-legacy\"><div class=\"fusion-sep-clear\"><\/div><div class=\"fusion-separator fusion-full-width-sep\" style=\"margin-left: auto;margin-right: auto;margin-top:16px;margin-bottom:16px;width:100%;\"><div class=\"fusion-separator-border sep-single sep-solid\" style=\"--awb-height:20px;--awb-amount:20px;border-color:#e0dede;border-top-width:2px;\"><\/div><\/div><div class=\"fusion-sep-clear\"><\/div><div class=\"fusion-clearfix\"><\/div><\/div><\/div><\/div><\/div><div class=\"fusion-fullwidth fullwidth-box fusion-builder-row-4 nonhundred-percent-fullwidth non-hundred-percent-height-scrolling\" style=\"--awb-border-radius-top-left:0px;--awb-border-radius-top-right:0px;--awb-border-radius-bottom-right:0px;--awb-border-radius-bottom-left:0px;--awb-flex-wrap:wrap;\" ><div class=\"fusion-builder-row fusion-row\"><div class=\"fusion-layout-column fusion_builder_column fusion-builder-column-9 fusion_builder_column_1_1 1_1 fusion-one-full fusion-column-first fusion-column-last\" style=\"--awb-bg-size:cover;\"><div class=\"fusion-column-wrapper fusion-flex-column-wrapper-legacy\"><div class=\"fusion-text fusion-text-6\"><h3>Hombre con acn\u00e9 en la cara antes y despu\u00e9s<\/h3>\n<\/div><div class=\"fusion-clearfix\"><\/div><\/div><\/div><div class=\"fusion-layout-column fusion_builder_column fusion-builder-column-10 fusion_builder_column_1_2 1_2 fusion-one-half fusion-column-first\" style=\"--awb-padding-top:18px;--awb-padding-right:18px;--awb-padding-bottom:18px;--awb-padding-left:18px;--awb-bg-size:cover;width:50%;width:calc(50% - ( ( 4% ) * 0.5 ) );margin-right: 4%;\"><div class=\"fusion-column-wrapper fusion-flex-column-wrapper-legacy\"><div class=\"fusion-image-element fusion-image-align-center in-legacy-container\" style=\"text-align:center;--awb-caption-title-font-family:var(--h2_typography-font-family);--awb-caption-title-font-weight:var(--h2_typography-font-weight);--awb-caption-title-font-style:var(--h2_typography-font-style);--awb-caption-title-size:var(--h2_typography-font-size);--awb-caption-title-transform:var(--h2_typography-text-transform);--awb-caption-title-line-height:var(--h2_typography-line-height);--awb-caption-title-letter-spacing:var(--h2_typography-letter-spacing);\"><div class=\"imageframe-align-center\"><span class=\" fusion-imageframe imageframe-none imageframe-5 hover-type-zoomin\"><img decoding=\"async\" width=\"227\" height=\"300\" alt=\"Acn\u00e9 en la cara de una mujer antes del tratamiento con Kleresca.\" title=\"KLERESCA\u00ae ACNE TREATMENT\" src=\"https:\/\/www.idermic.es\/wp-content\/uploads\/2019\/10\/Kleresca-Acne-Treatment-Caso-2-Antes-227x300.jpg\" class=\"img-responsive wp-image-1956\" srcset=\"https:\/\/www.idermic.es\/wp-content\/uploads\/2019\/10\/Kleresca-Acne-Treatment-Caso-2-Antes-200x264.jpg 200w, https:\/\/www.idermic.es\/wp-content\/uploads\/2019\/10\/Kleresca-Acne-Treatment-Caso-2-Antes-400x528.jpg 400w, https:\/\/www.idermic.es\/wp-content\/uploads\/2019\/10\/Kleresca-Acne-Treatment-Caso-2-Antes-600x792.jpg 600w, https:\/\/www.idermic.es\/wp-content\/uploads\/2019\/10\/Kleresca-Acne-Treatment-Caso-2-Antes.jpg 682w\" sizes=\"(max-width: 800px) 100vw, 600px\" \/><\/span><\/div><\/div><div class=\"fusion-clearfix\"><\/div><\/div><\/div><div class=\"fusion-layout-column fusion_builder_column fusion-builder-column-11 fusion_builder_column_1_2 1_2 fusion-one-half fusion-column-last\" style=\"--awb-padding-top:18px;--awb-padding-right:18px;--awb-padding-bottom:18px;--awb-padding-left:18px;--awb-bg-size:cover;width:50%;width:calc(50% - ( ( 4% ) * 0.5 ) );\"><div class=\"fusion-column-wrapper fusion-flex-column-wrapper-legacy\"><div class=\"fusion-image-element fusion-image-align-center in-legacy-container\" style=\"text-align:center;--awb-caption-title-font-family:var(--h2_typography-font-family);--awb-caption-title-font-weight:var(--h2_typography-font-weight);--awb-caption-title-font-style:var(--h2_typography-font-style);--awb-caption-title-size:var(--h2_typography-font-size);--awb-caption-title-transform:var(--h2_typography-text-transform);--awb-caption-title-line-height:var(--h2_typography-line-height);--awb-caption-title-letter-spacing:var(--h2_typography-letter-spacing);\"><div class=\"imageframe-align-center\"><span class=\" fusion-imageframe imageframe-none imageframe-6 hover-type-none\"><img decoding=\"async\" width=\"200\" height=\"300\" alt=\"Acn\u00e9 en la cara de una mujer despu\u00e9s del tratamiento con Kleresca.\" title=\"KLERESCA\u00ae ACNE TREATMENT\" src=\"https:\/\/www.idermic.es\/wp-content\/uploads\/2019\/10\/Kleresca-Acne-Treatment-Caso-2-Despues-200x300.jpg\" class=\"img-responsive wp-image-1958\" srcset=\"https:\/\/www.idermic.es\/wp-content\/uploads\/2019\/10\/Kleresca-Acne-Treatment-Caso-2-Despues-200x300.jpg 200w, https:\/\/www.idermic.es\/wp-content\/uploads\/2019\/10\/Kleresca-Acne-Treatment-Caso-2-Despues-400x599.jpg 400w, https:\/\/www.idermic.es\/wp-content\/uploads\/2019\/10\/Kleresca-Acne-Treatment-Caso-2-Despues.jpg 600w\" sizes=\"(max-width: 800px) 100vw, 200px\" \/><\/span><\/div><\/div><div class=\"fusion-clearfix\"><\/div><\/div><\/div><div class=\"fusion-layout-column fusion_builder_column fusion-builder-column-12 fusion_builder_column_1_1 1_1 fusion-one-full fusion-column-first fusion-column-last\" style=\"--awb-bg-size:cover;\"><div class=\"fusion-column-wrapper fusion-flex-column-wrapper-legacy\"><div class=\"fusion-sep-clear\"><\/div><div class=\"fusion-separator fusion-full-width-sep\" style=\"margin-left: auto;margin-right: auto;margin-top:16px;margin-bottom:16px;width:100%;\"><div class=\"fusion-separator-border sep-single sep-solid\" style=\"--awb-height:20px;--awb-amount:20px;border-color:#e0dede;border-top-width:2px;\"><\/div><\/div><div class=\"fusion-sep-clear\"><\/div><div class=\"fusion-clearfix\"><\/div><\/div><\/div><\/div><\/div><div class=\"fusion-fullwidth fullwidth-box fusion-builder-row-5 nonhundred-percent-fullwidth non-hundred-percent-height-scrolling\" style=\"--awb-border-radius-top-left:0px;--awb-border-radius-top-right:0px;--awb-border-radius-bottom-right:0px;--awb-border-radius-bottom-left:0px;--awb-flex-wrap:wrap;\" ><div class=\"fusion-builder-row fusion-row\"><div class=\"fusion-layout-column fusion_builder_column fusion-builder-column-13 fusion_builder_column_1_1 1_1 fusion-one-full fusion-column-first fusion-column-last\" style=\"--awb-bg-size:cover;\"><div class=\"fusion-column-wrapper fusion-flex-column-wrapper-legacy\"><div class=\"fusion-text fusion-text-7\"><h3>Mujer con acn\u00e9 en la cara antes y despu\u00e9s<\/h3>\n<\/div><div class=\"fusion-clearfix\"><\/div><\/div><\/div><div class=\"fusion-layout-column fusion_builder_column fusion-builder-column-14 fusion_builder_column_1_2 1_2 fusion-one-half fusion-column-first\" style=\"--awb-padding-top:18px;--awb-padding-right:18px;--awb-padding-bottom:18px;--awb-padding-left:18px;--awb-bg-size:cover;width:50%;width:calc(50% - ( ( 4% ) * 0.5 ) );margin-right: 4%;\"><div class=\"fusion-column-wrapper fusion-flex-column-wrapper-legacy\"><div class=\"fusion-image-element fusion-image-align-center in-legacy-container\" style=\"text-align:center;--awb-caption-title-font-family:var(--h2_typography-font-family);--awb-caption-title-font-weight:var(--h2_typography-font-weight);--awb-caption-title-font-style:var(--h2_typography-font-style);--awb-caption-title-size:var(--h2_typography-font-size);--awb-caption-title-transform:var(--h2_typography-text-transform);--awb-caption-title-line-height:var(--h2_typography-line-height);--awb-caption-title-letter-spacing:var(--h2_typography-letter-spacing);\"><div class=\"imageframe-align-center\"><span class=\" fusion-imageframe imageframe-none imageframe-7 hover-type-zoomin\"><img decoding=\"async\" width=\"300\" height=\"279\" alt=\"Acn\u00e9 en la cara de una mujer antes del tratamiento con Kleresca.\" title=\"KLERESCA\u00ae ACNE TREATMENT\" src=\"https:\/\/www.idermic.es\/wp-content\/uploads\/2019\/10\/Kleresca-Acne-Treatment-Caso-1-Antes-300x279.jpg\" class=\"img-responsive wp-image-1952\" srcset=\"https:\/\/www.idermic.es\/wp-content\/uploads\/2019\/10\/Kleresca-Acne-Treatment-Caso-1-Antes-200x186.jpg 200w, https:\/\/www.idermic.es\/wp-content\/uploads\/2019\/10\/Kleresca-Acne-Treatment-Caso-1-Antes-400x372.jpg 400w, https:\/\/www.idermic.es\/wp-content\/uploads\/2019\/10\/Kleresca-Acne-Treatment-Caso-1-Antes-600x557.jpg 600w, https:\/\/www.idermic.es\/wp-content\/uploads\/2019\/10\/Kleresca-Acne-Treatment-Caso-1-Antes-800x743.jpg 800w, https:\/\/www.idermic.es\/wp-content\/uploads\/2019\/10\/Kleresca-Acne-Treatment-Caso-1-Antes.jpg 900w\" sizes=\"(max-width: 800px) 100vw, 600px\" \/><\/span><\/div><\/div><div class=\"fusion-clearfix\"><\/div><\/div><\/div><div class=\"fusion-layout-column fusion_builder_column fusion-builder-column-15 fusion_builder_column_1_2 1_2 fusion-one-half fusion-column-last\" style=\"--awb-padding-top:18px;--awb-padding-right:18px;--awb-padding-bottom:18px;--awb-padding-left:18px;--awb-bg-size:cover;width:50%;width:calc(50% - ( ( 4% ) * 0.5 ) );\"><div class=\"fusion-column-wrapper fusion-flex-column-wrapper-legacy\"><div class=\"fusion-image-element fusion-image-align-center in-legacy-container\" style=\"text-align:center;--awb-caption-title-font-family:var(--h2_typography-font-family);--awb-caption-title-font-weight:var(--h2_typography-font-weight);--awb-caption-title-font-style:var(--h2_typography-font-style);--awb-caption-title-size:var(--h2_typography-font-size);--awb-caption-title-transform:var(--h2_typography-text-transform);--awb-caption-title-line-height:var(--h2_typography-line-height);--awb-caption-title-letter-spacing:var(--h2_typography-letter-spacing);\"><div class=\"imageframe-align-center\"><span class=\" fusion-imageframe imageframe-none imageframe-8 hover-type-none\"><img decoding=\"async\" width=\"300\" height=\"279\" alt=\"Acn\u00e9 en la cara de una mujer despu\u00e9s del tratamiento con Kleresca.\" title=\"KLERESCA\u00ae ACNE TREATMENT\" src=\"https:\/\/www.idermic.es\/wp-content\/uploads\/2019\/10\/Kleresca-Acne-Treatment-Caso-1-Despues-300x279.jpg\" class=\"img-responsive wp-image-1954\" srcset=\"https:\/\/www.idermic.es\/wp-content\/uploads\/2019\/10\/Kleresca-Acne-Treatment-Caso-1-Despues-200x186.jpg 200w, https:\/\/www.idermic.es\/wp-content\/uploads\/2019\/10\/Kleresca-Acne-Treatment-Caso-1-Despues-400x372.jpg 400w, https:\/\/www.idermic.es\/wp-content\/uploads\/2019\/10\/Kleresca-Acne-Treatment-Caso-1-Despues-600x557.jpg 600w, https:\/\/www.idermic.es\/wp-content\/uploads\/2019\/10\/Kleresca-Acne-Treatment-Caso-1-Despues-800x743.jpg 800w, https:\/\/www.idermic.es\/wp-content\/uploads\/2019\/10\/Kleresca-Acne-Treatment-Caso-1-Despues.jpg 900w\" sizes=\"(max-width: 800px) 100vw, 600px\" \/><\/span><\/div><\/div><div class=\"fusion-clearfix\"><\/div><\/div><\/div><div class=\"fusion-layout-column fusion_builder_column fusion-builder-column-16 fusion_builder_column_1_1 1_1 fusion-one-full fusion-column-first fusion-column-last\" style=\"--awb-bg-size:cover;\"><div class=\"fusion-column-wrapper fusion-flex-column-wrapper-legacy\"><div class=\"fusion-sep-clear\"><\/div><div class=\"fusion-separator fusion-full-width-sep\" style=\"margin-left: auto;margin-right: auto;margin-top:16px;margin-bottom:16px;width:100%;\"><div class=\"fusion-separator-border sep-single sep-solid\" style=\"--awb-height:20px;--awb-amount:20px;border-color:#e0dede;border-top-width:2px;\"><\/div><\/div><div class=\"fusion-sep-clear\"><\/div><div class=\"fusion-clearfix\"><\/div><\/div><\/div><\/div><\/div><div class=\"fusion-fullwidth fullwidth-box fusion-builder-row-6 nonhundred-percent-fullwidth non-hundred-percent-height-scrolling\" style=\"--awb-border-radius-top-left:0px;--awb-border-radius-top-right:0px;--awb-border-radius-bottom-right:0px;--awb-border-radius-bottom-left:0px;--awb-flex-wrap:wrap;\" ><div class=\"fusion-builder-row fusion-row\"><div class=\"fusion-layout-column fusion_builder_column fusion-builder-column-17 fusion_builder_column_1_1 1_1 fusion-one-full fusion-column-first fusion-column-last\" style=\"--awb-bg-size:cover;\"><div class=\"fusion-column-wrapper fusion-flex-column-wrapper-legacy\"><div class=\"fusion-text fusion-text-8\"><p>C\u00f3mo se puede comprobar en las im\u00e1genes anteriores los resultados del <strong>tratamiento del acn\u00e9<\/strong> con <a href=\"https:\/\/www.idermic.es\/es\/kleresca-tratamiento-para-la-rosacea-y-el-acne\/\">Kleresca<\/a> son muy efectivos.<\/p>\n<\/div><div class=\"fusion-clearfix\"><\/div><\/div><\/div><\/div><\/div><div class=\"fusion-fullwidth fullwidth-box fusion-builder-row-7 nonhundred-percent-fullwidth non-hundred-percent-height-scrolling\" style=\"--awb-border-radius-top-left:0px;--awb-border-radius-top-right:0px;--awb-border-radius-bottom-right:0px;--awb-border-radius-bottom-left:0px;--awb-flex-wrap:wrap;\" ><div class=\"fusion-builder-row fusion-row\"><div class=\"fusion-layout-column fusion_builder_column fusion-builder-column-18 fusion_builder_column_1_1 1_1 fusion-one-full fusion-column-first fusion-column-last\" style=\"--awb-bg-size:cover;\"><div class=\"fusion-column-wrapper fusion-flex-column-wrapper-legacy\"><div class=\"fusion-text fusion-text-9\"><h2>Acn\u00e9 adulto<\/h2>\n<p>Aunque el <strong>acn\u00e9<\/strong> suele asociarse a la adolescencia, su aparici\u00f3n en la<strong> edad adulta<\/strong> es un fen\u00f3meno cada vez m\u00e1s com\u00fan y cl\u00ednicamente relevante. Se estima que <strong>entre el 12% y el 22% de las mujeres adultas presentan acn\u00e9 persistente o de nueva aparici\u00f3n<\/strong>, una cifra considerablemente menor pero tambi\u00e9n significativa en hombres. Este tipo de acn\u00e9 suele manifestarse <strong>a partir de los 25 a\u00f1os<\/strong>, y puede prolongarse hasta los 40 o m\u00e1s, afectando tanto al rostro como a la zona mandibular, el cuello, el pecho o la espalda.<\/p>\n<p>Las <strong>causas del acn\u00e9<\/strong> en adultos son multifactoriales. Los desequilibrios hormonales \u2014por ejemplo, durante el s\u00edndrome premenstrual, el embarazo o debido al <a href=\"https:\/\/www.sanibook.net\/sindrome-del-ovario-poliquistico\/\">s\u00edndrome de ovario poliqu\u00edstico<\/a>\u2014 son una de las principales razones, especialmente en mujeres. Otros factores relevantes incluyen el <strong>estr\u00e9s cr\u00f3nico<\/strong>, el uso de <a href=\"https:\/\/www.idermic.es\/es\/acne-cosmetico-todo-lo-que-debemos-saber\/\">cosm\u00e9ticos comedog\u00e9nicos<\/a>,<strong> dietas con alto \u00edndice gluc\u00e9mico<\/strong> y la <strong>contaminaci\u00f3n ambiental<\/strong>. Algunos medicamentos y cambios en los h\u00e1bitos de vida tambi\u00e9n pueden influir negativamente.<\/p>\n<p>Desde el punto de vista emocional, el impacto del <strong>acn\u00e9 adulto<\/strong> puede ser mayor que en la adolescencia, ya que existe una expectativa social de tener la piel \u00abresuelta\u00bb a cierta edad. Esto puede provocar frustraci\u00f3n, ansiedad o baja autoestima.<\/p>\n<p>Afortunadamente, existen tratamientos dermatol\u00f3gicos eficaces que se adaptan a las particularidades de la piel adulta. En centros especializados como la Cl\u00ednica Idermic en Terrassa, se realiza un abordaje integral y personalizado del <strong>acn\u00e9 adulto<\/strong>, combinando diagn\u00f3stico dermatol\u00f3gico, tratamientos m\u00e9dicos y pautas cosm\u00e9ticas adaptadas a cada paciente.<\/p>\n<\/div><div class=\"fusion-clearfix\"><\/div><\/div><\/div><\/div><\/div><div class=\"fusion-fullwidth fullwidth-box fusion-builder-row-8 has-pattern-background has-mask-background nonhundred-percent-fullwidth non-hundred-percent-height-scrolling\" style=\"--awb-border-radius-top-left:0px;--awb-border-radius-top-right:0px;--awb-border-radius-bottom-right:0px;--awb-border-radius-bottom-left:0px;--awb-padding-top:20px;--awb-padding-bottom:32px;--awb-margin-top:48px;--awb-margin-bottom:32px;--awb-flex-wrap:wrap;\" ><div class=\"fusion-builder-row fusion-row\"><div class=\"fusion-layout-column fusion_builder_column fusion-builder-column-19 fusion_builder_column_1_2 1_2 fusion-one-half fusion-column-first fusion-column-inner-bg-wrapper\" style=\"--awb-padding-top:20px;--awb-padding-right:20px;--awb-padding-bottom:20px;--awb-padding-left:60px;--awb-inner-bg-color:#f4d0c2;--awb-inner-bg-color-hover:#f4d0c2;--awb-inner-bg-size:cover;width:50%;width:calc(50% - ( ( 4% ) * 0.5 ) );margin-right: 4%;\" data-scroll-devices=\"small-visibility,medium-visibility,large-visibility\"><span class=\"fusion-column-inner-bg hover-type-none\"><a class=\"fusion-column-anchor\" href=\"https:\/\/www.idermic.es\/es\/financiacion\/\"><span class=\"fusion-column-inner-bg-image\"><\/span><\/a><\/span><div class=\"fusion-column-wrapper fusion-column-has-shadow fusion-flex-column-wrapper-legacy\"><div style=\"text-align:center; max-width: 100%; width: calc(100% - 40px); margin: 0 auto;\">\n  <p style=\"color:white;margin:0;padding:15px 15px 0 15px;background-color:#ddbcb0;font-family:Montserrat;font-size:20px;font-weight:500;letter-spacing:2px;line-height:30px;\">\n    FINAN\u00c7AMENT 0% INTER\u00c8S\n  <\/p>\n  <p style=\"color:white;margin:0;padding:0 15px 15px 15px;background-color:#ddbcb0;font-family:Open Sans;font-size:12px;font-weight:500;letter-spacing:2px;line-height:30px;\">\n    LLEGIR M\u00c9S +\n  <\/p>\n<\/div><div class=\"fusion-clearfix\"><\/div><\/div><\/div><div class=\"fusion-layout-column fusion_builder_column fusion-builder-column-20 fusion_builder_column_1_2 1_2 fusion-one-half fusion-column-last fusion-column-inner-bg-wrapper\" style=\"--awb-padding-top:20px;--awb-padding-right:20px;--awb-padding-bottom:20px;--awb-padding-left:60px;--awb-inner-bg-color:#f4d0c2;--awb-inner-bg-color-hover:#f4d0c2;--awb-inner-bg-size:cover;width:50%;width:calc(50% - ( ( 4% ) * 0.5 ) );\" data-scroll-devices=\"small-visibility,medium-visibility,large-visibility\"><span class=\"fusion-column-inner-bg hover-type-none\"><a class=\"fusion-column-anchor\" href=\"https:\/\/www.idermic.es\/es\/preguntas-frecuentes\/\"><span class=\"fusion-column-inner-bg-image\"><\/span><\/a><\/span><div class=\"fusion-column-wrapper fusion-column-has-shadow fusion-flex-column-wrapper-legacy\"><div style=\"text-align:center; max-width: 100%; width: calc(100% - 40px); margin: 0 auto;\">\n  <p style=\"color:white;margin:0;padding:15px 15px 0 15px;background-color:#ddbcb0;font-family:Montserrat;font-size:20px;font-weight:500;letter-spacing:2px;line-height:30px;\">\n    PREGUNTES FREQ\u00dcENTS \n  <\/p>\n  <p style=\"color:white;margin:0;padding:0 15px 15px 15px;background-color:#ddbcb0;font-family:Open Sans;font-size:12px;font-weight:500;letter-spacing:2px;line-height:30px;\">\n    LLEGIR M\u00c9S +\n  <\/p>\n<\/div><div class=\"fusion-clearfix\"><\/div><\/div><\/div><\/div><\/div>\n<\/p>\n","protected":false},"excerpt":{"rendered":"<p>KLERESCA\u00ae ACNE TREATMENT es un m\u00e9todo sin dolor que act\u00faa contra el acn\u00e9. Es una alternativa suave a los tratamientos convencionales.<\/p>\n","protected":false},"author":1,"featured_media":1981,"comment_status":"open","ping_status":"open","sticky":false,"template":"","format":"standard","meta":{"_joinchat":[],"footnotes":""},"categories":[36],"tags":[43],"class_list":["post-1947","post","type-post","status-publish","format-standard","has-post-thumbnail","hentry","category-tratamientos-de-medicina-estetica","tag-acne"],"yoast_head":"<!-- This site is optimized with the Yoast SEO plugin v28.4 - https:\/\/yoast.com\/product\/yoast-seo-wordpress\/ -->\n<title>KLERESCA\u00ae ACNE TREATMENT - Idermic. Dermatolog\u00eda en Terrassa<\/title>\n<meta name=\"description\" content=\"KLERESCA\u00ae ACNE TREATMENT es un m\u00e9todo sin dolor que act\u00faa contra el acn\u00e9. Es una alternativa suave a los tratamientos convencionales.\" \/>\n<meta name=\"robots\" content=\"index, follow, max-snippet:-1, max-image-preview:large, max-video-preview:-1\" \/>\n<link rel=\"canonical\" href=\"https:\/\/www.idermic.es\/es\/kleresca-acne-treatment\/\" \/>\n<meta property=\"og:locale\" content=\"es_ES\" \/>\n<meta property=\"og:type\" content=\"article\" \/>\n<meta property=\"og:title\" content=\"KLERESCA\u00ae ACNE TREATMENT - Idermic. Dermatolog\u00eda en Terrassa\" \/>\n<meta property=\"og:description\" content=\"KLERESCA\u00ae ACNE TREATMENT es un m\u00e9todo sin dolor que act\u00faa contra el acn\u00e9. Es una alternativa suave a los tratamientos convencionales.\" \/>\n<meta property=\"og:url\" content=\"https:\/\/www.idermic.es\/es\/kleresca-acne-treatment\/\" \/>\n<meta property=\"og:site_name\" content=\"Idermic. Dermatolog\u00eda en Terrassa\" \/>\n<meta property=\"article:publisher\" content=\"https:\/\/www.facebook.com\/Idermic\" \/>\n<meta property=\"article:published_time\" content=\"2019-10-12T05:44:06+00:00\" \/>\n<meta property=\"article:modified_time\" content=\"2025-07-19T12:06:53+00:00\" \/>\n<meta property=\"og:image\" content=\"https:\/\/www.idermic.es\/wp-content\/uploads\/2019\/10\/Antes-y-despues-del-tratamiento-del-acne-con-Kleresca.jpg\" \/>\n\t<meta property=\"og:image:width\" content=\"709\" \/>\n\t<meta property=\"og:image:height\" content=\"450\" \/>\n\t<meta property=\"og:image:type\" content=\"image\/jpeg\" \/>\n<meta name=\"author\" content=\"admin@www\" \/>\n<meta name=\"twitter:card\" content=\"summary_large_image\" \/>\n<meta name=\"twitter:creator\" content=\"@idermic\" \/>\n<meta name=\"twitter:site\" content=\"@idermic\" \/>\n<meta name=\"twitter:label1\" content=\"Escrito por\" \/>\n\t<meta name=\"twitter:data1\" content=\"admin@www\" \/>\n\t<meta name=\"twitter:label2\" content=\"Tiempo de lectura\" \/>\n\t<meta name=\"twitter:data2\" content=\"5 minutos\" \/>\n<script type=\"application\/ld+json\" class=\"yoast-schema-graph\">{\"@context\":\"https:\\\/\\\/schema.org\",\"@graph\":[{\"@type\":\"Article\",\"@id\":\"https:\\\/\\\/www.idermic.es\\\/es\\\/kleresca-acne-treatment\\\/#article\",\"isPartOf\":{\"@id\":\"https:\\\/\\\/www.idermic.es\\\/es\\\/kleresca-acne-treatment\\\/\"},\"author\":{\"name\":\"admin@www\",\"@id\":\"https:\\\/\\\/www.idermic.es\\\/#\\\/schema\\\/person\\\/d9bd7e6f2a783f0f526073250560bfb5\"},\"headline\":\"KLERESCA\u00ae ACNE TREATMENT\",\"datePublished\":\"2019-10-12T05:44:06+00:00\",\"dateModified\":\"2025-07-19T12:06:53+00:00\",\"mainEntityOfPage\":{\"@id\":\"https:\\\/\\\/www.idermic.es\\\/es\\\/kleresca-acne-treatment\\\/\"},\"wordCount\":3649,\"commentCount\":0,\"publisher\":{\"@id\":\"https:\\\/\\\/www.idermic.es\\\/#organization\"},\"image\":{\"@id\":\"https:\\\/\\\/www.idermic.es\\\/es\\\/kleresca-acne-treatment\\\/#primaryimage\"},\"thumbnailUrl\":\"https:\\\/\\\/www.idermic.es\\\/wp-content\\\/uploads\\\/2019\\\/10\\\/Antes-y-despues-del-tratamiento-del-acne-con-Kleresca.jpg\",\"keywords\":[\"acn\u00e9\"],\"articleSection\":[\"Tratamientos de Medicina Est\u00e9tica\"],\"inLanguage\":\"es\",\"potentialAction\":[{\"@type\":\"CommentAction\",\"name\":\"Comment\",\"target\":[\"https:\\\/\\\/www.idermic.es\\\/es\\\/kleresca-acne-treatment\\\/#respond\"]}]},{\"@type\":\"WebPage\",\"@id\":\"https:\\\/\\\/www.idermic.es\\\/es\\\/kleresca-acne-treatment\\\/\",\"url\":\"https:\\\/\\\/www.idermic.es\\\/es\\\/kleresca-acne-treatment\\\/\",\"name\":\"KLERESCA\u00ae ACNE TREATMENT - Idermic. Dermatolog\u00eda en Terrassa\",\"isPartOf\":{\"@id\":\"https:\\\/\\\/www.idermic.es\\\/#website\"},\"primaryImageOfPage\":{\"@id\":\"https:\\\/\\\/www.idermic.es\\\/es\\\/kleresca-acne-treatment\\\/#primaryimage\"},\"image\":{\"@id\":\"https:\\\/\\\/www.idermic.es\\\/es\\\/kleresca-acne-treatment\\\/#primaryimage\"},\"thumbnailUrl\":\"https:\\\/\\\/www.idermic.es\\\/wp-content\\\/uploads\\\/2019\\\/10\\\/Antes-y-despues-del-tratamiento-del-acne-con-Kleresca.jpg\",\"datePublished\":\"2019-10-12T05:44:06+00:00\",\"dateModified\":\"2025-07-19T12:06:53+00:00\",\"description\":\"KLERESCA\u00ae ACNE TREATMENT es un m\u00e9todo sin dolor que act\u00faa contra el acn\u00e9. Es una alternativa suave a los tratamientos convencionales.\",\"breadcrumb\":{\"@id\":\"https:\\\/\\\/www.idermic.es\\\/es\\\/kleresca-acne-treatment\\\/#breadcrumb\"},\"inLanguage\":\"es\",\"potentialAction\":[{\"@type\":\"ReadAction\",\"target\":[\"https:\\\/\\\/www.idermic.es\\\/es\\\/kleresca-acne-treatment\\\/\"]}]},{\"@type\":\"ImageObject\",\"inLanguage\":\"es\",\"@id\":\"https:\\\/\\\/www.idermic.es\\\/es\\\/kleresca-acne-treatment\\\/#primaryimage\",\"url\":\"https:\\\/\\\/www.idermic.es\\\/wp-content\\\/uploads\\\/2019\\\/10\\\/Antes-y-despues-del-tratamiento-del-acne-con-Kleresca.jpg\",\"contentUrl\":\"https:\\\/\\\/www.idermic.es\\\/wp-content\\\/uploads\\\/2019\\\/10\\\/Antes-y-despues-del-tratamiento-del-acne-con-Kleresca.jpg\",\"width\":709,\"height\":450,\"caption\":\"Antes y despu\u00e9s del tratamiento del acn\u00e9 con Kleresca\"},{\"@type\":\"BreadcrumbList\",\"@id\":\"https:\\\/\\\/www.idermic.es\\\/es\\\/kleresca-acne-treatment\\\/#breadcrumb\",\"itemListElement\":[{\"@type\":\"ListItem\",\"position\":1,\"name\":\"Inici\",\"item\":\"https:\\\/\\\/www.idermic.es\\\/es\\\/\"},{\"@type\":\"ListItem\",\"position\":2,\"name\":\"KLERESCA\u00ae ACNE TREATMENT\"}]},{\"@type\":\"WebSite\",\"@id\":\"https:\\\/\\\/www.idermic.es\\\/#website\",\"url\":\"https:\\\/\\\/www.idermic.es\\\/\",\"name\":\"Idermic. Dermatolog\u00eda en Terrassa\",\"description\":\"Dermatolog\u00eda, Medicina est\u00e9tica, Cirurg\u00eda Pl\u00e0stica\",\"publisher\":{\"@id\":\"https:\\\/\\\/www.idermic.es\\\/#organization\"},\"potentialAction\":[{\"@type\":\"SearchAction\",\"target\":{\"@type\":\"EntryPoint\",\"urlTemplate\":\"https:\\\/\\\/www.idermic.es\\\/?s={search_term_string}\"},\"query-input\":{\"@type\":\"PropertyValueSpecification\",\"valueRequired\":true,\"valueName\":\"search_term_string\"}}],\"inLanguage\":\"es\"},{\"@type\":\"Organization\",\"@id\":\"https:\\\/\\\/www.idermic.es\\\/#organization\",\"name\":\"Idermic. Dermatolog\u00eda en Terrassa\",\"url\":\"https:\\\/\\\/www.idermic.es\\\/\",\"logo\":{\"@type\":\"ImageObject\",\"inLanguage\":\"es\",\"@id\":\"https:\\\/\\\/www.idermic.es\\\/#\\\/schema\\\/logo\\\/image\\\/\",\"url\":\"https:\\\/\\\/www.idermic.es\\\/wp-content\\\/uploads\\\/2025\\\/10\\\/Logo-Idermic.jpg\",\"contentUrl\":\"https:\\\/\\\/www.idermic.es\\\/wp-content\\\/uploads\\\/2025\\\/10\\\/Logo-Idermic.jpg\",\"width\":501,\"height\":502,\"caption\":\"Idermic. Dermatolog\u00eda en Terrassa\"},\"image\":{\"@id\":\"https:\\\/\\\/www.idermic.es\\\/#\\\/schema\\\/logo\\\/image\\\/\"},\"sameAs\":[\"https:\\\/\\\/www.facebook.com\\\/Idermic\",\"https:\\\/\\\/x.com\\\/idermic\",\"https:\\\/\\\/www.instagram.com\\\/idermicclinic\\\/\",\"https:\\\/\\\/www.youtube.com\\\/channel\\\/UCyAHC9-p8lc6hr_nguO8p_g\"]},{\"@type\":\"Person\",\"@id\":\"https:\\\/\\\/www.idermic.es\\\/#\\\/schema\\\/person\\\/d9bd7e6f2a783f0f526073250560bfb5\",\"name\":\"admin@www\",\"image\":{\"@type\":\"ImageObject\",\"inLanguage\":\"es\",\"@id\":\"https:\\\/\\\/secure.gravatar.com\\\/avatar\\\/b4e94726668ce15d352771a043d3273340f3898aee9f386703de5f0d2865d807?s=96&d=mm&r=g\",\"url\":\"https:\\\/\\\/secure.gravatar.com\\\/avatar\\\/b4e94726668ce15d352771a043d3273340f3898aee9f386703de5f0d2865d807?s=96&d=mm&r=g\",\"contentUrl\":\"https:\\\/\\\/secure.gravatar.com\\\/avatar\\\/b4e94726668ce15d352771a043d3273340f3898aee9f386703de5f0d2865d807?s=96&d=mm&r=g\",\"caption\":\"admin@www\"}}]}<\/script>\n<!-- \/ Yoast SEO plugin. -->","yoast_head_json":{"title":"KLERESCA\u00ae ACNE TREATMENT - Idermic. Dermatolog\u00eda en Terrassa","description":"KLERESCA\u00ae ACNE TREATMENT es un m\u00e9todo sin dolor que act\u00faa contra el acn\u00e9. Es una alternativa suave a los tratamientos convencionales.","robots":{"index":"index","follow":"follow","max-snippet":"max-snippet:-1","max-image-preview":"max-image-preview:large","max-video-preview":"max-video-preview:-1"},"canonical":"https:\/\/www.idermic.es\/es\/kleresca-acne-treatment\/","og_locale":"es_ES","og_type":"article","og_title":"KLERESCA\u00ae ACNE TREATMENT - Idermic. Dermatolog\u00eda en Terrassa","og_description":"KLERESCA\u00ae ACNE TREATMENT es un m\u00e9todo sin dolor que act\u00faa contra el acn\u00e9. Es una alternativa suave a los tratamientos convencionales.","og_url":"https:\/\/www.idermic.es\/es\/kleresca-acne-treatment\/","og_site_name":"Idermic. Dermatolog\u00eda en Terrassa","article_publisher":"https:\/\/www.facebook.com\/Idermic","article_published_time":"2019-10-12T05:44:06+00:00","article_modified_time":"2025-07-19T12:06:53+00:00","og_image":[{"width":709,"height":450,"url":"https:\/\/www.idermic.es\/wp-content\/uploads\/2019\/10\/Antes-y-despues-del-tratamiento-del-acne-con-Kleresca.jpg","type":"image\/jpeg"}],"author":"admin@www","twitter_card":"summary_large_image","twitter_creator":"@idermic","twitter_site":"@idermic","twitter_misc":{"Escrito por":"admin@www","Tiempo de lectura":"5 minutos"},"schema":{"@context":"https:\/\/schema.org","@graph":[{"@type":"Article","@id":"https:\/\/www.idermic.es\/es\/kleresca-acne-treatment\/#article","isPartOf":{"@id":"https:\/\/www.idermic.es\/es\/kleresca-acne-treatment\/"},"author":{"name":"admin@www","@id":"https:\/\/www.idermic.es\/#\/schema\/person\/d9bd7e6f2a783f0f526073250560bfb5"},"headline":"KLERESCA\u00ae ACNE TREATMENT","datePublished":"2019-10-12T05:44:06+00:00","dateModified":"2025-07-19T12:06:53+00:00","mainEntityOfPage":{"@id":"https:\/\/www.idermic.es\/es\/kleresca-acne-treatment\/"},"wordCount":3649,"commentCount":0,"publisher":{"@id":"https:\/\/www.idermic.es\/#organization"},"image":{"@id":"https:\/\/www.idermic.es\/es\/kleresca-acne-treatment\/#primaryimage"},"thumbnailUrl":"https:\/\/www.idermic.es\/wp-content\/uploads\/2019\/10\/Antes-y-despues-del-tratamiento-del-acne-con-Kleresca.jpg","keywords":["acn\u00e9"],"articleSection":["Tratamientos de Medicina Est\u00e9tica"],"inLanguage":"es","potentialAction":[{"@type":"CommentAction","name":"Comment","target":["https:\/\/www.idermic.es\/es\/kleresca-acne-treatment\/#respond"]}]},{"@type":"WebPage","@id":"https:\/\/www.idermic.es\/es\/kleresca-acne-treatment\/","url":"https:\/\/www.idermic.es\/es\/kleresca-acne-treatment\/","name":"KLERESCA\u00ae ACNE TREATMENT - Idermic. Dermatolog\u00eda en Terrassa","isPartOf":{"@id":"https:\/\/www.idermic.es\/#website"},"primaryImageOfPage":{"@id":"https:\/\/www.idermic.es\/es\/kleresca-acne-treatment\/#primaryimage"},"image":{"@id":"https:\/\/www.idermic.es\/es\/kleresca-acne-treatment\/#primaryimage"},"thumbnailUrl":"https:\/\/www.idermic.es\/wp-content\/uploads\/2019\/10\/Antes-y-despues-del-tratamiento-del-acne-con-Kleresca.jpg","datePublished":"2019-10-12T05:44:06+00:00","dateModified":"2025-07-19T12:06:53+00:00","description":"KLERESCA\u00ae ACNE TREATMENT es un m\u00e9todo sin dolor que act\u00faa contra el acn\u00e9. Es una alternativa suave a los tratamientos convencionales.","breadcrumb":{"@id":"https:\/\/www.idermic.es\/es\/kleresca-acne-treatment\/#breadcrumb"},"inLanguage":"es","potentialAction":[{"@type":"ReadAction","target":["https:\/\/www.idermic.es\/es\/kleresca-acne-treatment\/"]}]},{"@type":"ImageObject","inLanguage":"es","@id":"https:\/\/www.idermic.es\/es\/kleresca-acne-treatment\/#primaryimage","url":"https:\/\/www.idermic.es\/wp-content\/uploads\/2019\/10\/Antes-y-despues-del-tratamiento-del-acne-con-Kleresca.jpg","contentUrl":"https:\/\/www.idermic.es\/wp-content\/uploads\/2019\/10\/Antes-y-despues-del-tratamiento-del-acne-con-Kleresca.jpg","width":709,"height":450,"caption":"Antes y despu\u00e9s del tratamiento del acn\u00e9 con Kleresca"},{"@type":"BreadcrumbList","@id":"https:\/\/www.idermic.es\/es\/kleresca-acne-treatment\/#breadcrumb","itemListElement":[{"@type":"ListItem","position":1,"name":"Inici","item":"https:\/\/www.idermic.es\/es\/"},{"@type":"ListItem","position":2,"name":"KLERESCA\u00ae ACNE TREATMENT"}]},{"@type":"WebSite","@id":"https:\/\/www.idermic.es\/#website","url":"https:\/\/www.idermic.es\/","name":"Idermic. Dermatolog\u00eda en Terrassa","description":"Dermatolog\u00eda, Medicina est\u00e9tica, Cirurg\u00eda Pl\u00e0stica","publisher":{"@id":"https:\/\/www.idermic.es\/#organization"},"potentialAction":[{"@type":"SearchAction","target":{"@type":"EntryPoint","urlTemplate":"https:\/\/www.idermic.es\/?s={search_term_string}"},"query-input":{"@type":"PropertyValueSpecification","valueRequired":true,"valueName":"search_term_string"}}],"inLanguage":"es"},{"@type":"Organization","@id":"https:\/\/www.idermic.es\/#organization","name":"Idermic. Dermatolog\u00eda en Terrassa","url":"https:\/\/www.idermic.es\/","logo":{"@type":"ImageObject","inLanguage":"es","@id":"https:\/\/www.idermic.es\/#\/schema\/logo\/image\/","url":"https:\/\/www.idermic.es\/wp-content\/uploads\/2025\/10\/Logo-Idermic.jpg","contentUrl":"https:\/\/www.idermic.es\/wp-content\/uploads\/2025\/10\/Logo-Idermic.jpg","width":501,"height":502,"caption":"Idermic. Dermatolog\u00eda en Terrassa"},"image":{"@id":"https:\/\/www.idermic.es\/#\/schema\/logo\/image\/"},"sameAs":["https:\/\/www.facebook.com\/Idermic","https:\/\/x.com\/idermic","https:\/\/www.instagram.com\/idermicclinic\/","https:\/\/www.youtube.com\/channel\/UCyAHC9-p8lc6hr_nguO8p_g"]},{"@type":"Person","@id":"https:\/\/www.idermic.es\/#\/schema\/person\/d9bd7e6f2a783f0f526073250560bfb5","name":"admin@www","image":{"@type":"ImageObject","inLanguage":"es","@id":"https:\/\/secure.gravatar.com\/avatar\/b4e94726668ce15d352771a043d3273340f3898aee9f386703de5f0d2865d807?s=96&d=mm&r=g","url":"https:\/\/secure.gravatar.com\/avatar\/b4e94726668ce15d352771a043d3273340f3898aee9f386703de5f0d2865d807?s=96&d=mm&r=g","contentUrl":"https:\/\/secure.gravatar.com\/avatar\/b4e94726668ce15d352771a043d3273340f3898aee9f386703de5f0d2865d807?s=96&d=mm&r=g","caption":"admin@www"}}]}},"_links":{"self":[{"href":"https:\/\/www.idermic.es\/es\/wp-json\/wp\/v2\/posts\/1947","targetHints":{"allow":["GET"]}}],"collection":[{"href":"https:\/\/www.idermic.es\/es\/wp-json\/wp\/v2\/posts"}],"about":[{"href":"https:\/\/www.idermic.es\/es\/wp-json\/wp\/v2\/types\/post"}],"author":[{"embeddable":true,"href":"https:\/\/www.idermic.es\/es\/wp-json\/wp\/v2\/users\/1"}],"replies":[{"embeddable":true,"href":"https:\/\/www.idermic.es\/es\/wp-json\/wp\/v2\/comments?post=1947"}],"version-history":[{"count":8,"href":"https:\/\/www.idermic.es\/es\/wp-json\/wp\/v2\/posts\/1947\/revisions"}],"predecessor-version":[{"id":10493,"href":"https:\/\/www.idermic.es\/es\/wp-json\/wp\/v2\/posts\/1947\/revisions\/10493"}],"wp:featuredmedia":[{"embeddable":true,"href":"https:\/\/www.idermic.es\/es\/wp-json\/wp\/v2\/media\/1981"}],"wp:attachment":[{"href":"https:\/\/www.idermic.es\/es\/wp-json\/wp\/v2\/media?parent=1947"}],"wp:term":[{"taxonomy":"category","embeddable":true,"href":"https:\/\/www.idermic.es\/es\/wp-json\/wp\/v2\/categories?post=1947"},{"taxonomy":"post_tag","embeddable":true,"href":"https:\/\/www.idermic.es\/es\/wp-json\/wp\/v2\/tags?post=1947"}],"curies":[{"name":"wp","href":"https:\/\/api.w.org\/{rel}","templated":true}]}}