{"id":1911,"date":"2019-09-25T15:54:15","date_gmt":"2019-09-25T15:54:15","guid":{"rendered":"https:\/\/www.idermic.es\/?p=1911"},"modified":"2025-09-12T09:49:27","modified_gmt":"2025-09-12T09:49:27","slug":"como-combatir-la-celulitis-con-carboxiterapia","status":"publish","type":"post","link":"https:\/\/www.idermic.es\/es\/como-combatir-la-celulitis-con-carboxiterapia\/","title":{"rendered":"Carboxiterapia: tratamiento eficaz contra la celulitis y flacidez"},"content":{"rendered":"<p><div class=\"fusion-fullwidth fullwidth-box fusion-builder-row-1 nonhundred-percent-fullwidth non-hundred-percent-height-scrolling\" style=\"--awb-border-radius-top-left:0px;--awb-border-radius-top-right:0px;--awb-border-radius-bottom-right:0px;--awb-border-radius-bottom-left:0px;--awb-margin-top:32px;--awb-margin-bottom:32px;--awb-flex-wrap:wrap;\" ><div class=\"fusion-builder-row fusion-row\"><div class=\"fusion-layout-column fusion_builder_column fusion-builder-column-0 fusion_builder_column_1_1 1_1 fusion-one-full fusion-column-first fusion-column-last\" style=\"--awb-bg-size:cover;\"><div class=\"fusion-column-wrapper fusion-flex-column-wrapper-legacy\"><div class=\"fusion-text fusion-text-1\"><h1>C\u00f3mo combatir la celulitis con carboxiterapia<\/h1>\n<\/div><div class=\"fusion-text fusion-text-2\"><p>La <b>carboxiterapia <\/b>es una de las mejores t\u00e9cnicas que hay en la actualidad para tratar la <a href=\"https:\/\/www.idermic.es\/es\/dermatologia_estetic\/tratamiento-celulitis-flacidez\/\">celulitis<\/a> y otros problemas como la <a href=\"https:\/\/www.idermic.es\/es\/dermatologia_estetic\/tratamiento-celulitis-flacidez\/\">flacidez<\/a> y ac\u00famulos grasos localizados. Es un m\u00e9todo <b>no invasivo<\/b> que consiste en la aplicaci\u00f3n del gas Di\u00f3xido de Carbono por v\u00eda subcut\u00e1nea mediante peque\u00f1as infiltraciones. Se considera muy buena opci\u00f3n para tratar la grasa localizada que no cede con dieta ni ejercicio.<\/p>\n<p>La <b>celulitis <\/b>es una enfermedad metab\u00f3lica que afecta en mayor proporci\u00f3n a la mujer. Est\u00e1 caracterizada por cambios funcionales y fisiol\u00f3gicos del tejido conjuntivo (tejido fibroso) junto con trastornos circulatorios e hipertrofismo de las c\u00e9lulas adiposas. Este trastorno no siempre lleva asociado un exceso de peso, pues tambi\u00e9n se observa en personas delgadas. La <b>celulitis<\/b>, aunque no pone en riesgo la salud del paciente, es considerada un problema est\u00e9tico, que modifica contornos y causa molestias.<\/p>\n<p>La <b>celulitis <\/b>se convierte en un trastorno progresivo que no se puede curar espont\u00e1neamente, cuando aparece lo hace con af\u00e1n de permanencia y con el tiempo ir\u00e1 evolucionando hasta adquirir unas mayores proporciones, es muy importante tratarla bien desde el principio porque si no cada vez es m\u00e1s dif\u00edcil resolver el problema.<\/p>\n<h2>C\u00f3mo act\u00faa la carboxiterapia<\/h2>\n<p>La <b>carboxiterapia <\/b>consiste en la \u00a0en la infiltraci\u00f3n de CO2 a trav\u00e9s de una aguja muy fina. Cuando se introduce a nivel de la grasa subcut\u00e1nea, es decir, por debajo de la piel, produce una mejora de la circulaci\u00f3n que da como resultado eliminar la grasa. Cuando se infiltra m\u00e1s superficialmente estimula la producci\u00f3n de col\u00e1geno y act\u00faa contra la flacidez.<\/p>\n<p>No tiene efectos secundarios salvo un ligero y fugaz dolor en la zona de aplicaci\u00f3n y un peque\u00f1o enrojecimiento de la zona que pasa al cabo de unos minutos. En el lugar la punci\u00f3n se puede apreciar alguna peque\u00f1a equimosis que tambi\u00e9n \u00a0desaparece en pocos d\u00edas.<\/p>\n<p>Cada sesi\u00f3n de <b>carboxiterapia <\/b>dura aproximadamente entre 15 y 30 minutos. El n\u00famero de sesiones es variable y depende de las caracter\u00edsticas y necesidades concretas de cada paciente, pero se considera que son necesarias un m\u00ednimo de 8 a 10 sesiones para obtener resultados satisfactorios que generalmente se empiezan a notar a partir de la quinta sesi\u00f3n. Se suele realizar una sesi\u00f3n semanal. Se recomienda evitar la exposici\u00f3n al sol en las siguientes 24 a 48 horas.<\/p>\n<p>A pesar de ser una t\u00e9cnica poco invasiva es muy importante que siempre sea realizada por un profesional m\u00e9dico con la experiencia y formaci\u00f3n adecuadas para tratamientos que implican interacci\u00f3n con los tejidos del cuerpo aunque sea a nivel superficial.<\/p>\n<p>Para m\u00e1s informaci\u00f3n consulta nuestra secci\u00f3n: <a href=\"https:\/\/www.idermic.es\/es\/dermatologia_estetic\/tratamiento-celulitis-flacidez\/\">Tratamiento de la celulitis y flacidez<\/a>.<\/p>\n<\/div><div class=\"fusion-clearfix\"><\/div><\/div><\/div><\/div><\/div><div class=\"fusion-fullwidth fullwidth-box fusion-builder-row-2 has-pattern-background has-mask-background nonhundred-percent-fullwidth non-hundred-percent-height-scrolling\" style=\"--awb-border-radius-top-left:0px;--awb-border-radius-top-right:0px;--awb-border-radius-bottom-right:0px;--awb-border-radius-bottom-left:0px;--awb-padding-top:20px;--awb-padding-bottom:32px;--awb-margin-top:48px;--awb-margin-bottom:32px;--awb-flex-wrap:wrap;\" ><div class=\"fusion-builder-row fusion-row\"><div class=\"fusion-layout-column fusion_builder_column fusion-builder-column-1 fusion_builder_column_1_2 1_2 fusion-one-half fusion-column-first fusion-column-inner-bg-wrapper\" style=\"--awb-padding-top:20px;--awb-padding-right:20px;--awb-padding-bottom:20px;--awb-padding-left:60px;--awb-inner-bg-color:#f4d0c2;--awb-inner-bg-color-hover:#f4d0c2;--awb-inner-bg-size:cover;width:50%;width:calc(50% - ( ( 4% ) * 0.5 ) );margin-right: 4%;\" data-scroll-devices=\"small-visibility,medium-visibility,large-visibility\"><span class=\"fusion-column-inner-bg hover-type-none\"><a class=\"fusion-column-anchor\" href=\"https:\/\/www.idermic.es\/es\/financiacion\/\"><span class=\"fusion-column-inner-bg-image\"><\/span><\/a><\/span><div class=\"fusion-column-wrapper fusion-column-has-shadow fusion-flex-column-wrapper-legacy\"><div style=\"text-align:center; max-width: 100%; width: calc(100% - 40px); margin: 0 auto;\">\n  <p style=\"color:white;margin:0;padding:15px 15px 0 15px;background-color:#ddbcb0;font-family:Montserrat;font-size:20px;font-weight:500;letter-spacing:2px;line-height:30px;\">\n    FINAN\u00c7AMENT 0% INTER\u00c8S\n  <\/p>\n  <p style=\"color:white;margin:0;padding:0 15px 15px 15px;background-color:#ddbcb0;font-family:Open Sans;font-size:12px;font-weight:500;letter-spacing:2px;line-height:30px;\">\n    LLEGIR M\u00c9S +\n  <\/p>\n<\/div><div class=\"fusion-clearfix\"><\/div><\/div><\/div><div class=\"fusion-layout-column fusion_builder_column fusion-builder-column-2 fusion_builder_column_1_2 1_2 fusion-one-half fusion-column-last fusion-column-inner-bg-wrapper\" style=\"--awb-padding-top:20px;--awb-padding-right:20px;--awb-padding-bottom:20px;--awb-padding-left:60px;--awb-inner-bg-color:#f4d0c2;--awb-inner-bg-color-hover:#f4d0c2;--awb-inner-bg-size:cover;width:50%;width:calc(50% - ( ( 4% ) * 0.5 ) );\" data-scroll-devices=\"small-visibility,medium-visibility,large-visibility\"><span class=\"fusion-column-inner-bg hover-type-none\"><a class=\"fusion-column-anchor\" href=\"https:\/\/www.idermic.es\/es\/preguntas-frecuentes\/\"><span class=\"fusion-column-inner-bg-image\"><\/span><\/a><\/span><div class=\"fusion-column-wrapper fusion-column-has-shadow fusion-flex-column-wrapper-legacy\"><div style=\"text-align:center; max-width: 100%; width: calc(100% - 40px); margin: 0 auto;\">\n  <p style=\"color:white;margin:0;padding:15px 15px 0 15px;background-color:#ddbcb0;font-family:Montserrat;font-size:20px;font-weight:500;letter-spacing:2px;line-height:30px;\">\n    PREGUNTES FREQ\u00dcENTS \n  <\/p>\n  <p style=\"color:white;margin:0;padding:0 15px 15px 15px;background-color:#ddbcb0;font-family:Open Sans;font-size:12px;font-weight:500;letter-spacing:2px;line-height:30px;\">\n    LLEGIR M\u00c9S +\n  <\/p>\n<\/div><div class=\"fusion-clearfix\"><\/div><\/div><\/div><\/div><\/div>\n<\/p>\n","protected":false},"excerpt":{"rendered":"<p>Carboxiterapia en Idermic: reduce la celulitis, mejora la circulaci\u00f3n y la firmeza con sesiones profesionales y resultados visibles.<\/p>\n","protected":false},"author":1,"featured_media":1929,"comment_status":"open","ping_status":"open","sticky":false,"template":"","format":"standard","meta":{"_joinchat":[],"footnotes":""},"categories":[36],"tags":[54],"class_list":["post-1911","post","type-post","status-publish","format-standard","has-post-thumbnail","hentry","category-tratamientos-de-medicina-estetica","tag-celulitis"],"yoast_head":"<!-- This site is optimized with the Yoast SEO plugin v28.4 - https:\/\/yoast.com\/product\/yoast-seo-wordpress\/ -->\n<title>Carboxiterapia: tratamiento eficaz contra la celulitis y flacidez - Idermic. Dermatolog\u00eda en Terrassa<\/title>\n<meta name=\"description\" content=\"Carboxiterapia en Idermic: reduce la celulitis, mejora la circulaci\u00f3n y la firmeza con sesiones profesionales y resultados visibles.\" \/>\n<meta name=\"robots\" content=\"index, follow, max-snippet:-1, max-image-preview:large, max-video-preview:-1\" \/>\n<link rel=\"canonical\" href=\"https:\/\/www.idermic.es\/es\/como-combatir-la-celulitis-con-carboxiterapia\/\" \/>\n<meta property=\"og:locale\" content=\"es_ES\" \/>\n<meta property=\"og:type\" content=\"article\" \/>\n<meta property=\"og:title\" content=\"Carboxiterapia: tratamiento eficaz contra la celulitis y flacidez - Idermic. Dermatolog\u00eda en Terrassa\" \/>\n<meta property=\"og:description\" content=\"Carboxiterapia en Idermic: reduce la celulitis, mejora la circulaci\u00f3n y la firmeza con sesiones profesionales y resultados visibles.\" \/>\n<meta property=\"og:url\" content=\"https:\/\/www.idermic.es\/es\/como-combatir-la-celulitis-con-carboxiterapia\/\" \/>\n<meta property=\"og:site_name\" content=\"Idermic. Dermatolog\u00eda en Terrassa\" \/>\n<meta property=\"article:publisher\" content=\"https:\/\/www.facebook.com\/Idermic\" \/>\n<meta property=\"article:published_time\" content=\"2019-09-25T15:54:15+00:00\" \/>\n<meta property=\"article:modified_time\" content=\"2025-09-12T09:49:27+00:00\" \/>\n<meta property=\"og:image\" content=\"https:\/\/www.idermic.es\/wp-content\/uploads\/2019\/09\/Como-combatir-la-celulitis-con-carboxiterapia.jpg\" \/>\n\t<meta property=\"og:image:width\" content=\"464\" \/>\n\t<meta property=\"og:image:height\" content=\"350\" \/>\n\t<meta property=\"og:image:type\" content=\"image\/jpeg\" \/>\n<meta name=\"author\" content=\"admin@www\" \/>\n<meta name=\"twitter:card\" content=\"summary_large_image\" \/>\n<meta name=\"twitter:creator\" content=\"@idermic\" \/>\n<meta name=\"twitter:site\" content=\"@idermic\" \/>\n<meta name=\"twitter:label1\" content=\"Escrito por\" \/>\n\t<meta name=\"twitter:data1\" content=\"admin@www\" \/>\n\t<meta name=\"twitter:label2\" content=\"Tiempo de lectura\" \/>\n\t<meta name=\"twitter:data2\" content=\"7 minutos\" \/>\n<script type=\"application\/ld+json\" class=\"yoast-schema-graph\">{\"@context\":\"https:\\\/\\\/schema.org\",\"@graph\":[{\"@type\":\"Article\",\"@id\":\"https:\\\/\\\/www.idermic.es\\\/es\\\/como-combatir-la-celulitis-con-carboxiterapia\\\/#article\",\"isPartOf\":{\"@id\":\"https:\\\/\\\/www.idermic.es\\\/es\\\/como-combatir-la-celulitis-con-carboxiterapia\\\/\"},\"author\":{\"name\":\"admin@www\",\"@id\":\"https:\\\/\\\/www.idermic.es\\\/#\\\/schema\\\/person\\\/d9bd7e6f2a783f0f526073250560bfb5\"},\"headline\":\"Carboxiterapia: tratamiento eficaz contra la celulitis y flacidez\",\"datePublished\":\"2019-09-25T15:54:15+00:00\",\"dateModified\":\"2025-09-12T09:49:27+00:00\",\"mainEntityOfPage\":{\"@id\":\"https:\\\/\\\/www.idermic.es\\\/es\\\/como-combatir-la-celulitis-con-carboxiterapia\\\/\"},\"wordCount\":722,\"commentCount\":0,\"publisher\":{\"@id\":\"https:\\\/\\\/www.idermic.es\\\/#organization\"},\"image\":{\"@id\":\"https:\\\/\\\/www.idermic.es\\\/es\\\/como-combatir-la-celulitis-con-carboxiterapia\\\/#primaryimage\"},\"thumbnailUrl\":\"https:\\\/\\\/www.idermic.es\\\/wp-content\\\/uploads\\\/2019\\\/09\\\/Como-combatir-la-celulitis-con-carboxiterapia.jpg\",\"keywords\":[\"celulitis\"],\"articleSection\":[\"Tratamientos de Medicina Est\u00e9tica\"],\"inLanguage\":\"es\",\"potentialAction\":[{\"@type\":\"CommentAction\",\"name\":\"Comment\",\"target\":[\"https:\\\/\\\/www.idermic.es\\\/es\\\/como-combatir-la-celulitis-con-carboxiterapia\\\/#respond\"]}]},{\"@type\":\"WebPage\",\"@id\":\"https:\\\/\\\/www.idermic.es\\\/es\\\/como-combatir-la-celulitis-con-carboxiterapia\\\/\",\"url\":\"https:\\\/\\\/www.idermic.es\\\/es\\\/como-combatir-la-celulitis-con-carboxiterapia\\\/\",\"name\":\"Carboxiterapia: tratamiento eficaz contra la celulitis y flacidez - Idermic. Dermatolog\u00eda en Terrassa\",\"isPartOf\":{\"@id\":\"https:\\\/\\\/www.idermic.es\\\/#website\"},\"primaryImageOfPage\":{\"@id\":\"https:\\\/\\\/www.idermic.es\\\/es\\\/como-combatir-la-celulitis-con-carboxiterapia\\\/#primaryimage\"},\"image\":{\"@id\":\"https:\\\/\\\/www.idermic.es\\\/es\\\/como-combatir-la-celulitis-con-carboxiterapia\\\/#primaryimage\"},\"thumbnailUrl\":\"https:\\\/\\\/www.idermic.es\\\/wp-content\\\/uploads\\\/2019\\\/09\\\/Como-combatir-la-celulitis-con-carboxiterapia.jpg\",\"datePublished\":\"2019-09-25T15:54:15+00:00\",\"dateModified\":\"2025-09-12T09:49:27+00:00\",\"description\":\"Carboxiterapia en Idermic: reduce la celulitis, mejora la circulaci\u00f3n y la firmeza con sesiones profesionales y resultados visibles.\",\"breadcrumb\":{\"@id\":\"https:\\\/\\\/www.idermic.es\\\/es\\\/como-combatir-la-celulitis-con-carboxiterapia\\\/#breadcrumb\"},\"inLanguage\":\"es\",\"potentialAction\":[{\"@type\":\"ReadAction\",\"target\":[\"https:\\\/\\\/www.idermic.es\\\/es\\\/como-combatir-la-celulitis-con-carboxiterapia\\\/\"]}]},{\"@type\":\"ImageObject\",\"inLanguage\":\"es\",\"@id\":\"https:\\\/\\\/www.idermic.es\\\/es\\\/como-combatir-la-celulitis-con-carboxiterapia\\\/#primaryimage\",\"url\":\"https:\\\/\\\/www.idermic.es\\\/wp-content\\\/uploads\\\/2019\\\/09\\\/Como-combatir-la-celulitis-con-carboxiterapia.jpg\",\"contentUrl\":\"https:\\\/\\\/www.idermic.es\\\/wp-content\\\/uploads\\\/2019\\\/09\\\/Como-combatir-la-celulitis-con-carboxiterapia.jpg\",\"width\":464,\"height\":350,\"caption\":\"C\u00f3mo combatir la celulitis con carboxiterapia\"},{\"@type\":\"BreadcrumbList\",\"@id\":\"https:\\\/\\\/www.idermic.es\\\/es\\\/como-combatir-la-celulitis-con-carboxiterapia\\\/#breadcrumb\",\"itemListElement\":[{\"@type\":\"ListItem\",\"position\":1,\"name\":\"Inici\",\"item\":\"https:\\\/\\\/www.idermic.es\\\/es\\\/\"},{\"@type\":\"ListItem\",\"position\":2,\"name\":\"Carboxiterapia: tratamiento eficaz contra la celulitis y flacidez\"}]},{\"@type\":\"WebSite\",\"@id\":\"https:\\\/\\\/www.idermic.es\\\/#website\",\"url\":\"https:\\\/\\\/www.idermic.es\\\/\",\"name\":\"Idermic. Dermatolog\u00eda en Terrassa\",\"description\":\"Dermatolog\u00eda, Medicina est\u00e9tica, Cirurg\u00eda Pl\u00e0stica\",\"publisher\":{\"@id\":\"https:\\\/\\\/www.idermic.es\\\/#organization\"},\"potentialAction\":[{\"@type\":\"SearchAction\",\"target\":{\"@type\":\"EntryPoint\",\"urlTemplate\":\"https:\\\/\\\/www.idermic.es\\\/?s={search_term_string}\"},\"query-input\":{\"@type\":\"PropertyValueSpecification\",\"valueRequired\":true,\"valueName\":\"search_term_string\"}}],\"inLanguage\":\"es\"},{\"@type\":\"Organization\",\"@id\":\"https:\\\/\\\/www.idermic.es\\\/#organization\",\"name\":\"Idermic. Dermatolog\u00eda en Terrassa\",\"url\":\"https:\\\/\\\/www.idermic.es\\\/\",\"logo\":{\"@type\":\"ImageObject\",\"inLanguage\":\"es\",\"@id\":\"https:\\\/\\\/www.idermic.es\\\/#\\\/schema\\\/logo\\\/image\\\/\",\"url\":\"https:\\\/\\\/www.idermic.es\\\/wp-content\\\/uploads\\\/2025\\\/10\\\/Logo-Idermic.jpg\",\"contentUrl\":\"https:\\\/\\\/www.idermic.es\\\/wp-content\\\/uploads\\\/2025\\\/10\\\/Logo-Idermic.jpg\",\"width\":501,\"height\":502,\"caption\":\"Idermic. Dermatolog\u00eda en Terrassa\"},\"image\":{\"@id\":\"https:\\\/\\\/www.idermic.es\\\/#\\\/schema\\\/logo\\\/image\\\/\"},\"sameAs\":[\"https:\\\/\\\/www.facebook.com\\\/Idermic\",\"https:\\\/\\\/x.com\\\/idermic\",\"https:\\\/\\\/www.instagram.com\\\/idermicclinic\\\/\",\"https:\\\/\\\/www.youtube.com\\\/channel\\\/UCyAHC9-p8lc6hr_nguO8p_g\"]},{\"@type\":\"Person\",\"@id\":\"https:\\\/\\\/www.idermic.es\\\/#\\\/schema\\\/person\\\/d9bd7e6f2a783f0f526073250560bfb5\",\"name\":\"admin@www\",\"image\":{\"@type\":\"ImageObject\",\"inLanguage\":\"es\",\"@id\":\"https:\\\/\\\/secure.gravatar.com\\\/avatar\\\/b4e94726668ce15d352771a043d3273340f3898aee9f386703de5f0d2865d807?s=96&d=mm&r=g\",\"url\":\"https:\\\/\\\/secure.gravatar.com\\\/avatar\\\/b4e94726668ce15d352771a043d3273340f3898aee9f386703de5f0d2865d807?s=96&d=mm&r=g\",\"contentUrl\":\"https:\\\/\\\/secure.gravatar.com\\\/avatar\\\/b4e94726668ce15d352771a043d3273340f3898aee9f386703de5f0d2865d807?s=96&d=mm&r=g\",\"caption\":\"admin@www\"}}]}<\/script>\n<!-- \/ Yoast SEO plugin. -->","yoast_head_json":{"title":"Carboxiterapia: tratamiento eficaz contra la celulitis y flacidez - Idermic. Dermatolog\u00eda en Terrassa","description":"Carboxiterapia en Idermic: reduce la celulitis, mejora la circulaci\u00f3n y la firmeza con sesiones profesionales y resultados visibles.","robots":{"index":"index","follow":"follow","max-snippet":"max-snippet:-1","max-image-preview":"max-image-preview:large","max-video-preview":"max-video-preview:-1"},"canonical":"https:\/\/www.idermic.es\/es\/como-combatir-la-celulitis-con-carboxiterapia\/","og_locale":"es_ES","og_type":"article","og_title":"Carboxiterapia: tratamiento eficaz contra la celulitis y flacidez - Idermic. Dermatolog\u00eda en Terrassa","og_description":"Carboxiterapia en Idermic: reduce la celulitis, mejora la circulaci\u00f3n y la firmeza con sesiones profesionales y resultados visibles.","og_url":"https:\/\/www.idermic.es\/es\/como-combatir-la-celulitis-con-carboxiterapia\/","og_site_name":"Idermic. Dermatolog\u00eda en Terrassa","article_publisher":"https:\/\/www.facebook.com\/Idermic","article_published_time":"2019-09-25T15:54:15+00:00","article_modified_time":"2025-09-12T09:49:27+00:00","og_image":[{"width":464,"height":350,"url":"https:\/\/www.idermic.es\/wp-content\/uploads\/2019\/09\/Como-combatir-la-celulitis-con-carboxiterapia.jpg","type":"image\/jpeg"}],"author":"admin@www","twitter_card":"summary_large_image","twitter_creator":"@idermic","twitter_site":"@idermic","twitter_misc":{"Escrito por":"admin@www","Tiempo de lectura":"7 minutos"},"schema":{"@context":"https:\/\/schema.org","@graph":[{"@type":"Article","@id":"https:\/\/www.idermic.es\/es\/como-combatir-la-celulitis-con-carboxiterapia\/#article","isPartOf":{"@id":"https:\/\/www.idermic.es\/es\/como-combatir-la-celulitis-con-carboxiterapia\/"},"author":{"name":"admin@www","@id":"https:\/\/www.idermic.es\/#\/schema\/person\/d9bd7e6f2a783f0f526073250560bfb5"},"headline":"Carboxiterapia: tratamiento eficaz contra la celulitis y flacidez","datePublished":"2019-09-25T15:54:15+00:00","dateModified":"2025-09-12T09:49:27+00:00","mainEntityOfPage":{"@id":"https:\/\/www.idermic.es\/es\/como-combatir-la-celulitis-con-carboxiterapia\/"},"wordCount":722,"commentCount":0,"publisher":{"@id":"https:\/\/www.idermic.es\/#organization"},"image":{"@id":"https:\/\/www.idermic.es\/es\/como-combatir-la-celulitis-con-carboxiterapia\/#primaryimage"},"thumbnailUrl":"https:\/\/www.idermic.es\/wp-content\/uploads\/2019\/09\/Como-combatir-la-celulitis-con-carboxiterapia.jpg","keywords":["celulitis"],"articleSection":["Tratamientos de Medicina Est\u00e9tica"],"inLanguage":"es","potentialAction":[{"@type":"CommentAction","name":"Comment","target":["https:\/\/www.idermic.es\/es\/como-combatir-la-celulitis-con-carboxiterapia\/#respond"]}]},{"@type":"WebPage","@id":"https:\/\/www.idermic.es\/es\/como-combatir-la-celulitis-con-carboxiterapia\/","url":"https:\/\/www.idermic.es\/es\/como-combatir-la-celulitis-con-carboxiterapia\/","name":"Carboxiterapia: tratamiento eficaz contra la celulitis y flacidez - Idermic. Dermatolog\u00eda en Terrassa","isPartOf":{"@id":"https:\/\/www.idermic.es\/#website"},"primaryImageOfPage":{"@id":"https:\/\/www.idermic.es\/es\/como-combatir-la-celulitis-con-carboxiterapia\/#primaryimage"},"image":{"@id":"https:\/\/www.idermic.es\/es\/como-combatir-la-celulitis-con-carboxiterapia\/#primaryimage"},"thumbnailUrl":"https:\/\/www.idermic.es\/wp-content\/uploads\/2019\/09\/Como-combatir-la-celulitis-con-carboxiterapia.jpg","datePublished":"2019-09-25T15:54:15+00:00","dateModified":"2025-09-12T09:49:27+00:00","description":"Carboxiterapia en Idermic: reduce la celulitis, mejora la circulaci\u00f3n y la firmeza con sesiones profesionales y resultados visibles.","breadcrumb":{"@id":"https:\/\/www.idermic.es\/es\/como-combatir-la-celulitis-con-carboxiterapia\/#breadcrumb"},"inLanguage":"es","potentialAction":[{"@type":"ReadAction","target":["https:\/\/www.idermic.es\/es\/como-combatir-la-celulitis-con-carboxiterapia\/"]}]},{"@type":"ImageObject","inLanguage":"es","@id":"https:\/\/www.idermic.es\/es\/como-combatir-la-celulitis-con-carboxiterapia\/#primaryimage","url":"https:\/\/www.idermic.es\/wp-content\/uploads\/2019\/09\/Como-combatir-la-celulitis-con-carboxiterapia.jpg","contentUrl":"https:\/\/www.idermic.es\/wp-content\/uploads\/2019\/09\/Como-combatir-la-celulitis-con-carboxiterapia.jpg","width":464,"height":350,"caption":"C\u00f3mo combatir la celulitis con carboxiterapia"},{"@type":"BreadcrumbList","@id":"https:\/\/www.idermic.es\/es\/como-combatir-la-celulitis-con-carboxiterapia\/#breadcrumb","itemListElement":[{"@type":"ListItem","position":1,"name":"Inici","item":"https:\/\/www.idermic.es\/es\/"},{"@type":"ListItem","position":2,"name":"Carboxiterapia: tratamiento eficaz contra la celulitis y flacidez"}]},{"@type":"WebSite","@id":"https:\/\/www.idermic.es\/#website","url":"https:\/\/www.idermic.es\/","name":"Idermic. Dermatolog\u00eda en Terrassa","description":"Dermatolog\u00eda, Medicina est\u00e9tica, Cirurg\u00eda Pl\u00e0stica","publisher":{"@id":"https:\/\/www.idermic.es\/#organization"},"potentialAction":[{"@type":"SearchAction","target":{"@type":"EntryPoint","urlTemplate":"https:\/\/www.idermic.es\/?s={search_term_string}"},"query-input":{"@type":"PropertyValueSpecification","valueRequired":true,"valueName":"search_term_string"}}],"inLanguage":"es"},{"@type":"Organization","@id":"https:\/\/www.idermic.es\/#organization","name":"Idermic. Dermatolog\u00eda en Terrassa","url":"https:\/\/www.idermic.es\/","logo":{"@type":"ImageObject","inLanguage":"es","@id":"https:\/\/www.idermic.es\/#\/schema\/logo\/image\/","url":"https:\/\/www.idermic.es\/wp-content\/uploads\/2025\/10\/Logo-Idermic.jpg","contentUrl":"https:\/\/www.idermic.es\/wp-content\/uploads\/2025\/10\/Logo-Idermic.jpg","width":501,"height":502,"caption":"Idermic. Dermatolog\u00eda en Terrassa"},"image":{"@id":"https:\/\/www.idermic.es\/#\/schema\/logo\/image\/"},"sameAs":["https:\/\/www.facebook.com\/Idermic","https:\/\/x.com\/idermic","https:\/\/www.instagram.com\/idermicclinic\/","https:\/\/www.youtube.com\/channel\/UCyAHC9-p8lc6hr_nguO8p_g"]},{"@type":"Person","@id":"https:\/\/www.idermic.es\/#\/schema\/person\/d9bd7e6f2a783f0f526073250560bfb5","name":"admin@www","image":{"@type":"ImageObject","inLanguage":"es","@id":"https:\/\/secure.gravatar.com\/avatar\/b4e94726668ce15d352771a043d3273340f3898aee9f386703de5f0d2865d807?s=96&d=mm&r=g","url":"https:\/\/secure.gravatar.com\/avatar\/b4e94726668ce15d352771a043d3273340f3898aee9f386703de5f0d2865d807?s=96&d=mm&r=g","contentUrl":"https:\/\/secure.gravatar.com\/avatar\/b4e94726668ce15d352771a043d3273340f3898aee9f386703de5f0d2865d807?s=96&d=mm&r=g","caption":"admin@www"}}]}},"_links":{"self":[{"href":"https:\/\/www.idermic.es\/es\/wp-json\/wp\/v2\/posts\/1911","targetHints":{"allow":["GET"]}}],"collection":[{"href":"https:\/\/www.idermic.es\/es\/wp-json\/wp\/v2\/posts"}],"about":[{"href":"https:\/\/www.idermic.es\/es\/wp-json\/wp\/v2\/types\/post"}],"author":[{"embeddable":true,"href":"https:\/\/www.idermic.es\/es\/wp-json\/wp\/v2\/users\/1"}],"replies":[{"embeddable":true,"href":"https:\/\/www.idermic.es\/es\/wp-json\/wp\/v2\/comments?post=1911"}],"version-history":[{"count":2,"href":"https:\/\/www.idermic.es\/es\/wp-json\/wp\/v2\/posts\/1911\/revisions"}],"predecessor-version":[{"id":10003,"href":"https:\/\/www.idermic.es\/es\/wp-json\/wp\/v2\/posts\/1911\/revisions\/10003"}],"wp:featuredmedia":[{"embeddable":true,"href":"https:\/\/www.idermic.es\/es\/wp-json\/wp\/v2\/media\/1929"}],"wp:attachment":[{"href":"https:\/\/www.idermic.es\/es\/wp-json\/wp\/v2\/media?parent=1911"}],"wp:term":[{"taxonomy":"category","embeddable":true,"href":"https:\/\/www.idermic.es\/es\/wp-json\/wp\/v2\/categories?post=1911"},{"taxonomy":"post_tag","embeddable":true,"href":"https:\/\/www.idermic.es\/es\/wp-json\/wp\/v2\/tags?post=1911"}],"curies":[{"name":"wp","href":"https:\/\/api.w.org\/{rel}","templated":true}]}}