{"id":1861,"date":"2017-02-28T21:24:51","date_gmt":"2017-02-28T21:24:51","guid":{"rendered":"https:\/\/www.idermic.es\/?p=1861"},"modified":"2025-07-09T06:37:19","modified_gmt":"2025-07-09T06:37:19","slug":"tratamientos-de-fotorejuvenecimiento-con-el-laser-ellipse-multiflex","status":"publish","type":"post","link":"https:\/\/www.idermic.es\/es\/tratamientos-de-fotorejuvenecimiento-con-el-laser-ellipse-multiflex\/","title":{"rendered":"L\u00e1ser Ellipse Multiflex+: Tratamientos de fotorejuvenecimiento"},"content":{"rendered":"<div class=\"fusion-fullwidth fullwidth-box fusion-builder-row-1 nonhundred-percent-fullwidth non-hundred-percent-height-scrolling\" style=\"--awb-border-radius-top-left:0px;--awb-border-radius-top-right:0px;--awb-border-radius-bottom-right:0px;--awb-border-radius-bottom-left:0px;--awb-margin-top:32px;--awb-margin-bottom:32px;--awb-flex-wrap:wrap;\" ><div class=\"fusion-builder-row fusion-row\"><div class=\"fusion-layout-column fusion_builder_column fusion-builder-column-0 fusion_builder_column_1_1 1_1 fusion-one-full fusion-column-first fusion-column-last\" style=\"--awb-bg-size:cover;\"><div class=\"fusion-column-wrapper fusion-flex-column-wrapper-legacy\"><div class=\"fusion-text fusion-text-1\"><h2 style=\"text-align: center;\">L\u00e1ser Ellipse Multiflex+: Tratamientos de fotorejuvenecimiento<\/h2>\n<\/div><div class=\"fusion-text fusion-text-2\"><p>En idermic disponemos del <strong>L\u00e1ser Ellipse Multiflex+<\/strong>\u00a0un dispositivo dan\u00e9s que es n\u00famero uno en <a href=\"https:\/\/www.idermic.es\/es\/dermatologia_estetic\/rejuvenecimiento-con-luz-pulsada\/\">tratamientos de fotorejuvenecimiento<\/a>. Se trata de un sistema que combina la \u00faltima tecnolog\u00eda l\u00e1ser e I\u00b2PL de Pulso Cuadrado y Modo de Filtraci\u00f3n Dual. Es el primer IPL del mundo con certificado de la CE para realizar la llamada <a href=\"https:\/\/www.sanibook.net\/diccionario-de-cirugia\/?abitem_id=87\"><strong>terapia fotodin\u00e1mica<\/strong><\/a> en rejuvenecimiento, acn\u00e9 y queratosis.<\/p>\n<div id=\"attachment_1871\" style=\"width: 664px\" class=\"wp-caption alignnone\"><img decoding=\"async\" aria-describedby=\"caption-attachment-1871\" class=\"size-full wp-image-1871\" src=\"https:\/\/www.idermic.es\/wp-content\/uploads\/2017\/02\/ros\u00e1cea-antes-y-despu\u00e9s-del-tratamiento-con-l\u00e1ser-ellipse.jpg\" alt=\"ros\u00e1cea antes y despu\u00e9s del tratamiento con l\u00e1ser ellipse\" width=\"654\" height=\"614\" srcset=\"https:\/\/www.idermic.es\/wp-content\/uploads\/2017\/02\/ros\u00e1cea-antes-y-despu\u00e9s-del-tratamiento-con-l\u00e1ser-ellipse-200x188.jpg 200w, https:\/\/www.idermic.es\/wp-content\/uploads\/2017\/02\/ros\u00e1cea-antes-y-despu\u00e9s-del-tratamiento-con-l\u00e1ser-ellipse-300x282.jpg 300w, https:\/\/www.idermic.es\/wp-content\/uploads\/2017\/02\/ros\u00e1cea-antes-y-despu\u00e9s-del-tratamiento-con-l\u00e1ser-ellipse-400x376.jpg 400w, https:\/\/www.idermic.es\/wp-content\/uploads\/2017\/02\/ros\u00e1cea-antes-y-despu\u00e9s-del-tratamiento-con-l\u00e1ser-ellipse-600x563.jpg 600w, https:\/\/www.idermic.es\/wp-content\/uploads\/2017\/02\/ros\u00e1cea-antes-y-despu\u00e9s-del-tratamiento-con-l\u00e1ser-ellipse.jpg 654w\" sizes=\"(max-width: 654px) 100vw, 654px\" \/><p id=\"caption-attachment-1871\" class=\"wp-caption-text\">ros\u00e1cea antes y despu\u00e9s del tratamiento con l\u00e1ser ellipse<\/p><\/div>\n<p>Este l\u00e1ser\u00a0est\u00e1n dise\u00f1ados para tratar una gran variedad de <strong>lesiones de la piel<\/strong> incluyendo las <strong>manchas<\/strong>, <strong>venas finas de la cara<\/strong>, <strong>reducci\u00f3n del acn\u00e9<\/strong>, mejora de la <strong>ros\u00e1cea<\/strong>, <strong>arrugas superficiales<\/strong> y mejora de la <strong>textura de la piel<\/strong> y luminosidad de la misma.<\/p>\n<h2>Otras im\u00e1genes del tratamiento<\/h2>\n<div id=\"attachment_1873\" style=\"width: 562px\" class=\"wp-caption alignnone\"><img decoding=\"async\" aria-describedby=\"caption-attachment-1873\" class=\"size-full wp-image-1873\" src=\"https:\/\/www.idermic.es\/wp-content\/uploads\/2017\/02\/fotorejuvenecimiento-facial-con-laser.jpg\" alt=\"fotorejuvenecimiento-facial-con-laser\" width=\"552\" height=\"366\" srcset=\"https:\/\/www.idermic.es\/wp-content\/uploads\/2017\/02\/fotorejuvenecimiento-facial-con-laser-200x133.jpg 200w, https:\/\/www.idermic.es\/wp-content\/uploads\/2017\/02\/fotorejuvenecimiento-facial-con-laser-300x199.jpg 300w, https:\/\/www.idermic.es\/wp-content\/uploads\/2017\/02\/fotorejuvenecimiento-facial-con-laser-400x265.jpg 400w, https:\/\/www.idermic.es\/wp-content\/uploads\/2017\/02\/fotorejuvenecimiento-facial-con-laser.jpg 552w\" sizes=\"(max-width: 552px) 100vw, 552px\" \/><p id=\"caption-attachment-1873\" class=\"wp-caption-text\">fotorejuvenecimiento facial con l\u00e1ser<\/p><\/div>\n<hr \/>\n<div id=\"attachment_1875\" style=\"width: 546px\" class=\"wp-caption alignnone\"><img decoding=\"async\" aria-describedby=\"caption-attachment-1875\" class=\"size-full wp-image-1875\" src=\"https:\/\/www.idermic.es\/wp-content\/uploads\/2017\/02\/fotorejuvenecimiento-en-manos-con-laser.jpg\" alt=\"fotorejuvenecimiento-en-manos-con-laser\" width=\"536\" height=\"162\" srcset=\"https:\/\/www.idermic.es\/wp-content\/uploads\/2017\/02\/fotorejuvenecimiento-en-manos-con-laser-200x60.jpg 200w, https:\/\/www.idermic.es\/wp-content\/uploads\/2017\/02\/fotorejuvenecimiento-en-manos-con-laser-300x91.jpg 300w, https:\/\/www.idermic.es\/wp-content\/uploads\/2017\/02\/fotorejuvenecimiento-en-manos-con-laser-400x121.jpg 400w, https:\/\/www.idermic.es\/wp-content\/uploads\/2017\/02\/fotorejuvenecimiento-en-manos-con-laser.jpg 536w\" sizes=\"(max-width: 536px) 100vw, 536px\" \/><p id=\"caption-attachment-1875\" class=\"wp-caption-text\">fotorejuvenecimiento en manos con l\u00e1ser<\/p><\/div>\n<\/div><div class=\"fusion-text fusion-text-3\"><h2>Aplicaciones de la\u00a0plataforma Ellipse MultiFlex+<\/h2>\n<ul>\n<li><strong>Lesiones vasculares<\/strong>: permite tratar las telangiectasias faciales,\u00a0cuperosis, ara\u00f1as vasculares, rojeces difusas, ros\u00e1ceas y otros tipos de alteraciones d\u00e9rmicas.<\/li>\n<li><strong>Acn\u00e9<\/strong>: Se usa en el tratamiento combinado del acn\u00e9 activo\u00a0y de las\u00a0<strong>marcas residuales<\/strong>. Su aplicaci\u00f3n elimina el color rojo y mejora el poro<\/li>\n<li><strong>Elimina manchas de la cara<\/strong>: puede quitar las distintas variaciones de manchas como el caso de lentigos solares y seniles, manchas caf\u00e9 con leche, melasmas, manchas en escote,\u00a0pecas, etc.<\/li>\n<li>Produce una mejora en las pieles apagadas y deslucidas al dar luminosidad, brillo y tersura.<\/li>\n<li><strong>Estimula la bios\u00edntesis de col\u00e1geno\u00a0<\/strong>en la dermis y la microcirculaci\u00f3n vascular, con lo que se obtienen resultados evidentes en la mejora de textura, poros y luminosidad.<\/li>\n<li>Otras tipo de lesiones de la piel que se tratan con el l\u00e1ser son las estr\u00edas rojas, las cicatrices manchadas, rojas o marrones y las ojeras marrones o azuladas<strong>.<\/strong><\/li>\n<\/ul>\n<\/div><div class=\"fusion-clearfix\"><\/div><\/div><\/div><\/div><\/div>\n","protected":false},"excerpt":{"rendered":"<p>Revitaliza tu piel con l\u00e1ser\u202fEllipse Multiflex+: renueva textura, elimina manchas y mejora venas, acn\u00e9, ros\u00e1cea con tecnolog\u00eda avanzada.<\/p>\n","protected":false},"author":1,"featured_media":1944,"comment_status":"open","ping_status":"open","sticky":false,"template":"","format":"standard","meta":{"_joinchat":[],"footnotes":""},"categories":[37,36],"tags":[43,47,48],"class_list":["post-1861","post","type-post","status-publish","format-standard","has-post-thumbnail","hentry","category-tecnologia","category-tratamientos-de-medicina-estetica","tag-acne","tag-rejuvenecimiento","tag-rejuvenecimiento-de-la-piel"],"yoast_head":"<!-- This site is optimized with the Yoast SEO plugin v28.4 - https:\/\/yoast.com\/product\/yoast-seo-wordpress\/ -->\n<title>L\u00e1ser Ellipse Multiflex+: Tratamientos de fotorejuvenecimiento -<\/title>\n<meta name=\"description\" content=\"Revitaliza tu piel con l\u00e1ser\u202fEllipse Multiflex+: renueva textura, elimina manchas y mejora venas, acn\u00e9, ros\u00e1cea con tecnolog\u00eda avanzada.\" \/>\n<meta name=\"robots\" content=\"index, follow, max-snippet:-1, max-image-preview:large, max-video-preview:-1\" \/>\n<link rel=\"canonical\" href=\"https:\/\/www.idermic.es\/es\/tratamientos-de-fotorejuvenecimiento-con-el-laser-ellipse-multiflex\/\" \/>\n<meta property=\"og:locale\" content=\"es_ES\" \/>\n<meta property=\"og:type\" content=\"article\" \/>\n<meta property=\"og:title\" content=\"L\u00e1ser Ellipse Multiflex+: Tratamientos de fotorejuvenecimiento -\" \/>\n<meta property=\"og:description\" content=\"Revitaliza tu piel con l\u00e1ser\u202fEllipse Multiflex+: renueva textura, elimina manchas y mejora venas, acn\u00e9, ros\u00e1cea con tecnolog\u00eda avanzada.\" \/>\n<meta property=\"og:url\" content=\"https:\/\/www.idermic.es\/es\/tratamientos-de-fotorejuvenecimiento-con-el-laser-ellipse-multiflex\/\" \/>\n<meta property=\"og:site_name\" content=\"Idermic. Dermatolog\u00eda en Terrassa\" \/>\n<meta property=\"article:publisher\" content=\"https:\/\/www.facebook.com\/Idermic\" \/>\n<meta property=\"article:published_time\" content=\"2017-02-28T21:24:51+00:00\" \/>\n<meta property=\"article:modified_time\" content=\"2025-07-09T06:37:19+00:00\" \/>\n<meta property=\"og:image\" content=\"https:\/\/www.idermic.es\/wp-content\/uploads\/2017\/02\/fotorejuvenecimiento-facial-con-laser-1.jpg\" \/>\n\t<meta property=\"og:image:width\" content=\"552\" \/>\n\t<meta property=\"og:image:height\" content=\"366\" \/>\n\t<meta property=\"og:image:type\" content=\"image\/jpeg\" \/>\n<meta name=\"author\" content=\"admin@www\" \/>\n<meta name=\"twitter:card\" content=\"summary_large_image\" \/>\n<meta name=\"twitter:creator\" content=\"@idermic\" \/>\n<meta name=\"twitter:site\" content=\"@idermic\" \/>\n<meta name=\"twitter:label1\" content=\"Escrito por\" \/>\n\t<meta name=\"twitter:data1\" content=\"admin@www\" \/>\n\t<meta name=\"twitter:label2\" content=\"Tiempo de lectura\" \/>\n\t<meta name=\"twitter:data2\" content=\"3 minutos\" \/>\n<script type=\"application\/ld+json\" class=\"yoast-schema-graph\">{\"@context\":\"https:\\\/\\\/schema.org\",\"@graph\":[{\"@type\":\"Article\",\"@id\":\"https:\\\/\\\/www.idermic.es\\\/es\\\/tratamientos-de-fotorejuvenecimiento-con-el-laser-ellipse-multiflex\\\/#article\",\"isPartOf\":{\"@id\":\"https:\\\/\\\/www.idermic.es\\\/es\\\/tratamientos-de-fotorejuvenecimiento-con-el-laser-ellipse-multiflex\\\/\"},\"author\":{\"name\":\"admin@www\",\"@id\":\"https:\\\/\\\/www.idermic.es\\\/#\\\/schema\\\/person\\\/d9bd7e6f2a783f0f526073250560bfb5\"},\"headline\":\"L\u00e1ser Ellipse Multiflex+: Tratamientos de fotorejuvenecimiento\",\"datePublished\":\"2017-02-28T21:24:51+00:00\",\"dateModified\":\"2025-07-09T06:37:19+00:00\",\"mainEntityOfPage\":{\"@id\":\"https:\\\/\\\/www.idermic.es\\\/es\\\/tratamientos-de-fotorejuvenecimiento-con-el-laser-ellipse-multiflex\\\/\"},\"wordCount\":595,\"commentCount\":0,\"publisher\":{\"@id\":\"https:\\\/\\\/www.idermic.es\\\/#organization\"},\"image\":{\"@id\":\"https:\\\/\\\/www.idermic.es\\\/es\\\/tratamientos-de-fotorejuvenecimiento-con-el-laser-ellipse-multiflex\\\/#primaryimage\"},\"thumbnailUrl\":\"https:\\\/\\\/www.idermic.es\\\/wp-content\\\/uploads\\\/2017\\\/02\\\/fotorejuvenecimiento-facial-con-laser-1.jpg\",\"keywords\":[\"acn\u00e9\",\"rejuvenecimiento\",\"rejuvenecimiento de la piel\"],\"articleSection\":[\"Tecnolog\u00eda\",\"Tratamientos de Medicina Est\u00e9tica\"],\"inLanguage\":\"es\",\"potentialAction\":[{\"@type\":\"CommentAction\",\"name\":\"Comment\",\"target\":[\"https:\\\/\\\/www.idermic.es\\\/es\\\/tratamientos-de-fotorejuvenecimiento-con-el-laser-ellipse-multiflex\\\/#respond\"]}]},{\"@type\":\"WebPage\",\"@id\":\"https:\\\/\\\/www.idermic.es\\\/es\\\/tratamientos-de-fotorejuvenecimiento-con-el-laser-ellipse-multiflex\\\/\",\"url\":\"https:\\\/\\\/www.idermic.es\\\/es\\\/tratamientos-de-fotorejuvenecimiento-con-el-laser-ellipse-multiflex\\\/\",\"name\":\"L\u00e1ser Ellipse Multiflex+: Tratamientos de fotorejuvenecimiento -\",\"isPartOf\":{\"@id\":\"https:\\\/\\\/www.idermic.es\\\/#website\"},\"primaryImageOfPage\":{\"@id\":\"https:\\\/\\\/www.idermic.es\\\/es\\\/tratamientos-de-fotorejuvenecimiento-con-el-laser-ellipse-multiflex\\\/#primaryimage\"},\"image\":{\"@id\":\"https:\\\/\\\/www.idermic.es\\\/es\\\/tratamientos-de-fotorejuvenecimiento-con-el-laser-ellipse-multiflex\\\/#primaryimage\"},\"thumbnailUrl\":\"https:\\\/\\\/www.idermic.es\\\/wp-content\\\/uploads\\\/2017\\\/02\\\/fotorejuvenecimiento-facial-con-laser-1.jpg\",\"datePublished\":\"2017-02-28T21:24:51+00:00\",\"dateModified\":\"2025-07-09T06:37:19+00:00\",\"description\":\"Revitaliza tu piel con l\u00e1ser\u202fEllipse Multiflex+: renueva textura, elimina manchas y mejora venas, acn\u00e9, ros\u00e1cea con tecnolog\u00eda avanzada.\",\"breadcrumb\":{\"@id\":\"https:\\\/\\\/www.idermic.es\\\/es\\\/tratamientos-de-fotorejuvenecimiento-con-el-laser-ellipse-multiflex\\\/#breadcrumb\"},\"inLanguage\":\"es\",\"potentialAction\":[{\"@type\":\"ReadAction\",\"target\":[\"https:\\\/\\\/www.idermic.es\\\/es\\\/tratamientos-de-fotorejuvenecimiento-con-el-laser-ellipse-multiflex\\\/\"]}]},{\"@type\":\"ImageObject\",\"inLanguage\":\"es\",\"@id\":\"https:\\\/\\\/www.idermic.es\\\/es\\\/tratamientos-de-fotorejuvenecimiento-con-el-laser-ellipse-multiflex\\\/#primaryimage\",\"url\":\"https:\\\/\\\/www.idermic.es\\\/wp-content\\\/uploads\\\/2017\\\/02\\\/fotorejuvenecimiento-facial-con-laser-1.jpg\",\"contentUrl\":\"https:\\\/\\\/www.idermic.es\\\/wp-content\\\/uploads\\\/2017\\\/02\\\/fotorejuvenecimiento-facial-con-laser-1.jpg\",\"width\":552,\"height\":366,\"caption\":\"fotorejuvenecimiento facial con l\u00e1ser\"},{\"@type\":\"BreadcrumbList\",\"@id\":\"https:\\\/\\\/www.idermic.es\\\/es\\\/tratamientos-de-fotorejuvenecimiento-con-el-laser-ellipse-multiflex\\\/#breadcrumb\",\"itemListElement\":[{\"@type\":\"ListItem\",\"position\":1,\"name\":\"Inici\",\"item\":\"https:\\\/\\\/www.idermic.es\\\/es\\\/\"},{\"@type\":\"ListItem\",\"position\":2,\"name\":\"L\u00e1ser Ellipse Multiflex+: Tratamientos de fotorejuvenecimiento\"}]},{\"@type\":\"WebSite\",\"@id\":\"https:\\\/\\\/www.idermic.es\\\/#website\",\"url\":\"https:\\\/\\\/www.idermic.es\\\/\",\"name\":\"Idermic. Dermatolog\u00eda en Terrassa\",\"description\":\"Dermatolog\u00eda, Medicina est\u00e9tica, Cirurg\u00eda Pl\u00e0stica\",\"publisher\":{\"@id\":\"https:\\\/\\\/www.idermic.es\\\/#organization\"},\"potentialAction\":[{\"@type\":\"SearchAction\",\"target\":{\"@type\":\"EntryPoint\",\"urlTemplate\":\"https:\\\/\\\/www.idermic.es\\\/?s={search_term_string}\"},\"query-input\":{\"@type\":\"PropertyValueSpecification\",\"valueRequired\":true,\"valueName\":\"search_term_string\"}}],\"inLanguage\":\"es\"},{\"@type\":\"Organization\",\"@id\":\"https:\\\/\\\/www.idermic.es\\\/#organization\",\"name\":\"Idermic. Dermatolog\u00eda en Terrassa\",\"url\":\"https:\\\/\\\/www.idermic.es\\\/\",\"logo\":{\"@type\":\"ImageObject\",\"inLanguage\":\"es\",\"@id\":\"https:\\\/\\\/www.idermic.es\\\/#\\\/schema\\\/logo\\\/image\\\/\",\"url\":\"https:\\\/\\\/www.idermic.es\\\/wp-content\\\/uploads\\\/2025\\\/10\\\/Logo-Idermic.jpg\",\"contentUrl\":\"https:\\\/\\\/www.idermic.es\\\/wp-content\\\/uploads\\\/2025\\\/10\\\/Logo-Idermic.jpg\",\"width\":501,\"height\":502,\"caption\":\"Idermic. Dermatolog\u00eda en Terrassa\"},\"image\":{\"@id\":\"https:\\\/\\\/www.idermic.es\\\/#\\\/schema\\\/logo\\\/image\\\/\"},\"sameAs\":[\"https:\\\/\\\/www.facebook.com\\\/Idermic\",\"https:\\\/\\\/x.com\\\/idermic\",\"https:\\\/\\\/www.instagram.com\\\/idermicclinic\\\/\",\"https:\\\/\\\/www.youtube.com\\\/channel\\\/UCyAHC9-p8lc6hr_nguO8p_g\"]},{\"@type\":\"Person\",\"@id\":\"https:\\\/\\\/www.idermic.es\\\/#\\\/schema\\\/person\\\/d9bd7e6f2a783f0f526073250560bfb5\",\"name\":\"admin@www\",\"image\":{\"@type\":\"ImageObject\",\"inLanguage\":\"es\",\"@id\":\"https:\\\/\\\/secure.gravatar.com\\\/avatar\\\/b4e94726668ce15d352771a043d3273340f3898aee9f386703de5f0d2865d807?s=96&d=mm&r=g\",\"url\":\"https:\\\/\\\/secure.gravatar.com\\\/avatar\\\/b4e94726668ce15d352771a043d3273340f3898aee9f386703de5f0d2865d807?s=96&d=mm&r=g\",\"contentUrl\":\"https:\\\/\\\/secure.gravatar.com\\\/avatar\\\/b4e94726668ce15d352771a043d3273340f3898aee9f386703de5f0d2865d807?s=96&d=mm&r=g\",\"caption\":\"admin@www\"}}]}<\/script>\n<!-- \/ Yoast SEO plugin. -->","yoast_head_json":{"title":"L\u00e1ser Ellipse Multiflex+: Tratamientos de fotorejuvenecimiento -","description":"Revitaliza tu piel con l\u00e1ser\u202fEllipse Multiflex+: renueva textura, elimina manchas y mejora venas, acn\u00e9, ros\u00e1cea con tecnolog\u00eda avanzada.","robots":{"index":"index","follow":"follow","max-snippet":"max-snippet:-1","max-image-preview":"max-image-preview:large","max-video-preview":"max-video-preview:-1"},"canonical":"https:\/\/www.idermic.es\/es\/tratamientos-de-fotorejuvenecimiento-con-el-laser-ellipse-multiflex\/","og_locale":"es_ES","og_type":"article","og_title":"L\u00e1ser Ellipse Multiflex+: Tratamientos de fotorejuvenecimiento -","og_description":"Revitaliza tu piel con l\u00e1ser\u202fEllipse Multiflex+: renueva textura, elimina manchas y mejora venas, acn\u00e9, ros\u00e1cea con tecnolog\u00eda avanzada.","og_url":"https:\/\/www.idermic.es\/es\/tratamientos-de-fotorejuvenecimiento-con-el-laser-ellipse-multiflex\/","og_site_name":"Idermic. Dermatolog\u00eda en Terrassa","article_publisher":"https:\/\/www.facebook.com\/Idermic","article_published_time":"2017-02-28T21:24:51+00:00","article_modified_time":"2025-07-09T06:37:19+00:00","og_image":[{"width":552,"height":366,"url":"https:\/\/www.idermic.es\/wp-content\/uploads\/2017\/02\/fotorejuvenecimiento-facial-con-laser-1.jpg","type":"image\/jpeg"}],"author":"admin@www","twitter_card":"summary_large_image","twitter_creator":"@idermic","twitter_site":"@idermic","twitter_misc":{"Escrito por":"admin@www","Tiempo de lectura":"3 minutos"},"schema":{"@context":"https:\/\/schema.org","@graph":[{"@type":"Article","@id":"https:\/\/www.idermic.es\/es\/tratamientos-de-fotorejuvenecimiento-con-el-laser-ellipse-multiflex\/#article","isPartOf":{"@id":"https:\/\/www.idermic.es\/es\/tratamientos-de-fotorejuvenecimiento-con-el-laser-ellipse-multiflex\/"},"author":{"name":"admin@www","@id":"https:\/\/www.idermic.es\/#\/schema\/person\/d9bd7e6f2a783f0f526073250560bfb5"},"headline":"L\u00e1ser Ellipse Multiflex+: Tratamientos de fotorejuvenecimiento","datePublished":"2017-02-28T21:24:51+00:00","dateModified":"2025-07-09T06:37:19+00:00","mainEntityOfPage":{"@id":"https:\/\/www.idermic.es\/es\/tratamientos-de-fotorejuvenecimiento-con-el-laser-ellipse-multiflex\/"},"wordCount":595,"commentCount":0,"publisher":{"@id":"https:\/\/www.idermic.es\/#organization"},"image":{"@id":"https:\/\/www.idermic.es\/es\/tratamientos-de-fotorejuvenecimiento-con-el-laser-ellipse-multiflex\/#primaryimage"},"thumbnailUrl":"https:\/\/www.idermic.es\/wp-content\/uploads\/2017\/02\/fotorejuvenecimiento-facial-con-laser-1.jpg","keywords":["acn\u00e9","rejuvenecimiento","rejuvenecimiento de la piel"],"articleSection":["Tecnolog\u00eda","Tratamientos de Medicina Est\u00e9tica"],"inLanguage":"es","potentialAction":[{"@type":"CommentAction","name":"Comment","target":["https:\/\/www.idermic.es\/es\/tratamientos-de-fotorejuvenecimiento-con-el-laser-ellipse-multiflex\/#respond"]}]},{"@type":"WebPage","@id":"https:\/\/www.idermic.es\/es\/tratamientos-de-fotorejuvenecimiento-con-el-laser-ellipse-multiflex\/","url":"https:\/\/www.idermic.es\/es\/tratamientos-de-fotorejuvenecimiento-con-el-laser-ellipse-multiflex\/","name":"L\u00e1ser Ellipse Multiflex+: Tratamientos de fotorejuvenecimiento -","isPartOf":{"@id":"https:\/\/www.idermic.es\/#website"},"primaryImageOfPage":{"@id":"https:\/\/www.idermic.es\/es\/tratamientos-de-fotorejuvenecimiento-con-el-laser-ellipse-multiflex\/#primaryimage"},"image":{"@id":"https:\/\/www.idermic.es\/es\/tratamientos-de-fotorejuvenecimiento-con-el-laser-ellipse-multiflex\/#primaryimage"},"thumbnailUrl":"https:\/\/www.idermic.es\/wp-content\/uploads\/2017\/02\/fotorejuvenecimiento-facial-con-laser-1.jpg","datePublished":"2017-02-28T21:24:51+00:00","dateModified":"2025-07-09T06:37:19+00:00","description":"Revitaliza tu piel con l\u00e1ser\u202fEllipse Multiflex+: renueva textura, elimina manchas y mejora venas, acn\u00e9, ros\u00e1cea con tecnolog\u00eda avanzada.","breadcrumb":{"@id":"https:\/\/www.idermic.es\/es\/tratamientos-de-fotorejuvenecimiento-con-el-laser-ellipse-multiflex\/#breadcrumb"},"inLanguage":"es","potentialAction":[{"@type":"ReadAction","target":["https:\/\/www.idermic.es\/es\/tratamientos-de-fotorejuvenecimiento-con-el-laser-ellipse-multiflex\/"]}]},{"@type":"ImageObject","inLanguage":"es","@id":"https:\/\/www.idermic.es\/es\/tratamientos-de-fotorejuvenecimiento-con-el-laser-ellipse-multiflex\/#primaryimage","url":"https:\/\/www.idermic.es\/wp-content\/uploads\/2017\/02\/fotorejuvenecimiento-facial-con-laser-1.jpg","contentUrl":"https:\/\/www.idermic.es\/wp-content\/uploads\/2017\/02\/fotorejuvenecimiento-facial-con-laser-1.jpg","width":552,"height":366,"caption":"fotorejuvenecimiento facial con l\u00e1ser"},{"@type":"BreadcrumbList","@id":"https:\/\/www.idermic.es\/es\/tratamientos-de-fotorejuvenecimiento-con-el-laser-ellipse-multiflex\/#breadcrumb","itemListElement":[{"@type":"ListItem","position":1,"name":"Inici","item":"https:\/\/www.idermic.es\/es\/"},{"@type":"ListItem","position":2,"name":"L\u00e1ser Ellipse Multiflex+: Tratamientos de fotorejuvenecimiento"}]},{"@type":"WebSite","@id":"https:\/\/www.idermic.es\/#website","url":"https:\/\/www.idermic.es\/","name":"Idermic. Dermatolog\u00eda en Terrassa","description":"Dermatolog\u00eda, Medicina est\u00e9tica, Cirurg\u00eda Pl\u00e0stica","publisher":{"@id":"https:\/\/www.idermic.es\/#organization"},"potentialAction":[{"@type":"SearchAction","target":{"@type":"EntryPoint","urlTemplate":"https:\/\/www.idermic.es\/?s={search_term_string}"},"query-input":{"@type":"PropertyValueSpecification","valueRequired":true,"valueName":"search_term_string"}}],"inLanguage":"es"},{"@type":"Organization","@id":"https:\/\/www.idermic.es\/#organization","name":"Idermic. Dermatolog\u00eda en Terrassa","url":"https:\/\/www.idermic.es\/","logo":{"@type":"ImageObject","inLanguage":"es","@id":"https:\/\/www.idermic.es\/#\/schema\/logo\/image\/","url":"https:\/\/www.idermic.es\/wp-content\/uploads\/2025\/10\/Logo-Idermic.jpg","contentUrl":"https:\/\/www.idermic.es\/wp-content\/uploads\/2025\/10\/Logo-Idermic.jpg","width":501,"height":502,"caption":"Idermic. Dermatolog\u00eda en Terrassa"},"image":{"@id":"https:\/\/www.idermic.es\/#\/schema\/logo\/image\/"},"sameAs":["https:\/\/www.facebook.com\/Idermic","https:\/\/x.com\/idermic","https:\/\/www.instagram.com\/idermicclinic\/","https:\/\/www.youtube.com\/channel\/UCyAHC9-p8lc6hr_nguO8p_g"]},{"@type":"Person","@id":"https:\/\/www.idermic.es\/#\/schema\/person\/d9bd7e6f2a783f0f526073250560bfb5","name":"admin@www","image":{"@type":"ImageObject","inLanguage":"es","@id":"https:\/\/secure.gravatar.com\/avatar\/b4e94726668ce15d352771a043d3273340f3898aee9f386703de5f0d2865d807?s=96&d=mm&r=g","url":"https:\/\/secure.gravatar.com\/avatar\/b4e94726668ce15d352771a043d3273340f3898aee9f386703de5f0d2865d807?s=96&d=mm&r=g","contentUrl":"https:\/\/secure.gravatar.com\/avatar\/b4e94726668ce15d352771a043d3273340f3898aee9f386703de5f0d2865d807?s=96&d=mm&r=g","caption":"admin@www"}}]}},"_links":{"self":[{"href":"https:\/\/www.idermic.es\/es\/wp-json\/wp\/v2\/posts\/1861","targetHints":{"allow":["GET"]}}],"collection":[{"href":"https:\/\/www.idermic.es\/es\/wp-json\/wp\/v2\/posts"}],"about":[{"href":"https:\/\/www.idermic.es\/es\/wp-json\/wp\/v2\/types\/post"}],"author":[{"embeddable":true,"href":"https:\/\/www.idermic.es\/es\/wp-json\/wp\/v2\/users\/1"}],"replies":[{"embeddable":true,"href":"https:\/\/www.idermic.es\/es\/wp-json\/wp\/v2\/comments?post=1861"}],"version-history":[{"count":5,"href":"https:\/\/www.idermic.es\/es\/wp-json\/wp\/v2\/posts\/1861\/revisions"}],"predecessor-version":[{"id":7968,"href":"https:\/\/www.idermic.es\/es\/wp-json\/wp\/v2\/posts\/1861\/revisions\/7968"}],"wp:featuredmedia":[{"embeddable":true,"href":"https:\/\/www.idermic.es\/es\/wp-json\/wp\/v2\/media\/1944"}],"wp:attachment":[{"href":"https:\/\/www.idermic.es\/es\/wp-json\/wp\/v2\/media?parent=1861"}],"wp:term":[{"taxonomy":"category","embeddable":true,"href":"https:\/\/www.idermic.es\/es\/wp-json\/wp\/v2\/categories?post=1861"},{"taxonomy":"post_tag","embeddable":true,"href":"https:\/\/www.idermic.es\/es\/wp-json\/wp\/v2\/tags?post=1861"}],"curies":[{"name":"wp","href":"https:\/\/api.w.org\/{rel}","templated":true}]}}