{"id":1844,"date":"2019-08-26T07:18:04","date_gmt":"2019-08-26T07:18:04","guid":{"rendered":"https:\/\/www.idermic.es\/?p=1844"},"modified":"2026-07-13T07:45:54","modified_gmt":"2026-07-13T07:45:54","slug":"kleresca-tratamiento-de-rejuvenecimiento-de-la-piel","status":"publish","type":"post","link":"https:\/\/www.idermic.es\/es\/kleresca-tratamiento-de-rejuvenecimiento-de-la-piel\/","title":{"rendered":"Tratamiento de rejuvenecimiento de la piel con Kleresca"},"content":{"rendered":"<div class=\"fusion-fullwidth fullwidth-box fusion-builder-row-1 nonhundred-percent-fullwidth non-hundred-percent-height-scrolling\" style=\"--awb-border-radius-top-left:0px;--awb-border-radius-top-right:0px;--awb-border-radius-bottom-right:0px;--awb-border-radius-bottom-left:0px;--awb-margin-top:32px;--awb-margin-bottom:32px;--awb-flex-wrap:wrap;\" ><div class=\"fusion-builder-row fusion-row\"><div class=\"fusion-layout-column fusion_builder_column fusion-builder-column-0 fusion_builder_column_1_1 1_1 fusion-one-full fusion-column-first fusion-column-last\" style=\"--awb-bg-size:cover;\"><div class=\"fusion-column-wrapper fusion-flex-column-wrapper-legacy\"><div class=\"fusion-text fusion-text-1\"><h2>Kleresca. Tratamiento de rejuvenecimiento de la piel<\/h2>\n<\/div><div class=\"fusion-text fusion-text-2\"><p>El tratamiento de <strong>Rejuvenecimiento de la piel con Kleresca<\/strong> est\u00e1 basado en la fotos\u00edntesis, por lo que utiliza la fluorescencia para estimular capas de la piel a varias profundidades, con una t\u00e9cnica no invasiva que proporciona muchos beneficios para los pacientes sin largos procesos de recuperaci\u00f3n. Se conoce tambi\u00e9n como <strong>Kleresca Skin Rejuvenation<\/strong>.<\/p>\n<p>El mecanismo <a href=\"https:\/\/es.wikipedia.org\/wiki\/Biofot%C3%B3n\">biofot\u00f3nico<\/a> con que trabaja el tratamiento de Rejuvenecimiento con Kleresca es el resultado de la interacci\u00f3n entre los fotones y la piel, lo que expone un m\u00e9todo totalmente nuevo de rejuvenecimiento de la piel al estimular los procesos biol\u00f3gicos y los mecanismos de reparaci\u00f3n naturales de la misma.<\/p>\n<h2>Beneficios de Rejuvenecimiento con Kleresca<\/h2>\n<p>El tratamiento mejora la exterioridad de la piel porque:<\/p>\n<ul>\n<li>Estimula la producci\u00f3n de col\u00e1geno hasta un 400% en respuesta a la activaci\u00f3n de las c\u00e9lulas generadas por la fluorescencia.<\/li>\n<li>Mejora la textura de la piel d\u00e1ndole un aspecto m\u00e1s radiante y natural.<\/li>\n<li>Reduce el tama\u00f1o de los poros y de las arrugas finas.<\/li>\n<li>Reduce de las marcas de cicatrizaci\u00f3n.<\/li>\n<li>Este tratamiento se puede realizar en rostro, manos, cuello y escote.<\/li>\n<li>Los resultados pueden variar, pero algunos pacientes observan mejoras a partir de la primera sesi\u00f3n otras tardan un poco m\u00e1s.<\/li>\n<li>Los resultados pueden ser duraderos, pero var\u00edan seg\u00fan la calidad de la piel y de si se administra el tratamiento en combinaci\u00f3n con otras t\u00e9cnicas.<\/li>\n<li>El proceso no es doloroso dando como resultado un procedimiento agradable y c\u00f3modo.<\/li>\n<li>Este proceso posee un alto perfil de seguridad y eficacia, siendo tolerado de manera positiva sin efectos secundarios severos.<\/li>\n<li>El tratamiento de <strong>Rejuvenecimiento con Kleresca<\/strong> aporta mejoras que ser\u00e1n notablemente visibles y muy duraderas.<\/li>\n<\/ul>\n<h2>M\u00e9todo de Aplicaci\u00f3n del Rejuvenecimiento con Kleresca<\/h2>\n<p>La aplicaci\u00f3n del tratamiento de <strong>Rejuvenecimiento con Kleresca<\/strong> es un proceso muy sencillo, con una aplicaci\u00f3n muy r\u00e1pida y un proceso de recuperaci\u00f3n r\u00e1pida:<\/p>\n<ul>\n<li>La piel se limpia muy bien para luego aplicar el gel Kleresca Skin Rejuvenation en toda el \u00e1rea que se necesite.<\/li>\n<li>El gel se ilumina durante 9 minutos con la l\u00e1mpara Kleresca para crear una fluorescencia que estimular\u00e1 la piel.<\/li>\n<li>Luego se retira el gel, se limpia e hidrata la piel.<\/li>\n<\/ul>\n<p>Es importante saber que el sistema no emite luz UV da\u00f1ina, por lo que demuestra un perfil de seguridad muy alto y es eficaz, por lo que es un tratamiento que es tolerado positivamente sin efectos secundarios severos.<\/p>\n<p>El per\u00edodo de recuperaci\u00f3n del tratamiento de <strong>Rejuvenecimiento con Kleresca<\/strong> es nulo o muy corto. Este tratamiento se recomienda que sea realizado como m\u00ednimo una vez a la semana durante cuatro semanas.<\/p>\n<h2>Efectos Secundarios del tratamiento de Rejuvenecimiento con Kleresca<\/h2>\n<p>El tratamiento de <strong>Rejuvenecimiento con Kleresca<\/strong> no posee efectos secundarios significativos, por lo que son transitorios y no necesitan tratamiento m\u00e9dico, entre los efectos puede darse:<\/p>\n<ul>\n<li>Enrojecimiento de la piel.<\/li>\n<li>Hiperpigmentaci\u00f3n o bronceado de una zona de la piel.<\/li>\n<li>Ligera decoloraci\u00f3n de las zonas pilosas en las circunstancias en los que el gel se emple\u00f3 sobre el vello facial.<\/li>\n<\/ul>\n<p>De igual manera, es importante consultar con el medico de confianza antes de realizar este tratamiento.<\/p>\n<\/div><div class=\"fusion-clearfix\"><\/div><\/div><\/div><\/div><\/div>\n","protected":false},"excerpt":{"rendered":"<p>Kleresca es una plataforma biofot\u00f3nica avanzada que permite realiza un tratamiento de rejuvenecimiento de la piel avanzado y seguro.<\/p>\n","protected":false},"author":2,"featured_media":1847,"comment_status":"open","ping_status":"open","sticky":false,"template":"","format":"standard","meta":{"_joinchat":[],"footnotes":""},"categories":[37,36],"tags":[44,47,48],"class_list":["post-1844","post","type-post","status-publish","format-standard","has-post-thumbnail","hentry","category-tecnologia","category-tratamientos-de-medicina-estetica","tag-kleresca","tag-rejuvenecimiento","tag-rejuvenecimiento-de-la-piel"],"yoast_head":"<!-- This site is optimized with the Yoast SEO plugin v28.4 - https:\/\/yoast.com\/product\/yoast-seo-wordpress\/ -->\n<title>Tratamiento de rejuvenecimiento de la piel con Kleresca - Idermic. Dermatolog\u00eda en Terrassa<\/title>\n<meta name=\"description\" content=\"Kleresca es una plataforma biofot\u00f3nica avanzada que permite realiza un tratamiento de rejuvenecimiento de la piel avanzado y seguro.\" \/>\n<meta name=\"robots\" content=\"index, follow, max-snippet:-1, max-image-preview:large, max-video-preview:-1\" \/>\n<link rel=\"canonical\" href=\"https:\/\/www.idermic.es\/es\/kleresca-tratamiento-de-rejuvenecimiento-de-la-piel\/\" \/>\n<meta property=\"og:locale\" content=\"es_ES\" \/>\n<meta property=\"og:type\" content=\"article\" \/>\n<meta property=\"og:title\" content=\"Tratamiento de rejuvenecimiento de la piel con Kleresca - Idermic. Dermatolog\u00eda en Terrassa\" \/>\n<meta property=\"og:description\" content=\"Kleresca es una plataforma biofot\u00f3nica avanzada que permite realiza un tratamiento de rejuvenecimiento de la piel avanzado y seguro.\" \/>\n<meta property=\"og:url\" content=\"https:\/\/www.idermic.es\/es\/kleresca-tratamiento-de-rejuvenecimiento-de-la-piel\/\" \/>\n<meta property=\"og:site_name\" content=\"Idermic. Dermatolog\u00eda en Terrassa\" \/>\n<meta property=\"article:publisher\" content=\"https:\/\/www.facebook.com\/Idermic\" \/>\n<meta property=\"article:published_time\" content=\"2019-08-26T07:18:04+00:00\" \/>\n<meta property=\"article:modified_time\" content=\"2026-07-13T07:45:54+00:00\" \/>\n<meta property=\"og:image\" content=\"https:\/\/www.idermic.es\/wp-content\/uploads\/2019\/08\/Kleresca.-Rejuvenecimiento-facial-1.jpg\" \/>\n\t<meta property=\"og:image:width\" content=\"900\" \/>\n\t<meta property=\"og:image:height\" content=\"681\" \/>\n\t<meta property=\"og:image:type\" content=\"image\/jpeg\" \/>\n<meta name=\"author\" content=\"Clinica\" \/>\n<meta name=\"twitter:card\" content=\"summary_large_image\" \/>\n<meta name=\"twitter:creator\" content=\"@idermic\" \/>\n<meta name=\"twitter:site\" content=\"@idermic\" \/>\n<meta name=\"twitter:label1\" content=\"Escrito por\" \/>\n\t<meta name=\"twitter:data1\" content=\"Clinica\" \/>\n\t<meta name=\"twitter:label2\" content=\"Tiempo de lectura\" \/>\n\t<meta name=\"twitter:data2\" content=\"4 minutos\" \/>\n<script type=\"application\/ld+json\" class=\"yoast-schema-graph\">{\"@context\":\"https:\\\/\\\/schema.org\",\"@graph\":[{\"@type\":\"Article\",\"@id\":\"https:\\\/\\\/www.idermic.es\\\/es\\\/kleresca-tratamiento-de-rejuvenecimiento-de-la-piel\\\/#article\",\"isPartOf\":{\"@id\":\"https:\\\/\\\/www.idermic.es\\\/es\\\/kleresca-tratamiento-de-rejuvenecimiento-de-la-piel\\\/\"},\"author\":{\"name\":\"Clinica\",\"@id\":\"https:\\\/\\\/www.idermic.es\\\/#\\\/schema\\\/person\\\/cc5e001d23d913309bfd3dfafb22ec95\"},\"headline\":\"Tratamiento de rejuvenecimiento de la piel con Kleresca\",\"datePublished\":\"2019-08-26T07:18:04+00:00\",\"dateModified\":\"2026-07-13T07:45:54+00:00\",\"mainEntityOfPage\":{\"@id\":\"https:\\\/\\\/www.idermic.es\\\/es\\\/kleresca-tratamiento-de-rejuvenecimiento-de-la-piel\\\/\"},\"wordCount\":799,\"commentCount\":0,\"publisher\":{\"@id\":\"https:\\\/\\\/www.idermic.es\\\/#organization\"},\"image\":{\"@id\":\"https:\\\/\\\/www.idermic.es\\\/es\\\/kleresca-tratamiento-de-rejuvenecimiento-de-la-piel\\\/#primaryimage\"},\"thumbnailUrl\":\"https:\\\/\\\/www.idermic.es\\\/wp-content\\\/uploads\\\/2019\\\/08\\\/Kleresca.-Rejuvenecimiento-facial-1.jpg\",\"keywords\":[\"kleresca\",\"rejuvenecimiento\",\"rejuvenecimiento de la piel\"],\"articleSection\":[\"Tecnolog\u00eda\",\"Tratamientos de Medicina Est\u00e9tica\"],\"inLanguage\":\"es\",\"potentialAction\":[{\"@type\":\"CommentAction\",\"name\":\"Comment\",\"target\":[\"https:\\\/\\\/www.idermic.es\\\/es\\\/kleresca-tratamiento-de-rejuvenecimiento-de-la-piel\\\/#respond\"]}]},{\"@type\":\"WebPage\",\"@id\":\"https:\\\/\\\/www.idermic.es\\\/es\\\/kleresca-tratamiento-de-rejuvenecimiento-de-la-piel\\\/\",\"url\":\"https:\\\/\\\/www.idermic.es\\\/es\\\/kleresca-tratamiento-de-rejuvenecimiento-de-la-piel\\\/\",\"name\":\"Tratamiento de rejuvenecimiento de la piel con Kleresca - Idermic. Dermatolog\u00eda en Terrassa\",\"isPartOf\":{\"@id\":\"https:\\\/\\\/www.idermic.es\\\/#website\"},\"primaryImageOfPage\":{\"@id\":\"https:\\\/\\\/www.idermic.es\\\/es\\\/kleresca-tratamiento-de-rejuvenecimiento-de-la-piel\\\/#primaryimage\"},\"image\":{\"@id\":\"https:\\\/\\\/www.idermic.es\\\/es\\\/kleresca-tratamiento-de-rejuvenecimiento-de-la-piel\\\/#primaryimage\"},\"thumbnailUrl\":\"https:\\\/\\\/www.idermic.es\\\/wp-content\\\/uploads\\\/2019\\\/08\\\/Kleresca.-Rejuvenecimiento-facial-1.jpg\",\"datePublished\":\"2019-08-26T07:18:04+00:00\",\"dateModified\":\"2026-07-13T07:45:54+00:00\",\"description\":\"Kleresca es una plataforma biofot\u00f3nica avanzada que permite realiza un tratamiento de rejuvenecimiento de la piel avanzado y seguro.\",\"breadcrumb\":{\"@id\":\"https:\\\/\\\/www.idermic.es\\\/es\\\/kleresca-tratamiento-de-rejuvenecimiento-de-la-piel\\\/#breadcrumb\"},\"inLanguage\":\"es\",\"potentialAction\":[{\"@type\":\"ReadAction\",\"target\":[\"https:\\\/\\\/www.idermic.es\\\/es\\\/kleresca-tratamiento-de-rejuvenecimiento-de-la-piel\\\/\"]}]},{\"@type\":\"ImageObject\",\"inLanguage\":\"es\",\"@id\":\"https:\\\/\\\/www.idermic.es\\\/es\\\/kleresca-tratamiento-de-rejuvenecimiento-de-la-piel\\\/#primaryimage\",\"url\":\"https:\\\/\\\/www.idermic.es\\\/wp-content\\\/uploads\\\/2019\\\/08\\\/Kleresca.-Rejuvenecimiento-facial-1.jpg\",\"contentUrl\":\"https:\\\/\\\/www.idermic.es\\\/wp-content\\\/uploads\\\/2019\\\/08\\\/Kleresca.-Rejuvenecimiento-facial-1.jpg\",\"width\":900,\"height\":681,\"caption\":\"Kleresca. Rejuvenecimiento facial\"},{\"@type\":\"BreadcrumbList\",\"@id\":\"https:\\\/\\\/www.idermic.es\\\/es\\\/kleresca-tratamiento-de-rejuvenecimiento-de-la-piel\\\/#breadcrumb\",\"itemListElement\":[{\"@type\":\"ListItem\",\"position\":1,\"name\":\"Inici\",\"item\":\"https:\\\/\\\/www.idermic.es\\\/es\\\/\"},{\"@type\":\"ListItem\",\"position\":2,\"name\":\"Tratamiento de rejuvenecimiento de la piel con Kleresca\"}]},{\"@type\":\"WebSite\",\"@id\":\"https:\\\/\\\/www.idermic.es\\\/#website\",\"url\":\"https:\\\/\\\/www.idermic.es\\\/\",\"name\":\"Idermic. Dermatolog\u00eda en Terrassa\",\"description\":\"Dermatolog\u00eda, Medicina est\u00e9tica, Cirurg\u00eda Pl\u00e0stica\",\"publisher\":{\"@id\":\"https:\\\/\\\/www.idermic.es\\\/#organization\"},\"potentialAction\":[{\"@type\":\"SearchAction\",\"target\":{\"@type\":\"EntryPoint\",\"urlTemplate\":\"https:\\\/\\\/www.idermic.es\\\/?s={search_term_string}\"},\"query-input\":{\"@type\":\"PropertyValueSpecification\",\"valueRequired\":true,\"valueName\":\"search_term_string\"}}],\"inLanguage\":\"es\"},{\"@type\":\"Organization\",\"@id\":\"https:\\\/\\\/www.idermic.es\\\/#organization\",\"name\":\"Idermic. Dermatolog\u00eda en Terrassa\",\"url\":\"https:\\\/\\\/www.idermic.es\\\/\",\"logo\":{\"@type\":\"ImageObject\",\"inLanguage\":\"es\",\"@id\":\"https:\\\/\\\/www.idermic.es\\\/#\\\/schema\\\/logo\\\/image\\\/\",\"url\":\"https:\\\/\\\/www.idermic.es\\\/wp-content\\\/uploads\\\/2025\\\/10\\\/Logo-Idermic.jpg\",\"contentUrl\":\"https:\\\/\\\/www.idermic.es\\\/wp-content\\\/uploads\\\/2025\\\/10\\\/Logo-Idermic.jpg\",\"width\":501,\"height\":502,\"caption\":\"Idermic. Dermatolog\u00eda en Terrassa\"},\"image\":{\"@id\":\"https:\\\/\\\/www.idermic.es\\\/#\\\/schema\\\/logo\\\/image\\\/\"},\"sameAs\":[\"https:\\\/\\\/www.facebook.com\\\/Idermic\",\"https:\\\/\\\/x.com\\\/idermic\",\"https:\\\/\\\/www.instagram.com\\\/idermicclinic\\\/\",\"https:\\\/\\\/www.youtube.com\\\/channel\\\/UCyAHC9-p8lc6hr_nguO8p_g\"]},{\"@type\":\"Person\",\"@id\":\"https:\\\/\\\/www.idermic.es\\\/#\\\/schema\\\/person\\\/cc5e001d23d913309bfd3dfafb22ec95\",\"name\":\"Clinica\",\"image\":{\"@type\":\"ImageObject\",\"inLanguage\":\"es\",\"@id\":\"https:\\\/\\\/secure.gravatar.com\\\/avatar\\\/182f7ac821c85b9a9cd58ac64f26c9396c53342ed0006ba8805135223443797e?s=96&d=mm&r=g\",\"url\":\"https:\\\/\\\/secure.gravatar.com\\\/avatar\\\/182f7ac821c85b9a9cd58ac64f26c9396c53342ed0006ba8805135223443797e?s=96&d=mm&r=g\",\"contentUrl\":\"https:\\\/\\\/secure.gravatar.com\\\/avatar\\\/182f7ac821c85b9a9cd58ac64f26c9396c53342ed0006ba8805135223443797e?s=96&d=mm&r=g\",\"caption\":\"Clinica\"}}]}<\/script>\n<!-- \/ Yoast SEO plugin. -->","yoast_head_json":{"title":"Tratamiento de rejuvenecimiento de la piel con Kleresca - Idermic. Dermatolog\u00eda en Terrassa","description":"Kleresca es una plataforma biofot\u00f3nica avanzada que permite realiza un tratamiento de rejuvenecimiento de la piel avanzado y seguro.","robots":{"index":"index","follow":"follow","max-snippet":"max-snippet:-1","max-image-preview":"max-image-preview:large","max-video-preview":"max-video-preview:-1"},"canonical":"https:\/\/www.idermic.es\/es\/kleresca-tratamiento-de-rejuvenecimiento-de-la-piel\/","og_locale":"es_ES","og_type":"article","og_title":"Tratamiento de rejuvenecimiento de la piel con Kleresca - Idermic. Dermatolog\u00eda en Terrassa","og_description":"Kleresca es una plataforma biofot\u00f3nica avanzada que permite realiza un tratamiento de rejuvenecimiento de la piel avanzado y seguro.","og_url":"https:\/\/www.idermic.es\/es\/kleresca-tratamiento-de-rejuvenecimiento-de-la-piel\/","og_site_name":"Idermic. Dermatolog\u00eda en Terrassa","article_publisher":"https:\/\/www.facebook.com\/Idermic","article_published_time":"2019-08-26T07:18:04+00:00","article_modified_time":"2026-07-13T07:45:54+00:00","og_image":[{"width":900,"height":681,"url":"https:\/\/www.idermic.es\/wp-content\/uploads\/2019\/08\/Kleresca.-Rejuvenecimiento-facial-1.jpg","type":"image\/jpeg"}],"author":"Clinica","twitter_card":"summary_large_image","twitter_creator":"@idermic","twitter_site":"@idermic","twitter_misc":{"Escrito por":"Clinica","Tiempo de lectura":"4 minutos"},"schema":{"@context":"https:\/\/schema.org","@graph":[{"@type":"Article","@id":"https:\/\/www.idermic.es\/es\/kleresca-tratamiento-de-rejuvenecimiento-de-la-piel\/#article","isPartOf":{"@id":"https:\/\/www.idermic.es\/es\/kleresca-tratamiento-de-rejuvenecimiento-de-la-piel\/"},"author":{"name":"Clinica","@id":"https:\/\/www.idermic.es\/#\/schema\/person\/cc5e001d23d913309bfd3dfafb22ec95"},"headline":"Tratamiento de rejuvenecimiento de la piel con Kleresca","datePublished":"2019-08-26T07:18:04+00:00","dateModified":"2026-07-13T07:45:54+00:00","mainEntityOfPage":{"@id":"https:\/\/www.idermic.es\/es\/kleresca-tratamiento-de-rejuvenecimiento-de-la-piel\/"},"wordCount":799,"commentCount":0,"publisher":{"@id":"https:\/\/www.idermic.es\/#organization"},"image":{"@id":"https:\/\/www.idermic.es\/es\/kleresca-tratamiento-de-rejuvenecimiento-de-la-piel\/#primaryimage"},"thumbnailUrl":"https:\/\/www.idermic.es\/wp-content\/uploads\/2019\/08\/Kleresca.-Rejuvenecimiento-facial-1.jpg","keywords":["kleresca","rejuvenecimiento","rejuvenecimiento de la piel"],"articleSection":["Tecnolog\u00eda","Tratamientos de Medicina Est\u00e9tica"],"inLanguage":"es","potentialAction":[{"@type":"CommentAction","name":"Comment","target":["https:\/\/www.idermic.es\/es\/kleresca-tratamiento-de-rejuvenecimiento-de-la-piel\/#respond"]}]},{"@type":"WebPage","@id":"https:\/\/www.idermic.es\/es\/kleresca-tratamiento-de-rejuvenecimiento-de-la-piel\/","url":"https:\/\/www.idermic.es\/es\/kleresca-tratamiento-de-rejuvenecimiento-de-la-piel\/","name":"Tratamiento de rejuvenecimiento de la piel con Kleresca - Idermic. Dermatolog\u00eda en Terrassa","isPartOf":{"@id":"https:\/\/www.idermic.es\/#website"},"primaryImageOfPage":{"@id":"https:\/\/www.idermic.es\/es\/kleresca-tratamiento-de-rejuvenecimiento-de-la-piel\/#primaryimage"},"image":{"@id":"https:\/\/www.idermic.es\/es\/kleresca-tratamiento-de-rejuvenecimiento-de-la-piel\/#primaryimage"},"thumbnailUrl":"https:\/\/www.idermic.es\/wp-content\/uploads\/2019\/08\/Kleresca.-Rejuvenecimiento-facial-1.jpg","datePublished":"2019-08-26T07:18:04+00:00","dateModified":"2026-07-13T07:45:54+00:00","description":"Kleresca es una plataforma biofot\u00f3nica avanzada que permite realiza un tratamiento de rejuvenecimiento de la piel avanzado y seguro.","breadcrumb":{"@id":"https:\/\/www.idermic.es\/es\/kleresca-tratamiento-de-rejuvenecimiento-de-la-piel\/#breadcrumb"},"inLanguage":"es","potentialAction":[{"@type":"ReadAction","target":["https:\/\/www.idermic.es\/es\/kleresca-tratamiento-de-rejuvenecimiento-de-la-piel\/"]}]},{"@type":"ImageObject","inLanguage":"es","@id":"https:\/\/www.idermic.es\/es\/kleresca-tratamiento-de-rejuvenecimiento-de-la-piel\/#primaryimage","url":"https:\/\/www.idermic.es\/wp-content\/uploads\/2019\/08\/Kleresca.-Rejuvenecimiento-facial-1.jpg","contentUrl":"https:\/\/www.idermic.es\/wp-content\/uploads\/2019\/08\/Kleresca.-Rejuvenecimiento-facial-1.jpg","width":900,"height":681,"caption":"Kleresca. Rejuvenecimiento facial"},{"@type":"BreadcrumbList","@id":"https:\/\/www.idermic.es\/es\/kleresca-tratamiento-de-rejuvenecimiento-de-la-piel\/#breadcrumb","itemListElement":[{"@type":"ListItem","position":1,"name":"Inici","item":"https:\/\/www.idermic.es\/es\/"},{"@type":"ListItem","position":2,"name":"Tratamiento de rejuvenecimiento de la piel con Kleresca"}]},{"@type":"WebSite","@id":"https:\/\/www.idermic.es\/#website","url":"https:\/\/www.idermic.es\/","name":"Idermic. Dermatolog\u00eda en Terrassa","description":"Dermatolog\u00eda, Medicina est\u00e9tica, Cirurg\u00eda Pl\u00e0stica","publisher":{"@id":"https:\/\/www.idermic.es\/#organization"},"potentialAction":[{"@type":"SearchAction","target":{"@type":"EntryPoint","urlTemplate":"https:\/\/www.idermic.es\/?s={search_term_string}"},"query-input":{"@type":"PropertyValueSpecification","valueRequired":true,"valueName":"search_term_string"}}],"inLanguage":"es"},{"@type":"Organization","@id":"https:\/\/www.idermic.es\/#organization","name":"Idermic. Dermatolog\u00eda en Terrassa","url":"https:\/\/www.idermic.es\/","logo":{"@type":"ImageObject","inLanguage":"es","@id":"https:\/\/www.idermic.es\/#\/schema\/logo\/image\/","url":"https:\/\/www.idermic.es\/wp-content\/uploads\/2025\/10\/Logo-Idermic.jpg","contentUrl":"https:\/\/www.idermic.es\/wp-content\/uploads\/2025\/10\/Logo-Idermic.jpg","width":501,"height":502,"caption":"Idermic. Dermatolog\u00eda en Terrassa"},"image":{"@id":"https:\/\/www.idermic.es\/#\/schema\/logo\/image\/"},"sameAs":["https:\/\/www.facebook.com\/Idermic","https:\/\/x.com\/idermic","https:\/\/www.instagram.com\/idermicclinic\/","https:\/\/www.youtube.com\/channel\/UCyAHC9-p8lc6hr_nguO8p_g"]},{"@type":"Person","@id":"https:\/\/www.idermic.es\/#\/schema\/person\/cc5e001d23d913309bfd3dfafb22ec95","name":"Clinica","image":{"@type":"ImageObject","inLanguage":"es","@id":"https:\/\/secure.gravatar.com\/avatar\/182f7ac821c85b9a9cd58ac64f26c9396c53342ed0006ba8805135223443797e?s=96&d=mm&r=g","url":"https:\/\/secure.gravatar.com\/avatar\/182f7ac821c85b9a9cd58ac64f26c9396c53342ed0006ba8805135223443797e?s=96&d=mm&r=g","contentUrl":"https:\/\/secure.gravatar.com\/avatar\/182f7ac821c85b9a9cd58ac64f26c9396c53342ed0006ba8805135223443797e?s=96&d=mm&r=g","caption":"Clinica"}}]}},"_links":{"self":[{"href":"https:\/\/www.idermic.es\/es\/wp-json\/wp\/v2\/posts\/1844","targetHints":{"allow":["GET"]}}],"collection":[{"href":"https:\/\/www.idermic.es\/es\/wp-json\/wp\/v2\/posts"}],"about":[{"href":"https:\/\/www.idermic.es\/es\/wp-json\/wp\/v2\/types\/post"}],"author":[{"embeddable":true,"href":"https:\/\/www.idermic.es\/es\/wp-json\/wp\/v2\/users\/2"}],"replies":[{"embeddable":true,"href":"https:\/\/www.idermic.es\/es\/wp-json\/wp\/v2\/comments?post=1844"}],"version-history":[{"count":8,"href":"https:\/\/www.idermic.es\/es\/wp-json\/wp\/v2\/posts\/1844\/revisions"}],"predecessor-version":[{"id":10231,"href":"https:\/\/www.idermic.es\/es\/wp-json\/wp\/v2\/posts\/1844\/revisions\/10231"}],"wp:featuredmedia":[{"embeddable":true,"href":"https:\/\/www.idermic.es\/es\/wp-json\/wp\/v2\/media\/1847"}],"wp:attachment":[{"href":"https:\/\/www.idermic.es\/es\/wp-json\/wp\/v2\/media?parent=1844"}],"wp:term":[{"taxonomy":"category","embeddable":true,"href":"https:\/\/www.idermic.es\/es\/wp-json\/wp\/v2\/categories?post=1844"},{"taxonomy":"post_tag","embeddable":true,"href":"https:\/\/www.idermic.es\/es\/wp-json\/wp\/v2\/tags?post=1844"}],"curies":[{"name":"wp","href":"https:\/\/api.w.org\/{rel}","templated":true}]}}