{"id":1809,"date":"2019-08-17T10:24:40","date_gmt":"2019-08-17T10:24:40","guid":{"rendered":"https:\/\/www.idermic.es\/?p=1809"},"modified":"2026-07-14T09:17:30","modified_gmt":"2026-07-14T09:17:30","slug":"kleresca-tratamiento-para-la-rosacea-y-el-acne","status":"publish","type":"post","link":"https:\/\/www.idermic.es\/es\/kleresca-tratamiento-para-la-rosacea-y-el-acne\/","title":{"rendered":"Kleresca. Tratamiento para la ros\u00e1cea y el acn\u00e9"},"content":{"rendered":"<div class=\"fusion-fullwidth fullwidth-box fusion-builder-row-1 nonhundred-percent-fullwidth non-hundred-percent-height-scrolling\" style=\"--awb-border-radius-top-left:0px;--awb-border-radius-top-right:0px;--awb-border-radius-bottom-right:0px;--awb-border-radius-bottom-left:0px;--awb-margin-top:32px;--awb-margin-bottom:32px;--awb-flex-wrap:wrap;\" ><div class=\"fusion-builder-row fusion-row\"><div class=\"fusion-layout-column fusion_builder_column fusion-builder-column-0 fusion_builder_column_1_1 1_1 fusion-one-full fusion-column-first fusion-column-last\" style=\"--awb-bg-size:cover;\"><div class=\"fusion-column-wrapper fusion-flex-column-wrapper-legacy\"><div class=\"fusion-text fusion-text-1\"><h1>Kleresca. Tratamiento para la ros\u00e1cea y el acn\u00e9<\/h1>\n<\/div><div class=\"fusion-text fusion-text-2\"><p><strong>Kleresca<\/strong> es una plataforma biofot\u00f3nica que permite tratar afecciones como el acn\u00e9 y la ros\u00e1cea. Kleresca usa luz fluorescente que estimula la reparaci\u00f3n y los procesos biol\u00f3gicos propios de la piel. El resultado es una reducci\u00f3n de la inflamaci\u00f3n y un aumento de la producci\u00f3n de col\u00e1geno, un proceso se conoce como fotobiomodulaci\u00f3n.<\/p>\n<\/div><div class=\"fusion-text fusion-text-3\"><h2>Qu\u00e9 es el Acn\u00e9<\/h2>\n<p>El <a href=\"https:\/\/www.idermic.es\/es\/dermatologia_clinica\/acne\/\">acn\u00e9<\/a> es una enfermedad inflamatoria cr\u00f3nica de los fol\u00edculos pilosos y las gl\u00e1ndulas seb\u00e1ceas de la piel que produce lesiones inflamatorias y no inflamatorias. Es uno de los problemas de la piel m\u00e1s frecuentes. Puede ocasionar cicatrices y marcas permanentes en la piel. Se estima que ocho de cada diez personas han tenido acn\u00e9, siendo m\u00e1s frecuente y agudo durante la adolescencia, aunque tambi\u00e9n puede aparecer en la edad adulta. Seg\u00fan su severidad, el acn\u00e9 se clasifica como leve, moderado o severo.<\/p>\n<h2>Kleresca\u00ae Acne Treatment<\/h2>\n<p><strong>Kleresca\u00ae Acne Treatment<\/strong> es el <strong>tratamiento biofot\u00f3nico<\/strong> innovador que mejora de forma significativa los efectos del acn\u00e9. Solo se ofrece en cl\u00ednicas profesionales. Mediante la se trata el acn\u00e9 de manera segura estimulando los procesos de reparaci\u00f3n propios de la piel. El tratamiento combina una l\u00e1mpara de alta intensidad con un gel fotoconversor el cual elimina las bacterias e iniciar la regeneraci\u00f3n. Kleresca\u00ae se administra dos veces a la semana durante un periodo de seis semanas. Se aplica un gel de color naranja en la piel del paciente y se deja bajo una l\u00e1mpara LED de longitud de onda m\u00faltiple durante nueve minutos.<\/p>\n<p><strong>Kleresca\u00ae Acne Treatment<\/strong> no solo combate los diferentes factores que provocan el acn\u00e9, sino que tambi\u00e9n reduce las marcas de cicatrizaci\u00f3n.<\/p>\n<p>Los resultados son:<\/p>\n<ul>\n<li>Eliminaci\u00f3n de las bacterias que provocan el <a href=\"https:\/\/www.idermic.es\/es\/dermatologia_clinica\/acne\/\">acn\u00e9<\/a> (P. acnes)<\/li>\n<li>Reducci\u00f3n de la inflamaci\u00f3n<\/li>\n<li>Normaliza la actividad celular<\/li>\n<li>Reduce las <strong>marcas de cicatrizaci\u00f3n<\/strong> al aumentar la formaci\u00f3n de col\u00e1geno<\/li>\n<\/ul>\n<\/div><div class=\"fusion-sep-clear\"><\/div><div class=\"fusion-separator fusion-full-width-sep\" style=\"margin-left: auto;margin-right: auto;margin-top:18px;margin-bottom:18px;width:100%;\"><div class=\"fusion-separator-border sep-double\" style=\"--awb-height:20px;--awb-amount:20px;border-color:#e0dede;border-top-width:3px;border-bottom-width:3px;\"><\/div><\/div><div class=\"fusion-sep-clear\"><\/div><div class=\"fusion-text fusion-text-4\"><h2>Tratamiento de la ros\u00e1cea con Kleresca<\/h2>\n<p>La <a href=\"https:\/\/www.idermic.es\/es\/enfermedades-dermatologicas\/#rosacea\"><strong>ros\u00e1cea<\/strong><\/a> es una afecci\u00f3n cut\u00e1nea cr\u00f3nica en las zonas centrales del rostro. Puede alternar periodos de remisi\u00f3n con empeoramientos o brotes que se acompa\u00f1an por enrojecimiento, rubor, sensibilidad en la piel, granos y las ara\u00f1as vasculares. Existen 4 subtipos diferentes de ros\u00e1cea seg\u00fan los s\u00edntomas principales y la zona afectada del rostro.<\/p>\n<p><strong>Kleresca<\/strong> es un tratamiento no invasivo dise\u00f1ado para combatir los signos y s\u00edntomas que produce la\u00a0ros\u00e1cea gracias a la fluorescencia que estimula los mecanismos de reparaci\u00f3n naturales de la piel, especialmente indicado para personas con la piel muy sensible.<\/p>\n<p>Los efectos del tratamiento son:<\/p>\n<ul>\n<li>Reducci\u00f3n de la inflamaci\u00f3n y de la presencia de\u00a0p\u00e1pulas\u00a0y\u00a0p\u00fastulas.<\/li>\n<li>Reducci\u00f3n del\u00a0eritema\u00a0y el rubor de la piel al mejorar la\u00a0microvascularizaci\u00f3n.<\/li>\n<li>Reducci\u00f3n de la sensaci\u00f3n de ardor y escozor.<\/li>\n<li>Genera una respuesta de reparaci\u00f3n que mejora la calidad de la piel.<\/li>\n<\/ul>\n<p>Es un tratamiento bien tolerado y con una recuperaci\u00f3n muy corta o inexistente, siendo descrito por los pacientes como una experiencia agradable y c\u00f3moda. Los profesionales que han desarrollado la plataforma han trabajado con rigor cient\u00edfico y en colaboraci\u00f3n con cl\u00ednicas profesionales l\u00edderes del sector de la <a href=\"https:\/\/www.idermic.es\/es\/dermatologia-estetica\/\"><strong>medicina est\u00e9tica<\/strong><\/a>.<\/p>\n<p>Si tienes cualquier consulta no dudes en contactar con Idermic, tu <a href=\"https:\/\/www.idermic.es\/es\/\">dermat\u00f3logo en Terrassa<\/a>.<\/p>\n<\/div><div class=\"fusion-clearfix\"><\/div><\/div><\/div><\/div><\/div>\n","protected":false},"excerpt":{"rendered":"<p>Kleresca mejora acn\u00e9 y ros\u00e1cea con luz fluorescente. Tratamiento no invasivo, sin f\u00e1rmacos y sin tiempo de recuperaci\u00f3n.<\/p>\n","protected":false},"author":2,"featured_media":1939,"comment_status":"open","ping_status":"open","sticky":false,"template":"","format":"standard","meta":{"_joinchat":[],"footnotes":""},"categories":[37,36],"tags":[43,44],"class_list":["post-1809","post","type-post","status-publish","format-standard","has-post-thumbnail","hentry","category-tecnologia","category-tratamientos-de-medicina-estetica","tag-acne","tag-kleresca"],"yoast_head":"<!-- This site is optimized with the Yoast SEO plugin v28.4 - https:\/\/yoast.com\/product\/yoast-seo-wordpress\/ -->\n<title>Kleresca. Tratamiento para la ros\u00e1cea y el acn\u00e9 - Idermic. Dermatolog\u00eda en Terrassa<\/title>\n<meta name=\"description\" content=\"Kleresca mejora acn\u00e9 y ros\u00e1cea con luz fluorescente. Tratamiento no invasivo, sin f\u00e1rmacos y sin tiempo de recuperaci\u00f3n.\" \/>\n<meta name=\"robots\" content=\"index, follow, max-snippet:-1, max-image-preview:large, max-video-preview:-1\" \/>\n<link rel=\"canonical\" href=\"https:\/\/www.idermic.es\/es\/kleresca-tratamiento-para-la-rosacea-y-el-acne\/\" \/>\n<meta property=\"og:locale\" content=\"es_ES\" \/>\n<meta property=\"og:type\" content=\"article\" \/>\n<meta property=\"og:title\" content=\"Kleresca. Tratamiento para la ros\u00e1cea y el acn\u00e9 - Idermic. Dermatolog\u00eda en Terrassa\" \/>\n<meta property=\"og:description\" content=\"Kleresca mejora acn\u00e9 y ros\u00e1cea con luz fluorescente. Tratamiento no invasivo, sin f\u00e1rmacos y sin tiempo de recuperaci\u00f3n.\" \/>\n<meta property=\"og:url\" content=\"https:\/\/www.idermic.es\/es\/kleresca-tratamiento-para-la-rosacea-y-el-acne\/\" \/>\n<meta property=\"og:site_name\" content=\"Idermic. Dermatolog\u00eda en Terrassa\" \/>\n<meta property=\"article:publisher\" content=\"https:\/\/www.facebook.com\/Idermic\" \/>\n<meta property=\"article:published_time\" content=\"2019-08-17T10:24:40+00:00\" \/>\n<meta property=\"article:modified_time\" content=\"2026-07-14T09:17:30+00:00\" \/>\n<meta property=\"og:image\" content=\"https:\/\/www.idermic.es\/wp-content\/uploads\/2019\/08\/Kleresca.-Plataforma-para-el-tratamiento-del-acne-rosa-y-rejuvenecimiento.jpg\" \/>\n\t<meta property=\"og:image:width\" content=\"900\" \/>\n\t<meta property=\"og:image:height\" content=\"600\" \/>\n\t<meta property=\"og:image:type\" content=\"image\/jpeg\" \/>\n<meta name=\"author\" content=\"Clinica\" \/>\n<meta name=\"twitter:card\" content=\"summary_large_image\" \/>\n<meta name=\"twitter:creator\" content=\"@idermic\" \/>\n<meta name=\"twitter:site\" content=\"@idermic\" \/>\n<meta name=\"twitter:label1\" content=\"Escrito por\" \/>\n\t<meta name=\"twitter:data1\" content=\"Clinica\" \/>\n\t<meta name=\"twitter:label2\" content=\"Tiempo de lectura\" \/>\n\t<meta name=\"twitter:data2\" content=\"5 minutos\" \/>\n<script type=\"application\/ld+json\" class=\"yoast-schema-graph\">{\"@context\":\"https:\\\/\\\/schema.org\",\"@graph\":[{\"@type\":\"Article\",\"@id\":\"https:\\\/\\\/www.idermic.es\\\/es\\\/kleresca-tratamiento-para-la-rosacea-y-el-acne\\\/#article\",\"isPartOf\":{\"@id\":\"https:\\\/\\\/www.idermic.es\\\/es\\\/kleresca-tratamiento-para-la-rosacea-y-el-acne\\\/\"},\"author\":{\"name\":\"Clinica\",\"@id\":\"https:\\\/\\\/www.idermic.es\\\/#\\\/schema\\\/person\\\/cc5e001d23d913309bfd3dfafb22ec95\"},\"headline\":\"Kleresca. Tratamiento para la ros\u00e1cea y el acn\u00e9\",\"datePublished\":\"2019-08-17T10:24:40+00:00\",\"dateModified\":\"2026-07-14T09:17:30+00:00\",\"mainEntityOfPage\":{\"@id\":\"https:\\\/\\\/www.idermic.es\\\/es\\\/kleresca-tratamiento-para-la-rosacea-y-el-acne\\\/\"},\"wordCount\":913,\"commentCount\":0,\"publisher\":{\"@id\":\"https:\\\/\\\/www.idermic.es\\\/#organization\"},\"image\":{\"@id\":\"https:\\\/\\\/www.idermic.es\\\/es\\\/kleresca-tratamiento-para-la-rosacea-y-el-acne\\\/#primaryimage\"},\"thumbnailUrl\":\"https:\\\/\\\/www.idermic.es\\\/wp-content\\\/uploads\\\/2019\\\/08\\\/Kleresca.-Plataforma-para-el-tratamiento-del-acne-rosa-y-rejuvenecimiento.jpg\",\"keywords\":[\"acn\u00e9\",\"kleresca\"],\"articleSection\":[\"Tecnolog\u00eda\",\"Tratamientos de Medicina Est\u00e9tica\"],\"inLanguage\":\"es\",\"potentialAction\":[{\"@type\":\"CommentAction\",\"name\":\"Comment\",\"target\":[\"https:\\\/\\\/www.idermic.es\\\/es\\\/kleresca-tratamiento-para-la-rosacea-y-el-acne\\\/#respond\"]}]},{\"@type\":\"WebPage\",\"@id\":\"https:\\\/\\\/www.idermic.es\\\/es\\\/kleresca-tratamiento-para-la-rosacea-y-el-acne\\\/\",\"url\":\"https:\\\/\\\/www.idermic.es\\\/es\\\/kleresca-tratamiento-para-la-rosacea-y-el-acne\\\/\",\"name\":\"Kleresca. Tratamiento para la ros\u00e1cea y el acn\u00e9 - Idermic. Dermatolog\u00eda en Terrassa\",\"isPartOf\":{\"@id\":\"https:\\\/\\\/www.idermic.es\\\/#website\"},\"primaryImageOfPage\":{\"@id\":\"https:\\\/\\\/www.idermic.es\\\/es\\\/kleresca-tratamiento-para-la-rosacea-y-el-acne\\\/#primaryimage\"},\"image\":{\"@id\":\"https:\\\/\\\/www.idermic.es\\\/es\\\/kleresca-tratamiento-para-la-rosacea-y-el-acne\\\/#primaryimage\"},\"thumbnailUrl\":\"https:\\\/\\\/www.idermic.es\\\/wp-content\\\/uploads\\\/2019\\\/08\\\/Kleresca.-Plataforma-para-el-tratamiento-del-acne-rosa-y-rejuvenecimiento.jpg\",\"datePublished\":\"2019-08-17T10:24:40+00:00\",\"dateModified\":\"2026-07-14T09:17:30+00:00\",\"description\":\"Kleresca mejora acn\u00e9 y ros\u00e1cea con luz fluorescente. Tratamiento no invasivo, sin f\u00e1rmacos y sin tiempo de recuperaci\u00f3n.\",\"breadcrumb\":{\"@id\":\"https:\\\/\\\/www.idermic.es\\\/es\\\/kleresca-tratamiento-para-la-rosacea-y-el-acne\\\/#breadcrumb\"},\"inLanguage\":\"es\",\"potentialAction\":[{\"@type\":\"ReadAction\",\"target\":[\"https:\\\/\\\/www.idermic.es\\\/es\\\/kleresca-tratamiento-para-la-rosacea-y-el-acne\\\/\"]}]},{\"@type\":\"ImageObject\",\"inLanguage\":\"es\",\"@id\":\"https:\\\/\\\/www.idermic.es\\\/es\\\/kleresca-tratamiento-para-la-rosacea-y-el-acne\\\/#primaryimage\",\"url\":\"https:\\\/\\\/www.idermic.es\\\/wp-content\\\/uploads\\\/2019\\\/08\\\/Kleresca.-Plataforma-para-el-tratamiento-del-acne-rosa-y-rejuvenecimiento.jpg\",\"contentUrl\":\"https:\\\/\\\/www.idermic.es\\\/wp-content\\\/uploads\\\/2019\\\/08\\\/Kleresca.-Plataforma-para-el-tratamiento-del-acne-rosa-y-rejuvenecimiento.jpg\",\"width\":900,\"height\":600,\"caption\":\"Kleresca. Plataforma para el tratamiento del acn\u00e9, ros\u00e1cea y rejuvenecimiento\"},{\"@type\":\"BreadcrumbList\",\"@id\":\"https:\\\/\\\/www.idermic.es\\\/es\\\/kleresca-tratamiento-para-la-rosacea-y-el-acne\\\/#breadcrumb\",\"itemListElement\":[{\"@type\":\"ListItem\",\"position\":1,\"name\":\"Inici\",\"item\":\"https:\\\/\\\/www.idermic.es\\\/es\\\/\"},{\"@type\":\"ListItem\",\"position\":2,\"name\":\"Kleresca. Tratamiento para la ros\u00e1cea y el acn\u00e9\"}]},{\"@type\":\"WebSite\",\"@id\":\"https:\\\/\\\/www.idermic.es\\\/#website\",\"url\":\"https:\\\/\\\/www.idermic.es\\\/\",\"name\":\"Idermic. Dermatolog\u00eda en Terrassa\",\"description\":\"Dermatolog\u00eda, Medicina est\u00e9tica, Cirurg\u00eda Pl\u00e0stica\",\"publisher\":{\"@id\":\"https:\\\/\\\/www.idermic.es\\\/#organization\"},\"potentialAction\":[{\"@type\":\"SearchAction\",\"target\":{\"@type\":\"EntryPoint\",\"urlTemplate\":\"https:\\\/\\\/www.idermic.es\\\/?s={search_term_string}\"},\"query-input\":{\"@type\":\"PropertyValueSpecification\",\"valueRequired\":true,\"valueName\":\"search_term_string\"}}],\"inLanguage\":\"es\"},{\"@type\":\"Organization\",\"@id\":\"https:\\\/\\\/www.idermic.es\\\/#organization\",\"name\":\"Idermic. Dermatolog\u00eda en Terrassa\",\"url\":\"https:\\\/\\\/www.idermic.es\\\/\",\"logo\":{\"@type\":\"ImageObject\",\"inLanguage\":\"es\",\"@id\":\"https:\\\/\\\/www.idermic.es\\\/#\\\/schema\\\/logo\\\/image\\\/\",\"url\":\"https:\\\/\\\/www.idermic.es\\\/wp-content\\\/uploads\\\/2025\\\/10\\\/Logo-Idermic.jpg\",\"contentUrl\":\"https:\\\/\\\/www.idermic.es\\\/wp-content\\\/uploads\\\/2025\\\/10\\\/Logo-Idermic.jpg\",\"width\":501,\"height\":502,\"caption\":\"Idermic. Dermatolog\u00eda en Terrassa\"},\"image\":{\"@id\":\"https:\\\/\\\/www.idermic.es\\\/#\\\/schema\\\/logo\\\/image\\\/\"},\"sameAs\":[\"https:\\\/\\\/www.facebook.com\\\/Idermic\",\"https:\\\/\\\/x.com\\\/idermic\",\"https:\\\/\\\/www.instagram.com\\\/idermicclinic\\\/\",\"https:\\\/\\\/www.youtube.com\\\/channel\\\/UCyAHC9-p8lc6hr_nguO8p_g\"]},{\"@type\":\"Person\",\"@id\":\"https:\\\/\\\/www.idermic.es\\\/#\\\/schema\\\/person\\\/cc5e001d23d913309bfd3dfafb22ec95\",\"name\":\"Clinica\",\"image\":{\"@type\":\"ImageObject\",\"inLanguage\":\"es\",\"@id\":\"https:\\\/\\\/secure.gravatar.com\\\/avatar\\\/182f7ac821c85b9a9cd58ac64f26c9396c53342ed0006ba8805135223443797e?s=96&d=mm&r=g\",\"url\":\"https:\\\/\\\/secure.gravatar.com\\\/avatar\\\/182f7ac821c85b9a9cd58ac64f26c9396c53342ed0006ba8805135223443797e?s=96&d=mm&r=g\",\"contentUrl\":\"https:\\\/\\\/secure.gravatar.com\\\/avatar\\\/182f7ac821c85b9a9cd58ac64f26c9396c53342ed0006ba8805135223443797e?s=96&d=mm&r=g\",\"caption\":\"Clinica\"}}]}<\/script>\n<!-- \/ Yoast SEO plugin. -->","yoast_head_json":{"title":"Kleresca. Tratamiento para la ros\u00e1cea y el acn\u00e9 - Idermic. Dermatolog\u00eda en Terrassa","description":"Kleresca mejora acn\u00e9 y ros\u00e1cea con luz fluorescente. Tratamiento no invasivo, sin f\u00e1rmacos y sin tiempo de recuperaci\u00f3n.","robots":{"index":"index","follow":"follow","max-snippet":"max-snippet:-1","max-image-preview":"max-image-preview:large","max-video-preview":"max-video-preview:-1"},"canonical":"https:\/\/www.idermic.es\/es\/kleresca-tratamiento-para-la-rosacea-y-el-acne\/","og_locale":"es_ES","og_type":"article","og_title":"Kleresca. Tratamiento para la ros\u00e1cea y el acn\u00e9 - Idermic. Dermatolog\u00eda en Terrassa","og_description":"Kleresca mejora acn\u00e9 y ros\u00e1cea con luz fluorescente. Tratamiento no invasivo, sin f\u00e1rmacos y sin tiempo de recuperaci\u00f3n.","og_url":"https:\/\/www.idermic.es\/es\/kleresca-tratamiento-para-la-rosacea-y-el-acne\/","og_site_name":"Idermic. Dermatolog\u00eda en Terrassa","article_publisher":"https:\/\/www.facebook.com\/Idermic","article_published_time":"2019-08-17T10:24:40+00:00","article_modified_time":"2026-07-14T09:17:30+00:00","og_image":[{"width":900,"height":600,"url":"https:\/\/www.idermic.es\/wp-content\/uploads\/2019\/08\/Kleresca.-Plataforma-para-el-tratamiento-del-acne-rosa-y-rejuvenecimiento.jpg","type":"image\/jpeg"}],"author":"Clinica","twitter_card":"summary_large_image","twitter_creator":"@idermic","twitter_site":"@idermic","twitter_misc":{"Escrito por":"Clinica","Tiempo de lectura":"5 minutos"},"schema":{"@context":"https:\/\/schema.org","@graph":[{"@type":"Article","@id":"https:\/\/www.idermic.es\/es\/kleresca-tratamiento-para-la-rosacea-y-el-acne\/#article","isPartOf":{"@id":"https:\/\/www.idermic.es\/es\/kleresca-tratamiento-para-la-rosacea-y-el-acne\/"},"author":{"name":"Clinica","@id":"https:\/\/www.idermic.es\/#\/schema\/person\/cc5e001d23d913309bfd3dfafb22ec95"},"headline":"Kleresca. Tratamiento para la ros\u00e1cea y el acn\u00e9","datePublished":"2019-08-17T10:24:40+00:00","dateModified":"2026-07-14T09:17:30+00:00","mainEntityOfPage":{"@id":"https:\/\/www.idermic.es\/es\/kleresca-tratamiento-para-la-rosacea-y-el-acne\/"},"wordCount":913,"commentCount":0,"publisher":{"@id":"https:\/\/www.idermic.es\/#organization"},"image":{"@id":"https:\/\/www.idermic.es\/es\/kleresca-tratamiento-para-la-rosacea-y-el-acne\/#primaryimage"},"thumbnailUrl":"https:\/\/www.idermic.es\/wp-content\/uploads\/2019\/08\/Kleresca.-Plataforma-para-el-tratamiento-del-acne-rosa-y-rejuvenecimiento.jpg","keywords":["acn\u00e9","kleresca"],"articleSection":["Tecnolog\u00eda","Tratamientos de Medicina Est\u00e9tica"],"inLanguage":"es","potentialAction":[{"@type":"CommentAction","name":"Comment","target":["https:\/\/www.idermic.es\/es\/kleresca-tratamiento-para-la-rosacea-y-el-acne\/#respond"]}]},{"@type":"WebPage","@id":"https:\/\/www.idermic.es\/es\/kleresca-tratamiento-para-la-rosacea-y-el-acne\/","url":"https:\/\/www.idermic.es\/es\/kleresca-tratamiento-para-la-rosacea-y-el-acne\/","name":"Kleresca. Tratamiento para la ros\u00e1cea y el acn\u00e9 - Idermic. Dermatolog\u00eda en Terrassa","isPartOf":{"@id":"https:\/\/www.idermic.es\/#website"},"primaryImageOfPage":{"@id":"https:\/\/www.idermic.es\/es\/kleresca-tratamiento-para-la-rosacea-y-el-acne\/#primaryimage"},"image":{"@id":"https:\/\/www.idermic.es\/es\/kleresca-tratamiento-para-la-rosacea-y-el-acne\/#primaryimage"},"thumbnailUrl":"https:\/\/www.idermic.es\/wp-content\/uploads\/2019\/08\/Kleresca.-Plataforma-para-el-tratamiento-del-acne-rosa-y-rejuvenecimiento.jpg","datePublished":"2019-08-17T10:24:40+00:00","dateModified":"2026-07-14T09:17:30+00:00","description":"Kleresca mejora acn\u00e9 y ros\u00e1cea con luz fluorescente. Tratamiento no invasivo, sin f\u00e1rmacos y sin tiempo de recuperaci\u00f3n.","breadcrumb":{"@id":"https:\/\/www.idermic.es\/es\/kleresca-tratamiento-para-la-rosacea-y-el-acne\/#breadcrumb"},"inLanguage":"es","potentialAction":[{"@type":"ReadAction","target":["https:\/\/www.idermic.es\/es\/kleresca-tratamiento-para-la-rosacea-y-el-acne\/"]}]},{"@type":"ImageObject","inLanguage":"es","@id":"https:\/\/www.idermic.es\/es\/kleresca-tratamiento-para-la-rosacea-y-el-acne\/#primaryimage","url":"https:\/\/www.idermic.es\/wp-content\/uploads\/2019\/08\/Kleresca.-Plataforma-para-el-tratamiento-del-acne-rosa-y-rejuvenecimiento.jpg","contentUrl":"https:\/\/www.idermic.es\/wp-content\/uploads\/2019\/08\/Kleresca.-Plataforma-para-el-tratamiento-del-acne-rosa-y-rejuvenecimiento.jpg","width":900,"height":600,"caption":"Kleresca. Plataforma para el tratamiento del acn\u00e9, ros\u00e1cea y rejuvenecimiento"},{"@type":"BreadcrumbList","@id":"https:\/\/www.idermic.es\/es\/kleresca-tratamiento-para-la-rosacea-y-el-acne\/#breadcrumb","itemListElement":[{"@type":"ListItem","position":1,"name":"Inici","item":"https:\/\/www.idermic.es\/es\/"},{"@type":"ListItem","position":2,"name":"Kleresca. Tratamiento para la ros\u00e1cea y el acn\u00e9"}]},{"@type":"WebSite","@id":"https:\/\/www.idermic.es\/#website","url":"https:\/\/www.idermic.es\/","name":"Idermic. Dermatolog\u00eda en Terrassa","description":"Dermatolog\u00eda, Medicina est\u00e9tica, Cirurg\u00eda Pl\u00e0stica","publisher":{"@id":"https:\/\/www.idermic.es\/#organization"},"potentialAction":[{"@type":"SearchAction","target":{"@type":"EntryPoint","urlTemplate":"https:\/\/www.idermic.es\/?s={search_term_string}"},"query-input":{"@type":"PropertyValueSpecification","valueRequired":true,"valueName":"search_term_string"}}],"inLanguage":"es"},{"@type":"Organization","@id":"https:\/\/www.idermic.es\/#organization","name":"Idermic. Dermatolog\u00eda en Terrassa","url":"https:\/\/www.idermic.es\/","logo":{"@type":"ImageObject","inLanguage":"es","@id":"https:\/\/www.idermic.es\/#\/schema\/logo\/image\/","url":"https:\/\/www.idermic.es\/wp-content\/uploads\/2025\/10\/Logo-Idermic.jpg","contentUrl":"https:\/\/www.idermic.es\/wp-content\/uploads\/2025\/10\/Logo-Idermic.jpg","width":501,"height":502,"caption":"Idermic. Dermatolog\u00eda en Terrassa"},"image":{"@id":"https:\/\/www.idermic.es\/#\/schema\/logo\/image\/"},"sameAs":["https:\/\/www.facebook.com\/Idermic","https:\/\/x.com\/idermic","https:\/\/www.instagram.com\/idermicclinic\/","https:\/\/www.youtube.com\/channel\/UCyAHC9-p8lc6hr_nguO8p_g"]},{"@type":"Person","@id":"https:\/\/www.idermic.es\/#\/schema\/person\/cc5e001d23d913309bfd3dfafb22ec95","name":"Clinica","image":{"@type":"ImageObject","inLanguage":"es","@id":"https:\/\/secure.gravatar.com\/avatar\/182f7ac821c85b9a9cd58ac64f26c9396c53342ed0006ba8805135223443797e?s=96&d=mm&r=g","url":"https:\/\/secure.gravatar.com\/avatar\/182f7ac821c85b9a9cd58ac64f26c9396c53342ed0006ba8805135223443797e?s=96&d=mm&r=g","contentUrl":"https:\/\/secure.gravatar.com\/avatar\/182f7ac821c85b9a9cd58ac64f26c9396c53342ed0006ba8805135223443797e?s=96&d=mm&r=g","caption":"Clinica"}}]}},"_links":{"self":[{"href":"https:\/\/www.idermic.es\/es\/wp-json\/wp\/v2\/posts\/1809","targetHints":{"allow":["GET"]}}],"collection":[{"href":"https:\/\/www.idermic.es\/es\/wp-json\/wp\/v2\/posts"}],"about":[{"href":"https:\/\/www.idermic.es\/es\/wp-json\/wp\/v2\/types\/post"}],"author":[{"embeddable":true,"href":"https:\/\/www.idermic.es\/es\/wp-json\/wp\/v2\/users\/2"}],"replies":[{"embeddable":true,"href":"https:\/\/www.idermic.es\/es\/wp-json\/wp\/v2\/comments?post=1809"}],"version-history":[{"count":8,"href":"https:\/\/www.idermic.es\/es\/wp-json\/wp\/v2\/posts\/1809\/revisions"}],"predecessor-version":[{"id":10266,"href":"https:\/\/www.idermic.es\/es\/wp-json\/wp\/v2\/posts\/1809\/revisions\/10266"}],"wp:featuredmedia":[{"embeddable":true,"href":"https:\/\/www.idermic.es\/es\/wp-json\/wp\/v2\/media\/1939"}],"wp:attachment":[{"href":"https:\/\/www.idermic.es\/es\/wp-json\/wp\/v2\/media?parent=1809"}],"wp:term":[{"taxonomy":"category","embeddable":true,"href":"https:\/\/www.idermic.es\/es\/wp-json\/wp\/v2\/categories?post=1809"},{"taxonomy":"post_tag","embeddable":true,"href":"https:\/\/www.idermic.es\/es\/wp-json\/wp\/v2\/tags?post=1809"}],"curies":[{"name":"wp","href":"https:\/\/api.w.org\/{rel}","templated":true}]}}