{"id":1797,"date":"2019-08-15T22:33:51","date_gmt":"2019-08-15T22:33:51","guid":{"rendered":"https:\/\/www.idermic.es\/?p=1797"},"modified":"2026-05-26T09:45:11","modified_gmt":"2026-05-26T09:45:11","slug":"inmode-la-nueva-plataforma-adquirida-por-idermic","status":"publish","type":"post","link":"https:\/\/www.idermic.es\/es\/inmode-la-nueva-plataforma-adquirida-por-idermic\/","title":{"rendered":"InMode la nueva plataforma adquirida por idermic"},"content":{"rendered":"<p><div class=\"fusion-fullwidth fullwidth-box fusion-builder-row-1 nonhundred-percent-fullwidth non-hundred-percent-height-scrolling\" style=\"--awb-border-radius-top-left:0px;--awb-border-radius-top-right:0px;--awb-border-radius-bottom-right:0px;--awb-border-radius-bottom-left:0px;--awb-margin-top:32px;--awb-margin-bottom:32px;--awb-flex-wrap:wrap;\" ><div class=\"fusion-builder-row fusion-row\"><div class=\"fusion-layout-column fusion_builder_column fusion-builder-column-0 fusion_builder_column_1_1 1_1 fusion-one-full fusion-column-first fusion-column-last\" style=\"--awb-bg-size:cover;\"><div class=\"fusion-column-wrapper fusion-flex-column-wrapper-legacy\"><div class=\"fusion-text fusion-text-1\"><h2>InMode: La nueva plataforma adquirida por idermic<\/h2>\n<\/div><div class=\"fusion-text fusion-text-2\"><p>Tenemos grandes noticias para los pacientes de idermic. Hemos adquirido InMode, una nueva plataforma,<strong>\u00a0<\/strong>que incorpora la tecnolog\u00eda m\u00e1s moderna y vanguardista para <strong>tratamientos faciales y corporales m\u00ednimamente invasivos<\/strong> y con resultados equiparables a la cirug\u00eda.<\/p>\n<p>Esta plataforma\u00a0ampliamente utilizada por <strong>cirujanos pl\u00e1sticos<\/strong> y <strong>dermat\u00f3logos<\/strong> en EEUU y recientemente premiada por \u00bb The Aesthetics Industry Awards 2017&#8243; que otorga la prestigiosa revista profesional\u00a0The Aesthetic Journal.<\/p>\n<p>Art\u00edculos relacionados en nuestra p\u00e1gina Web:<\/p>\n<ul>\n<li><a href=\"https:\/\/www.idermic.es\/es\/2017\/05\/forma-radiofrecuencia-de-ultima-generacion\/\">Forma, radiofrecuencia de \u00faltima generaci\u00f3n<\/a><\/li>\n<li><a href=\"https:\/\/www.idermic.es\/es\/2017\/04\/fractora-el-nuevo-dispositivo-de-idermic-para-el-tratamiento-de-la-piel\/\">Fractora, el nuevo dispositivo de idermic para el tratamiento de la piel<\/a><\/li>\n<\/ul>\n<p><strong>Referencias<\/strong>:<\/p>\n<ul>\n<li><a href=\"https:\/\/www.facebook.com\/inmodesolutions\/posts\/747424285426185\">Premios<\/a><\/li>\n<li><a href=\"https:\/\/aestheticsjournal.com\/\" rel=\"external noopener noreferrer\" data-wpel-link=\"external\">Aesthetics Journal<\/a><\/li>\n<li><a href=\"https:\/\/aestheticsawards.com\/\" rel=\"external noopener noreferrer\" data-wpel-link=\"external\">Aesthetics Awards<\/a><\/li>\n<\/ul>\n<\/div><div class=\"fusion-clearfix\"><\/div><\/div><\/div><\/div><\/div><div class=\"fusion-fullwidth fullwidth-box fusion-builder-row-2 nonhundred-percent-fullwidth non-hundred-percent-height-scrolling\" style=\"--awb-border-radius-top-left:0px;--awb-border-radius-top-right:0px;--awb-border-radius-bottom-right:0px;--awb-border-radius-bottom-left:0px;--awb-flex-wrap:wrap;\" ><div class=\"fusion-builder-row fusion-row\"><div class=\"fusion-layout-column fusion_builder_column fusion-builder-column-1 fusion_builder_column_1_1 1_1 fusion-one-full fusion-column-first fusion-column-last\" style=\"--awb-bg-size:cover;\"><div class=\"fusion-column-wrapper fusion-flex-column-wrapper-legacy\"><div class=\"fusion-text fusion-text-3\"><h2>InMode: Tecnolog\u00eda innovadora para tratamientos dermatol\u00f3gicos y est\u00e9ticos<\/h2>\n<p>Transformando la dermatolog\u00eda y la est\u00e9tica con tecnolog\u00eda avanzada.\u00a0La tecnolog\u00eda ha revolucionado el campo de la dermatolog\u00eda y la est\u00e9tica, brindando soluciones cada vez m\u00e1s eficaces, seguras y personalizadas para los pacientes. InMode se posiciona como un referente destacado en este \u00e1mbito, ofreciendo una plataforma que integra dispositivos de \u00faltima generaci\u00f3n dise\u00f1ados para tratamientos de rejuvenecimiento, remodelaci\u00f3n corporal y mejora de la calidad de la piel.<\/p>\n<h2>\u00bfQu\u00e9 es InMode?<\/h2>\n<p>InMode es una plataforma tecnol\u00f3gica que utiliza sistemas avanzados de radiofrecuencia para realizar procedimientos no invasivos y m\u00ednimamente invasivos. Su enfoque combina ciencia e innovaci\u00f3n para atender diversas necesidades est\u00e9ticas y dermatol\u00f3gicas. Gracias a su precisi\u00f3n y versatilidad, InMode es ideal para procedimientos de rejuvenecimiento facial, remodelaci\u00f3n corporal y tratamiento de imperfecciones cut\u00e1neas.<\/p>\n<p>Entre sus principales caracter\u00edsticas destacan la capacidad de estimular la producci\u00f3n de col\u00e1geno, mejorar la textura de la piel y reducir la flacidez, todo sin requerir largos periodos de recuperaci\u00f3n.<\/p>\n<h2>Principales aplicaciones de InMode<\/h2>\n<ol>\n<li><strong>Rejuvenecimiento facial y reducci\u00f3n de arrugas<\/strong>. InMode utiliza energ\u00eda de radiofrecuencia para estimular las capas profundas de la piel, favoreciendo la regeneraci\u00f3n del col\u00e1geno. Este proceso reduce las l\u00edneas de expresi\u00f3n y mejora la elasticidad cut\u00e1nea, logrando un efecto rejuvenecedor visible en pocas sesiones.<\/li>\n<li><strong>Remodelaci\u00f3n corporal no invasiva<\/strong>. La plataforma ofrece soluciones avanzadas para eliminar grasa localizada y tensar la piel. Mediante tecnolog\u00eda de radiofrecuencia, es posible tratar \u00e1reas como el abdomen, los muslos y los brazos, obteniendo resultados similares a los de procedimientos quir\u00fargicos, pero sin los riesgos asociados.<\/li>\n<li><strong>Tratamientos de flacidez y tonificaci\u00f3n de la piel<\/strong>. Gracias a su capacidad para trabajar en diferentes capas de la dermis, InMode mejora la firmeza de la piel en zonas espec\u00edficas, como el cuello o la mand\u00edbula, donde la flacidez suele ser m\u00e1s notoria.<\/li>\n<li><strong>Reducci\u00f3n de cicatrices y marcas en la piel<\/strong>. Los dispositivos de InMode son efectivos para suavizar cicatrices, incluidas las provocadas por acn\u00e9 o cirug\u00eda, gracias a su capacidad para estimular la regeneraci\u00f3n de tejidos.<\/li>\n<\/ol>\n<h2>Beneficios de utilizar InMode en dermatolog\u00eda<\/h2>\n<ol>\n<li><strong>No invasivo y m\u00ednimamente invasivo<\/strong>: Los tratamientos con InMode son c\u00f3modos para el paciente, reduciendo significativamente el tiempo de recuperaci\u00f3n.<\/li>\n<li><strong>Resultados personalizados<\/strong>: La tecnolog\u00eda permite ajustar los par\u00e1metros seg\u00fan las necesidades espec\u00edficas de cada persona.<\/li>\n<li><strong>Seguridad<\/strong>: El sistema est\u00e1 dise\u00f1ado para minimizar riesgos, ofreciendo soluciones seguras para diversos tipos de piel.<\/li>\n<li><strong>Eficacia comprobada<\/strong>: Los estudios cl\u00ednicos y la experiencia de especialistas respaldan la efectividad de los tratamientos.<\/li>\n<\/ol>\n<h2>\u00bfPara qui\u00e9n est\u00e1 indicado?<\/h2>\n<p>InMode es una soluci\u00f3n ideal para pacientes que buscan mejorar la apariencia de su piel y su contorno corporal sin recurrir a cirug\u00edas invasivas. Es especialmente adecuado para quienes desean resultados naturales y progresivos, con procedimientos r\u00e1pidos y c\u00f3modos.<\/p>\n<p>La importancia de elegir un profesional especializado. Aunque la tecnolog\u00eda de InMode es segura y avanzada, es crucial que los tratamientos sean realizados por dermat\u00f3logos o especialistas en est\u00e9tica altamente capacitados. Esto asegura un diagn\u00f3stico preciso, la selecci\u00f3n del tratamiento m\u00e1s adecuado y resultados \u00f3ptimos.<\/p>\n<p>InMode representa un avance significativo en el campo de la dermatolog\u00eda est\u00e9tica, combinando innovaci\u00f3n tecnol\u00f3gica con soluciones personalizadas para cada paciente. Para quienes desean mejorar su piel, reducir imperfecciones y lograr un rejuvenecimiento visible, esta plataforma se presenta como una opci\u00f3n confiable, eficaz y segura.<\/p>\n<\/div><div class=\"fusion-clearfix\"><\/div><\/div><\/div><\/div><\/div><div class=\"fusion-fullwidth fullwidth-box fusion-builder-row-3 nonhundred-percent-fullwidth non-hundred-percent-height-scrolling\" style=\"--awb-border-radius-top-left:0px;--awb-border-radius-top-right:0px;--awb-border-radius-bottom-right:0px;--awb-border-radius-bottom-left:0px;--awb-flex-wrap:wrap;\" ><div class=\"fusion-builder-row fusion-row\"><div class=\"fusion-layout-column fusion_builder_column fusion-builder-column-2 fusion_builder_column_1_1 1_1 fusion-one-full fusion-column-first fusion-column-last\" style=\"--awb-bg-size:cover;\"><div class=\"fusion-column-wrapper fusion-flex-column-wrapper-legacy\"><div class=\"fusion-text fusion-text-4\"><h2 id=\"articulos\">Art\u00edculos de Inmode<\/h2>\n<\/div><div class=\"fusion-recent-posts fusion-recent-posts-1 avada-container layout-default layout-columns-3\"><section class=\"fusion-columns columns fusion-columns-3 columns-3\"><article class=\"post fusion-column column col col-lg-4 col-md-4 col-sm-4\"><div class=\"fusion-flexslider fusion-flexslider-loading flexslider flexslider-hover-type-none\"><ul class=\"slides\"><li><a href=\"https:\/\/www.idermic.es\/es\/morpheus8-de-inmodemd-tecnologia-de-radiofrecuencia-fraccionada\/\" aria-label=\"Morpheus8 de InModeMD. Tecnolog\u00eda de radiofrecuencia fraccionada\" class=\"hover-type-none\"><img decoding=\"async\" width=\"531\" height=\"341\" src=\"https:\/\/www.idermic.es\/wp-content\/uploads\/2020\/01\/Morpheus8-de-InModeMD.-Tecnolog\u00eda-de-radiofrecuencia-fraccionada.jpg\" class=\"attachment-recent-posts size-recent-posts\" alt=\"Morpheus8 de InModeMD. Tecnolog\u00eda de radiofrecuencia fraccionada en Idermic de Terrassa\" srcset=\"https:\/\/www.idermic.es\/wp-content\/uploads\/2020\/01\/Morpheus8-de-InModeMD.-Tecnolog\u00eda-de-radiofrecuencia-fraccionada-200x128.jpg 200w, https:\/\/www.idermic.es\/wp-content\/uploads\/2020\/01\/Morpheus8-de-InModeMD.-Tecnolog\u00eda-de-radiofrecuencia-fraccionada-300x193.jpg 300w, https:\/\/www.idermic.es\/wp-content\/uploads\/2020\/01\/Morpheus8-de-InModeMD.-Tecnolog\u00eda-de-radiofrecuencia-fraccionada-400x257.jpg 400w, https:\/\/www.idermic.es\/wp-content\/uploads\/2020\/01\/Morpheus8-de-InModeMD.-Tecnolog\u00eda-de-radiofrecuencia-fraccionada-460x295.jpg 460w, https:\/\/www.idermic.es\/wp-content\/uploads\/2020\/01\/Morpheus8-de-InModeMD.-Tecnolog\u00eda-de-radiofrecuencia-fraccionada.jpg 531w\" sizes=\"(max-width: 531px) 100vw, 531px\" \/><\/a><\/li><\/ul><\/div><div class=\"recent-posts-content\"><span class=\"vcard\" style=\"display: none;\"><span class=\"fn\"><a href=\"https:\/\/www.idermic.es\/es\/author\/adminwww\/\" rel=\"author\">admin@www<\/a><\/span><\/span><span class=\"updated\" style=\"display:none;\">2026-05-26T09:44:50+00:00<\/span><h4 class=\"entry-title\"><a href=\"https:\/\/www.idermic.es\/es\/morpheus8-de-inmodemd-tecnologia-de-radiofrecuencia-fraccionada\/\">Morpheus8 de InModeMD. Tecnolog\u00eda de radiofrecuencia fraccionada<\/a><\/h4><p class=\"meta\"><span class=\"vcard\" style=\"display: none;\"><span class=\"fn\"><a href=\"https:\/\/www.idermic.es\/es\/author\/adminwww\/\" rel=\"author\">admin@www<\/a><\/span><\/span><span class=\"updated\" style=\"display:none;\">2026-05-26T09:44:50+00:00<\/span><span>octubre 21st, 2024<\/span><span class=\"fusion-inline-sep\">|<\/span><span class=\"fusion-comments\"><a href=\"https:\/\/www.idermic.es\/es\/morpheus8-de-inmodemd-tecnologia-de-radiofrecuencia-fraccionada\/#respond\">0 Comments<\/a><\/span><\/p><p>Morpheus8 (radiofrecuencia fraccionada) en Idermic: remodela, tensa y mejora textura facial y corporal sin cirug\u00eda.<\/p><\/div><\/article><article class=\"post fusion-column column col col-lg-4 col-md-4 col-sm-4\"><div class=\"fusion-flexslider fusion-flexslider-loading flexslider flexslider-hover-type-none\"><ul class=\"slides\"><li><a href=\"https:\/\/www.idermic.es\/es\/morpheus8-360-users-meeting\/\" aria-label=\"Morpheus8 360 Users Meeting\" class=\"hover-type-none\"><img decoding=\"async\" width=\"576\" height=\"441\" src=\"https:\/\/www.idermic.es\/wp-content\/uploads\/2024\/10\/Captura-de-pantalla-2024-10-21-121200-576x441.jpg\" class=\"attachment-recent-posts size-recent-posts\" alt=\"La Dra Marta Vilavella ponente del Morpheus8 360 Users Meeting celebrado en Madrid\" \/><\/a><\/li><\/ul><\/div><div class=\"recent-posts-content\"><span class=\"vcard\" style=\"display: none;\"><span class=\"fn\"><a href=\"https:\/\/www.idermic.es\/es\/author\/diccionario\/\" rel=\"author\">Equipo<\/a><\/span><\/span><span class=\"updated\" style=\"display:none;\">2026-05-26T09:45:07+00:00<\/span><h4 class=\"entry-title\"><a href=\"https:\/\/www.idermic.es\/es\/morpheus8-360-users-meeting\/\">Morpheus8 360 Users Meeting<\/a><\/h4><p class=\"meta\"><span class=\"vcard\" style=\"display: none;\"><span class=\"fn\"><a href=\"https:\/\/www.idermic.es\/es\/author\/diccionario\/\" rel=\"author\">Equipo<\/a><\/span><\/span><span class=\"updated\" style=\"display:none;\">2026-05-26T09:45:07+00:00<\/span><span>octubre 21st, 2024<\/span><span class=\"fusion-inline-sep\">|<\/span><span class=\"fusion-comments\"><a href=\"https:\/\/www.idermic.es\/es\/morpheus8-360-users-meeting\/#respond\">0 Comments<\/a><\/span><\/p><p>El pasado s\u00e1bado se celebr\u00f3 en Madrid \"Morpheus8 360 Users Meeting\", evento destacado en el que la Dra Vilavella particip\u00f3 como ponente.<\/p><\/div><\/article><article class=\"post fusion-column column col col-lg-4 col-md-4 col-sm-4\"><div class=\"fusion-flexslider fusion-flexslider-loading flexslider flexslider-hover-type-none\"><ul class=\"slides\"><li><a href=\"https:\/\/www.idermic.es\/es\/hiperhidrosis-tratamiento-con-morpheus8\/\" aria-label=\"Hiperhidrosis con Morpheus8: controla sudor excesivo\" class=\"hover-type-none\"><img decoding=\"async\" width=\"700\" height=\"441\" src=\"https:\/\/www.idermic.es\/wp-content\/uploads\/2020\/01\/Tratamiento-de-la-hiperhidrosis-con-Morpheus8-700x441.jpg\" class=\"attachment-recent-posts size-recent-posts\" alt=\"Tratamiento de la hiperhidrosis con Morpheus8 en Idermic de Terrassa\" srcset=\"https:\/\/www.idermic.es\/wp-content\/uploads\/2020\/01\/Tratamiento-de-la-hiperhidrosis-con-Morpheus8-320x202.jpg 320w, https:\/\/www.idermic.es\/wp-content\/uploads\/2020\/01\/Tratamiento-de-la-hiperhidrosis-con-Morpheus8-700x441.jpg 700w\" sizes=\"(max-width: 700px) 100vw, 700px\" \/><\/a><\/li><\/ul><\/div><div class=\"recent-posts-content\"><span class=\"vcard\" style=\"display: none;\"><span class=\"fn\"><a href=\"https:\/\/www.idermic.es\/es\/author\/adminwww\/\" rel=\"author\">admin@www<\/a><\/span><\/span><span class=\"updated\" style=\"display:none;\">2026-07-15T09:41:39+00:00<\/span><h4 class=\"entry-title\"><a href=\"https:\/\/www.idermic.es\/es\/hiperhidrosis-tratamiento-con-morpheus8\/\">Hiperhidrosis con Morpheus8: controla sudor excesivo<\/a><\/h4><p class=\"meta\"><span class=\"vcard\" style=\"display: none;\"><span class=\"fn\"><a href=\"https:\/\/www.idermic.es\/es\/author\/adminwww\/\" rel=\"author\">admin@www<\/a><\/span><\/span><span class=\"updated\" style=\"display:none;\">2026-07-15T09:41:39+00:00<\/span><span>enero 16th, 2020<\/span><span class=\"fusion-inline-sep\">|<\/span><span class=\"fusion-comments\"><a href=\"https:\/\/www.idermic.es\/es\/hiperhidrosis-tratamiento-con-morpheus8\/#respond\">0 Comments<\/a><\/span><\/p><p>Tratamiento con Morpheus8 para hiperhidrosis: reduce sudoraci\u00f3n excesiva de forma segura y eficaz, sin cirug\u00eda ni largas recuperaciones.<\/p><\/div><\/article><article class=\"post fusion-column column col col-lg-4 col-md-4 col-sm-4\"><div class=\"fusion-flexslider fusion-flexslider-loading flexslider flexslider-hover-type-none\"><ul class=\"slides\"><li><a href=\"https:\/\/www.idermic.es\/es\/tratamiento-de-las-cicatrices-del-acne-con-morpheus8\/\" aria-label=\"Tratamiento de las cicatrices del acn\u00e9 con Morpheus8\" class=\"hover-type-none\"><img decoding=\"async\" width=\"700\" height=\"441\" src=\"https:\/\/www.idermic.es\/wp-content\/uploads\/2020\/01\/Tratamiento-de-las-cicatrices-del-acn\u00e9-con-Morpheus8-700x441.jpg\" class=\"attachment-recent-posts size-recent-posts\" alt=\"Tratamiento de las cicatrices del acn\u00e9 con Morpheus8 en Idermic de Terrassa\" srcset=\"https:\/\/www.idermic.es\/wp-content\/uploads\/2020\/01\/Tratamiento-de-las-cicatrices-del-acn\u00e9-con-Morpheus8-320x202.jpg 320w, https:\/\/www.idermic.es\/wp-content\/uploads\/2020\/01\/Tratamiento-de-las-cicatrices-del-acn\u00e9-con-Morpheus8-700x441.jpg 700w\" sizes=\"(max-width: 700px) 100vw, 700px\" \/><\/a><\/li><\/ul><\/div><div class=\"recent-posts-content\"><span class=\"vcard\" style=\"display: none;\"><span class=\"fn\"><a href=\"https:\/\/www.idermic.es\/es\/author\/adminwww\/\" rel=\"author\">admin@www<\/a><\/span><\/span><span class=\"updated\" style=\"display:none;\">2026-07-15T09:40:14+00:00<\/span><h4 class=\"entry-title\"><a href=\"https:\/\/www.idermic.es\/es\/tratamiento-de-las-cicatrices-del-acne-con-morpheus8\/\">Tratamiento de las cicatrices del acn\u00e9 con Morpheus8<\/a><\/h4><p class=\"meta\"><span class=\"vcard\" style=\"display: none;\"><span class=\"fn\"><a href=\"https:\/\/www.idermic.es\/es\/author\/adminwww\/\" rel=\"author\">admin@www<\/a><\/span><\/span><span class=\"updated\" style=\"display:none;\">2026-07-15T09:40:14+00:00<\/span><span>enero 15th, 2020<\/span><span class=\"fusion-inline-sep\">|<\/span><span class=\"fusion-comments\"><a href=\"https:\/\/www.idermic.es\/es\/tratamiento-de-las-cicatrices-del-acne-con-morpheus8\/#respond\">0 Comments<\/a><\/span><\/p><p>Tratamiento de cicatrices del acn\u00e9 con Morpheus8: mejora textura, elasticidad y tensa la piel sin cirug\u00eda. Sesiones c\u00f3modas y resultados.<\/p><\/div><\/article><article class=\"post fusion-column column col col-lg-4 col-md-4 col-sm-4\"><div class=\"fusion-flexslider fusion-flexslider-loading flexslider flexslider-hover-type-none\"><ul class=\"slides\"><li><a href=\"https:\/\/www.idermic.es\/es\/diolaze-el-nuevo-laser-de-diodo-de-inmode-para-la-depilacion-definitiva\/\" aria-label=\"Diolaze, el nuevo l\u00e1ser de diodo de InMode para la depilaci\u00f3n definitiva\" class=\"hover-type-none\"><img decoding=\"async\" width=\"497\" height=\"441\" src=\"https:\/\/www.idermic.es\/wp-content\/uploads\/2019\/08\/Diolaze.-Depilacion-Laser-de-InMode-497x441.jpg\" class=\"attachment-recent-posts size-recent-posts\" alt=\"Diolaze. Depilaci\u00f3n L\u00e1ser de InMode\" \/><\/a><\/li><\/ul><\/div><div class=\"recent-posts-content\"><span class=\"vcard\" style=\"display: none;\"><span class=\"fn\"><a href=\"https:\/\/www.idermic.es\/es\/author\/clinica\/\" rel=\"author\">Clinica<\/a><\/span><\/span><span class=\"updated\" style=\"display:none;\">2019-10-10T17:13:53+00:00<\/span><h4 class=\"entry-title\"><a href=\"https:\/\/www.idermic.es\/es\/diolaze-el-nuevo-laser-de-diodo-de-inmode-para-la-depilacion-definitiva\/\">Diolaze, el nuevo l\u00e1ser de diodo de InMode para la depilaci\u00f3n definitiva<\/a><\/h4><p class=\"meta\"><span class=\"vcard\" style=\"display: none;\"><span class=\"fn\"><a href=\"https:\/\/www.idermic.es\/es\/author\/clinica\/\" rel=\"author\">Clinica<\/a><\/span><\/span><span class=\"updated\" style=\"display:none;\">2019-10-10T17:13:53+00:00<\/span><span>agosto 18th, 2019<\/span><span class=\"fusion-inline-sep\">|<\/span><span class=\"fusion-comments\"><a href=\"https:\/\/www.idermic.es\/es\/diolaze-el-nuevo-laser-de-diodo-de-inmode-para-la-depilacion-definitiva\/#respond\">0 Comments<\/a><\/span><\/p><p>Idermic incorpora el Diolaze, el nuevo l\u00e1ser de diodo de InMode para la depilaci\u00f3n definitiva, uno de los m\u00e1s r\u00e1pidos y efectivos del mercado.<\/p><\/div><\/article><article class=\"post fusion-column column col col-lg-4 col-md-4 col-sm-4\"><div class=\"fusion-flexslider fusion-flexslider-loading flexslider flexslider-hover-type-none\"><ul class=\"slides\"><li><a href=\"https:\/\/www.idermic.es\/es\/inmode-la-nueva-plataforma-adquirida-por-idermic\/\" aria-label=\"InMode la nueva plataforma adquirida por idermic\" class=\"hover-type-none\"><img decoding=\"async\" width=\"600\" height=\"400\" src=\"https:\/\/www.idermic.es\/wp-content\/uploads\/2019\/08\/inmode.-Plataforma-de-idermic-en-Terrassa.jpg\" class=\"attachment-recent-posts size-recent-posts\" alt=\"InMode. Plataforma de idermic en Terrassa\" srcset=\"https:\/\/www.idermic.es\/wp-content\/uploads\/2019\/08\/inmode.-Plataforma-de-idermic-en-Terrassa-200x133.jpg 200w, https:\/\/www.idermic.es\/wp-content\/uploads\/2019\/08\/inmode.-Plataforma-de-idermic-en-Terrassa-300x200.jpg 300w, https:\/\/www.idermic.es\/wp-content\/uploads\/2019\/08\/inmode.-Plataforma-de-idermic-en-Terrassa-400x267.jpg 400w, https:\/\/www.idermic.es\/wp-content\/uploads\/2019\/08\/inmode.-Plataforma-de-idermic-en-Terrassa.jpg 600w\" sizes=\"(max-width: 600px) 100vw, 600px\" \/><\/a><\/li><\/ul><\/div><div class=\"recent-posts-content\"><span class=\"vcard\" style=\"display: none;\"><span class=\"fn\"><a href=\"https:\/\/www.idermic.es\/es\/author\/clinica\/\" rel=\"author\">Clinica<\/a><\/span><\/span><span class=\"updated\" style=\"display:none;\">2026-05-26T09:45:11+00:00<\/span><h4 class=\"entry-title\"><a href=\"https:\/\/www.idermic.es\/es\/inmode-la-nueva-plataforma-adquirida-por-idermic\/\">InMode la nueva plataforma adquirida por idermic<\/a><\/h4><p class=\"meta\"><span class=\"vcard\" style=\"display: none;\"><span class=\"fn\"><a href=\"https:\/\/www.idermic.es\/es\/author\/clinica\/\" rel=\"author\">Clinica<\/a><\/span><\/span><span class=\"updated\" style=\"display:none;\">2026-05-26T09:45:11+00:00<\/span><span>agosto 15th, 2019<\/span><span class=\"fusion-inline-sep\">|<\/span><span class=\"fusion-comments\"><a href=\"https:\/\/www.idermic.es\/es\/inmode-la-nueva-plataforma-adquirida-por-idermic\/#respond\">0 Comments<\/a><\/span><\/p><p>Idermic incorpora a partir de ahora la plataforma InMode. un equipamiento que est\u00e1 revolucionando la medicina est\u00e9tica en el mundo.<\/p><\/div><\/article><\/section><\/div><div class=\"fusion-clearfix\"><\/div><\/div><\/div><\/div><\/div><\/p>\n","protected":false},"excerpt":{"rendered":"<p>Idermic incorpora a partir de ahora la plataforma InMode. un equipamiento que est\u00e1 revolucionando la medicina est\u00e9tica en el mundo.<\/p>\n","protected":false},"author":2,"featured_media":1804,"comment_status":"open","ping_status":"open","sticky":false,"template":"","format":"standard","meta":{"_joinchat":[],"footnotes":""},"categories":[37,36],"tags":[41,40],"class_list":["post-1797","post","type-post","status-publish","format-standard","has-post-thumbnail","hentry","category-tecnologia","category-tratamientos-de-medicina-estetica","tag-inmode","tag-radiofrecuencia"],"yoast_head":"<!-- This site is optimized with the Yoast SEO plugin v28.4 - https:\/\/yoast.com\/product\/yoast-seo-wordpress\/ -->\n<title>InMode la nueva plataforma adquirida por idermic - Idermic. Dermatolog\u00eda en Terrassa<\/title>\n<meta name=\"description\" content=\"Idermic incorpora a partir de ahora la plataforma InMode. un equipamiento que est\u00e1 revolucionando la medicina est\u00e9tica en el mundo.\" \/>\n<meta name=\"robots\" content=\"index, follow, max-snippet:-1, max-image-preview:large, max-video-preview:-1\" \/>\n<link rel=\"canonical\" href=\"https:\/\/www.idermic.es\/es\/inmode-la-nueva-plataforma-adquirida-por-idermic\/\" \/>\n<meta property=\"og:locale\" content=\"es_ES\" \/>\n<meta property=\"og:type\" content=\"article\" \/>\n<meta property=\"og:title\" content=\"InMode la nueva plataforma adquirida por idermic - Idermic. Dermatolog\u00eda en Terrassa\" \/>\n<meta property=\"og:description\" content=\"Idermic incorpora a partir de ahora la plataforma InMode. un equipamiento que est\u00e1 revolucionando la medicina est\u00e9tica en el mundo.\" \/>\n<meta property=\"og:url\" content=\"https:\/\/www.idermic.es\/es\/inmode-la-nueva-plataforma-adquirida-por-idermic\/\" \/>\n<meta property=\"og:site_name\" content=\"Idermic. Dermatolog\u00eda en Terrassa\" \/>\n<meta property=\"article:publisher\" content=\"https:\/\/www.facebook.com\/Idermic\" \/>\n<meta property=\"article:published_time\" content=\"2019-08-15T22:33:51+00:00\" \/>\n<meta property=\"article:modified_time\" content=\"2026-05-26T09:45:11+00:00\" \/>\n<meta property=\"og:image\" content=\"https:\/\/www.idermic.es\/wp-content\/uploads\/2019\/08\/inmode.-Plataforma-de-idermic-en-Terrassa.jpg\" \/>\n\t<meta property=\"og:image:width\" content=\"600\" \/>\n\t<meta property=\"og:image:height\" content=\"400\" \/>\n\t<meta property=\"og:image:type\" content=\"image\/jpeg\" \/>\n<meta name=\"author\" content=\"Clinica\" \/>\n<meta name=\"twitter:card\" content=\"summary_large_image\" \/>\n<meta name=\"twitter:creator\" content=\"@idermic\" \/>\n<meta name=\"twitter:site\" content=\"@idermic\" \/>\n<meta name=\"twitter:label1\" content=\"Escrito por\" \/>\n\t<meta name=\"twitter:data1\" content=\"Clinica\" \/>\n\t<meta name=\"twitter:label2\" content=\"Tiempo de lectura\" \/>\n\t<meta name=\"twitter:data2\" content=\"7 minutos\" \/>\n<script type=\"application\/ld+json\" class=\"yoast-schema-graph\">{\"@context\":\"https:\\\/\\\/schema.org\",\"@graph\":[{\"@type\":\"Article\",\"@id\":\"https:\\\/\\\/www.idermic.es\\\/es\\\/inmode-la-nueva-plataforma-adquirida-por-idermic\\\/#article\",\"isPartOf\":{\"@id\":\"https:\\\/\\\/www.idermic.es\\\/es\\\/inmode-la-nueva-plataforma-adquirida-por-idermic\\\/\"},\"author\":{\"name\":\"Clinica\",\"@id\":\"https:\\\/\\\/www.idermic.es\\\/#\\\/schema\\\/person\\\/cc5e001d23d913309bfd3dfafb22ec95\"},\"headline\":\"InMode la nueva plataforma adquirida por idermic\",\"datePublished\":\"2019-08-15T22:33:51+00:00\",\"dateModified\":\"2026-05-26T09:45:11+00:00\",\"mainEntityOfPage\":{\"@id\":\"https:\\\/\\\/www.idermic.es\\\/es\\\/inmode-la-nueva-plataforma-adquirida-por-idermic\\\/\"},\"wordCount\":1451,\"commentCount\":0,\"publisher\":{\"@id\":\"https:\\\/\\\/www.idermic.es\\\/#organization\"},\"image\":{\"@id\":\"https:\\\/\\\/www.idermic.es\\\/es\\\/inmode-la-nueva-plataforma-adquirida-por-idermic\\\/#primaryimage\"},\"thumbnailUrl\":\"https:\\\/\\\/www.idermic.es\\\/wp-content\\\/uploads\\\/2019\\\/08\\\/inmode.-Plataforma-de-idermic-en-Terrassa.jpg\",\"keywords\":[\"InMode\",\"Radiofrecuencia\"],\"articleSection\":[\"Tecnolog\u00eda\",\"Tratamientos de Medicina Est\u00e9tica\"],\"inLanguage\":\"es\",\"potentialAction\":[{\"@type\":\"CommentAction\",\"name\":\"Comment\",\"target\":[\"https:\\\/\\\/www.idermic.es\\\/es\\\/inmode-la-nueva-plataforma-adquirida-por-idermic\\\/#respond\"]}]},{\"@type\":\"WebPage\",\"@id\":\"https:\\\/\\\/www.idermic.es\\\/es\\\/inmode-la-nueva-plataforma-adquirida-por-idermic\\\/\",\"url\":\"https:\\\/\\\/www.idermic.es\\\/es\\\/inmode-la-nueva-plataforma-adquirida-por-idermic\\\/\",\"name\":\"InMode la nueva plataforma adquirida por idermic - Idermic. Dermatolog\u00eda en Terrassa\",\"isPartOf\":{\"@id\":\"https:\\\/\\\/www.idermic.es\\\/#website\"},\"primaryImageOfPage\":{\"@id\":\"https:\\\/\\\/www.idermic.es\\\/es\\\/inmode-la-nueva-plataforma-adquirida-por-idermic\\\/#primaryimage\"},\"image\":{\"@id\":\"https:\\\/\\\/www.idermic.es\\\/es\\\/inmode-la-nueva-plataforma-adquirida-por-idermic\\\/#primaryimage\"},\"thumbnailUrl\":\"https:\\\/\\\/www.idermic.es\\\/wp-content\\\/uploads\\\/2019\\\/08\\\/inmode.-Plataforma-de-idermic-en-Terrassa.jpg\",\"datePublished\":\"2019-08-15T22:33:51+00:00\",\"dateModified\":\"2026-05-26T09:45:11+00:00\",\"description\":\"Idermic incorpora a partir de ahora la plataforma InMode. un equipamiento que est\u00e1 revolucionando la medicina est\u00e9tica en el mundo.\",\"breadcrumb\":{\"@id\":\"https:\\\/\\\/www.idermic.es\\\/es\\\/inmode-la-nueva-plataforma-adquirida-por-idermic\\\/#breadcrumb\"},\"inLanguage\":\"es\",\"potentialAction\":[{\"@type\":\"ReadAction\",\"target\":[\"https:\\\/\\\/www.idermic.es\\\/es\\\/inmode-la-nueva-plataforma-adquirida-por-idermic\\\/\"]}]},{\"@type\":\"ImageObject\",\"inLanguage\":\"es\",\"@id\":\"https:\\\/\\\/www.idermic.es\\\/es\\\/inmode-la-nueva-plataforma-adquirida-por-idermic\\\/#primaryimage\",\"url\":\"https:\\\/\\\/www.idermic.es\\\/wp-content\\\/uploads\\\/2019\\\/08\\\/inmode.-Plataforma-de-idermic-en-Terrassa.jpg\",\"contentUrl\":\"https:\\\/\\\/www.idermic.es\\\/wp-content\\\/uploads\\\/2019\\\/08\\\/inmode.-Plataforma-de-idermic-en-Terrassa.jpg\",\"width\":600,\"height\":400,\"caption\":\"InMode. Plataforma de idermic en Terrassa\"},{\"@type\":\"BreadcrumbList\",\"@id\":\"https:\\\/\\\/www.idermic.es\\\/es\\\/inmode-la-nueva-plataforma-adquirida-por-idermic\\\/#breadcrumb\",\"itemListElement\":[{\"@type\":\"ListItem\",\"position\":1,\"name\":\"Inici\",\"item\":\"https:\\\/\\\/www.idermic.es\\\/es\\\/\"},{\"@type\":\"ListItem\",\"position\":2,\"name\":\"InMode la nueva plataforma adquirida por idermic\"}]},{\"@type\":\"WebSite\",\"@id\":\"https:\\\/\\\/www.idermic.es\\\/#website\",\"url\":\"https:\\\/\\\/www.idermic.es\\\/\",\"name\":\"Idermic. Dermatolog\u00eda en Terrassa\",\"description\":\"Dermatolog\u00eda, Medicina est\u00e9tica, Cirurg\u00eda Pl\u00e0stica\",\"publisher\":{\"@id\":\"https:\\\/\\\/www.idermic.es\\\/#organization\"},\"potentialAction\":[{\"@type\":\"SearchAction\",\"target\":{\"@type\":\"EntryPoint\",\"urlTemplate\":\"https:\\\/\\\/www.idermic.es\\\/?s={search_term_string}\"},\"query-input\":{\"@type\":\"PropertyValueSpecification\",\"valueRequired\":true,\"valueName\":\"search_term_string\"}}],\"inLanguage\":\"es\"},{\"@type\":\"Organization\",\"@id\":\"https:\\\/\\\/www.idermic.es\\\/#organization\",\"name\":\"Idermic. Dermatolog\u00eda en Terrassa\",\"url\":\"https:\\\/\\\/www.idermic.es\\\/\",\"logo\":{\"@type\":\"ImageObject\",\"inLanguage\":\"es\",\"@id\":\"https:\\\/\\\/www.idermic.es\\\/#\\\/schema\\\/logo\\\/image\\\/\",\"url\":\"https:\\\/\\\/www.idermic.es\\\/wp-content\\\/uploads\\\/2025\\\/10\\\/Logo-Idermic.jpg\",\"contentUrl\":\"https:\\\/\\\/www.idermic.es\\\/wp-content\\\/uploads\\\/2025\\\/10\\\/Logo-Idermic.jpg\",\"width\":501,\"height\":502,\"caption\":\"Idermic. Dermatolog\u00eda en Terrassa\"},\"image\":{\"@id\":\"https:\\\/\\\/www.idermic.es\\\/#\\\/schema\\\/logo\\\/image\\\/\"},\"sameAs\":[\"https:\\\/\\\/www.facebook.com\\\/Idermic\",\"https:\\\/\\\/x.com\\\/idermic\",\"https:\\\/\\\/www.instagram.com\\\/idermicclinic\\\/\",\"https:\\\/\\\/www.youtube.com\\\/channel\\\/UCyAHC9-p8lc6hr_nguO8p_g\"]},{\"@type\":\"Person\",\"@id\":\"https:\\\/\\\/www.idermic.es\\\/#\\\/schema\\\/person\\\/cc5e001d23d913309bfd3dfafb22ec95\",\"name\":\"Clinica\",\"image\":{\"@type\":\"ImageObject\",\"inLanguage\":\"es\",\"@id\":\"https:\\\/\\\/secure.gravatar.com\\\/avatar\\\/182f7ac821c85b9a9cd58ac64f26c9396c53342ed0006ba8805135223443797e?s=96&d=mm&r=g\",\"url\":\"https:\\\/\\\/secure.gravatar.com\\\/avatar\\\/182f7ac821c85b9a9cd58ac64f26c9396c53342ed0006ba8805135223443797e?s=96&d=mm&r=g\",\"contentUrl\":\"https:\\\/\\\/secure.gravatar.com\\\/avatar\\\/182f7ac821c85b9a9cd58ac64f26c9396c53342ed0006ba8805135223443797e?s=96&d=mm&r=g\",\"caption\":\"Clinica\"}}]}<\/script>\n<!-- \/ Yoast SEO plugin. -->","yoast_head_json":{"title":"InMode la nueva plataforma adquirida por idermic - Idermic. Dermatolog\u00eda en Terrassa","description":"Idermic incorpora a partir de ahora la plataforma InMode. un equipamiento que est\u00e1 revolucionando la medicina est\u00e9tica en el mundo.","robots":{"index":"index","follow":"follow","max-snippet":"max-snippet:-1","max-image-preview":"max-image-preview:large","max-video-preview":"max-video-preview:-1"},"canonical":"https:\/\/www.idermic.es\/es\/inmode-la-nueva-plataforma-adquirida-por-idermic\/","og_locale":"es_ES","og_type":"article","og_title":"InMode la nueva plataforma adquirida por idermic - Idermic. Dermatolog\u00eda en Terrassa","og_description":"Idermic incorpora a partir de ahora la plataforma InMode. un equipamiento que est\u00e1 revolucionando la medicina est\u00e9tica en el mundo.","og_url":"https:\/\/www.idermic.es\/es\/inmode-la-nueva-plataforma-adquirida-por-idermic\/","og_site_name":"Idermic. Dermatolog\u00eda en Terrassa","article_publisher":"https:\/\/www.facebook.com\/Idermic","article_published_time":"2019-08-15T22:33:51+00:00","article_modified_time":"2026-05-26T09:45:11+00:00","og_image":[{"width":600,"height":400,"url":"https:\/\/www.idermic.es\/wp-content\/uploads\/2019\/08\/inmode.-Plataforma-de-idermic-en-Terrassa.jpg","type":"image\/jpeg"}],"author":"Clinica","twitter_card":"summary_large_image","twitter_creator":"@idermic","twitter_site":"@idermic","twitter_misc":{"Escrito por":"Clinica","Tiempo de lectura":"7 minutos"},"schema":{"@context":"https:\/\/schema.org","@graph":[{"@type":"Article","@id":"https:\/\/www.idermic.es\/es\/inmode-la-nueva-plataforma-adquirida-por-idermic\/#article","isPartOf":{"@id":"https:\/\/www.idermic.es\/es\/inmode-la-nueva-plataforma-adquirida-por-idermic\/"},"author":{"name":"Clinica","@id":"https:\/\/www.idermic.es\/#\/schema\/person\/cc5e001d23d913309bfd3dfafb22ec95"},"headline":"InMode la nueva plataforma adquirida por idermic","datePublished":"2019-08-15T22:33:51+00:00","dateModified":"2026-05-26T09:45:11+00:00","mainEntityOfPage":{"@id":"https:\/\/www.idermic.es\/es\/inmode-la-nueva-plataforma-adquirida-por-idermic\/"},"wordCount":1451,"commentCount":0,"publisher":{"@id":"https:\/\/www.idermic.es\/#organization"},"image":{"@id":"https:\/\/www.idermic.es\/es\/inmode-la-nueva-plataforma-adquirida-por-idermic\/#primaryimage"},"thumbnailUrl":"https:\/\/www.idermic.es\/wp-content\/uploads\/2019\/08\/inmode.-Plataforma-de-idermic-en-Terrassa.jpg","keywords":["InMode","Radiofrecuencia"],"articleSection":["Tecnolog\u00eda","Tratamientos de Medicina Est\u00e9tica"],"inLanguage":"es","potentialAction":[{"@type":"CommentAction","name":"Comment","target":["https:\/\/www.idermic.es\/es\/inmode-la-nueva-plataforma-adquirida-por-idermic\/#respond"]}]},{"@type":"WebPage","@id":"https:\/\/www.idermic.es\/es\/inmode-la-nueva-plataforma-adquirida-por-idermic\/","url":"https:\/\/www.idermic.es\/es\/inmode-la-nueva-plataforma-adquirida-por-idermic\/","name":"InMode la nueva plataforma adquirida por idermic - Idermic. Dermatolog\u00eda en Terrassa","isPartOf":{"@id":"https:\/\/www.idermic.es\/#website"},"primaryImageOfPage":{"@id":"https:\/\/www.idermic.es\/es\/inmode-la-nueva-plataforma-adquirida-por-idermic\/#primaryimage"},"image":{"@id":"https:\/\/www.idermic.es\/es\/inmode-la-nueva-plataforma-adquirida-por-idermic\/#primaryimage"},"thumbnailUrl":"https:\/\/www.idermic.es\/wp-content\/uploads\/2019\/08\/inmode.-Plataforma-de-idermic-en-Terrassa.jpg","datePublished":"2019-08-15T22:33:51+00:00","dateModified":"2026-05-26T09:45:11+00:00","description":"Idermic incorpora a partir de ahora la plataforma InMode. un equipamiento que est\u00e1 revolucionando la medicina est\u00e9tica en el mundo.","breadcrumb":{"@id":"https:\/\/www.idermic.es\/es\/inmode-la-nueva-plataforma-adquirida-por-idermic\/#breadcrumb"},"inLanguage":"es","potentialAction":[{"@type":"ReadAction","target":["https:\/\/www.idermic.es\/es\/inmode-la-nueva-plataforma-adquirida-por-idermic\/"]}]},{"@type":"ImageObject","inLanguage":"es","@id":"https:\/\/www.idermic.es\/es\/inmode-la-nueva-plataforma-adquirida-por-idermic\/#primaryimage","url":"https:\/\/www.idermic.es\/wp-content\/uploads\/2019\/08\/inmode.-Plataforma-de-idermic-en-Terrassa.jpg","contentUrl":"https:\/\/www.idermic.es\/wp-content\/uploads\/2019\/08\/inmode.-Plataforma-de-idermic-en-Terrassa.jpg","width":600,"height":400,"caption":"InMode. Plataforma de idermic en Terrassa"},{"@type":"BreadcrumbList","@id":"https:\/\/www.idermic.es\/es\/inmode-la-nueva-plataforma-adquirida-por-idermic\/#breadcrumb","itemListElement":[{"@type":"ListItem","position":1,"name":"Inici","item":"https:\/\/www.idermic.es\/es\/"},{"@type":"ListItem","position":2,"name":"InMode la nueva plataforma adquirida por idermic"}]},{"@type":"WebSite","@id":"https:\/\/www.idermic.es\/#website","url":"https:\/\/www.idermic.es\/","name":"Idermic. Dermatolog\u00eda en Terrassa","description":"Dermatolog\u00eda, Medicina est\u00e9tica, Cirurg\u00eda Pl\u00e0stica","publisher":{"@id":"https:\/\/www.idermic.es\/#organization"},"potentialAction":[{"@type":"SearchAction","target":{"@type":"EntryPoint","urlTemplate":"https:\/\/www.idermic.es\/?s={search_term_string}"},"query-input":{"@type":"PropertyValueSpecification","valueRequired":true,"valueName":"search_term_string"}}],"inLanguage":"es"},{"@type":"Organization","@id":"https:\/\/www.idermic.es\/#organization","name":"Idermic. Dermatolog\u00eda en Terrassa","url":"https:\/\/www.idermic.es\/","logo":{"@type":"ImageObject","inLanguage":"es","@id":"https:\/\/www.idermic.es\/#\/schema\/logo\/image\/","url":"https:\/\/www.idermic.es\/wp-content\/uploads\/2025\/10\/Logo-Idermic.jpg","contentUrl":"https:\/\/www.idermic.es\/wp-content\/uploads\/2025\/10\/Logo-Idermic.jpg","width":501,"height":502,"caption":"Idermic. Dermatolog\u00eda en Terrassa"},"image":{"@id":"https:\/\/www.idermic.es\/#\/schema\/logo\/image\/"},"sameAs":["https:\/\/www.facebook.com\/Idermic","https:\/\/x.com\/idermic","https:\/\/www.instagram.com\/idermicclinic\/","https:\/\/www.youtube.com\/channel\/UCyAHC9-p8lc6hr_nguO8p_g"]},{"@type":"Person","@id":"https:\/\/www.idermic.es\/#\/schema\/person\/cc5e001d23d913309bfd3dfafb22ec95","name":"Clinica","image":{"@type":"ImageObject","inLanguage":"es","@id":"https:\/\/secure.gravatar.com\/avatar\/182f7ac821c85b9a9cd58ac64f26c9396c53342ed0006ba8805135223443797e?s=96&d=mm&r=g","url":"https:\/\/secure.gravatar.com\/avatar\/182f7ac821c85b9a9cd58ac64f26c9396c53342ed0006ba8805135223443797e?s=96&d=mm&r=g","contentUrl":"https:\/\/secure.gravatar.com\/avatar\/182f7ac821c85b9a9cd58ac64f26c9396c53342ed0006ba8805135223443797e?s=96&d=mm&r=g","caption":"Clinica"}}]}},"_links":{"self":[{"href":"https:\/\/www.idermic.es\/es\/wp-json\/wp\/v2\/posts\/1797","targetHints":{"allow":["GET"]}}],"collection":[{"href":"https:\/\/www.idermic.es\/es\/wp-json\/wp\/v2\/posts"}],"about":[{"href":"https:\/\/www.idermic.es\/es\/wp-json\/wp\/v2\/types\/post"}],"author":[{"embeddable":true,"href":"https:\/\/www.idermic.es\/es\/wp-json\/wp\/v2\/users\/2"}],"replies":[{"embeddable":true,"href":"https:\/\/www.idermic.es\/es\/wp-json\/wp\/v2\/comments?post=1797"}],"version-history":[{"count":7,"href":"https:\/\/www.idermic.es\/es\/wp-json\/wp\/v2\/posts\/1797\/revisions"}],"predecessor-version":[{"id":10206,"href":"https:\/\/www.idermic.es\/es\/wp-json\/wp\/v2\/posts\/1797\/revisions\/10206"}],"wp:featuredmedia":[{"embeddable":true,"href":"https:\/\/www.idermic.es\/es\/wp-json\/wp\/v2\/media\/1804"}],"wp:attachment":[{"href":"https:\/\/www.idermic.es\/es\/wp-json\/wp\/v2\/media?parent=1797"}],"wp:term":[{"taxonomy":"category","embeddable":true,"href":"https:\/\/www.idermic.es\/es\/wp-json\/wp\/v2\/categories?post=1797"},{"taxonomy":"post_tag","embeddable":true,"href":"https:\/\/www.idermic.es\/es\/wp-json\/wp\/v2\/tags?post=1797"}],"curies":[{"name":"wp","href":"https:\/\/api.w.org\/{rel}","templated":true}]}}