{"id":1782,"date":"2017-04-27T14:32:16","date_gmt":"2017-04-27T14:32:16","guid":{"rendered":"https:\/\/www.idermic.es\/?p=1782"},"modified":"2026-05-26T09:44:51","modified_gmt":"2026-05-26T09:44:51","slug":"forma-radiofrecuencia-de-ultima-generacion","status":"publish","type":"post","link":"https:\/\/www.idermic.es\/es\/forma-radiofrecuencia-de-ultima-generacion\/","title":{"rendered":"Forma, radiofrecuencia de \u00faltima generaci\u00f3n"},"content":{"rendered":"<div class=\"fusion-fullwidth fullwidth-box fusion-builder-row-1 nonhundred-percent-fullwidth non-hundred-percent-height-scrolling\" style=\"--awb-border-radius-top-left:0px;--awb-border-radius-top-right:0px;--awb-border-radius-bottom-right:0px;--awb-border-radius-bottom-left:0px;--awb-margin-top:32px;--awb-margin-bottom:32px;--awb-flex-wrap:wrap;\" ><div class=\"fusion-builder-row fusion-row\"><div class=\"fusion-layout-column fusion_builder_column fusion-builder-column-0 fusion_builder_column_1_1 1_1 fusion-one-full fusion-column-first fusion-column-last\" style=\"--awb-bg-size:cover;\"><div class=\"fusion-column-wrapper fusion-flex-column-wrapper-legacy\"><div class=\"fusion-text fusion-text-1\"><h2>Forma, radiofrecuencia de \u00faltima generaci\u00f3n<\/h2>\n<\/div><div class=\"fusion-text fusion-text-2\"><p><span style=\"font-weight: 400;\">Forma, un dispositivo de la <strong>plataforma InMode<\/strong>, radiofrecuencia de \u00faltima generaci\u00f3n que estimula la formaci\u00f3n de nuevo col\u00e1geno y mejora la elasticidad de la piel. <\/span><\/p>\n<p><span style=\"font-weight: 400;\">En la cara se utiliza para mejorar la <a href=\"https:\/\/www.sanibook.net\/diccionario-de-salud\/?abitem_id=91\"><strong>flacidez cut\u00e1nea<\/strong><\/a> del tercio inferior y el <strong>doble ment\u00f3n<\/strong>, tambi\u00e9n mejora las arrugas superficiales y el aspecto general de la piel. \u00a0A nivel corporal permite mejorar el aspecto de la <strong>celulitis<\/strong> o p<strong>iel de naranja<\/strong>, aumentar la <strong>turgencia de los gl\u00fateos<\/strong> y mejorar la <strong>flacidez en muslos<\/strong>.<\/span><\/p>\n<p><img decoding=\"async\" class=\"alignnone wp-image-1786 size-full\" src=\"https:\/\/www.idermic.es\/wp-content\/uploads\/2019\/08\/Forma-Inmode-doble-menton.jpg\" alt=\"Forma-Inmode-doble-menton\" width=\"760\" height=\"390\" srcset=\"https:\/\/www.idermic.es\/wp-content\/uploads\/2019\/08\/Forma-Inmode-doble-menton-200x103.jpg 200w, https:\/\/www.idermic.es\/wp-content\/uploads\/2019\/08\/Forma-Inmode-doble-menton-300x154.jpg 300w, https:\/\/www.idermic.es\/wp-content\/uploads\/2019\/08\/Forma-Inmode-doble-menton-400x205.jpg 400w, https:\/\/www.idermic.es\/wp-content\/uploads\/2019\/08\/Forma-Inmode-doble-menton-600x308.jpg 600w, https:\/\/www.idermic.es\/wp-content\/uploads\/2019\/08\/Forma-Inmode-doble-menton.jpg 760w\" sizes=\"(max-width: 760px) 100vw, 760px\" \/><\/p>\n<p><span style=\"font-weight: 400;\">El tratamiento es seguro y confortable ya que el dispositivo incorpora controles internos de temperatura. El paciente \u00fanicamente percibe un calor en la zona de manera uniforme. \u00a0<\/span><span style=\"font-weight: 400;\">Se necesitan varias sesiones (entre 7-10) para alcanzar el resultado deseado y se puede realizar en cualquier \u00e9poca del a\u00f1o.\u00a0Si buscas alternativas no invasivas para cuidar y revitalizar la piel, revisa tambi\u00e9n <a href=\"https:\/\/www.idermic.es\/es\/altres_tractaments\/cabina-dermatologica-avanzada\/\">Cabina dermatol\u00f3gica avanzada<\/a><\/span><\/p>\n<p><img decoding=\"async\" class=\"alignnone wp-image-1790 size-full\" src=\"https:\/\/www.idermic.es\/wp-content\/uploads\/2019\/08\/Forma-Inmode-doble-menton-2.jpg\" alt=\"Forma-Inmode-doble-menton-2\" width=\"760\" height=\"390\" srcset=\"https:\/\/www.idermic.es\/wp-content\/uploads\/2019\/08\/Forma-Inmode-doble-menton-2-200x103.jpg 200w, https:\/\/www.idermic.es\/wp-content\/uploads\/2019\/08\/Forma-Inmode-doble-menton-2-300x154.jpg 300w, https:\/\/www.idermic.es\/wp-content\/uploads\/2019\/08\/Forma-Inmode-doble-menton-2-400x205.jpg 400w, https:\/\/www.idermic.es\/wp-content\/uploads\/2019\/08\/Forma-Inmode-doble-menton-2-600x308.jpg 600w, https:\/\/www.idermic.es\/wp-content\/uploads\/2019\/08\/Forma-Inmode-doble-menton-2.jpg 760w\" sizes=\"(max-width: 760px) 100vw, 760px\" \/><\/p>\n<h2>Resultados de este dispositivo de Inmode en el cuerpo<\/h2>\n<p><img decoding=\"async\" class=\"alignnone size-full wp-image-1788\" src=\"https:\/\/www.idermic.es\/wp-content\/uploads\/2019\/08\/Forma-Inmode-barriga.jpg\" alt=\"Forma-Inmode-barriga\" width=\"423\" height=\"217\" srcset=\"https:\/\/www.idermic.es\/wp-content\/uploads\/2019\/08\/Forma-Inmode-barriga-200x103.jpg 200w, https:\/\/www.idermic.es\/wp-content\/uploads\/2019\/08\/Forma-Inmode-barriga-300x154.jpg 300w, https:\/\/www.idermic.es\/wp-content\/uploads\/2019\/08\/Forma-Inmode-barriga-400x205.jpg 400w, https:\/\/www.idermic.es\/wp-content\/uploads\/2019\/08\/Forma-Inmode-barriga.jpg 423w\" sizes=\"(max-width: 423px) 100vw, 423px\" \/><\/p>\n<h2>V\u00eddeo sobre la Forma de Inmode<\/h2>\n<p><iframe src=\"https:\/\/www.youtube.com\/embed\/ZJXNdMtUOAI\" width=\"640\" height=\"360\" frameborder=\"0\" allowfullscreen=\"allowfullscreen\"><\/iframe><\/p>\n<ol>\n<li style=\"font-weight: 400;\" aria-level=\"1\"><a href=\"https:\/\/www.idermic.es\/contact\/\"><span style=\"font-weight: 400;\">Solicita m\u00e1s informaci\u00f3n<\/span><\/a><span style=\"font-weight: 400;\"> sobre este dispositivo de la <strong>plataforma InMode<\/strong>, radiofrecuencia de \u00faltima generaci\u00f3n que no s\u00f3lo estimula la formaci\u00f3n de nuevo col\u00e1geno, sino que tambi\u00e9n mejora la elasticidad de la piel. Contacta con nosotros en nuestra<\/span><a href=\"https:\/\/www.idermic.es\/es\/\">\u00a0<span style=\"font-weight: 400;\">cl\u00ednica est\u00e9tica<\/span><\/a><span style=\"font-weight: 400;\"> Idermic.es de Terrassa.<\/span><\/li>\n<\/ol>\n<p>Referencias:\u00a0<a href=\"https:\/\/www.idermic.es\/es\/2017\/04\/inmode-la-nueva-plataforma-adquirida-por-idermic\/\">M\u00e1s informaci\u00f3n sobre Inmode<\/a><\/p>\n<\/div><div class=\"fusion-clearfix\"><\/div><\/div><\/div><\/div><\/div>\n","protected":false},"excerpt":{"rendered":"<p>Forma, es un dispositivo radiofrecuencia de \u00faltima generaci\u00f3n que estimula la formaci\u00f3n de nuevo col\u00e1geno y mejora la elasticidad de la piel<\/p>\n","protected":false},"author":2,"featured_media":1942,"comment_status":"open","ping_status":"open","sticky":false,"template":"","format":"standard","meta":{"_joinchat":[],"footnotes":""},"categories":[37,36],"tags":[41,40],"class_list":["post-1782","post","type-post","status-publish","format-standard","has-post-thumbnail","hentry","category-tecnologia","category-tratamientos-de-medicina-estetica","tag-inmode","tag-radiofrecuencia"],"yoast_head":"<!-- This site is optimized with the Yoast SEO plugin v28.4 - https:\/\/yoast.com\/product\/yoast-seo-wordpress\/ -->\n<title>Forma, radiofrecuencia de \u00faltima generaci\u00f3n - Idermic. Dermatolog\u00eda en Terrassa<\/title>\n<meta name=\"description\" content=\"Forma, es un dispositivo radiofrecuencia de \u00faltima generaci\u00f3n que estimula la formaci\u00f3n de nuevo col\u00e1geno y mejora la elasticidad de la piel\" \/>\n<meta name=\"robots\" content=\"index, follow, max-snippet:-1, max-image-preview:large, max-video-preview:-1\" \/>\n<link rel=\"canonical\" href=\"https:\/\/www.idermic.es\/es\/forma-radiofrecuencia-de-ultima-generacion\/\" \/>\n<meta property=\"og:locale\" content=\"es_ES\" \/>\n<meta property=\"og:type\" content=\"article\" \/>\n<meta property=\"og:title\" content=\"Forma, radiofrecuencia de \u00faltima generaci\u00f3n - Idermic. Dermatolog\u00eda en Terrassa\" \/>\n<meta property=\"og:description\" content=\"Forma, es un dispositivo radiofrecuencia de \u00faltima generaci\u00f3n que estimula la formaci\u00f3n de nuevo col\u00e1geno y mejora la elasticidad de la piel\" \/>\n<meta property=\"og:url\" content=\"https:\/\/www.idermic.es\/es\/forma-radiofrecuencia-de-ultima-generacion\/\" \/>\n<meta property=\"og:site_name\" content=\"Idermic. Dermatolog\u00eda en Terrassa\" \/>\n<meta property=\"article:publisher\" content=\"https:\/\/www.facebook.com\/Idermic\" \/>\n<meta property=\"article:published_time\" content=\"2017-04-27T14:32:16+00:00\" \/>\n<meta property=\"article:modified_time\" content=\"2026-05-26T09:44:51+00:00\" \/>\n<meta property=\"og:image\" content=\"https:\/\/www.idermic.es\/wp-content\/uploads\/2017\/04\/Forma-de-Inmode.-Radiofrecuencia-de-ultima-generacion.jpg\" \/>\n\t<meta property=\"og:image:width\" content=\"630\" \/>\n\t<meta property=\"og:image:height\" content=\"400\" \/>\n\t<meta property=\"og:image:type\" content=\"image\/jpeg\" \/>\n<meta name=\"author\" content=\"Clinica\" \/>\n<meta name=\"twitter:card\" content=\"summary_large_image\" \/>\n<meta name=\"twitter:creator\" content=\"@idermic\" \/>\n<meta name=\"twitter:site\" content=\"@idermic\" \/>\n<meta name=\"twitter:label1\" content=\"Escrito por\" \/>\n\t<meta name=\"twitter:data1\" content=\"Clinica\" \/>\n\t<meta name=\"twitter:label2\" content=\"Tiempo de lectura\" \/>\n\t<meta name=\"twitter:data2\" content=\"2 minutos\" \/>\n<script type=\"application\/ld+json\" class=\"yoast-schema-graph\">{\"@context\":\"https:\\\/\\\/schema.org\",\"@graph\":[{\"@type\":\"Article\",\"@id\":\"https:\\\/\\\/www.idermic.es\\\/es\\\/forma-radiofrecuencia-de-ultima-generacion\\\/#article\",\"isPartOf\":{\"@id\":\"https:\\\/\\\/www.idermic.es\\\/es\\\/forma-radiofrecuencia-de-ultima-generacion\\\/\"},\"author\":{\"name\":\"Clinica\",\"@id\":\"https:\\\/\\\/www.idermic.es\\\/#\\\/schema\\\/person\\\/cc5e001d23d913309bfd3dfafb22ec95\"},\"headline\":\"Forma, radiofrecuencia de \u00faltima generaci\u00f3n\",\"datePublished\":\"2017-04-27T14:32:16+00:00\",\"dateModified\":\"2026-05-26T09:44:51+00:00\",\"mainEntityOfPage\":{\"@id\":\"https:\\\/\\\/www.idermic.es\\\/es\\\/forma-radiofrecuencia-de-ultima-generacion\\\/\"},\"wordCount\":594,\"commentCount\":0,\"publisher\":{\"@id\":\"https:\\\/\\\/www.idermic.es\\\/#organization\"},\"image\":{\"@id\":\"https:\\\/\\\/www.idermic.es\\\/es\\\/forma-radiofrecuencia-de-ultima-generacion\\\/#primaryimage\"},\"thumbnailUrl\":\"https:\\\/\\\/www.idermic.es\\\/wp-content\\\/uploads\\\/2017\\\/04\\\/Forma-de-Inmode.-Radiofrecuencia-de-ultima-generacion.jpg\",\"keywords\":[\"InMode\",\"Radiofrecuencia\"],\"articleSection\":[\"Tecnolog\u00eda\",\"Tratamientos de Medicina Est\u00e9tica\"],\"inLanguage\":\"es\",\"potentialAction\":[{\"@type\":\"CommentAction\",\"name\":\"Comment\",\"target\":[\"https:\\\/\\\/www.idermic.es\\\/es\\\/forma-radiofrecuencia-de-ultima-generacion\\\/#respond\"]}]},{\"@type\":\"WebPage\",\"@id\":\"https:\\\/\\\/www.idermic.es\\\/es\\\/forma-radiofrecuencia-de-ultima-generacion\\\/\",\"url\":\"https:\\\/\\\/www.idermic.es\\\/es\\\/forma-radiofrecuencia-de-ultima-generacion\\\/\",\"name\":\"Forma, radiofrecuencia de \u00faltima generaci\u00f3n - Idermic. Dermatolog\u00eda en Terrassa\",\"isPartOf\":{\"@id\":\"https:\\\/\\\/www.idermic.es\\\/#website\"},\"primaryImageOfPage\":{\"@id\":\"https:\\\/\\\/www.idermic.es\\\/es\\\/forma-radiofrecuencia-de-ultima-generacion\\\/#primaryimage\"},\"image\":{\"@id\":\"https:\\\/\\\/www.idermic.es\\\/es\\\/forma-radiofrecuencia-de-ultima-generacion\\\/#primaryimage\"},\"thumbnailUrl\":\"https:\\\/\\\/www.idermic.es\\\/wp-content\\\/uploads\\\/2017\\\/04\\\/Forma-de-Inmode.-Radiofrecuencia-de-ultima-generacion.jpg\",\"datePublished\":\"2017-04-27T14:32:16+00:00\",\"dateModified\":\"2026-05-26T09:44:51+00:00\",\"description\":\"Forma, es un dispositivo radiofrecuencia de \u00faltima generaci\u00f3n que estimula la formaci\u00f3n de nuevo col\u00e1geno y mejora la elasticidad de la piel\",\"breadcrumb\":{\"@id\":\"https:\\\/\\\/www.idermic.es\\\/es\\\/forma-radiofrecuencia-de-ultima-generacion\\\/#breadcrumb\"},\"inLanguage\":\"es\",\"potentialAction\":[{\"@type\":\"ReadAction\",\"target\":[\"https:\\\/\\\/www.idermic.es\\\/es\\\/forma-radiofrecuencia-de-ultima-generacion\\\/\"]}]},{\"@type\":\"ImageObject\",\"inLanguage\":\"es\",\"@id\":\"https:\\\/\\\/www.idermic.es\\\/es\\\/forma-radiofrecuencia-de-ultima-generacion\\\/#primaryimage\",\"url\":\"https:\\\/\\\/www.idermic.es\\\/wp-content\\\/uploads\\\/2017\\\/04\\\/Forma-de-Inmode.-Radiofrecuencia-de-ultima-generacion.jpg\",\"contentUrl\":\"https:\\\/\\\/www.idermic.es\\\/wp-content\\\/uploads\\\/2017\\\/04\\\/Forma-de-Inmode.-Radiofrecuencia-de-ultima-generacion.jpg\",\"width\":630,\"height\":400,\"caption\":\"Forma de Inmode. Radiofrecuencia de \u00faltima generaci\u00f3n\"},{\"@type\":\"BreadcrumbList\",\"@id\":\"https:\\\/\\\/www.idermic.es\\\/es\\\/forma-radiofrecuencia-de-ultima-generacion\\\/#breadcrumb\",\"itemListElement\":[{\"@type\":\"ListItem\",\"position\":1,\"name\":\"Inici\",\"item\":\"https:\\\/\\\/www.idermic.es\\\/es\\\/\"},{\"@type\":\"ListItem\",\"position\":2,\"name\":\"Forma, radiofrecuencia de \u00faltima generaci\u00f3n\"}]},{\"@type\":\"WebSite\",\"@id\":\"https:\\\/\\\/www.idermic.es\\\/#website\",\"url\":\"https:\\\/\\\/www.idermic.es\\\/\",\"name\":\"Idermic. Dermatolog\u00eda en Terrassa\",\"description\":\"Dermatolog\u00eda, Medicina est\u00e9tica, Cirurg\u00eda Pl\u00e0stica\",\"publisher\":{\"@id\":\"https:\\\/\\\/www.idermic.es\\\/#organization\"},\"potentialAction\":[{\"@type\":\"SearchAction\",\"target\":{\"@type\":\"EntryPoint\",\"urlTemplate\":\"https:\\\/\\\/www.idermic.es\\\/?s={search_term_string}\"},\"query-input\":{\"@type\":\"PropertyValueSpecification\",\"valueRequired\":true,\"valueName\":\"search_term_string\"}}],\"inLanguage\":\"es\"},{\"@type\":\"Organization\",\"@id\":\"https:\\\/\\\/www.idermic.es\\\/#organization\",\"name\":\"Idermic. Dermatolog\u00eda en Terrassa\",\"url\":\"https:\\\/\\\/www.idermic.es\\\/\",\"logo\":{\"@type\":\"ImageObject\",\"inLanguage\":\"es\",\"@id\":\"https:\\\/\\\/www.idermic.es\\\/#\\\/schema\\\/logo\\\/image\\\/\",\"url\":\"https:\\\/\\\/www.idermic.es\\\/wp-content\\\/uploads\\\/2025\\\/10\\\/Logo-Idermic.jpg\",\"contentUrl\":\"https:\\\/\\\/www.idermic.es\\\/wp-content\\\/uploads\\\/2025\\\/10\\\/Logo-Idermic.jpg\",\"width\":501,\"height\":502,\"caption\":\"Idermic. Dermatolog\u00eda en Terrassa\"},\"image\":{\"@id\":\"https:\\\/\\\/www.idermic.es\\\/#\\\/schema\\\/logo\\\/image\\\/\"},\"sameAs\":[\"https:\\\/\\\/www.facebook.com\\\/Idermic\",\"https:\\\/\\\/x.com\\\/idermic\",\"https:\\\/\\\/www.instagram.com\\\/idermicclinic\\\/\",\"https:\\\/\\\/www.youtube.com\\\/channel\\\/UCyAHC9-p8lc6hr_nguO8p_g\"]},{\"@type\":\"Person\",\"@id\":\"https:\\\/\\\/www.idermic.es\\\/#\\\/schema\\\/person\\\/cc5e001d23d913309bfd3dfafb22ec95\",\"name\":\"Clinica\",\"image\":{\"@type\":\"ImageObject\",\"inLanguage\":\"es\",\"@id\":\"https:\\\/\\\/secure.gravatar.com\\\/avatar\\\/182f7ac821c85b9a9cd58ac64f26c9396c53342ed0006ba8805135223443797e?s=96&d=mm&r=g\",\"url\":\"https:\\\/\\\/secure.gravatar.com\\\/avatar\\\/182f7ac821c85b9a9cd58ac64f26c9396c53342ed0006ba8805135223443797e?s=96&d=mm&r=g\",\"contentUrl\":\"https:\\\/\\\/secure.gravatar.com\\\/avatar\\\/182f7ac821c85b9a9cd58ac64f26c9396c53342ed0006ba8805135223443797e?s=96&d=mm&r=g\",\"caption\":\"Clinica\"}}]}<\/script>\n<!-- \/ Yoast SEO plugin. -->","yoast_head_json":{"title":"Forma, radiofrecuencia de \u00faltima generaci\u00f3n - Idermic. Dermatolog\u00eda en Terrassa","description":"Forma, es un dispositivo radiofrecuencia de \u00faltima generaci\u00f3n que estimula la formaci\u00f3n de nuevo col\u00e1geno y mejora la elasticidad de la piel","robots":{"index":"index","follow":"follow","max-snippet":"max-snippet:-1","max-image-preview":"max-image-preview:large","max-video-preview":"max-video-preview:-1"},"canonical":"https:\/\/www.idermic.es\/es\/forma-radiofrecuencia-de-ultima-generacion\/","og_locale":"es_ES","og_type":"article","og_title":"Forma, radiofrecuencia de \u00faltima generaci\u00f3n - Idermic. Dermatolog\u00eda en Terrassa","og_description":"Forma, es un dispositivo radiofrecuencia de \u00faltima generaci\u00f3n que estimula la formaci\u00f3n de nuevo col\u00e1geno y mejora la elasticidad de la piel","og_url":"https:\/\/www.idermic.es\/es\/forma-radiofrecuencia-de-ultima-generacion\/","og_site_name":"Idermic. Dermatolog\u00eda en Terrassa","article_publisher":"https:\/\/www.facebook.com\/Idermic","article_published_time":"2017-04-27T14:32:16+00:00","article_modified_time":"2026-05-26T09:44:51+00:00","og_image":[{"width":630,"height":400,"url":"https:\/\/www.idermic.es\/wp-content\/uploads\/2017\/04\/Forma-de-Inmode.-Radiofrecuencia-de-ultima-generacion.jpg","type":"image\/jpeg"}],"author":"Clinica","twitter_card":"summary_large_image","twitter_creator":"@idermic","twitter_site":"@idermic","twitter_misc":{"Escrito por":"Clinica","Tiempo de lectura":"2 minutos"},"schema":{"@context":"https:\/\/schema.org","@graph":[{"@type":"Article","@id":"https:\/\/www.idermic.es\/es\/forma-radiofrecuencia-de-ultima-generacion\/#article","isPartOf":{"@id":"https:\/\/www.idermic.es\/es\/forma-radiofrecuencia-de-ultima-generacion\/"},"author":{"name":"Clinica","@id":"https:\/\/www.idermic.es\/#\/schema\/person\/cc5e001d23d913309bfd3dfafb22ec95"},"headline":"Forma, radiofrecuencia de \u00faltima generaci\u00f3n","datePublished":"2017-04-27T14:32:16+00:00","dateModified":"2026-05-26T09:44:51+00:00","mainEntityOfPage":{"@id":"https:\/\/www.idermic.es\/es\/forma-radiofrecuencia-de-ultima-generacion\/"},"wordCount":594,"commentCount":0,"publisher":{"@id":"https:\/\/www.idermic.es\/#organization"},"image":{"@id":"https:\/\/www.idermic.es\/es\/forma-radiofrecuencia-de-ultima-generacion\/#primaryimage"},"thumbnailUrl":"https:\/\/www.idermic.es\/wp-content\/uploads\/2017\/04\/Forma-de-Inmode.-Radiofrecuencia-de-ultima-generacion.jpg","keywords":["InMode","Radiofrecuencia"],"articleSection":["Tecnolog\u00eda","Tratamientos de Medicina Est\u00e9tica"],"inLanguage":"es","potentialAction":[{"@type":"CommentAction","name":"Comment","target":["https:\/\/www.idermic.es\/es\/forma-radiofrecuencia-de-ultima-generacion\/#respond"]}]},{"@type":"WebPage","@id":"https:\/\/www.idermic.es\/es\/forma-radiofrecuencia-de-ultima-generacion\/","url":"https:\/\/www.idermic.es\/es\/forma-radiofrecuencia-de-ultima-generacion\/","name":"Forma, radiofrecuencia de \u00faltima generaci\u00f3n - Idermic. Dermatolog\u00eda en Terrassa","isPartOf":{"@id":"https:\/\/www.idermic.es\/#website"},"primaryImageOfPage":{"@id":"https:\/\/www.idermic.es\/es\/forma-radiofrecuencia-de-ultima-generacion\/#primaryimage"},"image":{"@id":"https:\/\/www.idermic.es\/es\/forma-radiofrecuencia-de-ultima-generacion\/#primaryimage"},"thumbnailUrl":"https:\/\/www.idermic.es\/wp-content\/uploads\/2017\/04\/Forma-de-Inmode.-Radiofrecuencia-de-ultima-generacion.jpg","datePublished":"2017-04-27T14:32:16+00:00","dateModified":"2026-05-26T09:44:51+00:00","description":"Forma, es un dispositivo radiofrecuencia de \u00faltima generaci\u00f3n que estimula la formaci\u00f3n de nuevo col\u00e1geno y mejora la elasticidad de la piel","breadcrumb":{"@id":"https:\/\/www.idermic.es\/es\/forma-radiofrecuencia-de-ultima-generacion\/#breadcrumb"},"inLanguage":"es","potentialAction":[{"@type":"ReadAction","target":["https:\/\/www.idermic.es\/es\/forma-radiofrecuencia-de-ultima-generacion\/"]}]},{"@type":"ImageObject","inLanguage":"es","@id":"https:\/\/www.idermic.es\/es\/forma-radiofrecuencia-de-ultima-generacion\/#primaryimage","url":"https:\/\/www.idermic.es\/wp-content\/uploads\/2017\/04\/Forma-de-Inmode.-Radiofrecuencia-de-ultima-generacion.jpg","contentUrl":"https:\/\/www.idermic.es\/wp-content\/uploads\/2017\/04\/Forma-de-Inmode.-Radiofrecuencia-de-ultima-generacion.jpg","width":630,"height":400,"caption":"Forma de Inmode. Radiofrecuencia de \u00faltima generaci\u00f3n"},{"@type":"BreadcrumbList","@id":"https:\/\/www.idermic.es\/es\/forma-radiofrecuencia-de-ultima-generacion\/#breadcrumb","itemListElement":[{"@type":"ListItem","position":1,"name":"Inici","item":"https:\/\/www.idermic.es\/es\/"},{"@type":"ListItem","position":2,"name":"Forma, radiofrecuencia de \u00faltima generaci\u00f3n"}]},{"@type":"WebSite","@id":"https:\/\/www.idermic.es\/#website","url":"https:\/\/www.idermic.es\/","name":"Idermic. Dermatolog\u00eda en Terrassa","description":"Dermatolog\u00eda, Medicina est\u00e9tica, Cirurg\u00eda Pl\u00e0stica","publisher":{"@id":"https:\/\/www.idermic.es\/#organization"},"potentialAction":[{"@type":"SearchAction","target":{"@type":"EntryPoint","urlTemplate":"https:\/\/www.idermic.es\/?s={search_term_string}"},"query-input":{"@type":"PropertyValueSpecification","valueRequired":true,"valueName":"search_term_string"}}],"inLanguage":"es"},{"@type":"Organization","@id":"https:\/\/www.idermic.es\/#organization","name":"Idermic. Dermatolog\u00eda en Terrassa","url":"https:\/\/www.idermic.es\/","logo":{"@type":"ImageObject","inLanguage":"es","@id":"https:\/\/www.idermic.es\/#\/schema\/logo\/image\/","url":"https:\/\/www.idermic.es\/wp-content\/uploads\/2025\/10\/Logo-Idermic.jpg","contentUrl":"https:\/\/www.idermic.es\/wp-content\/uploads\/2025\/10\/Logo-Idermic.jpg","width":501,"height":502,"caption":"Idermic. Dermatolog\u00eda en Terrassa"},"image":{"@id":"https:\/\/www.idermic.es\/#\/schema\/logo\/image\/"},"sameAs":["https:\/\/www.facebook.com\/Idermic","https:\/\/x.com\/idermic","https:\/\/www.instagram.com\/idermicclinic\/","https:\/\/www.youtube.com\/channel\/UCyAHC9-p8lc6hr_nguO8p_g"]},{"@type":"Person","@id":"https:\/\/www.idermic.es\/#\/schema\/person\/cc5e001d23d913309bfd3dfafb22ec95","name":"Clinica","image":{"@type":"ImageObject","inLanguage":"es","@id":"https:\/\/secure.gravatar.com\/avatar\/182f7ac821c85b9a9cd58ac64f26c9396c53342ed0006ba8805135223443797e?s=96&d=mm&r=g","url":"https:\/\/secure.gravatar.com\/avatar\/182f7ac821c85b9a9cd58ac64f26c9396c53342ed0006ba8805135223443797e?s=96&d=mm&r=g","contentUrl":"https:\/\/secure.gravatar.com\/avatar\/182f7ac821c85b9a9cd58ac64f26c9396c53342ed0006ba8805135223443797e?s=96&d=mm&r=g","caption":"Clinica"}}]}},"_links":{"self":[{"href":"https:\/\/www.idermic.es\/es\/wp-json\/wp\/v2\/posts\/1782","targetHints":{"allow":["GET"]}}],"collection":[{"href":"https:\/\/www.idermic.es\/es\/wp-json\/wp\/v2\/posts"}],"about":[{"href":"https:\/\/www.idermic.es\/es\/wp-json\/wp\/v2\/types\/post"}],"author":[{"embeddable":true,"href":"https:\/\/www.idermic.es\/es\/wp-json\/wp\/v2\/users\/2"}],"replies":[{"embeddable":true,"href":"https:\/\/www.idermic.es\/es\/wp-json\/wp\/v2\/comments?post=1782"}],"version-history":[{"count":3,"href":"https:\/\/www.idermic.es\/es\/wp-json\/wp\/v2\/posts\/1782\/revisions"}],"predecessor-version":[{"id":9452,"href":"https:\/\/www.idermic.es\/es\/wp-json\/wp\/v2\/posts\/1782\/revisions\/9452"}],"wp:featuredmedia":[{"embeddable":true,"href":"https:\/\/www.idermic.es\/es\/wp-json\/wp\/v2\/media\/1942"}],"wp:attachment":[{"href":"https:\/\/www.idermic.es\/es\/wp-json\/wp\/v2\/media?parent=1782"}],"wp:term":[{"taxonomy":"category","embeddable":true,"href":"https:\/\/www.idermic.es\/es\/wp-json\/wp\/v2\/categories?post=1782"},{"taxonomy":"post_tag","embeddable":true,"href":"https:\/\/www.idermic.es\/es\/wp-json\/wp\/v2\/tags?post=1782"}],"curies":[{"name":"wp","href":"https:\/\/api.w.org\/{rel}","templated":true}]}}