{"id":10410,"date":"2026-08-03T12:29:33","date_gmt":"2026-08-03T12:29:33","guid":{"rendered":"https:\/\/www.idermic.es\/?p=10410"},"modified":"2026-08-12T12:56:42","modified_gmt":"2026-08-12T12:56:42","slug":"queratolisis-punctata-que-es-esta-infeccion-bacteriana-sintomas-causas-y-tratamiento","status":"publish","type":"post","link":"https:\/\/www.idermic.es\/es\/queratolisis-punctata-que-es-esta-infeccion-bacteriana-sintomas-causas-y-tratamiento\/","title":{"rendered":"Querat\u00f3lisis punctata: qu\u00e9 es esta infecci\u00f3n bacteriana, s\u00edntomas, causas y tratamiento"},"content":{"rendered":"<p><div class=\"fusion-fullwidth fullwidth-box fusion-builder-row-1 nonhundred-percent-fullwidth non-hundred-percent-height-scrolling\" style=\"--awb-border-radius-top-left:0px;--awb-border-radius-top-right:0px;--awb-border-radius-bottom-right:0px;--awb-border-radius-bottom-left:0px;--awb-flex-wrap:wrap;\" ><div class=\"fusion-builder-row fusion-row\"><div class=\"fusion-layout-column fusion_builder_column fusion-builder-column-0 fusion_builder_column_1_1 1_1 fusion-one-full fusion-column-first fusion-column-last\" style=\"--awb-bg-size:cover;\"><div class=\"fusion-column-wrapper fusion-flex-column-wrapper-legacy\"><div class=\"fusion-text fusion-text-1\"><h1 style=\"text-align: center;\">Querat\u00f3lisis punctata: qu\u00e9 es esta infecci\u00f3n bacteriana, s\u00edntomas, causas y tratamiento<\/h1>\n<\/div><div class=\"fusion-clearfix\"><\/div><\/div><\/div><\/div><\/div><div class=\"fusion-fullwidth fullwidth-box fusion-builder-row-2 nonhundred-percent-fullwidth non-hundred-percent-height-scrolling\" style=\"--awb-border-radius-top-left:0px;--awb-border-radius-top-right:0px;--awb-border-radius-bottom-right:0px;--awb-border-radius-bottom-left:0px;--awb-flex-wrap:wrap;\" ><div class=\"fusion-builder-row fusion-row\"><div class=\"fusion-layout-column fusion_builder_column fusion-builder-column-1 fusion_builder_column_1_2 1_2 fusion-one-half fusion-column-first\" style=\"--awb-bg-size:cover;width:50%;width:calc(50% - ( ( 4% ) * 0.5 ) );margin-right: 4%;\"><div class=\"fusion-column-wrapper fusion-flex-column-wrapper-legacy\"><div class=\"fusion-text fusion-text-2\"><p>La <strong>querat\u00f3lisis punctata<\/strong> es una <strong>infecci\u00f3n bacteriana superficial de la piel<\/strong> que afecta principalmente a la planta de los pies. Su manifestaci\u00f3n m\u00e1s caracter\u00edstica es la aparici\u00f3n de peque\u00f1os hoyuelos, depresiones o lesiones con aspecto de cr\u00e1ter en las zonas que soportan mayor presi\u00f3n, a menudo acompa\u00f1ados de <strong>sudoraci\u00f3n excesiva y un olor intenso en los pies<\/strong>. Aunque puede resultar muy molesta y confundirse f\u00e1cilmente con hongos o verrugas plantares, suele responder bien al tratamiento adecuado.<\/p>\n<p>Cuando analizamos esta afecci\u00f3n, uno de los primeros aspectos que debemos aclarar es que <strong>la querat\u00f3lisis punctata no es, en su forma habitual, una infecci\u00f3n por hongos<\/strong>. Se trata fundamentalmente de un proceso bacteriano que afecta al estrato c\u00f3rneo, es decir, la capa m\u00e1s superficial de la epidermis. Entre las bacterias relacionadas con su aparici\u00f3n se encuentran distintas especies de <em>Corynebacterium<\/em>, adem\u00e1s de <em>Kytococcus sedentarius<\/em>, <em>Dermatophilus congolensis<\/em> y otros microorganismos.<\/p>\n<\/div><div class=\"fusion-clearfix\"><\/div><\/div><\/div><div class=\"fusion-layout-column fusion_builder_column fusion-builder-column-2 fusion_builder_column_1_2 1_2 fusion-one-half fusion-column-last\" style=\"--awb-bg-size:cover;width:50%;width:calc(50% - ( ( 4% ) * 0.5 ) );\"><div class=\"fusion-column-wrapper fusion-flex-column-wrapper-legacy\"><div class=\"fusion-image-element in-legacy-container\" style=\"--awb-caption-title-font-family:var(--h2_typography-font-family);--awb-caption-title-font-weight:var(--h2_typography-font-weight);--awb-caption-title-font-style:var(--h2_typography-font-style);--awb-caption-title-size:var(--h2_typography-font-size);--awb-caption-title-transform:var(--h2_typography-text-transform);--awb-caption-title-line-height:var(--h2_typography-line-height);--awb-caption-title-letter-spacing:var(--h2_typography-letter-spacing);\"><span class=\" fusion-imageframe imageframe-none imageframe-1 hover-type-none\"><img decoding=\"async\" width=\"400\" height=\"400\" alt=\"Dr. Oriol Corral. Especialista en dermatolog\u00eda. Cl\u00ednica Idermic Terrassa\" title=\"Dr.-Oriol-Corral.-Especialista-en-dermatologia\" src=\"https:\/\/www.idermic.es\/wp-content\/uploads\/2026\/01\/Dr.-Oriol-Corral.-Especialista-en-dermatologia.jpg\" class=\"img-responsive wp-image-8966\" srcset=\"https:\/\/www.idermic.es\/wp-content\/uploads\/2026\/01\/Dr.-Oriol-Corral.-Especialista-en-dermatologia-200x200.jpg 200w, https:\/\/www.idermic.es\/wp-content\/uploads\/2026\/01\/Dr.-Oriol-Corral.-Especialista-en-dermatologia.jpg 400w\" sizes=\"(max-width: 800px) 100vw, 400px\" \/><\/span><\/div><div class=\"fusion-clearfix\"><\/div><\/div><\/div><\/div><\/div><div class=\"fusion-fullwidth fullwidth-box fusion-builder-row-3 fusion-flex-container has-pattern-background has-mask-background nonhundred-percent-fullwidth non-hundred-percent-height-scrolling\" style=\"--awb-border-radius-top-left:0px;--awb-border-radius-top-right:0px;--awb-border-radius-bottom-right:0px;--awb-border-radius-bottom-left:0px;--awb-flex-wrap:wrap;\" ><div class=\"fusion-builder-row fusion-row fusion-flex-align-items-flex-start fusion-flex-content-wrap\" style=\"max-width:1227.2px;margin-left: calc(-4% \/ 2 );margin-right: calc(-4% \/ 2 );\"><div class=\"fusion-layout-column fusion_builder_column fusion-builder-column-3 fusion_builder_column_1_1 1_1 fusion-flex-column\" style=\"--awb-bg-size:cover;--awb-width-large:100%;--awb-margin-top-large:0px;--awb-spacing-right-large:1.92%;--awb-margin-bottom-large:0px;--awb-spacing-left-large:1.92%;--awb-width-medium:100%;--awb-order-medium:0;--awb-spacing-right-medium:1.92%;--awb-spacing-left-medium:1.92%;--awb-width-small:100%;--awb-order-small:0;--awb-spacing-right-small:1.92%;--awb-spacing-left-small:1.92%;\"><div class=\"fusion-column-wrapper fusion-column-has-shadow fusion-flex-justify-content-flex-start fusion-content-layout-column\"><div class=\"fusion-text fusion-text-3\"><p>La humedad mantenida, la hiperhidrosis o exceso de sudoraci\u00f3n y el uso prolongado de calzado poco transpirable crean las condiciones favorables para que estas bacterias proliferen. Por ese motivo, la infecci\u00f3n puede aparecer con mayor facilidad en personas cuyos pies permanecen h\u00famedos durante muchas horas, ya sea por deporte, trabajo, caracter\u00edsticas del calzado o una sudoraci\u00f3n especialmente intensa.<\/p>\n<\/div><\/div><\/div><\/div><\/div><div class=\"fusion-fullwidth fullwidth-box fusion-builder-row-4 nonhundred-percent-fullwidth non-hundred-percent-height-scrolling\" style=\"--awb-border-radius-top-left:0px;--awb-border-radius-top-right:0px;--awb-border-radius-bottom-right:0px;--awb-border-radius-bottom-left:0px;--awb-flex-wrap:wrap;\" ><div class=\"fusion-builder-row fusion-row\"><div class=\"fusion-layout-column fusion_builder_column fusion-builder-column-4 fusion_builder_column_1_1 1_1 fusion-one-full fusion-column-first fusion-column-last\" style=\"--awb-bg-size:cover;\"><div class=\"fusion-column-wrapper fusion-flex-column-wrapper-legacy\"><div class=\"fusion-text fusion-text-4\"><h2>\u00bfQu\u00e9 es exactamente la querat\u00f3lisis punctata?<\/h2>\n<p>La querat\u00f3lisis punctata, denominada tambi\u00e9n <strong>querat\u00f3lisis punteada, querat\u00f3lisis plantar<\/strong> o <em>pitted keratolysis<\/em> en ingl\u00e9s, es una infecci\u00f3n superficial localizada fundamentalmente en las plantas de los pies. Tambi\u00e9n existen denominaciones hist\u00f3ricas como <em>keratolysis plantare sulcatum<\/em>. La afectaci\u00f3n de las palmas de las manos es posible, aunque mucho menos frecuente.<\/p>\n<p>La enfermedad afecta al estrato c\u00f3rneo. Las bacterias implicadas proliferan cuando encuentran condiciones de humedad y calor adecuadas y producen enzimas capaces de degradar componentes de esta capa superficial de la piel. Esa actividad est\u00e1 detr\u00e1s de las peque\u00f1as depresiones o <strong>\u201choyuelos\u201d caracter\u00edsticos de la querat\u00f3lisis punctata<\/strong>.<\/p>\n<p>Estos peque\u00f1os cr\u00e1teres aparecen sobre todo en las \u00e1reas plantares sometidas a presi\u00f3n o fricci\u00f3n, como el antepi\u00e9, las zonas metatarsales y el tal\u00f3n. Pueden presentarse como lesiones independientes o confluir y formar superficies irregulares de mayor tama\u00f1o. Cuando el pie est\u00e1 h\u00famedo, las alteraciones pueden resultar todav\u00eda m\u00e1s visibles.<\/p>\n<h2>\u00bfPor qu\u00e9 aparece esta infecci\u00f3n bacteriana en los pies?<\/h2>\n<p>Para comprender las causas de la querat\u00f3lisis punctata debemos diferenciar entre el microorganismo que produce la infecci\u00f3n y las condiciones que facilitan su proliferaci\u00f3n.<\/p>\n<p>Las bacterias asociadas a esta enfermedad tienen especial facilidad para desarrollarse en un ambiente c\u00e1lido, h\u00famedo y sometido a oclusi\u00f3n. Entre los microorganismos descritos se encuentran especies de <em>Corynebacterium<\/em>, <em>Kytococcus sedentarius<\/em>, <em>Actinomyces<\/em>, <em>Dermatophilus congolensis<\/em> y otros agentes bacterianos.<\/p>\n<p>Estas bacterias pueden producir enzimas proteol\u00edticas que alteran la queratina del estrato c\u00f3rneo. Como resultado, aparecen las peque\u00f1as erosiones o depresiones circulares que proporcionan a la piel ese aspecto perforado o crateriforme tan caracter\u00edstico.<\/p>\n<p>La humedad desempe\u00f1a un papel especialmente importante. Un pie que permanece h\u00famedo durante horas proporciona un entorno mucho m\u00e1s favorable para la proliferaci\u00f3n bacteriana. Por eso encontramos una asociaci\u00f3n clara entre la enfermedad y la <strong>hiperhidrosis plantar<\/strong>, es decir, una producci\u00f3n excesiva de sudor en los pies.<\/p>\n<p>El calzado tambi\u00e9n influye. Los zapatos o botas muy cerrados y fabricados con materiales poco transpirables dificultan la evaporaci\u00f3n del sudor y mantienen la piel h\u00fameda. La combinaci\u00f3n de sudor, calor, escasa ventilaci\u00f3n y muchas horas de uso constituye un escenario favorable para la aparici\u00f3n de la infecci\u00f3n.<\/p>\n<h2>Factores que pueden favorecer la querat\u00f3lisis punctata<\/h2>\n<p>A partir de las caracter\u00edsticas de la enfermedad, podemos identificar varios factores relacionados con una mayor probabilidad de desarrollarla:<\/p>\n<ul>\n<li><strong>Hiperhidrosis plantar<\/strong> o sudoraci\u00f3n excesiva de los pies.<\/li>\n<li>Uso prolongado de <strong>calzado cerrado u oclusivo<\/strong>.<\/li>\n<li>Permanencia durante muchas horas con los pies h\u00famedos.<\/li>\n<li>Utilizaci\u00f3n continuada de botas de trabajo o determinados tipos de calzado deportivo.<\/li>\n<li>Actividad f\u00edsica intensa que incrementa la sudoraci\u00f3n.<\/li>\n<li>Ambientes c\u00e1lidos y h\u00famedos.<\/li>\n<li>Cambio insuficiente de calcetines cuando se encuentran h\u00famedos.<\/li>\n<li>Determinadas profesiones o actividades en las que los pies permanecen mojados durante largos periodos.<\/li>\n<li>Problemas que dificultan mantener el pie seco y adecuadamente ventilado.<\/li>\n<li>Falta de control de una hiperhidrosis persistente.<\/li>\n<\/ul>\n<p>Esto explica por qu\u00e9 se describe con frecuencia entre deportistas, trabajadores que utilizan botas durante jornadas prolongadas y personas expuestas constantemente a ambientes h\u00famedos. Tambi\u00e9n puede presentarse en adolescentes y adultos j\u00f3venes, aunque no es exclusiva de esas edades.<\/p>\n<\/div><div class=\"fusion-clearfix\"><\/div><\/div><\/div><\/div><\/div><div class=\"fusion-fullwidth fullwidth-box fusion-builder-row-5 nonhundred-percent-fullwidth non-hundred-percent-height-scrolling\" style=\"--awb-border-radius-top-left:0px;--awb-border-radius-top-right:0px;--awb-border-radius-bottom-right:0px;--awb-border-radius-bottom-left:0px;--awb-flex-wrap:wrap;\" ><div class=\"fusion-builder-row fusion-row\"><div class=\"fusion-layout-column fusion_builder_column fusion-builder-column-5 fusion_builder_column_1_1 1_1 fusion-one-full fusion-column-first fusion-column-last\" style=\"--awb-bg-size:cover;\"><div class=\"fusion-column-wrapper fusion-flex-column-wrapper-legacy\"><div class=\"fusion-text fusion-text-5\"><h2 data-start=\"5404\" data-end=\"5452\"><\/h2>\n<h2>S\u00edntomas de la querat\u00f3lisis punctata<\/h2>\n<p>La imagen cl\u00e1sica de la querat\u00f3lisis punctata combina alteraciones visibles de la piel, exceso de humedad y mal olor. Sin embargo, no todas las personas desarrollan exactamente los mismos s\u00edntomas ni con id\u00e9ntica intensidad.<\/p>\n<p>El signo m\u00e1s reconocible son las <strong>peque\u00f1as depresiones redondeadas en la planta del pie<\/strong>. Pueden parecer diminutos agujeros, puntos o cr\u00e1teres superficiales. Las lesiones se concentran especialmente en las zonas sometidas al peso corporal y a la fricci\u00f3n y, cuando existen muchas, pueden juntarse y formar \u00e1reas irregulares.<\/p>\n<p>La <strong>bromhidrosis<\/strong>, t\u00e9rmino m\u00e9dico utilizado para describir un olor corporal desagradable, es otra de las manifestaciones caracter\u00edsticas. En la querat\u00f3lisis punctata, el olor intenso de los pies se relaciona con sustancias vol\u00e1tiles producidas durante la actividad bacteriana. DermNet se\u00f1ala espec\u00edficamente la participaci\u00f3n de compuestos azufrados en este olor caracter\u00edstico.<\/p>\n<p>Tambi\u00e9n puede existir una piel h\u00fameda o macerada y una sudoraci\u00f3n plantar abundante. De hecho, la asociaci\u00f3n entre <strong>hiperhidrosis, bromhidrosis y lesiones queratol\u00edticas<\/strong> constituye una combinaci\u00f3n cl\u00ednica muy caracter\u00edstica descrita en las referencias m\u00e9dicas sobre esta infecci\u00f3n.<\/p>\n<p>En algunas personas aparecen picor, sensaci\u00f3n de quemaz\u00f3n, molestias o dolor al caminar. Sin embargo, la enfermedad tambi\u00e9n puede ser pr\u00e1cticamente asintom\u00e1tica y llamar la atenci\u00f3n \u00fanicamente por el aspecto de la planta del pie o por el olor.<\/p>\n<h2>\u00bfC\u00f3mo son los hoyuelos de la querat\u00f3lisis punctata?<\/h2>\n<p>Los peque\u00f1os cr\u00e1teres plantares son uno de los elementos que m\u00e1s ayudan a reconocer la enfermedad. FAPap describe depresiones redondeadas crateriformes que pueden alcanzar varios mil\u00edmetros y que, al confluir, llegan a crear placas de contorno irregular o aspecto geogr\u00e1fico.<\/p>\n<p>DermNet describe igualmente peque\u00f1os pits en el estrato c\u00f3rneo que pueden juntarse y transformarse en erosiones o surcos irregulares. Su aspecto puede hacerse m\u00e1s evidente cuando la piel se moja.<\/p>\n<p>La localizaci\u00f3n tambi\u00e9n aporta informaci\u00f3n. Los hoyuelos aparecen predominantemente sobre las zonas de presi\u00f3n, como el antepi\u00e9 y el tal\u00f3n, aunque pueden encontrarse igualmente alrededor de los dedos o en \u00e1reas interdigitales. La presentaci\u00f3n bilateral es frecuente.<\/p>\n<h2>Querat\u00f3lisis punctata y mal olor de pies: \u00bfqu\u00e9 relaci\u00f3n existe?<\/h2>\n<p>El mal olor es uno de los motivos por los que muchas personas terminan buscando informaci\u00f3n sobre esta enfermedad. Tener olor en los pies no significa autom\u00e1ticamente padecer querat\u00f3lisis punctata, pero una <strong>bromhidrosis intensa acompa\u00f1ada de peque\u00f1os hoyuelos plantares y exceso de humedad<\/strong> s\u00ed resulta especialmente sugestiva.<\/p>\n<p>El mecanismo es bacteriano. Los microorganismos que proliferan sobre la piel h\u00fameda producen diferentes sustancias durante su metabolismo. Entre ellas se han descrito compuestos azufrados responsables de una parte del olor caracter\u00edstico.<\/p>\n<p>Por este motivo, limitarse a utilizar productos que enmascaren el olor no soluciona necesariamente el problema de fondo. Cuando existe realmente querat\u00f3lisis punctata, el abordaje persigue tanto reducir las condiciones de humedad que favorecen la enfermedad como controlar la infecci\u00f3n bacteriana cuando un profesional sanitario considera que existe indicaci\u00f3n para ello.<\/p>\n<h2>\u00bfLa querat\u00f3lisis punctata son hongos?<\/h2>\n<p>No. Esta es una de las confusiones m\u00e1s habituales que debemos aclarar. La <strong>querat\u00f3lisis punctata es fundamentalmente una infecci\u00f3n bacteriana<\/strong>, mientras que el conocido pie de atleta o ti\u00f1a del pie est\u00e1 provocado por hongos dermatofitos.<\/p>\n<p>La confusi\u00f3n es comprensible porque ambas enfermedades afectan a los pies y pueden verse favorecidas por ambientes h\u00famedos. Sin embargo, no tienen la misma causa ni necesariamente requieren el mismo tratamiento.<\/p>\n<p>Por este motivo, aplicar por cuenta propia un tratamiento antif\u00fangico simplemente porque existen lesiones plantares puede ser inadecuado si el problema real es bacteriano. En casos dudosos, el profesional sanitario puede recurrir a pruebas para descartar una infecci\u00f3n por hongos.<\/p>\n<h2>Diferencias entre querat\u00f3lisis punctata, pie de atleta y verrugas plantares<\/h2>\n<p>El diagn\u00f3stico diferencial ocupa un lugar importante porque las lesiones pueden confundirse con otras alteraciones frecuentes del pie. Las dos entidades que aparecen reiteradamente en las fuentes cl\u00ednicas son la <strong>ti\u00f1a plantar<\/strong> y las <strong>verrugas plantares<\/strong>.<\/p>\n<p>La querat\u00f3lisis punctata destaca por sus depresiones superficiales, su asociaci\u00f3n con humedad e hiperhidrosis y, especialmente, por la bromhidrosis. La ti\u00f1a del pie es una infecci\u00f3n f\u00fangica y puede producir descamaci\u00f3n, fisuras, maceraci\u00f3n interdigital u otras lesiones seg\u00fan su forma cl\u00ednica. Las verrugas plantares, por su parte, tienen un origen v\u00edrico y presentan unas caracter\u00edsticas dermatol\u00f3gicas diferentes. La valoraci\u00f3n profesional permite distinguirlas cuando la apariencia no es suficientemente clara.<\/p>\n<p>Adem\u00e1s de estas patolog\u00edas, el diagn\u00f3stico diferencial puede incluir alteraciones menos comunes, como querat\u00f3lisis exfoliativa, eritrasma, determinadas queratodermias o dermatitis, dependiendo de la apariencia y localizaci\u00f3n de las lesiones.<\/p>\n<\/div><div class=\"fusion-clearfix\"><\/div><\/div><\/div><\/div><\/div><div class=\"fusion-fullwidth fullwidth-box fusion-builder-row-6 nonhundred-percent-fullwidth non-hundred-percent-height-scrolling\" style=\"--awb-border-radius-top-left:0px;--awb-border-radius-top-right:0px;--awb-border-radius-bottom-right:0px;--awb-border-radius-bottom-left:0px;--awb-flex-wrap:wrap;\" ><div class=\"fusion-builder-row fusion-row\"><div class=\"fusion-layout-column fusion_builder_column fusion-builder-column-6 fusion_builder_column_1_1 1_1 fusion-one-full fusion-column-first fusion-column-last\" style=\"--awb-bg-size:cover;\"><div class=\"fusion-column-wrapper fusion-flex-column-wrapper-legacy\"><div class=\"fusion-video fusion-youtube\" style=\"--awb-max-width:600px;--awb-max-height:360px;\"><div class=\"video-shortcode\"><div class=\"fluid-width-video-wrapper\" style=\"padding-top:60%;\" ><iframe title=\"YouTube video player 1\" src=\"https:\/\/www.youtube.com\/embed\/pEwW_pjws5U?wmode=transparent&autoplay=0\" width=\"600\" height=\"360\" allowfullscreen allow=\"autoplay; clipboard-write; encrypted-media; gyroscope; picture-in-picture;\"><\/iframe><\/div><\/div><\/div><div class=\"fusion-clearfix\"><\/div><\/div><\/div><\/div><\/div><div class=\"fusion-fullwidth fullwidth-box fusion-builder-row-7 nonhundred-percent-fullwidth non-hundred-percent-height-scrolling\" style=\"--awb-border-radius-top-left:0px;--awb-border-radius-top-right:0px;--awb-border-radius-bottom-right:0px;--awb-border-radius-bottom-left:0px;--awb-flex-wrap:wrap;\" ><div class=\"fusion-builder-row fusion-row\"><div class=\"fusion-layout-column fusion_builder_column fusion-builder-column-7 fusion_builder_column_1_1 1_1 fusion-one-full fusion-column-first fusion-column-last\" style=\"--awb-bg-size:cover;\"><div class=\"fusion-column-wrapper fusion-flex-column-wrapper-legacy\"><div class=\"fusion-text fusion-text-6\"><h2>\u00bfC\u00f3mo se diagnostica la querat\u00f3lisis punctata?<\/h2>\n<p>En la mayor\u00eda de los casos, el <strong>diagn\u00f3stico es cl\u00ednico<\/strong>. Esto significa que un profesional puede sospechar la enfermedad a partir del aspecto de las lesiones, su localizaci\u00f3n, el olor y la historia del paciente, especialmente cuando existe hiperhidrosis o exposici\u00f3n prolongada a humedad y calzado oclusivo.<\/p>\n<p>La combinaci\u00f3n de lesiones plantares caracter\u00edsticas, humedad y bromhidrosis proporciona pistas importantes. FAPap destaca precisamente la asociaci\u00f3n entre los defectos superficiales de la piel, la humedad y el mal olor como patr\u00f3n cl\u00ednico caracter\u00edstico.<\/p>\n<p>Las pruebas complementarias no suelen ser imprescindibles cuando el cuadro es claro. Si existen dudas, pueden considerarse t\u00e9cnicas como dermatoscopia, examen con luz de Wood, raspado cut\u00e1neo para investigar hongos, cultivo o, en situaciones seleccionadas, biopsia.<\/p>\n<p>Esto resulta particularmente \u00fatil cuando las lesiones no tienen una apariencia t\u00edpica, no responden al tratamiento esperado o se sospecha que existe otra enfermedad simult\u00e1neamente.<\/p>\n<h2>Tratamiento de la querat\u00f3lisis punctata<\/h2>\n<p>El tratamiento persigue dos objetivos: <strong>controlar la proliferaci\u00f3n bacteriana y eliminar las condiciones que favorecen que el problema se mantenga o reaparezca<\/strong>. Por eso las medidas destinadas a reducir humedad y sudoraci\u00f3n son tan importantes como el tratamiento antimicrobiano cuando este est\u00e1 indicado.<\/p>\n<p>Las fuentes cl\u00ednicas describen el empleo de <strong>antibi\u00f3ticos t\u00f3picos<\/strong> como clindamicina, eritromicina, mupirocina o \u00e1cido fus\u00eddico, adem\u00e1s de determinados antis\u00e9pticos y otros agentes antimicrobianos. La elecci\u00f3n del producto, su concentraci\u00f3n, frecuencia y duraci\u00f3n deben individualizarse y estar indicadas por un profesional sanitario, especialmente porque hablamos de medicamentos antibi\u00f3ticos.<\/p>\n<p>Tambi\u00e9n se menciona el per\u00f3xido de benzoilo entre las opciones con actividad antimicrobiana. En enfermedades extensas o resistentes al tratamiento t\u00f3pico pueden considerarse tratamientos sist\u00e9micos, aunque no constituyen el manejo habitual de los casos sencillos y requieren valoraci\u00f3n m\u00e9dica.<\/p>\n<p>No conviene, por tanto, convertir una lista de antibi\u00f3ticos en una recomendaci\u00f3n de automedicaci\u00f3n. Ante lesiones persistentes, recurrentes, dolorosas o de diagn\u00f3stico incierto, lo adecuado es confirmar primero qu\u00e9 est\u00e1 ocurriendo y seleccionar despu\u00e9s el tratamiento correspondiente.<\/p>\n<h2>Controlar el sudor es una parte fundamental del tratamiento<\/h2>\n<p>Una de las ideas centrales que encontramos al analizar esta enfermedad es que tratar solamente las bacterias puede no ser suficiente si el pie contin\u00faa sometido a las mismas condiciones de humedad.<\/p>\n<p>La <strong>hiperhidrosis plantar<\/strong> favorece la maceraci\u00f3n y mantiene un ambiente apropiado para el crecimiento bacteriano. Por ese motivo, las fuentes cl\u00ednicas incluyen el control del exceso de sudor como parte de las medidas preventivas y terap\u00e9uticas.<\/p>\n<p>Dependiendo de la intensidad de la hiperhidrosis, existen diferentes estrategias m\u00e9dicas. Gu\u00eda-ABE menciona, para determinados casos persistentes, alternativas espec\u00edficas destinadas a controlar la sudoraci\u00f3n. La elecci\u00f3n depende del paciente y debe realizarse de manera individualizada.<\/p>\n<p>En el d\u00eda a d\u00eda, mantener los pies secos, permitir una adecuada ventilaci\u00f3n del calzado y cambiar los calcetines cuando est\u00e1n h\u00famedos son medidas sencillas que atacan directamente uno de los principales factores favorecedores.<\/p>\n<h2>Higiene de los pies y medidas para favorecer la recuperaci\u00f3n<\/h2>\n<p>Una buena higiene no significa simplemente lavar los pies con mayor frecuencia. El <strong>secado cuidadoso<\/strong> es especialmente importante, porque dejar la piel h\u00fameda despu\u00e9s del lavado puede mantener el mismo ambiente que se intenta evitar.<\/p>\n<p>Tambi\u00e9n resulta \u00fatil alternar el calzado para permitir que se seque adecuadamente, evitar permanecer durante periodos prolongados con zapatos h\u00famedos y cambiar los calcetines cuando se acumula sudor. DermNet recomienda igualmente reducir el uso continuado de calzado oclusivo, utilizar calcetines absorbentes y tratar la hiperhidrosis subyacente cuando existe.<\/p>\n<p>Estas medidas tienen importancia tanto durante el tratamiento como despu\u00e9s de que las lesiones hayan desaparecido, ya que los factores ambientales pueden contribuir a las recurrencias.<\/p>\n<h2>\u00bfCu\u00e1nto tarda en desaparecer la querat\u00f3lisis punctata?<\/h2>\n<p>El pron\u00f3stico suele ser bueno. Gu\u00eda-ABE se\u00f1ala que, con tratamiento adecuado, la evoluci\u00f3n habitual es favorable y puede resolverse en aproximadamente una a cuatro semanas, mientras que DermNet sit\u00faa habitualmente la resoluci\u00f3n con tratamiento en torno a dos a cuatro semanas.<\/p>\n<p>El tiempo concreto no es id\u00e9ntico para todos los pacientes. Influyen la extensi\u00f3n de las lesiones, el control de la humedad, la existencia de hiperhidrosis, el tratamiento utilizado y la presencia de factores que mantengan el problema.<\/p>\n<p>Sin tratamiento, la enfermedad puede persistir o presentar periodos de mejor\u00eda y empeoramiento. Por ello, eliminar las condiciones predisponentes es especialmente relevante cuando existen episodios repetidos.<\/p>\n<h2>\u00bfPuede volver a aparecer despu\u00e9s del tratamiento?<\/h2>\n<p>S\u00ed, puede haber recurrencias si contin\u00faan presentes los factores que facilitaron el crecimiento bacteriano inicialmente. Gu\u00eda-ABE destaca que las reca\u00eddas son frecuentes cuando no se corrigen circunstancias como la humedad, el uso de calzado oclusivo o la hiperhidrosis.<\/p>\n<p>Esto explica por qu\u00e9 una persona puede mejorar con tratamiento y volver a presentar lesiones posteriormente si sigue pasando muchas horas con los pies h\u00famedos.<\/p>\n<p>La prevenci\u00f3n de nuevas apariciones debe centrarse, por tanto, en mantener el pie seco, facilitar la transpiraci\u00f3n, alternar el calzado, cambiar los calcetines con suficiente frecuencia y controlar una posible hiperhidrosis persistente.<\/p>\n<h2>C\u00f3mo prevenir la querat\u00f3lisis punctata<\/h2>\n<p>La prevenci\u00f3n se basa principalmente en modificar las condiciones que facilitan el desarrollo de las bacterias. Mantener una correcta higiene, secar cuidadosamente los pies, evitar permanecer con calcetines h\u00famedos y utilizar un calzado que permita una ventilaci\u00f3n adecuada son medidas importantes.<\/p>\n<p>En personas que realizan deporte de forma frecuente, el cambio de calcetines tras el ejercicio y el secado del calzado adquieren especial relevancia. Lo mismo sucede en quienes, por motivos profesionales, utilizan botas cerradas durante muchas horas.<\/p>\n<p>Si existe una sudoraci\u00f3n plantar excesiva persistente, abordar la hiperhidrosis puede ayudar no solo a mejorar el confort diario, sino tambi\u00e9n a reducir uno de los principales factores que favorecen la querat\u00f3lisis punctata.<\/p>\n<h2>Querat\u00f3lisis punctata en deportistas<\/h2>\n<p>Los deportistas constituyen uno de los grupos en los que esta afecci\u00f3n puede aparecer con mayor facilidad. El ejercicio aumenta la sudoraci\u00f3n y el calzado deportivo suele permanecer cerrado durante periodos prolongados, generando calor y humedad. FAPap y DermNet incluyen la actividad deportiva entre los contextos asociados a la enfermedad.<\/p>\n<p>El problema no reside en hacer deporte en s\u00ed mismo, sino en mantener durante mucho tiempo el entorno h\u00famedo que se genera alrededor del pie. Cambiar los calcetines, secar correctamente los pies despu\u00e9s de la actividad y dejar que el calzado se airee son medidas especialmente relevantes en este grupo.<\/p>\n<h2>\u00bfCu\u00e1ndo conviene consultar a un profesional sanitario?<\/h2>\n<p>La presencia de peque\u00f1os hoyuelos en la planta del pie combinados con sudoraci\u00f3n intensa y mal olor puede hacer sospechar una querat\u00f3lisis punctata, pero no permite establecer por s\u00ed sola un diagn\u00f3stico definitivo.<\/p>\n<p>Conviene solicitar valoraci\u00f3n profesional cuando las lesiones persisten, se extienden, provocan dolor importante, dificultan caminar, reaparecen con frecuencia o existen dudas sobre si se trata de bacterias, hongos, verrugas u otra enfermedad dermatol\u00f3gica. Tambi\u00e9n es recomendable una valoraci\u00f3n individual cuando existen enfermedades de base que puedan afectar a la piel, a la circulaci\u00f3n, a la cicatrizaci\u00f3n o a las defensas.<\/p>\n<p>Esto adquiere a\u00fan m\u00e1s importancia antes de utilizar antibi\u00f3ticos. Aunque los antibi\u00f3ticos t\u00f3picos forman parte del tratamiento descrito para la querat\u00f3lisis punctata, deben emplearse cuando est\u00e9n indicados y siguiendo las instrucciones de un profesional sanitario.<\/p>\n<h2>Una infecci\u00f3n superficial con buen pron\u00f3stico si se reconoce correctamente<\/h2>\n<p>Despu\u00e9s de revisar sus caracter\u00edsticas, la imagen de la <strong>querat\u00f3lisis punctata<\/strong> resulta bastante definida: hablamos de una infecci\u00f3n bacteriana superficial que aparece principalmente en las plantas de los pies y que encuentra en la humedad, la hiperhidrosis y el calzado oclusivo unas condiciones especialmente favorables. Los peque\u00f1os hoyuelos o cr\u00e1teres plantares y el mal olor intenso son dos de las pistas m\u00e1s caracter\u00edsticas.<\/p>\n<p>Tambi\u00e9n debemos recordar que no todo hoyuelo, descamaci\u00f3n o mal olor en los pies corresponde a esta enfermedad. Hongos, verrugas y otras alteraciones dermatol\u00f3gicas pueden producir manifestaciones que se confundan con ella, raz\u00f3n por la que un diagn\u00f3stico correcto evita tratamientos innecesarios o inadecuados.<\/p>\n<p>Con el tratamiento adecuado y, sobre todo, controlando los factores que mantienen la humedad, la evoluci\u00f3n suele ser favorable. Mantener los pies secos, utilizar calzado adecuadamente ventilado, cambiar los calcetines cuando sea necesario y abordar la hiperhidrosis cuando existe son medidas esenciales para reducir el riesgo de recurrencia.<\/p>\n<p>La combinaci\u00f3n de reconocimiento temprano, diagn\u00f3stico correcto y control de los factores predisponentes permite abordar una afecci\u00f3n que, aunque generalmente superficial y de buen pron\u00f3stico, puede resultar especialmente inc\u00f3moda por el olor, la apariencia de las lesiones y las molestias que ocasiona.<\/p>\n<p data-start=\"7563\" data-end=\"7786\">Para cualquier consulta sobre <strong>querat\u00f3lisis punctata, <\/strong>u otro tipo de infecciones bacterianas\u00a0de la piel, en Idermic, tu <strong><a href=\"http:\/\/idermic.es\/\">dermat\u00f3logo en Terrassa<\/a><\/strong> estaremos encantados de atenderte.<\/p>\n<\/div><div class=\"fusion-clearfix\"><\/div><\/div><\/div><\/div><\/div><div class=\"fusion-fullwidth fullwidth-box fusion-builder-row-8 nonhundred-percent-fullwidth non-hundred-percent-height-scrolling\" style=\"--awb-border-radius-top-left:0px;--awb-border-radius-top-right:0px;--awb-border-radius-bottom-right:0px;--awb-border-radius-bottom-left:0px;--awb-flex-wrap:wrap;\" ><div class=\"fusion-builder-row fusion-row\"><div class=\"fusion-layout-column fusion_builder_column fusion-builder-column-8 fusion_builder_column_1_1 1_1 fusion-one-full fusion-column-first fusion-column-last\" style=\"--awb-bg-size:cover;\"><div class=\"fusion-column-wrapper fusion-flex-column-wrapper-legacy\"><blockquote class=\"instagram-media\" data-instgrm-captioned data-instgrm-permalink=\"https:\/\/www.instagram.com\/reel\/Dau53-hoNuJ\/?utm_source=ig_embed&utm_campaign=loading\" data-instgrm-version=\"14\" style=\" background:#FFF; border:0; border-radius:3px; box-shadow:0 0 1px 0 rgba(0,0,0,0.5),0 1px 10px 0 rgba(0,0,0,0.15); margin: 1px; max-width:540px; min-width:326px; padding:0; width:99.375%; width:-webkit-calc(100% - 2px); width:calc(100% - 2px);\"><div style=\"padding:16px;\"> <a href=\"https:\/\/www.instagram.com\/reel\/Dau53-hoNuJ\/?utm_source=ig_embed&utm_campaign=loading\" style=\" background:#FFFFFF; line-height:0; padding:0 0; text-align:center; text-decoration:none; width:100%;\" target=\"_blank\"> <div style=\" display: flex; flex-direction: row; align-items: center;\"> <div style=\"background-color: #F4F4F4; border-radius: 50%; flex-grow: 0; height: 40px; margin-right: 14px; width: 40px;\"><\/div> <div style=\"display: flex; flex-direction: column; flex-grow: 1; justify-content: center;\"> <div style=\" background-color: #F4F4F4; border-radius: 4px; flex-grow: 0; height: 14px; margin-bottom: 6px; width: 100px;\"><\/div> <div style=\" background-color: #F4F4F4; border-radius: 4px; flex-grow: 0; height: 14px; width: 60px;\"><\/div><\/div><\/div><div style=\"padding: 19% 0;\"><\/div> <div style=\"display:block; height:50px; margin:0 auto 12px; width:50px;\"><svg width=\"50px\" height=\"50px\" viewBox=\"0 0 60 60\" version=\"1.1\" xmlns=\"https:\/\/www.w3.org\/2000\/svg\" xmlns:xlink=\"https:\/\/www.w3.org\/1999\/xlink\"><g stroke=\"none\" stroke-width=\"1\" fill=\"none\" fill-rule=\"evenodd\"><g transform=\"translate(-511.000000, -20.000000)\" fill=\"#000000\"><g><path d=\"M556.869,30.41 C554.814,30.41 553.148,32.076 553.148,34.131 C553.148,36.186 554.814,37.852 556.869,37.852 C558.924,37.852 560.59,36.186 560.59,34.131 C560.59,32.076 558.924,30.41 556.869,30.41 M541,60.657 C535.114,60.657 530.342,55.887 530.342,50 C530.342,44.114 535.114,39.342 541,39.342 C546.887,39.342 551.658,44.114 551.658,50 C551.658,55.887 546.887,60.657 541,60.657 M541,33.886 C532.1,33.886 524.886,41.1 524.886,50 C524.886,58.899 532.1,66.113 541,66.113 C549.9,66.113 557.115,58.899 557.115,50 C557.115,41.1 549.9,33.886 541,33.886 M565.378,62.101 C565.244,65.022 564.756,66.606 564.346,67.663 C563.803,69.06 563.154,70.057 562.106,71.106 C561.058,72.155 560.06,72.803 558.662,73.347 C557.607,73.757 556.021,74.244 553.102,74.378 C549.944,74.521 548.997,74.552 541,74.552 C533.003,74.552 532.056,74.521 528.898,74.378 C525.979,74.244 524.393,73.757 523.338,73.347 C521.94,72.803 520.942,72.155 519.894,71.106 C518.846,70.057 518.197,69.06 517.654,67.663 C517.244,66.606 516.755,65.022 516.623,62.101 C516.479,58.943 516.448,57.996 516.448,50 C516.448,42.003 516.479,41.056 516.623,37.899 C516.755,34.978 517.244,33.391 517.654,32.338 C518.197,30.938 518.846,29.942 519.894,28.894 C520.942,27.846 521.94,27.196 523.338,26.654 C524.393,26.244 525.979,25.756 528.898,25.623 C532.057,25.479 533.004,25.448 541,25.448 C548.997,25.448 549.943,25.479 553.102,25.623 C556.021,25.756 557.607,26.244 558.662,26.654 C560.06,27.196 561.058,27.846 562.106,28.894 C563.154,29.942 563.803,30.938 564.346,32.338 C564.756,33.391 565.244,34.978 565.378,37.899 C565.522,41.056 565.552,42.003 565.552,50 C565.552,57.996 565.522,58.943 565.378,62.101 M570.82,37.631 C570.674,34.438 570.167,32.258 569.425,30.349 C568.659,28.377 567.633,26.702 565.965,25.035 C564.297,23.368 562.623,22.342 560.652,21.575 C558.743,20.834 556.562,20.326 553.369,20.18 C550.169,20.033 549.148,20 541,20 C532.853,20 531.831,20.033 528.631,20.18 C525.438,20.326 523.257,20.834 521.349,21.575 C519.376,22.342 517.703,23.368 516.035,25.035 C514.368,26.702 513.342,28.377 512.574,30.349 C511.834,32.258 511.326,34.438 511.181,37.631 C511.035,40.831 511,41.851 511,50 C511,58.147 511.035,59.17 511.181,62.369 C511.326,65.562 511.834,67.743 512.574,69.651 C513.342,71.625 514.368,73.296 516.035,74.965 C517.703,76.634 519.376,77.658 521.349,78.425 C523.257,79.167 525.438,79.673 528.631,79.82 C531.831,79.965 532.853,80.001 541,80.001 C549.148,80.001 550.169,79.965 553.369,79.82 C556.562,79.673 558.743,79.167 560.652,78.425 C562.623,77.658 564.297,76.634 565.965,74.965 C567.633,73.296 568.659,71.625 569.425,69.651 C570.167,67.743 570.674,65.562 570.82,62.369 C570.966,59.17 571,58.147 571,50 C571,41.851 570.966,40.831 570.82,37.631\"><\/path><\/g><\/g><\/g><\/svg><\/div><div style=\"padding-top: 8px;\"> <div style=\" color:#3897f0; font-family:Arial,sans-serif; font-size:14px; font-style:normal; font-weight:550; line-height:18px;\">Ver esta publicaci\u00f3n en Instagram<\/div><\/div><div style=\"padding: 12.5% 0;\"><\/div> <div style=\"display: flex; flex-direction: row; margin-bottom: 14px; align-items: center;\"><div> <div style=\"background-color: #F4F4F4; border-radius: 50%; height: 12.5px; width: 12.5px; transform: translateX(0px) translateY(7px);\"><\/div> <div style=\"background-color: #F4F4F4; height: 12.5px; transform: rotate(-45deg) translateX(3px) translateY(1px); width: 12.5px; flex-grow: 0; margin-right: 14px; margin-left: 2px;\"><\/div> <div style=\"background-color: #F4F4F4; border-radius: 50%; height: 12.5px; width: 12.5px; transform: translateX(9px) translateY(-18px);\"><\/div><\/div><div style=\"margin-left: 8px;\"> <div style=\" background-color: #F4F4F4; border-radius: 50%; flex-grow: 0; height: 20px; width: 20px;\"><\/div> <div style=\" width: 0; height: 0; border-top: 2px solid transparent; border-left: 6px solid #f4f4f4; border-bottom: 2px solid transparent; transform: translateX(16px) translateY(-4px) rotate(30deg)\"><\/div><\/div><div style=\"margin-left: auto;\"> <div style=\" width: 0px; border-top: 8px solid #F4F4F4; border-right: 8px solid transparent; transform: translateY(16px);\"><\/div> <div style=\" background-color: #F4F4F4; flex-grow: 0; height: 12px; width: 16px; transform: translateY(-4px);\"><\/div> <div style=\" width: 0; height: 0; border-top: 8px solid #F4F4F4; border-left: 8px solid transparent; transform: translateY(-4px) translateX(8px);\"><\/div><\/div><\/div> <div style=\"display: flex; flex-direction: column; flex-grow: 1; justify-content: center; margin-bottom: 24px;\"> <div style=\" background-color: #F4F4F4; border-radius: 4px; flex-grow: 0; height: 14px; margin-bottom: 6px; width: 224px;\"><\/div> <div style=\" background-color: #F4F4F4; border-radius: 4px; flex-grow: 0; height: 14px; width: 144px;\"><\/div><\/div><\/a><p style=\" color:#c9c8cd; font-family:Arial,sans-serif; font-size:14px; line-height:17px; margin-bottom:0; margin-top:8px; overflow:hidden; padding:8px 0 7px; text-align:center; text-overflow:ellipsis; white-space:nowrap;\"><a href=\"https:\/\/www.instagram.com\/reel\/Dau53-hoNuJ\/?utm_source=ig_embed&utm_campaign=loading\" style=\" color:#c9c8cd; font-family:Arial,sans-serif; font-size:14px; font-style:normal; font-weight:normal; line-height:17px; text-decoration:none;\" target=\"_blank\">Una publicaci\u00f3n compartida de IDERMIC - Dermatolog\u00eda m\u00e9dica y est\u00e9tica (@idermicclinic)<\/a><\/p><\/div><\/blockquote>\n<script async src=\"\/\/www.instagram.com\/embed.js\"><\/script><div class=\"fusion-clearfix\"><\/div><\/div><\/div><\/div><\/div><\/p>\n","protected":false},"excerpt":{"rendered":"<p>Querat\u00f3lisis punctata: qu\u00e9 es, causas, s\u00edntomas, diagn\u00f3stico, tratamiento y prevenci\u00f3n de esta infecci\u00f3n bacteriana frecuente en los pies.<\/p>\n","protected":false},"author":3,"featured_media":10419,"comment_status":"open","ping_status":"closed","sticky":false,"template":"","format":"standard","meta":{"_joinchat":[],"footnotes":""},"categories":[52],"tags":[],"class_list":["post-10410","post","type-post","status-publish","format-standard","has-post-thumbnail","hentry","category-dermatologia"],"yoast_head":"<!-- This site is optimized with the Yoast SEO plugin v28.4 - https:\/\/yoast.com\/product\/yoast-seo-wordpress\/ -->\n<title>Querat\u00f3lisis punctata: qu\u00e9 es esta infecci\u00f3n bacteriana, s\u00edntomas, causas y tratamiento -<\/title>\n<meta name=\"description\" content=\"Querat\u00f3lisis punctata: qu\u00e9 es, causas, s\u00edntomas, diagn\u00f3stico, tratamiento y prevenci\u00f3n de esta infecci\u00f3n bacteriana frecuente en los pies.\" \/>\n<meta name=\"robots\" content=\"index, follow, max-snippet:-1, max-image-preview:large, max-video-preview:-1\" \/>\n<link rel=\"canonical\" href=\"https:\/\/www.idermic.es\/es\/queratolisis-punctata-que-es-esta-infeccion-bacteriana-sintomas-causas-y-tratamiento\/\" \/>\n<meta property=\"og:locale\" content=\"es_ES\" \/>\n<meta property=\"og:type\" content=\"article\" \/>\n<meta property=\"og:title\" content=\"Querat\u00f3lisis punctata: qu\u00e9 es esta infecci\u00f3n bacteriana, s\u00edntomas, causas y tratamiento -\" \/>\n<meta property=\"og:description\" content=\"Querat\u00f3lisis punctata: qu\u00e9 es, causas, s\u00edntomas, diagn\u00f3stico, tratamiento y prevenci\u00f3n de esta infecci\u00f3n bacteriana frecuente en los pies.\" \/>\n<meta property=\"og:url\" content=\"https:\/\/www.idermic.es\/es\/queratolisis-punctata-que-es-esta-infeccion-bacteriana-sintomas-causas-y-tratamiento\/\" \/>\n<meta property=\"og:site_name\" content=\"Idermic. Dermatolog\u00eda en Terrassa\" \/>\n<meta property=\"article:publisher\" content=\"https:\/\/www.facebook.com\/Idermic\" \/>\n<meta property=\"article:published_time\" content=\"2026-08-03T12:29:33+00:00\" \/>\n<meta property=\"article:modified_time\" content=\"2026-08-12T12:56:42+00:00\" \/>\n<meta property=\"og:image\" content=\"https:\/\/www.idermic.es\/wp-content\/uploads\/2026\/08\/Queratolisis-punctata.jpg\" \/>\n\t<meta property=\"og:image:width\" content=\"900\" \/>\n\t<meta property=\"og:image:height\" content=\"507\" \/>\n\t<meta property=\"og:image:type\" content=\"image\/jpeg\" \/>\n<meta name=\"author\" content=\"Equipo\" \/>\n<meta name=\"twitter:card\" content=\"summary_large_image\" \/>\n<meta name=\"twitter:creator\" content=\"@idermic\" \/>\n<meta name=\"twitter:site\" content=\"@idermic\" \/>\n<meta name=\"twitter:label1\" content=\"Escrito por\" \/>\n\t<meta name=\"twitter:data1\" content=\"Equipo\" \/>\n\t<meta name=\"twitter:label2\" content=\"Tiempo de lectura\" \/>\n\t<meta name=\"twitter:data2\" content=\"16 minutos\" \/>\n<script type=\"application\/ld+json\" class=\"yoast-schema-graph\">{\"@context\":\"https:\\\/\\\/schema.org\",\"@graph\":[{\"@type\":\"Article\",\"@id\":\"https:\\\/\\\/www.idermic.es\\\/es\\\/queratolisis-punctata-que-es-esta-infeccion-bacteriana-sintomas-causas-y-tratamiento\\\/#article\",\"isPartOf\":{\"@id\":\"https:\\\/\\\/www.idermic.es\\\/es\\\/queratolisis-punctata-que-es-esta-infeccion-bacteriana-sintomas-causas-y-tratamiento\\\/\"},\"author\":{\"name\":\"Equipo\",\"@id\":\"https:\\\/\\\/www.idermic.es\\\/#\\\/schema\\\/person\\\/c12703027a878b23d3c71c87921a82f8\"},\"headline\":\"Querat\u00f3lisis punctata: qu\u00e9 es esta infecci\u00f3n bacteriana, s\u00edntomas, causas y tratamiento\",\"datePublished\":\"2026-08-03T12:29:33+00:00\",\"dateModified\":\"2026-08-12T12:56:42+00:00\",\"mainEntityOfPage\":{\"@id\":\"https:\\\/\\\/www.idermic.es\\\/es\\\/queratolisis-punctata-que-es-esta-infeccion-bacteriana-sintomas-causas-y-tratamiento\\\/\"},\"wordCount\":8085,\"commentCount\":0,\"publisher\":{\"@id\":\"https:\\\/\\\/www.idermic.es\\\/#organization\"},\"image\":{\"@id\":\"https:\\\/\\\/www.idermic.es\\\/es\\\/queratolisis-punctata-que-es-esta-infeccion-bacteriana-sintomas-causas-y-tratamiento\\\/#primaryimage\"},\"thumbnailUrl\":\"https:\\\/\\\/www.idermic.es\\\/wp-content\\\/uploads\\\/2026\\\/08\\\/Queratolisis-punctata.jpg\",\"articleSection\":[\"Dermatolog\u00eda\"],\"inLanguage\":\"es\",\"potentialAction\":[{\"@type\":\"CommentAction\",\"name\":\"Comment\",\"target\":[\"https:\\\/\\\/www.idermic.es\\\/es\\\/queratolisis-punctata-que-es-esta-infeccion-bacteriana-sintomas-causas-y-tratamiento\\\/#respond\"]}]},{\"@type\":\"WebPage\",\"@id\":\"https:\\\/\\\/www.idermic.es\\\/es\\\/queratolisis-punctata-que-es-esta-infeccion-bacteriana-sintomas-causas-y-tratamiento\\\/\",\"url\":\"https:\\\/\\\/www.idermic.es\\\/es\\\/queratolisis-punctata-que-es-esta-infeccion-bacteriana-sintomas-causas-y-tratamiento\\\/\",\"name\":\"Querat\u00f3lisis punctata: qu\u00e9 es esta infecci\u00f3n bacteriana, s\u00edntomas, causas y tratamiento -\",\"isPartOf\":{\"@id\":\"https:\\\/\\\/www.idermic.es\\\/#website\"},\"primaryImageOfPage\":{\"@id\":\"https:\\\/\\\/www.idermic.es\\\/es\\\/queratolisis-punctata-que-es-esta-infeccion-bacteriana-sintomas-causas-y-tratamiento\\\/#primaryimage\"},\"image\":{\"@id\":\"https:\\\/\\\/www.idermic.es\\\/es\\\/queratolisis-punctata-que-es-esta-infeccion-bacteriana-sintomas-causas-y-tratamiento\\\/#primaryimage\"},\"thumbnailUrl\":\"https:\\\/\\\/www.idermic.es\\\/wp-content\\\/uploads\\\/2026\\\/08\\\/Queratolisis-punctata.jpg\",\"datePublished\":\"2026-08-03T12:29:33+00:00\",\"dateModified\":\"2026-08-12T12:56:42+00:00\",\"description\":\"Querat\u00f3lisis punctata: qu\u00e9 es, causas, s\u00edntomas, diagn\u00f3stico, tratamiento y prevenci\u00f3n de esta infecci\u00f3n bacteriana frecuente en los pies.\",\"breadcrumb\":{\"@id\":\"https:\\\/\\\/www.idermic.es\\\/es\\\/queratolisis-punctata-que-es-esta-infeccion-bacteriana-sintomas-causas-y-tratamiento\\\/#breadcrumb\"},\"inLanguage\":\"es\",\"potentialAction\":[{\"@type\":\"ReadAction\",\"target\":[\"https:\\\/\\\/www.idermic.es\\\/es\\\/queratolisis-punctata-que-es-esta-infeccion-bacteriana-sintomas-causas-y-tratamiento\\\/\"]}]},{\"@type\":\"ImageObject\",\"inLanguage\":\"es\",\"@id\":\"https:\\\/\\\/www.idermic.es\\\/es\\\/queratolisis-punctata-que-es-esta-infeccion-bacteriana-sintomas-causas-y-tratamiento\\\/#primaryimage\",\"url\":\"https:\\\/\\\/www.idermic.es\\\/wp-content\\\/uploads\\\/2026\\\/08\\\/Queratolisis-punctata.jpg\",\"contentUrl\":\"https:\\\/\\\/www.idermic.es\\\/wp-content\\\/uploads\\\/2026\\\/08\\\/Queratolisis-punctata.jpg\",\"width\":900,\"height\":507,\"caption\":\"Querat\u00f3lisis punctata: qu\u00e9 es esta infecci\u00f3n bacteriana, s\u00edntomas, causas y tratamiento\"},{\"@type\":\"BreadcrumbList\",\"@id\":\"https:\\\/\\\/www.idermic.es\\\/es\\\/queratolisis-punctata-que-es-esta-infeccion-bacteriana-sintomas-causas-y-tratamiento\\\/#breadcrumb\",\"itemListElement\":[{\"@type\":\"ListItem\",\"position\":1,\"name\":\"Inici\",\"item\":\"https:\\\/\\\/www.idermic.es\\\/es\\\/\"},{\"@type\":\"ListItem\",\"position\":2,\"name\":\"Querat\u00f3lisis punctata: qu\u00e9 es esta infecci\u00f3n bacteriana, s\u00edntomas, causas y tratamiento\"}]},{\"@type\":\"WebSite\",\"@id\":\"https:\\\/\\\/www.idermic.es\\\/#website\",\"url\":\"https:\\\/\\\/www.idermic.es\\\/\",\"name\":\"Idermic. Dermatolog\u00eda en Terrassa\",\"description\":\"Dermatolog\u00eda, Medicina est\u00e9tica, Cirurg\u00eda Pl\u00e0stica\",\"publisher\":{\"@id\":\"https:\\\/\\\/www.idermic.es\\\/#organization\"},\"potentialAction\":[{\"@type\":\"SearchAction\",\"target\":{\"@type\":\"EntryPoint\",\"urlTemplate\":\"https:\\\/\\\/www.idermic.es\\\/?s={search_term_string}\"},\"query-input\":{\"@type\":\"PropertyValueSpecification\",\"valueRequired\":true,\"valueName\":\"search_term_string\"}}],\"inLanguage\":\"es\"},{\"@type\":\"Organization\",\"@id\":\"https:\\\/\\\/www.idermic.es\\\/#organization\",\"name\":\"Idermic. Dermatolog\u00eda en Terrassa\",\"url\":\"https:\\\/\\\/www.idermic.es\\\/\",\"logo\":{\"@type\":\"ImageObject\",\"inLanguage\":\"es\",\"@id\":\"https:\\\/\\\/www.idermic.es\\\/#\\\/schema\\\/logo\\\/image\\\/\",\"url\":\"https:\\\/\\\/www.idermic.es\\\/wp-content\\\/uploads\\\/2025\\\/10\\\/Logo-Idermic.jpg\",\"contentUrl\":\"https:\\\/\\\/www.idermic.es\\\/wp-content\\\/uploads\\\/2025\\\/10\\\/Logo-Idermic.jpg\",\"width\":501,\"height\":502,\"caption\":\"Idermic. Dermatolog\u00eda en Terrassa\"},\"image\":{\"@id\":\"https:\\\/\\\/www.idermic.es\\\/#\\\/schema\\\/logo\\\/image\\\/\"},\"sameAs\":[\"https:\\\/\\\/www.facebook.com\\\/Idermic\",\"https:\\\/\\\/x.com\\\/idermic\",\"https:\\\/\\\/www.instagram.com\\\/idermicclinic\\\/\",\"https:\\\/\\\/www.youtube.com\\\/channel\\\/UCyAHC9-p8lc6hr_nguO8p_g\"]},{\"@type\":\"Person\",\"@id\":\"https:\\\/\\\/www.idermic.es\\\/#\\\/schema\\\/person\\\/c12703027a878b23d3c71c87921a82f8\",\"name\":\"Equipo\",\"image\":{\"@type\":\"ImageObject\",\"inLanguage\":\"es\",\"@id\":\"https:\\\/\\\/secure.gravatar.com\\\/avatar\\\/7ca0be23248108c6b0887e0693b7dcf7764bd3503f84d1f04e6653ef7c3b9420?s=96&d=mm&r=g\",\"url\":\"https:\\\/\\\/secure.gravatar.com\\\/avatar\\\/7ca0be23248108c6b0887e0693b7dcf7764bd3503f84d1f04e6653ef7c3b9420?s=96&d=mm&r=g\",\"contentUrl\":\"https:\\\/\\\/secure.gravatar.com\\\/avatar\\\/7ca0be23248108c6b0887e0693b7dcf7764bd3503f84d1f04e6653ef7c3b9420?s=96&d=mm&r=g\",\"caption\":\"Equipo\"},\"description\":\"Equipo de Idermic\"}]}<\/script>\n<!-- \/ Yoast SEO plugin. -->","yoast_head_json":{"title":"Querat\u00f3lisis punctata: qu\u00e9 es esta infecci\u00f3n bacteriana, s\u00edntomas, causas y tratamiento -","description":"Querat\u00f3lisis punctata: qu\u00e9 es, causas, s\u00edntomas, diagn\u00f3stico, tratamiento y prevenci\u00f3n de esta infecci\u00f3n bacteriana frecuente en los pies.","robots":{"index":"index","follow":"follow","max-snippet":"max-snippet:-1","max-image-preview":"max-image-preview:large","max-video-preview":"max-video-preview:-1"},"canonical":"https:\/\/www.idermic.es\/es\/queratolisis-punctata-que-es-esta-infeccion-bacteriana-sintomas-causas-y-tratamiento\/","og_locale":"es_ES","og_type":"article","og_title":"Querat\u00f3lisis punctata: qu\u00e9 es esta infecci\u00f3n bacteriana, s\u00edntomas, causas y tratamiento -","og_description":"Querat\u00f3lisis punctata: qu\u00e9 es, causas, s\u00edntomas, diagn\u00f3stico, tratamiento y prevenci\u00f3n de esta infecci\u00f3n bacteriana frecuente en los pies.","og_url":"https:\/\/www.idermic.es\/es\/queratolisis-punctata-que-es-esta-infeccion-bacteriana-sintomas-causas-y-tratamiento\/","og_site_name":"Idermic. Dermatolog\u00eda en Terrassa","article_publisher":"https:\/\/www.facebook.com\/Idermic","article_published_time":"2026-08-03T12:29:33+00:00","article_modified_time":"2026-08-12T12:56:42+00:00","og_image":[{"width":900,"height":507,"url":"https:\/\/www.idermic.es\/wp-content\/uploads\/2026\/08\/Queratolisis-punctata.jpg","type":"image\/jpeg"}],"author":"Equipo","twitter_card":"summary_large_image","twitter_creator":"@idermic","twitter_site":"@idermic","twitter_misc":{"Escrito por":"Equipo","Tiempo de lectura":"16 minutos"},"schema":{"@context":"https:\/\/schema.org","@graph":[{"@type":"Article","@id":"https:\/\/www.idermic.es\/es\/queratolisis-punctata-que-es-esta-infeccion-bacteriana-sintomas-causas-y-tratamiento\/#article","isPartOf":{"@id":"https:\/\/www.idermic.es\/es\/queratolisis-punctata-que-es-esta-infeccion-bacteriana-sintomas-causas-y-tratamiento\/"},"author":{"name":"Equipo","@id":"https:\/\/www.idermic.es\/#\/schema\/person\/c12703027a878b23d3c71c87921a82f8"},"headline":"Querat\u00f3lisis punctata: qu\u00e9 es esta infecci\u00f3n bacteriana, s\u00edntomas, causas y tratamiento","datePublished":"2026-08-03T12:29:33+00:00","dateModified":"2026-08-12T12:56:42+00:00","mainEntityOfPage":{"@id":"https:\/\/www.idermic.es\/es\/queratolisis-punctata-que-es-esta-infeccion-bacteriana-sintomas-causas-y-tratamiento\/"},"wordCount":8085,"commentCount":0,"publisher":{"@id":"https:\/\/www.idermic.es\/#organization"},"image":{"@id":"https:\/\/www.idermic.es\/es\/queratolisis-punctata-que-es-esta-infeccion-bacteriana-sintomas-causas-y-tratamiento\/#primaryimage"},"thumbnailUrl":"https:\/\/www.idermic.es\/wp-content\/uploads\/2026\/08\/Queratolisis-punctata.jpg","articleSection":["Dermatolog\u00eda"],"inLanguage":"es","potentialAction":[{"@type":"CommentAction","name":"Comment","target":["https:\/\/www.idermic.es\/es\/queratolisis-punctata-que-es-esta-infeccion-bacteriana-sintomas-causas-y-tratamiento\/#respond"]}]},{"@type":"WebPage","@id":"https:\/\/www.idermic.es\/es\/queratolisis-punctata-que-es-esta-infeccion-bacteriana-sintomas-causas-y-tratamiento\/","url":"https:\/\/www.idermic.es\/es\/queratolisis-punctata-que-es-esta-infeccion-bacteriana-sintomas-causas-y-tratamiento\/","name":"Querat\u00f3lisis punctata: qu\u00e9 es esta infecci\u00f3n bacteriana, s\u00edntomas, causas y tratamiento -","isPartOf":{"@id":"https:\/\/www.idermic.es\/#website"},"primaryImageOfPage":{"@id":"https:\/\/www.idermic.es\/es\/queratolisis-punctata-que-es-esta-infeccion-bacteriana-sintomas-causas-y-tratamiento\/#primaryimage"},"image":{"@id":"https:\/\/www.idermic.es\/es\/queratolisis-punctata-que-es-esta-infeccion-bacteriana-sintomas-causas-y-tratamiento\/#primaryimage"},"thumbnailUrl":"https:\/\/www.idermic.es\/wp-content\/uploads\/2026\/08\/Queratolisis-punctata.jpg","datePublished":"2026-08-03T12:29:33+00:00","dateModified":"2026-08-12T12:56:42+00:00","description":"Querat\u00f3lisis punctata: qu\u00e9 es, causas, s\u00edntomas, diagn\u00f3stico, tratamiento y prevenci\u00f3n de esta infecci\u00f3n bacteriana frecuente en los pies.","breadcrumb":{"@id":"https:\/\/www.idermic.es\/es\/queratolisis-punctata-que-es-esta-infeccion-bacteriana-sintomas-causas-y-tratamiento\/#breadcrumb"},"inLanguage":"es","potentialAction":[{"@type":"ReadAction","target":["https:\/\/www.idermic.es\/es\/queratolisis-punctata-que-es-esta-infeccion-bacteriana-sintomas-causas-y-tratamiento\/"]}]},{"@type":"ImageObject","inLanguage":"es","@id":"https:\/\/www.idermic.es\/es\/queratolisis-punctata-que-es-esta-infeccion-bacteriana-sintomas-causas-y-tratamiento\/#primaryimage","url":"https:\/\/www.idermic.es\/wp-content\/uploads\/2026\/08\/Queratolisis-punctata.jpg","contentUrl":"https:\/\/www.idermic.es\/wp-content\/uploads\/2026\/08\/Queratolisis-punctata.jpg","width":900,"height":507,"caption":"Querat\u00f3lisis punctata: qu\u00e9 es esta infecci\u00f3n bacteriana, s\u00edntomas, causas y tratamiento"},{"@type":"BreadcrumbList","@id":"https:\/\/www.idermic.es\/es\/queratolisis-punctata-que-es-esta-infeccion-bacteriana-sintomas-causas-y-tratamiento\/#breadcrumb","itemListElement":[{"@type":"ListItem","position":1,"name":"Inici","item":"https:\/\/www.idermic.es\/es\/"},{"@type":"ListItem","position":2,"name":"Querat\u00f3lisis punctata: qu\u00e9 es esta infecci\u00f3n bacteriana, s\u00edntomas, causas y tratamiento"}]},{"@type":"WebSite","@id":"https:\/\/www.idermic.es\/#website","url":"https:\/\/www.idermic.es\/","name":"Idermic. Dermatolog\u00eda en Terrassa","description":"Dermatolog\u00eda, Medicina est\u00e9tica, Cirurg\u00eda Pl\u00e0stica","publisher":{"@id":"https:\/\/www.idermic.es\/#organization"},"potentialAction":[{"@type":"SearchAction","target":{"@type":"EntryPoint","urlTemplate":"https:\/\/www.idermic.es\/?s={search_term_string}"},"query-input":{"@type":"PropertyValueSpecification","valueRequired":true,"valueName":"search_term_string"}}],"inLanguage":"es"},{"@type":"Organization","@id":"https:\/\/www.idermic.es\/#organization","name":"Idermic. Dermatolog\u00eda en Terrassa","url":"https:\/\/www.idermic.es\/","logo":{"@type":"ImageObject","inLanguage":"es","@id":"https:\/\/www.idermic.es\/#\/schema\/logo\/image\/","url":"https:\/\/www.idermic.es\/wp-content\/uploads\/2025\/10\/Logo-Idermic.jpg","contentUrl":"https:\/\/www.idermic.es\/wp-content\/uploads\/2025\/10\/Logo-Idermic.jpg","width":501,"height":502,"caption":"Idermic. Dermatolog\u00eda en Terrassa"},"image":{"@id":"https:\/\/www.idermic.es\/#\/schema\/logo\/image\/"},"sameAs":["https:\/\/www.facebook.com\/Idermic","https:\/\/x.com\/idermic","https:\/\/www.instagram.com\/idermicclinic\/","https:\/\/www.youtube.com\/channel\/UCyAHC9-p8lc6hr_nguO8p_g"]},{"@type":"Person","@id":"https:\/\/www.idermic.es\/#\/schema\/person\/c12703027a878b23d3c71c87921a82f8","name":"Equipo","image":{"@type":"ImageObject","inLanguage":"es","@id":"https:\/\/secure.gravatar.com\/avatar\/7ca0be23248108c6b0887e0693b7dcf7764bd3503f84d1f04e6653ef7c3b9420?s=96&d=mm&r=g","url":"https:\/\/secure.gravatar.com\/avatar\/7ca0be23248108c6b0887e0693b7dcf7764bd3503f84d1f04e6653ef7c3b9420?s=96&d=mm&r=g","contentUrl":"https:\/\/secure.gravatar.com\/avatar\/7ca0be23248108c6b0887e0693b7dcf7764bd3503f84d1f04e6653ef7c3b9420?s=96&d=mm&r=g","caption":"Equipo"},"description":"Equipo de Idermic"}]}},"_links":{"self":[{"href":"https:\/\/www.idermic.es\/es\/wp-json\/wp\/v2\/posts\/10410","targetHints":{"allow":["GET"]}}],"collection":[{"href":"https:\/\/www.idermic.es\/es\/wp-json\/wp\/v2\/posts"}],"about":[{"href":"https:\/\/www.idermic.es\/es\/wp-json\/wp\/v2\/types\/post"}],"author":[{"embeddable":true,"href":"https:\/\/www.idermic.es\/es\/wp-json\/wp\/v2\/users\/3"}],"replies":[{"embeddable":true,"href":"https:\/\/www.idermic.es\/es\/wp-json\/wp\/v2\/comments?post=10410"}],"version-history":[{"count":8,"href":"https:\/\/www.idermic.es\/es\/wp-json\/wp\/v2\/posts\/10410\/revisions"}],"predecessor-version":[{"id":10418,"href":"https:\/\/www.idermic.es\/es\/wp-json\/wp\/v2\/posts\/10410\/revisions\/10418"}],"wp:featuredmedia":[{"embeddable":true,"href":"https:\/\/www.idermic.es\/es\/wp-json\/wp\/v2\/media\/10419"}],"wp:attachment":[{"href":"https:\/\/www.idermic.es\/es\/wp-json\/wp\/v2\/media?parent=10410"}],"wp:term":[{"taxonomy":"category","embeddable":true,"href":"https:\/\/www.idermic.es\/es\/wp-json\/wp\/v2\/categories?post=10410"},{"taxonomy":"post_tag","embeddable":true,"href":"https:\/\/www.idermic.es\/es\/wp-json\/wp\/v2\/tags?post=10410"}],"curies":[{"name":"wp","href":"https:\/\/api.w.org\/{rel}","templated":true}]}}