{"id":10146,"date":"2026-07-08T08:29:53","date_gmt":"2026-07-08T08:29:53","guid":{"rendered":"https:\/\/www.idermic.es\/?p=10146"},"modified":"2026-07-08T08:29:53","modified_gmt":"2026-07-08T08:29:53","slug":"micropigmentacion-medica-y-estetica-nuevo-servicio-especializado-en-idermic","status":"publish","type":"post","link":"https:\/\/www.idermic.es\/es\/micropigmentacion-medica-y-estetica-nuevo-servicio-especializado-en-idermic\/","title":{"rendered":"Micropigmentaci\u00f3n M\u00e9dica y Est\u00e9tica: nuevo servicio especializado en Idermic"},"content":{"rendered":"<p><div class=\"fusion-fullwidth fullwidth-box fusion-builder-row-1 nonhundred-percent-fullwidth non-hundred-percent-height-scrolling\" style=\"--awb-border-radius-top-left:0px;--awb-border-radius-top-right:0px;--awb-border-radius-bottom-right:0px;--awb-border-radius-bottom-left:0px;--awb-flex-wrap:wrap;\" ><div class=\"fusion-builder-row fusion-row\"><div class=\"fusion-layout-column fusion_builder_column fusion-builder-column-0 fusion_builder_column_1_1 1_1 fusion-one-full fusion-column-first fusion-column-last\" style=\"--awb-bg-size:cover;\"><div class=\"fusion-column-wrapper fusion-flex-column-wrapper-legacy\"><div class=\"fusion-text fusion-text-1\"><h1 style=\"text-align: center;\">Micropigmentaci\u00f3n M\u00e9dica y Est\u00e9tica: nuevo servicio especializado en Idermic<\/h1>\n<\/div><div class=\"fusion-clearfix\"><\/div><\/div><\/div><\/div><\/div><div class=\"fusion-fullwidth fullwidth-box fusion-builder-row-2 nonhundred-percent-fullwidth non-hundred-percent-height-scrolling\" style=\"--awb-border-radius-top-left:0px;--awb-border-radius-top-right:0px;--awb-border-radius-bottom-right:0px;--awb-border-radius-bottom-left:0px;--awb-flex-wrap:wrap;\" ><div class=\"fusion-builder-row fusion-row\"><div class=\"fusion-layout-column fusion_builder_column fusion-builder-column-1 fusion_builder_column_1_2 1_2 fusion-one-half fusion-column-first\" style=\"--awb-bg-size:cover;width:50%;width:calc(50% - ( ( 4% ) * 0.5 ) );margin-right: 4%;\"><div class=\"fusion-column-wrapper fusion-flex-column-wrapper-legacy\"><div class=\"fusion-text fusion-text-2\"><p class=\"isSelectedEnd\">La Cl\u00ednica Idermic de Terrassa incorpora un nuevo servicio de <strong>Micropigmentaci\u00f3n M\u00e9dica y Est\u00e9tica<\/strong>, una unidad especializada orientada a realzar, reconstruir y armonizar diferentes zonas del rostro y del cuerpo mediante t\u00e9cnicas de m\u00e1xima precisi\u00f3n.<\/p>\n<p class=\"isSelectedEnd\">Este nuevo servicio nace con un enfoque personalizado, natural y respetuoso con las caracter\u00edsticas de cada paciente, combinando la dimensi\u00f3n est\u00e9tica de la micropigmentaci\u00f3n con su valor reparador en contextos m\u00e9dicos, oncol\u00f3gicos o reconstructivos.<\/p>\n<p class=\"isSelectedEnd\">La micropigmentaci\u00f3n es una t\u00e9cnica que permite implantar pigmentos espec\u00edficos en capas superficiales de la piel con el objetivo de definir, corregir, equilibrar o camuflar determinadas zonas.<\/p>\n<p class=\"isSelectedEnd\">Tambi\u00e9n se conoce como dermopigmentaci\u00f3n o maquillaje semipermanente, aunque su uso actual va mucho m\u00e1s all\u00e1 del \u00e1mbito puramente est\u00e9tico.<\/p>\n<p class=\"isSelectedEnd\">Adem\u00e1s de mejorar la apariencia de cejas, labios o cuero cabelludo, puede tener una finalidad m\u00e9dica y reparadora, como ocurre en la reconstrucci\u00f3n de areola tras cirug\u00eda mamaria, el camuflaje de cicatrices o el tratamiento visual de algunas estr\u00edas.<\/p>\n<p>En Cl\u00ednica Idermic, este nuevo servicio se plantea desde una visi\u00f3n integral: la belleza tambi\u00e9n est\u00e1 en los peque\u00f1os detalles, pero la medicina est\u00e9tica y reparadora puede ayudar a recuperar mucho m\u00e1s que la imagen.<\/p>\n<p>Por ello, la nueva unidad de micropigmentaci\u00f3n m\u00e9dica y est\u00e9tica en Terrassa est\u00e1 dirigida a personas que buscan resultados naturales, dise\u00f1os personalizados y procedimientos adaptados a sus necesidades reales.<\/p>\n<\/div><div class=\"fusion-clearfix\"><\/div><\/div><\/div><div class=\"fusion-layout-column fusion_builder_column fusion-builder-column-2 fusion_builder_column_1_2 1_2 fusion-one-half fusion-column-last\" style=\"--awb-bg-size:cover;width:50%;width:calc(50% - ( ( 4% ) * 0.5 ) );\"><div class=\"fusion-column-wrapper fusion-flex-column-wrapper-legacy\"><div class=\"fusion-image-element in-legacy-container\" style=\"--awb-caption-title-font-family:var(--h2_typography-font-family);--awb-caption-title-font-weight:var(--h2_typography-font-weight);--awb-caption-title-font-style:var(--h2_typography-font-style);--awb-caption-title-size:var(--h2_typography-font-size);--awb-caption-title-transform:var(--h2_typography-text-transform);--awb-caption-title-line-height:var(--h2_typography-line-height);--awb-caption-title-letter-spacing:var(--h2_typography-letter-spacing);\"><span class=\" fusion-imageframe imageframe-none imageframe-1 hover-type-none\"><img decoding=\"async\" width=\"720\" height=\"900\" alt=\"Tratamientos de Micropigmentaci\u00f3n M\u00e9dica y Est\u00e9tica Cl\u00ednica Idermic de Terrassa. Relleno capilar\" title=\"Micropigmentaci\u00f3n M\u00e9dica y Est\u00e9tica-1\" src=\"https:\/\/www.idermic.es\/wp-content\/uploads\/2026\/07\/Micropigmentacion-Medica-y-Estetica-1-1.jpg\" class=\"img-responsive wp-image-10168\" srcset=\"https:\/\/www.idermic.es\/wp-content\/uploads\/2026\/07\/Micropigmentacion-Medica-y-Estetica-1-1-200x250.jpg 200w, https:\/\/www.idermic.es\/wp-content\/uploads\/2026\/07\/Micropigmentacion-Medica-y-Estetica-1-1-400x500.jpg 400w, https:\/\/www.idermic.es\/wp-content\/uploads\/2026\/07\/Micropigmentacion-Medica-y-Estetica-1-1-600x750.jpg 600w, https:\/\/www.idermic.es\/wp-content\/uploads\/2026\/07\/Micropigmentacion-Medica-y-Estetica-1-1.jpg 720w\" sizes=\"(max-width: 800px) 100vw, 600px\" \/><\/span><\/div><div class=\"fusion-clearfix\"><\/div><\/div><\/div><\/div><\/div><div class=\"fusion-fullwidth fullwidth-box fusion-builder-row-3 fusion-flex-container has-pattern-background has-mask-background nonhundred-percent-fullwidth non-hundred-percent-height-scrolling\" style=\"--awb-border-radius-top-left:0px;--awb-border-radius-top-right:0px;--awb-border-radius-bottom-right:0px;--awb-border-radius-bottom-left:0px;--awb-flex-wrap:wrap;\" ><div class=\"fusion-builder-row fusion-row fusion-flex-align-items-flex-start fusion-flex-content-wrap\" style=\"max-width:1227.2px;margin-left: calc(-4% \/ 2 );margin-right: calc(-4% \/ 2 );\"><div class=\"fusion-layout-column fusion_builder_column fusion-builder-column-3 fusion_builder_column_1_1 1_1 fusion-flex-column\" style=\"--awb-bg-size:cover;--awb-width-large:100%;--awb-margin-top-large:0px;--awb-spacing-right-large:1.92%;--awb-margin-bottom-large:0px;--awb-spacing-left-large:1.92%;--awb-width-medium:100%;--awb-order-medium:0;--awb-spacing-right-medium:1.92%;--awb-spacing-left-medium:1.92%;--awb-width-small:100%;--awb-order-small:0;--awb-spacing-right-small:1.92%;--awb-spacing-left-small:1.92%;\"><div class=\"fusion-column-wrapper fusion-column-has-shadow fusion-flex-justify-content-flex-start fusion-content-layout-column\"><div class=\"fusion-separator fusion-full-width-sep\" style=\"align-self: center;margin-left: auto;margin-right: auto;width:100%;\"><div class=\"fusion-separator-border sep-double\" style=\"--awb-height:20px;--awb-amount:20px;border-color:#e0dede;border-top-width:1px;border-bottom-width:1px;\"><\/div><\/div><\/div><\/div><\/div><\/div><div class=\"fusion-fullwidth fullwidth-box fusion-builder-row-4 nonhundred-percent-fullwidth non-hundred-percent-height-scrolling\" style=\"--awb-border-radius-top-left:0px;--awb-border-radius-top-right:0px;--awb-border-radius-bottom-right:0px;--awb-border-radius-bottom-left:0px;--awb-flex-wrap:wrap;\" ><div class=\"fusion-builder-row fusion-row\"><div class=\"fusion-layout-column fusion_builder_column fusion-builder-column-4 fusion_builder_column_1_1 1_1 fusion-one-full fusion-column-first fusion-column-last\" style=\"--awb-bg-size:cover;\"><div class=\"fusion-column-wrapper fusion-flex-column-wrapper-legacy\"><div class=\"fusion-text fusion-text-3\"><h2>Qu\u00e9 es la micropigmentaci\u00f3n<\/h2>\n<p>La micropigmentaci\u00f3n es un procedimiento est\u00e9tico y reparador que consiste en introducir pigmentos en la piel mediante t\u00e9cnicas espec\u00edficas de dermopigmentaci\u00f3n. Su finalidad puede variar seg\u00fan el caso: aportar definici\u00f3n, corregir asimetr\u00edas, crear sensaci\u00f3n de volumen, reconstruir visualmente una zona, camuflar una alteraci\u00f3n cut\u00e1nea o mejorar la armon\u00eda del rostro y del cuerpo.<\/p>\n<p>A diferencia del maquillaje convencional, la micropigmentaci\u00f3n tiene una duraci\u00f3n prolongada. No se elimina al lavar la piel, no depende de la aplicaci\u00f3n diaria y permite mantener una apariencia cuidada durante m\u00e1s tiempo. Por este motivo, muchas personas la eligen para ahorrar tiempo en su rutina diaria, mejorar la definici\u00f3n de determinadas zonas o conseguir un resultado natural incluso sin maquillaje.<\/p>\n<p>La t\u00e9cnica puede aplicarse en diferentes \u00e1reas, como cejas, labios, areolas, cicatrices, estr\u00edas o cuero cabelludo. En cada caso, el procedimiento debe adaptarse al tipo de piel, el tono natural, la anatom\u00eda de la zona, las expectativas del paciente y el objetivo del tratamiento.<\/p>\n<h2>Diferencia entre micropigmentaci\u00f3n m\u00e9dica y micropigmentaci\u00f3n est\u00e9tica<\/h2>\n<p>Aunque ambas utilizan t\u00e9cnicas de implantaci\u00f3n de pigmentos en la piel, la <strong>micropigmentaci\u00f3n m\u00e9dica<\/strong> y la <strong>micropigmentaci\u00f3n est\u00e9tica<\/strong> tienen objetivos diferentes.<\/p>\n<p>La micropigmentaci\u00f3n est\u00e9tica busca mejorar, definir o embellecer rasgos faciales y corporales. Se utiliza, por ejemplo, para dise\u00f1ar cejas pelo a pelo, corregir peque\u00f1as asimetr\u00edas labiales, aportar un tono m\u00e1s uniforme a los labios o generar un efecto de mayor densidad capilar.<\/p>\n<p>La micropigmentaci\u00f3n m\u00e9dica, en cambio, tiene una finalidad reparadora. Se emplea para reconstruir visualmente una zona alterada por una cirug\u00eda, una cicatriz, una intervenci\u00f3n m\u00e9dica, una p\u00e9rdida de pigmento o una alteraci\u00f3n de la piel. En este grupo se incluyen tratamientos como la reconstrucci\u00f3n de areola tras cirug\u00eda mamaria, el camuflaje de cicatrices, la micropigmentaci\u00f3n oncol\u00f3gica, el relleno capilar en zonas despobladas o el tratamiento visual de determinadas estr\u00edas.<\/p>\n<p>Ambos enfoques comparten una misma base: precisi\u00f3n, personalizaci\u00f3n y naturalidad. Sin embargo, en la micropigmentaci\u00f3n m\u00e9dica cobra especial importancia el acompa\u00f1amiento, la sensibilidad y la comprensi\u00f3n del contexto personal de cada paciente.<\/p>\n<\/div><div class=\"fusion-clearfix\"><\/div><\/div><\/div><\/div><\/div><div class=\"fusion-fullwidth fullwidth-box fusion-builder-row-5 fusion-flex-container has-pattern-background has-mask-background nonhundred-percent-fullwidth non-hundred-percent-height-scrolling\" style=\"--awb-border-radius-top-left:0px;--awb-border-radius-top-right:0px;--awb-border-radius-bottom-right:0px;--awb-border-radius-bottom-left:0px;--awb-flex-wrap:wrap;\" ><div class=\"fusion-builder-row fusion-row fusion-flex-align-items-flex-start fusion-flex-content-wrap\" style=\"max-width:1227.2px;margin-left: calc(-4% \/ 2 );margin-right: calc(-4% \/ 2 );\"><div class=\"fusion-layout-column fusion_builder_column fusion-builder-column-5 fusion_builder_column_1_1 1_1 fusion-flex-column\" style=\"--awb-bg-size:cover;--awb-width-large:100%;--awb-margin-top-large:0px;--awb-spacing-right-large:1.92%;--awb-margin-bottom-large:0px;--awb-spacing-left-large:1.92%;--awb-width-medium:100%;--awb-order-medium:0;--awb-spacing-right-medium:1.92%;--awb-spacing-left-medium:1.92%;--awb-width-small:100%;--awb-order-small:0;--awb-spacing-right-small:1.92%;--awb-spacing-left-small:1.92%;\"><div class=\"fusion-column-wrapper fusion-column-has-shadow fusion-flex-justify-content-flex-start fusion-content-layout-column\"><div class=\"fusion-text fusion-text-4\"><h2>Micropigmentaci\u00f3n est\u00e9tica: armon\u00eda, definici\u00f3n y naturalidad<\/h2>\n<p>La micropigmentaci\u00f3n est\u00e9tica permite realzar rasgos de forma discreta y duradera. Su objetivo no es transformar el rostro, sino mejorar su armon\u00eda respetando la naturalidad de cada persona. Por eso, el dise\u00f1o previo es una parte esencial del tratamiento.<\/p>\n<p>Antes de realizar el procedimiento, se estudian las proporciones faciales, el tono de piel, el color natural del cabello, la forma de los labios o las cejas y el resultado que se desea conseguir. Solo despu\u00e9s de este an\u00e1lisis se define el dise\u00f1o y el tono m\u00e1s adecuado.<\/p>\n<p>En Cl\u00ednica Idermic Terrassa, la micropigmentaci\u00f3n est\u00e9tica se incorpora como una opci\u00f3n para quienes buscan un acabado elegante, favorecedor y personalizado, evitando resultados artificiales o excesivamente marcados.<\/p>\n<h3>Micropigmentaci\u00f3n de cejas pelo a pelo<\/h3>\n<p>La micropigmentaci\u00f3n de cejas es uno de los tratamientos m\u00e1s demandados dentro de la micropigmentaci\u00f3n est\u00e9tica. Permite mejorar la forma de la ceja, rellenar zonas despobladas, corregir asimetr\u00edas y aportar mayor definici\u00f3n a la mirada.<\/p>\n<p>La t\u00e9cnica pelo a pelo busca reproducir el aspecto del vello natural mediante trazos finos y precisos. De este modo, se puede conseguir una ceja m\u00e1s estructurada sin perder naturalidad. Es una opci\u00f3n especialmente indicada para personas con cejas poco pobladas, cejas irregulares, p\u00e9rdida parcial de pelo o falta de definici\u00f3n en el arco.<\/p>\n<p>El dise\u00f1o de cejas debe adaptarse siempre a la expresi\u00f3n facial. No todas las personas necesitan la misma forma, el mismo grosor ni la misma intensidad. Una ceja bien dise\u00f1ada puede suavizar el rostro, elevar visualmente la mirada y mejorar la armon\u00eda general sin que el resultado parezca artificial.<\/p>\n<h3>Microblading y micropigmentaci\u00f3n de cejas<\/h3>\n<p>El microblading y la micropigmentaci\u00f3n son t\u00e9cnicas relacionadas, pero no id\u00e9nticas. Ambas pueden utilizarse para mejorar la apariencia de las cejas, aunque difieren en la forma de trabajar el pigmento y en el tipo de resultado que se busca.<\/p>\n<p>El microblading se asocia habitualmente a trazos muy finos que imitan el pelo natural. La micropigmentaci\u00f3n, por su parte, permite trabajar distintas t\u00e9cnicas y acabados, desde el efecto pelo a pelo hasta sombreados suaves o combinaciones personalizadas.<\/p>\n<p>La elecci\u00f3n entre microblading, micropigmentaci\u00f3n o una t\u00e9cnica mixta depende del tipo de piel, la densidad de la ceja, el resultado deseado y la valoraci\u00f3n profesional. En pieles grasas, pieles maduras o casos en los que se busca mayor estabilidad del pigmento, puede ser recomendable adaptar la t\u00e9cnica para favorecer un resultado m\u00e1s uniforme y duradero.<\/p>\n<h3>Acuarela labial para labios frescos y naturales<\/h3>\n<p>La acuarela labial es una t\u00e9cnica de micropigmentaci\u00f3n de labios que permite definir, equilibrar y aportar color de forma sutil. A diferencia de otros acabados m\u00e1s marcados, la acuarela labial busca un efecto fresco, natural y difuminado.<\/p>\n<p>Este tratamiento puede ayudar a corregir peque\u00f1as asimetr\u00edas, mejorar la definici\u00f3n del contorno, recuperar la sensaci\u00f3n de color perdido o aportar un tono saludable a labios apagados. El objetivo no es crear un efecto de maquillaje intenso, sino conseguir una apariencia m\u00e1s uniforme y favorecedora.<\/p>\n<p>La micropigmentaci\u00f3n labial tambi\u00e9n puede ser \u00fatil en personas que tienen el contorno poco definido, diferencias de tono entre zonas del labio o una forma labial que desean equilibrar visualmente. La selecci\u00f3n del pigmento debe realizarse de manera personalizada para que el resultado se integre con la mucosa labial y con el tono natural de la piel.<\/p>\n<h3>Correcci\u00f3n de asimetr\u00edas labiales<\/h3>\n<p>Es habitual que los labios presenten peque\u00f1as asimetr\u00edas naturales. En muchos casos, estas diferencias son leves, pero pueden hacerse m\u00e1s visibles con el paso del tiempo, la p\u00e9rdida de definici\u00f3n o determinados cambios en la piel.<\/p>\n<p>La micropigmentaci\u00f3n est\u00e9tica permite trabajar estas asimetr\u00edas de manera delicada. A trav\u00e9s del dise\u00f1o previo y la aplicaci\u00f3n controlada del pigmento, se puede crear una sensaci\u00f3n visual de mayor equilibrio sin modificar la estructura real del labio.<\/p>\n<p>El resultado debe ser sutil, proporcionado y natural. Una correcci\u00f3n excesiva podr\u00eda generar un acabado poco arm\u00f3nico, por lo que la precisi\u00f3n y el criterio profesional son fundamentales.<\/p>\n<h2>Micropigmentaci\u00f3n m\u00e9dica: reparaci\u00f3n, reconstrucci\u00f3n y confianza<\/h2>\n<p>La micropigmentaci\u00f3n m\u00e9dica tiene una dimensi\u00f3n especialmente importante porque no se limita a embellecer. En muchos casos, ayuda a reconstruir visualmente una zona corporal alterada por una cirug\u00eda, una cicatriz, un tratamiento m\u00e9dico o una condici\u00f3n cut\u00e1nea.<\/p>\n<p>Este tipo de micropigmentaci\u00f3n puede contribuir a que el paciente recupere seguridad, comodidad y confianza con su imagen. Por ello, requiere una atenci\u00f3n especialmente cuidadosa, tanto desde el punto de vista t\u00e9cnico como humano.<\/p>\n<p>En Cl\u00ednica Idermic Terrassa, la nueva unidad de micropigmentaci\u00f3n m\u00e9dica se incorpora con un enfoque personalizado, teniendo en cuenta que cada caso tiene una historia, una necesidad y un objetivo diferente.<\/p>\n<h3>Reconstrucci\u00f3n de areola tras cirug\u00eda mamaria<\/h3>\n<p>La reconstrucci\u00f3n de areola mediante micropigmentaci\u00f3n es uno de los tratamientos m\u00e1s representativos dentro de la micropigmentaci\u00f3n m\u00e9dica y oncol\u00f3gica. Se utiliza especialmente tras cirug\u00edas mamarias, reconstrucciones de mama o procedimientos en los que la areola ha perdido su forma, color o definici\u00f3n.<\/p>\n<p>Mediante t\u00e9cnicas de dermopigmentaci\u00f3n, se puede recrear visualmente la areola y el pez\u00f3n con un efecto tridimensional. El objetivo es conseguir un resultado lo m\u00e1s natural posible, adaptando el color, la forma, el tama\u00f1o y la intensidad al caso concreto.<\/p>\n<p>Este tratamiento puede tener un valor emocional significativo. Para muchas pacientes, la reconstrucci\u00f3n visual de la areola forma parte del proceso de recuperaci\u00f3n de la imagen corporal tras una etapa m\u00e9dica compleja. Por este motivo, la t\u00e9cnica debe realizarse con sensibilidad, respeto y una planificaci\u00f3n individualizada.<\/p>\n<h3>Micropigmentaci\u00f3n oncol\u00f3gica<\/h3>\n<p>La micropigmentaci\u00f3n oncol\u00f3gica se orienta a personas que han atravesado tratamientos o cirug\u00edas relacionados con procesos oncol\u00f3gicos y desean recuperar determinados aspectos de su imagen.<\/p>\n<p>Puede aplicarse en la reconstrucci\u00f3n de areolas, en el dise\u00f1o de cejas cuando ha habido p\u00e9rdida de pelo, en el relleno capilar o en el camuflaje de cicatrices derivadas de intervenciones m\u00e9dicas. En todos estos casos, el objetivo es acompa\u00f1ar el proceso de recuperaci\u00f3n desde una perspectiva reparadora y natural.<\/p>\n<p>La est\u00e9tica oncol\u00f3gica requiere un enfoque especialmente prudente. No se trata \u00fanicamente de aplicar una t\u00e9cnica, sino de comprender el momento vital de la persona, valorar el estado de la piel, respetar los tiempos m\u00e9dicos y ofrecer una soluci\u00f3n adaptada a cada situaci\u00f3n.<\/p>\n<h3>Camuflaje de cicatrices<\/h3>\n<p>El camuflaje de cicatrices mediante micropigmentaci\u00f3n busca disimular diferencias de color entre una cicatriz y la piel circundante. Puede aplicarse en cicatrices quir\u00fargicas, cicatrices postraum\u00e1ticas o marcas que presentan una alteraci\u00f3n visible de la pigmentaci\u00f3n.<\/p>\n<p>La t\u00e9cnica consiste en seleccionar pigmentos que se aproximen al tono de la piel y aplicarlos de forma controlada para reducir el contraste visual. No elimina la cicatriz ni modifica su textura, pero puede ayudar a que sea menos perceptible.<\/p>\n<p>Antes de realizar este tratamiento, es importante valorar el estado de la cicatriz. No todas las cicatrices son candidatas de forma inmediata. Deben estar estabilizadas, correctamente cicatrizadas y sin signos de inflamaci\u00f3n activa. La valoraci\u00f3n previa permite determinar si la micropigmentaci\u00f3n es adecuada y qu\u00e9 expectativas realistas pueden establecerse.<\/p>\n<h3>Tratamiento de estr\u00edas mediante micropigmentaci\u00f3n<\/h3>\n<p>Las estr\u00edas pueden aparecer por cambios de peso, crecimiento, embarazo, alteraciones hormonales o modificaciones en la elasticidad de la piel. Aunque forman parte de la evoluci\u00f3n natural de la piel, algunas personas desean reducir su visibilidad.<\/p>\n<p>La micropigmentaci\u00f3n de estr\u00edas tiene como objetivo camuflar el contraste de color entre la estr\u00eda y la piel que la rodea. No elimina la estr\u00eda ni cambia completamente su relieve, pero puede mejorar su integraci\u00f3n visual cuando el caso es adecuado.<\/p>\n<p>Este tratamiento requiere una valoraci\u00f3n individualizada, ya que el resultado depende del tipo de estr\u00eda, su antig\u00fcedad, su color, la zona corporal y las caracter\u00edsticas de la piel. Las estr\u00edas blancas o hipopigmentadas suelen ser las que m\u00e1s se asocian a este tipo de tratamiento, aunque cada caso debe estudiarse de forma personalizada.<\/p>\n<h3>Relleno capilar y micropigmentaci\u00f3n capilar<\/h3>\n<p>La micropigmentaci\u00f3n capilar, tambi\u00e9n conocida como relleno capilar o tricopigmentaci\u00f3n, permite crear un efecto visual de mayor densidad en el cuero cabelludo. Se realiza mediante peque\u00f1os dep\u00f3sitos de pigmento que simulan la presencia de fol\u00edculos o mayor volumen capilar.<\/p>\n<p>Puede estar indicada en personas con p\u00e9rdida de densidad, zonas despobladas, alopecia parcial, cicatrices en el cuero cabelludo o falta de uniformidad visual en determinadas \u00e1reas. Tambi\u00e9n puede utilizarse para mejorar el aspecto de la l\u00ednea frontal o aportar sensaci\u00f3n de densidad en cabellos finos.<\/p>\n<p>El dise\u00f1o capilar debe adaptarse al patr\u00f3n de p\u00e9rdida de pelo, el color natural del cabello, el tono de piel y la distribuci\u00f3n de la densidad existente. La naturalidad es esencial, ya que un exceso de pigmento o una mala selecci\u00f3n del tono puede generar un resultado poco realista.<\/p>\n<\/div><\/div><\/div><\/div><\/div><div class=\"fusion-fullwidth fullwidth-box fusion-builder-row-6 fusion-flex-container has-pattern-background has-mask-background nonhundred-percent-fullwidth non-hundred-percent-height-scrolling\" style=\"--awb-border-radius-top-left:0px;--awb-border-radius-top-right:0px;--awb-border-radius-bottom-right:0px;--awb-border-radius-bottom-left:0px;--awb-flex-wrap:wrap;\" ><div class=\"fusion-builder-row fusion-row fusion-flex-align-items-flex-start fusion-flex-content-wrap\" style=\"max-width:1227.2px;margin-left: calc(-4% \/ 2 );margin-right: calc(-4% \/ 2 );\"><div class=\"fusion-layout-column fusion_builder_column fusion-builder-column-6 fusion_builder_column_1_1 1_1 fusion-flex-column\" style=\"--awb-bg-size:cover;--awb-width-large:100%;--awb-margin-top-large:0px;--awb-spacing-right-large:1.92%;--awb-margin-bottom-large:0px;--awb-spacing-left-large:1.92%;--awb-width-medium:100%;--awb-order-medium:0;--awb-spacing-right-medium:1.92%;--awb-spacing-left-medium:1.92%;--awb-width-small:100%;--awb-order-small:0;--awb-spacing-right-small:1.92%;--awb-spacing-left-small:1.92%;\"><div class=\"fusion-column-wrapper fusion-column-has-shadow fusion-flex-justify-content-flex-start fusion-content-layout-column\"><div class=\"fusion-text fusion-text-5\"><h2>\u00a0Otros procedimientos de micropigmentaci\u00f3n m\u00e9dica y reparadora<\/h2>\n<p>Adem\u00e1s de los tratamientos m\u00e1s conocidos, la micropigmentaci\u00f3n m\u00e9dica y reparadora puede adaptarse a diferentes necesidades. Su utilidad depende de la valoraci\u00f3n de la piel, la estabilidad de la zona y el objetivo del tratamiento.<\/p>\n<p>Entre sus posibles aplicaciones se encuentran la correcci\u00f3n visual de peque\u00f1as alteraciones pigmentarias, el camuflaje de zonas despigmentadas seleccionadas, la mejora est\u00e9tica de cicatrices en \u00e1reas visibles o la recuperaci\u00f3n de definici\u00f3n en zonas afectadas por tratamientos m\u00e9dicos.<\/p>\n<p>La clave est\u00e1 en realizar una indicaci\u00f3n correcta. La micropigmentaci\u00f3n no sustituye a otros tratamientos m\u00e9dicos ni dermatol\u00f3gicos, pero puede complementar determinados procesos de recuperaci\u00f3n est\u00e9tica cuando se aplica en el momento adecuado y con una t\u00e9cnica precisa.<\/p>\n<h2>C\u00f3mo se realiza un tratamiento de micropigmentaci\u00f3n<\/h2>\n<p>Un tratamiento de micropigmentaci\u00f3n debe seguir varias fases para garantizar un resultado coherente, seguro y personalizado.<\/p>\n<p>La primera fase es la valoraci\u00f3n inicial. En esta visita se analiza la zona a tratar, el tipo de piel, la presencia de cicatrices o alteraciones, los antecedentes relevantes y las expectativas del paciente. Tambi\u00e9n se explica qu\u00e9 puede conseguirse con la t\u00e9cnica y qu\u00e9 limitaciones existen.<\/p>\n<p>La segunda fase es el dise\u00f1o. En tratamientos como cejas, labios o areolas, el dise\u00f1o previo es imprescindible. Permite visualizar la forma, corregir proporciones y acordar el resultado antes de aplicar el pigmento.<\/p>\n<p>La tercera fase es la selecci\u00f3n del color. La elecci\u00f3n del pigmento debe tener en cuenta el tono natural de la piel, el color del cabello, la zona tratada y el objetivo del procedimiento. En micropigmentaci\u00f3n, los tonos demasiado intensos o poco adaptados pueden resultar artificiales, por lo que se suele priorizar la armon\u00eda y la naturalidad.<\/p>\n<p>La cuarta fase es la aplicaci\u00f3n del pigmento. Se realiza mediante t\u00e9cnicas espec\u00edficas de micropigmentaci\u00f3n, depositando el color de forma controlada en la piel. La duraci\u00f3n puede variar seg\u00fan la zona, la complejidad del dise\u00f1o y el tipo de tratamiento.<\/p>\n<p>La \u00faltima fase es el seguimiento. Tras la primera sesi\u00f3n, la piel necesita regenerarse. En muchos casos, puede ser necesario un retoque para ajustar el color, reforzar zonas donde el pigmento haya fijado menos o perfeccionar el resultado final.<\/p>\n<h2>Duraci\u00f3n de los resultados<\/h2>\n<p>La micropigmentaci\u00f3n se considera un tratamiento semipermanente. Esto significa que el pigmento permanece en la piel durante un periodo prolongado, pero se va atenuando progresivamente con el tiempo.<\/p>\n<p>La duraci\u00f3n puede variar seg\u00fan el tipo de piel, la zona tratada, el color elegido, la t\u00e9cnica utilizada, la exposici\u00f3n solar, los cuidados posteriores y el metabolismo de cada persona. Algunas referencias especializadas sit\u00faan la duraci\u00f3n aproximada entre dos y cuatro a\u00f1os, aunque puede variar de un paciente a otro.<\/p>\n<p>En zonas como labios o cejas, el color puede perder intensidad gradualmente. En micropigmentaci\u00f3n m\u00e9dica, como areolas o cicatrices, la evoluci\u00f3n tambi\u00e9n depende del estado de la piel y de las caracter\u00edsticas de la zona tratada.<\/p>\n<p>Por este motivo, los retoques son una parte habitual del proceso. No deben entenderse como una correcci\u00f3n de un mal resultado, sino como una fase normal para perfeccionar y estabilizar el pigmento.<\/p>\n<h2>Cu\u00e1ndo puede ser necesario un retoque<\/h2>\n<p>El retoque permite ajustar el resultado una vez que la piel se ha regenerado. Tras la primera sesi\u00f3n, es normal que el color se vea m\u00e1s intenso durante los primeros d\u00edas y que posteriormente pierda parte de esa intensidad.<\/p>\n<p>La piel atraviesa un proceso de cicatrizaci\u00f3n y renovaci\u00f3n. Durante esta fase, parte del pigmento puede eliminarse de manera natural. Por eso, en muchos tratamientos se programa una revisi\u00f3n posterior para valorar la fijaci\u00f3n del color y realizar los ajustes necesarios.<\/p>\n<p>El retoque puede ayudar a reforzar el tono, equilibrar peque\u00f1as diferencias, perfeccionar el dise\u00f1o o aportar mayor uniformidad. La necesidad y el momento adecuado dependen del tipo de tratamiento, la respuesta de la piel y la valoraci\u00f3n profesional.<\/p>\n<h2>Cuidados antes de la micropigmentaci\u00f3n<\/h2>\n<p>Antes de realizar una micropigmentaci\u00f3n, conviene preparar la piel correctamente. La zona debe estar limpia, sin irritaciones activas y en condiciones adecuadas para recibir el pigmento.<\/p>\n<p>En tratamientos labiales, es importante informar si existen antecedentes de herpes labial, ya que puede ser necesario seguir una pauta preventiva indicada por un profesional sanitario. En caso de fiebre, infecci\u00f3n activa, lesiones en la piel o inflamaci\u00f3n en la zona, el tratamiento debe posponerse hasta que la piel est\u00e9 recuperada.<\/p>\n<p>Tambi\u00e9n es recomendable evitar la exposici\u00f3n solar intensa antes del procedimiento, ya que una piel irritada o bronceada puede responder de manera menos previsible. En el caso de cicatrices, areolas o estr\u00edas, la valoraci\u00f3n previa es especialmente importante para confirmar que la zona est\u00e1 estable y preparada.<\/p>\n<h2>Cuidados despu\u00e9s de la micropigmentaci\u00f3n<\/h2>\n<p>Despu\u00e9s de la micropigmentaci\u00f3n, la piel necesita un periodo de recuperaci\u00f3n. Es normal que aparezca una ligera rojez, inflamaci\u00f3n o sensibilidad en la zona tratada durante las primeras horas o d\u00edas.<\/p>\n<p>Durante la fase inicial, se deben seguir las indicaciones profesionales para mantener la zona limpia, hidratada y protegida. Tambi\u00e9n suele recomendarse evitar rascar, frotar, maquillar la zona tratada o retirar peque\u00f1as costras si aparecen durante la cicatrizaci\u00f3n.<\/p>\n<p>La exposici\u00f3n solar directa debe evitarse mientras la piel se recupera, ya que puede alterar el color del pigmento o favorecer una cicatrizaci\u00f3n irregular. Tambi\u00e9n pueden limitarse temporalmente actividades como sauna, piscina, playa o tratamientos agresivos sobre la zona.<\/p>\n<p>El resultado definitivo no se valora en los primeros d\u00edas. La micropigmentaci\u00f3n evoluciona a medida que la piel cicatriza, el pigmento se asienta y el tono se estabiliza.<\/p>\n<h2>Seguridad, higiene y profesionalidad<\/h2>\n<p>La micropigmentaci\u00f3n debe realizarse en condiciones adecuadas de higiene, con pigmentos de calidad, material espec\u00edfico y profesionales formados. Aunque se trate de un procedimiento m\u00ednimamente invasivo, implica trabajar sobre la piel, por lo que la seguridad es un aspecto fundamental.<\/p>\n<p>El uso de material est\u00e9ril, la correcta preparaci\u00f3n de la zona, la selecci\u00f3n adecuada del pigmento y el seguimiento posterior son factores esenciales para reducir riesgos y favorecer un buen resultado.<\/p>\n<p>En tratamientos m\u00e9dicos o reparadores, la seguridad adquiere todav\u00eda m\u00e1s importancia. Las cicatrices, las areolas reconstruidas, la piel tratada por procesos m\u00e9dicos o las zonas con alteraciones pigmentarias requieren una valoraci\u00f3n m\u00e1s cuidadosa y una t\u00e9cnica adaptada.<\/p>\n<h2>Naturalidad: el objetivo principal de la micropigmentaci\u00f3n actual<\/h2>\n<p>La micropigmentaci\u00f3n actual se aleja de los resultados r\u00edgidos, excesivos o demasiado marcados. La tendencia se orienta hacia acabados naturales, personalizados y progresivos.<\/p>\n<p>En cejas, esto significa respetar la expresi\u00f3n facial y evitar dise\u00f1os id\u00e9nticos para todos los rostros. En labios, implica aportar color y definici\u00f3n sin crear un efecto artificial. En areolas, busca reproducir volumen, textura y tonalidad de manera realista. En cicatrices o estr\u00edas, el objetivo es integrar visualmente la zona, no crear un contraste nuevo.<\/p>\n<p>La naturalidad no depende solo del color. Tambi\u00e9n depende del dise\u00f1o, la t\u00e9cnica, la profundidad de trabajo, la distribuci\u00f3n del pigmento y la capacidad de adaptar el tratamiento a cada persona.<\/p>\n<\/div><\/div><\/div><\/div><\/div><div class=\"fusion-fullwidth fullwidth-box fusion-builder-row-7 fusion-flex-container has-pattern-background has-mask-background nonhundred-percent-fullwidth non-hundred-percent-height-scrolling\" style=\"--awb-border-radius-top-left:0px;--awb-border-radius-top-right:0px;--awb-border-radius-bottom-right:0px;--awb-border-radius-bottom-left:0px;--awb-flex-wrap:wrap;\" ><div class=\"fusion-builder-row fusion-row fusion-flex-align-items-flex-start fusion-flex-content-wrap\" style=\"max-width:1227.2px;margin-left: calc(-4% \/ 2 );margin-right: calc(-4% \/ 2 );\"><div class=\"fusion-layout-column fusion_builder_column fusion-builder-column-7 fusion_builder_column_1_1 1_1 fusion-flex-column\" style=\"--awb-bg-size:cover;--awb-width-large:100%;--awb-margin-top-large:0px;--awb-spacing-right-large:1.92%;--awb-margin-bottom-large:0px;--awb-spacing-left-large:1.92%;--awb-width-medium:100%;--awb-order-medium:0;--awb-spacing-right-medium:1.92%;--awb-spacing-left-medium:1.92%;--awb-width-small:100%;--awb-order-small:0;--awb-spacing-right-small:1.92%;--awb-spacing-left-small:1.92%;\"><div class=\"fusion-column-wrapper fusion-column-has-shadow fusion-flex-justify-content-flex-start fusion-content-layout-column\"><div class=\"fusion-text fusion-text-6\"><h2>Micropigmentaci\u00f3n en Terrassa: nuevo servicio en Cl\u00ednica Idermic<\/h2>\n<p>La incorporaci\u00f3n de la Micropigmentaci\u00f3n M\u00e9dica y Est\u00e9tica en Cl\u00ednica Idermic Terrassa ampl\u00eda las opciones de tratamiento para pacientes que buscan soluciones est\u00e9ticas, reparadoras y personalizadas.<\/p>\n<p>Este nuevo servicio incluye tratamientos como dise\u00f1o de cejas pelo a pelo, microblading y micropigmentaci\u00f3n, acuarela labial, reconstrucci\u00f3n de areola tras cirug\u00eda mamaria, camuflaje de cicatrices, tratamiento de estr\u00edas mediante micropigmentaci\u00f3n, relleno capilar y otros procedimientos de micropigmentaci\u00f3n m\u00e9dica y reparadora.<\/p>\n<p>El objetivo es ofrecer una atenci\u00f3n basada en la precisi\u00f3n t\u00e9cnica, el estudio individualizado y el respeto por la naturalidad. Cada procedimiento se adapta al punto de partida de la persona y a sus necesidades concretas, evitando enfoques estandarizados.<\/p>\n<h2>Tratamientos disponibles en la nueva unidad de micropigmentaci\u00f3n de Idermic<\/h2>\n<p>La nueva unidad de micropigmentaci\u00f3n de Cl\u00ednica Idermic Terrassa incorpora diferentes tratamientos orientados tanto al \u00e1mbito est\u00e9tico como al m\u00e9dico-reparador.<\/p>\n<h3>Dise\u00f1o de cejas pelo a pelo<\/h3>\n<p>Indicado para definir, rellenar y equilibrar la forma de las cejas mediante un efecto natural. Puede realizarse con t\u00e9cnicas de microblading, micropigmentaci\u00f3n o combinaciones adaptadas al tipo de piel y al resultado deseado.<\/p>\n<h3>Micropigmentaci\u00f3n y microblading<\/h3>\n<p>Ambas t\u00e9cnicas permiten mejorar la apariencia de las cejas, aunque la elecci\u00f3n depende de las caracter\u00edsticas de la piel, la densidad del pelo y el estilo buscado. El objetivo es crear cejas arm\u00f3nicas, favorecedoras y coherentes con el rostro.<\/p>\n<h3>Acuarela labial<\/h3>\n<p>Tratamiento destinado a aportar color, frescura y definici\u00f3n a los labios. Puede ayudar a corregir asimetr\u00edas, mejorar el contorno y conseguir un aspecto saludable y natural.<\/p>\n<h3>Reconstrucci\u00f3n de areola<\/h3>\n<p>Procedimiento de micropigmentaci\u00f3n m\u00e9dica orientado a recrear visualmente la areola tras cirug\u00eda mamaria. Se trabaja de forma personalizada para adaptar forma, color e intensidad.<\/p>\n<h3>Camuflaje de cicatrices<\/h3>\n<p>T\u00e9cnica reparadora que busca reducir el contraste visual entre una cicatriz y la piel circundante mediante pigmentos seleccionados seg\u00fan el tono cut\u00e1neo.<\/p>\n<h3>Tratamiento de estr\u00edas<\/h3>\n<p>Procedimiento de camuflaje visual que puede mejorar la integraci\u00f3n est\u00e9tica de determinadas estr\u00edas, especialmente cuando existe una diferencia notable de color con la piel pr\u00f3xima.<\/p>\n<h3>Relleno capilar<\/h3>\n<p>Micropigmentaci\u00f3n del cuero cabelludo destinada a crear un efecto \u00f3ptico de mayor densidad capilar, \u00fatil en zonas con p\u00e9rdida de volumen, alopecia parcial o falta de uniformidad.<\/p>\n<h3>Micropigmentaci\u00f3n m\u00e9dica y reparadora<\/h3>\n<p>Incluye otros procedimientos personalizados para mejorar visualmente zonas afectadas por cirug\u00edas, tratamientos m\u00e9dicos, cicatrices o alteraciones pigmentarias seleccionadas.<\/p>\n<\/div><\/div><\/div><\/div><\/div><div class=\"fusion-fullwidth fullwidth-box fusion-builder-row-8 fusion-flex-container has-pattern-background has-mask-background nonhundred-percent-fullwidth non-hundred-percent-height-scrolling\" style=\"--awb-border-radius-top-left:0px;--awb-border-radius-top-right:0px;--awb-border-radius-bottom-right:0px;--awb-border-radius-bottom-left:0px;--awb-flex-wrap:wrap;\" ><div class=\"fusion-builder-row fusion-row fusion-flex-align-items-flex-start fusion-flex-content-wrap\" style=\"max-width:1227.2px;margin-left: calc(-4% \/ 2 );margin-right: calc(-4% \/ 2 );\"><div class=\"fusion-layout-column fusion_builder_column fusion-builder-column-8 fusion_builder_column_1_2 1_2 fusion-flex-column\" style=\"--awb-bg-size:cover;--awb-width-large:50%;--awb-margin-top-large:0px;--awb-spacing-right-large:3.84%;--awb-margin-bottom-large:0px;--awb-spacing-left-large:3.84%;--awb-width-medium:100%;--awb-order-medium:0;--awb-spacing-right-medium:1.92%;--awb-spacing-left-medium:1.92%;--awb-width-small:100%;--awb-order-small:0;--awb-spacing-right-small:1.92%;--awb-spacing-left-small:1.92%;\"><div class=\"fusion-column-wrapper fusion-column-has-shadow fusion-flex-justify-content-flex-start fusion-content-layout-column\"><div class=\"fusion-text fusion-text-7\"><p style=\"text-align: center;\"><strong>Tratamientos de Micropigmentaci\u00f3n M\u00e9dica y Est\u00e9tica Cl\u00ednica Idermic de Terrassa. Acuarela labial para definir, corregir asimetr\u00edas y aportar un aspecto fresco y natural.<\/strong><\/p>\n<\/div><\/div><\/div><div class=\"fusion-layout-column fusion_builder_column fusion-builder-column-9 fusion_builder_column_1_2 1_2 fusion-flex-column\" style=\"--awb-bg-size:cover;--awb-width-large:50%;--awb-margin-top-large:0px;--awb-spacing-right-large:3.84%;--awb-margin-bottom-large:0px;--awb-spacing-left-large:3.84%;--awb-width-medium:100%;--awb-order-medium:0;--awb-spacing-right-medium:1.92%;--awb-spacing-left-medium:1.92%;--awb-width-small:100%;--awb-order-small:0;--awb-spacing-right-small:1.92%;--awb-spacing-left-small:1.92%;\"><div class=\"fusion-column-wrapper fusion-column-has-shadow fusion-flex-justify-content-flex-start fusion-content-layout-column\"><div class=\"fusion-text fusion-text-8\"><p style=\"text-align: center;\"><strong>Tratamientos de Micropigmentaci\u00f3n M\u00e9dica y Est\u00e9tica Cl\u00ednica Idermic de Terrassa. Relleno capilar<\/strong><\/p>\n<\/div><\/div><\/div><\/div><\/div><div class=\"fusion-fullwidth fullwidth-box fusion-builder-row-9 fusion-flex-container has-pattern-background has-mask-background nonhundred-percent-fullwidth non-hundred-percent-height-scrolling\" style=\"--awb-border-radius-top-left:0px;--awb-border-radius-top-right:0px;--awb-border-radius-bottom-right:0px;--awb-border-radius-bottom-left:0px;--awb-flex-wrap:wrap;\" ><div class=\"fusion-builder-row fusion-row fusion-flex-align-items-flex-start fusion-flex-content-wrap\" style=\"max-width:1227.2px;margin-left: calc(-4% \/ 2 );margin-right: calc(-4% \/ 2 );\"><div class=\"fusion-layout-column fusion_builder_column fusion-builder-column-10 fusion_builder_column_1_2 1_2 fusion-flex-column\" style=\"--awb-bg-size:cover;--awb-width-large:50%;--awb-margin-top-large:0px;--awb-spacing-right-large:3.84%;--awb-margin-bottom-large:0px;--awb-spacing-left-large:3.84%;--awb-width-medium:100%;--awb-order-medium:0;--awb-spacing-right-medium:1.92%;--awb-spacing-left-medium:1.92%;--awb-width-small:100%;--awb-order-small:0;--awb-spacing-right-small:1.92%;--awb-spacing-left-small:1.92%;\"><div class=\"fusion-column-wrapper fusion-column-has-shadow fusion-flex-justify-content-flex-start fusion-content-layout-column\"><div class=\"fusion-image-element \" style=\"--awb-caption-title-font-family:var(--h2_typography-font-family);--awb-caption-title-font-weight:var(--h2_typography-font-weight);--awb-caption-title-font-style:var(--h2_typography-font-style);--awb-caption-title-size:var(--h2_typography-font-size);--awb-caption-title-transform:var(--h2_typography-text-transform);--awb-caption-title-line-height:var(--h2_typography-line-height);--awb-caption-title-letter-spacing:var(--h2_typography-letter-spacing);\"><span class=\" fusion-imageframe imageframe-none imageframe-2 hover-type-none\"><img decoding=\"async\" width=\"720\" height=\"900\" alt=\"Tratamientos de Micropigmentaci\u00f3n M\u00e9dica y Est\u00e9tica Cl\u00ednica Idermic de Terrassa. Acuarela labial para definir, corregir asimetr\u00edas y aportar un aspecto fresco y natural.\" title=\"Micropigmentaci\u00f3n M\u00e9dica y Est\u00e9tica\" src=\"https:\/\/www.idermic.es\/wp-content\/uploads\/2026\/07\/Micropigmentacion-Medica-y-Estetica-5.jpg\" class=\"img-responsive wp-image-10170\" srcset=\"https:\/\/www.idermic.es\/wp-content\/uploads\/2026\/07\/Micropigmentacion-Medica-y-Estetica-5-200x250.jpg 200w, https:\/\/www.idermic.es\/wp-content\/uploads\/2026\/07\/Micropigmentacion-Medica-y-Estetica-5-400x500.jpg 400w, https:\/\/www.idermic.es\/wp-content\/uploads\/2026\/07\/Micropigmentacion-Medica-y-Estetica-5-600x750.jpg 600w, https:\/\/www.idermic.es\/wp-content\/uploads\/2026\/07\/Micropigmentacion-Medica-y-Estetica-5.jpg 720w\" sizes=\"(max-width: 1024px) 100vw, (max-width: 640px) 100vw, 600px\" \/><\/span><\/div><\/div><\/div><div class=\"fusion-layout-column fusion_builder_column fusion-builder-column-11 fusion_builder_column_1_2 1_2 fusion-flex-column\" style=\"--awb-bg-size:cover;--awb-width-large:50%;--awb-margin-top-large:0px;--awb-spacing-right-large:3.84%;--awb-margin-bottom-large:0px;--awb-spacing-left-large:3.84%;--awb-width-medium:100%;--awb-order-medium:0;--awb-spacing-right-medium:1.92%;--awb-spacing-left-medium:1.92%;--awb-width-small:100%;--awb-order-small:0;--awb-spacing-right-small:1.92%;--awb-spacing-left-small:1.92%;\"><div class=\"fusion-column-wrapper fusion-column-has-shadow fusion-flex-justify-content-flex-start fusion-content-layout-column\"><div class=\"fusion-image-element \" style=\"--awb-caption-title-font-family:var(--h2_typography-font-family);--awb-caption-title-font-weight:var(--h2_typography-font-weight);--awb-caption-title-font-style:var(--h2_typography-font-style);--awb-caption-title-size:var(--h2_typography-font-size);--awb-caption-title-transform:var(--h2_typography-text-transform);--awb-caption-title-line-height:var(--h2_typography-line-height);--awb-caption-title-letter-spacing:var(--h2_typography-letter-spacing);\"><span class=\" fusion-imageframe imageframe-none imageframe-3 hover-type-none\"><img decoding=\"async\" width=\"720\" height=\"900\" alt=\"Tratamientos de Micropigmentaci\u00f3n M\u00e9dica y Est\u00e9tica Cl\u00ednica Idermic de Terrassa. Relleno capilar\" title=\"Micropigmentaci\u00f3n M\u00e9dica y Est\u00e9tica-1\" src=\"https:\/\/www.idermic.es\/wp-content\/uploads\/2026\/07\/Micropigmentacion-Medica-y-Estetica-1-1.jpg\" class=\"img-responsive wp-image-10168\" srcset=\"https:\/\/www.idermic.es\/wp-content\/uploads\/2026\/07\/Micropigmentacion-Medica-y-Estetica-1-1-200x250.jpg 200w, https:\/\/www.idermic.es\/wp-content\/uploads\/2026\/07\/Micropigmentacion-Medica-y-Estetica-1-1-400x500.jpg 400w, https:\/\/www.idermic.es\/wp-content\/uploads\/2026\/07\/Micropigmentacion-Medica-y-Estetica-1-1-600x750.jpg 600w, https:\/\/www.idermic.es\/wp-content\/uploads\/2026\/07\/Micropigmentacion-Medica-y-Estetica-1-1.jpg 720w\" sizes=\"(max-width: 1024px) 100vw, (max-width: 640px) 100vw, 600px\" \/><\/span><\/div><\/div><\/div><\/div><\/div><div class=\"fusion-fullwidth fullwidth-box fusion-builder-row-10 fusion-flex-container has-pattern-background has-mask-background nonhundred-percent-fullwidth non-hundred-percent-height-scrolling\" style=\"--awb-border-radius-top-left:0px;--awb-border-radius-top-right:0px;--awb-border-radius-bottom-right:0px;--awb-border-radius-bottom-left:0px;--awb-flex-wrap:wrap;\" ><div class=\"fusion-builder-row fusion-row fusion-flex-align-items-flex-start fusion-flex-content-wrap\" style=\"max-width:1227.2px;margin-left: calc(-4% \/ 2 );margin-right: calc(-4% \/ 2 );\"><div class=\"fusion-layout-column fusion_builder_column fusion-builder-column-12 fusion_builder_column_1_1 1_1 fusion-flex-column\" style=\"--awb-bg-size:cover;--awb-width-large:100%;--awb-margin-top-large:0px;--awb-spacing-right-large:1.92%;--awb-margin-bottom-large:0px;--awb-spacing-left-large:1.92%;--awb-width-medium:100%;--awb-order-medium:0;--awb-spacing-right-medium:1.92%;--awb-spacing-left-medium:1.92%;--awb-width-small:100%;--awb-order-small:0;--awb-spacing-right-small:1.92%;--awb-spacing-left-small:1.92%;\"><div class=\"fusion-column-wrapper fusion-column-has-shadow fusion-flex-justify-content-flex-start fusion-content-layout-column\"><div class=\"fusion-separator fusion-full-width-sep\" style=\"align-self: center;margin-left: auto;margin-right: auto;width:100%;\"><div class=\"fusion-separator-border sep-double\" style=\"--awb-height:20px;--awb-amount:20px;border-color:#e0dede;border-top-width:1px;border-bottom-width:1px;\"><\/div><\/div><\/div><\/div><\/div><\/div><div class=\"fusion-fullwidth fullwidth-box fusion-builder-row-11 fusion-flex-container has-pattern-background has-mask-background nonhundred-percent-fullwidth non-hundred-percent-height-scrolling\" style=\"--awb-border-radius-top-left:0px;--awb-border-radius-top-right:0px;--awb-border-radius-bottom-right:0px;--awb-border-radius-bottom-left:0px;--awb-flex-wrap:wrap;\" ><div class=\"fusion-builder-row fusion-row fusion-flex-align-items-flex-start fusion-flex-content-wrap\" style=\"max-width:1227.2px;margin-left: calc(-4% \/ 2 );margin-right: calc(-4% \/ 2 );\"><div class=\"fusion-layout-column fusion_builder_column fusion-builder-column-13 fusion_builder_column_1_1 1_1 fusion-flex-column\" style=\"--awb-bg-size:cover;--awb-width-large:100%;--awb-margin-top-large:0px;--awb-spacing-right-large:1.92%;--awb-margin-bottom-large:0px;--awb-spacing-left-large:1.92%;--awb-width-medium:100%;--awb-order-medium:0;--awb-spacing-right-medium:1.92%;--awb-spacing-left-medium:1.92%;--awb-width-small:100%;--awb-order-small:0;--awb-spacing-right-small:1.92%;--awb-spacing-left-small:1.92%;\"><div class=\"fusion-column-wrapper fusion-column-has-shadow fusion-flex-justify-content-flex-start fusion-content-layout-column\"><div class=\"fusion-text fusion-text-9\"><p style=\"text-align: center;\"><strong>Tratamientos de Micropigmentaci\u00f3n M\u00e9dica y Est\u00e9tica Cl\u00ednica Idermic de Terrassa. Dise\u00f1o de cejas pelo a pelo<\/strong><\/p>\n<\/div><\/div><\/div><\/div><\/div><div class=\"fusion-fullwidth fullwidth-box fusion-builder-row-12 fusion-flex-container has-pattern-background has-mask-background nonhundred-percent-fullwidth non-hundred-percent-height-scrolling\" style=\"--awb-border-radius-top-left:0px;--awb-border-radius-top-right:0px;--awb-border-radius-bottom-right:0px;--awb-border-radius-bottom-left:0px;--awb-flex-wrap:wrap;\" ><div class=\"fusion-builder-row fusion-row fusion-flex-align-items-flex-start fusion-flex-content-wrap\" style=\"max-width:1227.2px;margin-left: calc(-4% \/ 2 );margin-right: calc(-4% \/ 2 );\"><div class=\"fusion-layout-column fusion_builder_column fusion-builder-column-14 fusion_builder_column_1_3 1_3 fusion-flex-column\" style=\"--awb-bg-size:cover;--awb-width-large:33.333333333333%;--awb-margin-top-large:0px;--awb-spacing-right-large:5.76%;--awb-margin-bottom-large:0px;--awb-spacing-left-large:5.76%;--awb-width-medium:100%;--awb-order-medium:0;--awb-spacing-right-medium:1.92%;--awb-spacing-left-medium:1.92%;--awb-width-small:100%;--awb-order-small:0;--awb-spacing-right-small:1.92%;--awb-spacing-left-small:1.92%;\"><div class=\"fusion-column-wrapper fusion-column-has-shadow fusion-flex-justify-content-flex-start fusion-content-layout-column\"><div class=\"fusion-image-element \" style=\"--awb-caption-title-font-family:var(--h2_typography-font-family);--awb-caption-title-font-weight:var(--h2_typography-font-weight);--awb-caption-title-font-style:var(--h2_typography-font-style);--awb-caption-title-size:var(--h2_typography-font-size);--awb-caption-title-transform:var(--h2_typography-text-transform);--awb-caption-title-line-height:var(--h2_typography-line-height);--awb-caption-title-letter-spacing:var(--h2_typography-letter-spacing);\"><span class=\" fusion-imageframe imageframe-none imageframe-4 hover-type-none\"><img decoding=\"async\" width=\"720\" height=\"900\" alt=\"Tratamientos de Micropigmentaci\u00f3n M\u00e9dica y Est\u00e9tica Cl\u00ednica Idermic de Terrassa. Dise\u00f1o de cejas pelo a pelo-1\" title=\"Micropigmentaci\u00f3n M\u00e9dica y Est\u00e9tica\" src=\"https:\/\/www.idermic.es\/wp-content\/uploads\/2026\/07\/Micropigmentacion-Medica-y-Estetica-2-1.jpg\" class=\"img-responsive wp-image-10166\" srcset=\"https:\/\/www.idermic.es\/wp-content\/uploads\/2026\/07\/Micropigmentacion-Medica-y-Estetica-2-1-200x250.jpg 200w, https:\/\/www.idermic.es\/wp-content\/uploads\/2026\/07\/Micropigmentacion-Medica-y-Estetica-2-1-400x500.jpg 400w, https:\/\/www.idermic.es\/wp-content\/uploads\/2026\/07\/Micropigmentacion-Medica-y-Estetica-2-1-600x750.jpg 600w, https:\/\/www.idermic.es\/wp-content\/uploads\/2026\/07\/Micropigmentacion-Medica-y-Estetica-2-1.jpg 720w\" sizes=\"(max-width: 1024px) 100vw, (max-width: 640px) 100vw, 400px\" \/><\/span><\/div><\/div><\/div><div class=\"fusion-layout-column fusion_builder_column fusion-builder-column-15 fusion_builder_column_1_3 1_3 fusion-flex-column\" style=\"--awb-bg-size:cover;--awb-width-large:33.333333333333%;--awb-margin-top-large:0px;--awb-spacing-right-large:5.76%;--awb-margin-bottom-large:0px;--awb-spacing-left-large:5.76%;--awb-width-medium:100%;--awb-order-medium:0;--awb-spacing-right-medium:1.92%;--awb-spacing-left-medium:1.92%;--awb-width-small:100%;--awb-order-small:0;--awb-spacing-right-small:1.92%;--awb-spacing-left-small:1.92%;\"><div class=\"fusion-column-wrapper fusion-column-has-shadow fusion-flex-justify-content-flex-start fusion-content-layout-column\"><div class=\"fusion-image-element \" style=\"--awb-caption-title-font-family:var(--h2_typography-font-family);--awb-caption-title-font-weight:var(--h2_typography-font-weight);--awb-caption-title-font-style:var(--h2_typography-font-style);--awb-caption-title-size:var(--h2_typography-font-size);--awb-caption-title-transform:var(--h2_typography-text-transform);--awb-caption-title-line-height:var(--h2_typography-line-height);--awb-caption-title-letter-spacing:var(--h2_typography-letter-spacing);\"><span class=\" fusion-imageframe imageframe-none imageframe-5 hover-type-none\"><img decoding=\"async\" width=\"720\" height=\"900\" alt=\"Tratamientos de Micropigmentaci\u00f3n M\u00e9dica y Est\u00e9tica Cl\u00ednica Idermic de Terrassa. Dise\u00f1o de cejas pelo a pelo-2\" title=\"Micropigmentaci\u00f3n M\u00e9dica y Est\u00e9tica\" src=\"https:\/\/www.idermic.es\/wp-content\/uploads\/2026\/07\/Micropigmentacion-Medica-y-Estetica-3-1.jpg\" class=\"img-responsive wp-image-10164\" srcset=\"https:\/\/www.idermic.es\/wp-content\/uploads\/2026\/07\/Micropigmentacion-Medica-y-Estetica-3-1-200x250.jpg 200w, https:\/\/www.idermic.es\/wp-content\/uploads\/2026\/07\/Micropigmentacion-Medica-y-Estetica-3-1-400x500.jpg 400w, https:\/\/www.idermic.es\/wp-content\/uploads\/2026\/07\/Micropigmentacion-Medica-y-Estetica-3-1-600x750.jpg 600w, https:\/\/www.idermic.es\/wp-content\/uploads\/2026\/07\/Micropigmentacion-Medica-y-Estetica-3-1.jpg 720w\" sizes=\"(max-width: 1024px) 100vw, (max-width: 640px) 100vw, 400px\" \/><\/span><\/div><\/div><\/div><div class=\"fusion-layout-column fusion_builder_column fusion-builder-column-16 fusion_builder_column_1_3 1_3 fusion-flex-column\" style=\"--awb-bg-size:cover;--awb-width-large:33.333333333333%;--awb-margin-top-large:0px;--awb-spacing-right-large:5.76%;--awb-margin-bottom-large:0px;--awb-spacing-left-large:5.76%;--awb-width-medium:100%;--awb-order-medium:0;--awb-spacing-right-medium:1.92%;--awb-spacing-left-medium:1.92%;--awb-width-small:100%;--awb-order-small:0;--awb-spacing-right-small:1.92%;--awb-spacing-left-small:1.92%;\"><div class=\"fusion-column-wrapper fusion-column-has-shadow fusion-flex-justify-content-flex-start fusion-content-layout-column\"><div class=\"fusion-image-element \" style=\"--awb-caption-title-font-family:var(--h2_typography-font-family);--awb-caption-title-font-weight:var(--h2_typography-font-weight);--awb-caption-title-font-style:var(--h2_typography-font-style);--awb-caption-title-size:var(--h2_typography-font-size);--awb-caption-title-transform:var(--h2_typography-text-transform);--awb-caption-title-line-height:var(--h2_typography-line-height);--awb-caption-title-letter-spacing:var(--h2_typography-letter-spacing);\"><span class=\" fusion-imageframe imageframe-none imageframe-6 hover-type-none\"><img decoding=\"async\" width=\"720\" height=\"900\" alt=\"Tratamientos de Micropigmentaci\u00f3n M\u00e9dica y Est\u00e9tica Cl\u00ednica Idermic de Terrassa. Dise\u00f1o de cejas pelo a pelo-3\" title=\"Micropigmentaci\u00f3n M\u00e9dica y Est\u00e9tica\" src=\"https:\/\/www.idermic.es\/wp-content\/uploads\/2026\/07\/Micropigmentacion-Medica-y-Estetica-4-1.jpg\" class=\"img-responsive wp-image-10162\" srcset=\"https:\/\/www.idermic.es\/wp-content\/uploads\/2026\/07\/Micropigmentacion-Medica-y-Estetica-4-1-200x250.jpg 200w, https:\/\/www.idermic.es\/wp-content\/uploads\/2026\/07\/Micropigmentacion-Medica-y-Estetica-4-1-400x500.jpg 400w, https:\/\/www.idermic.es\/wp-content\/uploads\/2026\/07\/Micropigmentacion-Medica-y-Estetica-4-1-600x750.jpg 600w, https:\/\/www.idermic.es\/wp-content\/uploads\/2026\/07\/Micropigmentacion-Medica-y-Estetica-4-1.jpg 720w\" sizes=\"(max-width: 1024px) 100vw, (max-width: 640px) 100vw, 400px\" \/><\/span><\/div><\/div><\/div><\/div><\/div><div class=\"fusion-fullwidth fullwidth-box fusion-builder-row-13 fusion-flex-container has-pattern-background has-mask-background nonhundred-percent-fullwidth non-hundred-percent-height-scrolling\" style=\"--awb-border-radius-top-left:0px;--awb-border-radius-top-right:0px;--awb-border-radius-bottom-right:0px;--awb-border-radius-bottom-left:0px;--awb-flex-wrap:wrap;\" ><div class=\"fusion-builder-row fusion-row fusion-flex-align-items-flex-start fusion-flex-content-wrap\" style=\"max-width:1227.2px;margin-left: calc(-4% \/ 2 );margin-right: calc(-4% \/ 2 );\"><div class=\"fusion-layout-column fusion_builder_column fusion-builder-column-17 fusion_builder_column_1_1 1_1 fusion-flex-column\" style=\"--awb-bg-size:cover;--awb-width-large:100%;--awb-margin-top-large:0px;--awb-spacing-right-large:1.92%;--awb-margin-bottom-large:0px;--awb-spacing-left-large:1.92%;--awb-width-medium:100%;--awb-order-medium:0;--awb-spacing-right-medium:1.92%;--awb-spacing-left-medium:1.92%;--awb-width-small:100%;--awb-order-small:0;--awb-spacing-right-small:1.92%;--awb-spacing-left-small:1.92%;\"><div class=\"fusion-column-wrapper fusion-column-has-shadow fusion-flex-justify-content-flex-start fusion-content-layout-column\"><div class=\"fusion-text fusion-text-10\"><h2>Para qui\u00e9n est\u00e1 indicada la micropigmentaci\u00f3n<\/h2>\n<p>La micropigmentaci\u00f3n puede estar indicada para diferentes perfiles de pacientes. En el \u00e1mbito est\u00e9tico, puede ser adecuada para personas que desean mejorar la definici\u00f3n de cejas o labios, ahorrar tiempo en su rutina diaria, corregir peque\u00f1as asimetr\u00edas o conseguir un aspecto m\u00e1s fresco y cuidado.<\/p>\n<p>En el \u00e1mbito m\u00e9dico, puede ser \u00fatil para personas que han pasado por una cirug\u00eda mamaria, presentan cicatrices visibles, han perdido densidad capilar, desean camuflar determinadas estr\u00edas o buscan recuperar la apariencia de una zona alterada por un proceso m\u00e9dico.<\/p>\n<p>Tambi\u00e9n puede ser una opci\u00f3n para personas que tienen dificultades para maquillarse a diario, alergias a determinados productos cosm\u00e9ticos convencionales o p\u00e9rdida de definici\u00f3n facial con el paso del tiempo.<\/p>\n<p>En todos los casos, la indicaci\u00f3n debe realizarse tras una valoraci\u00f3n profesional. No todas las pieles ni todas las situaciones son iguales, y el \u00e9xito del tratamiento depende en gran parte de una buena selecci\u00f3n del procedimiento.<\/p>\n<h2>Cu\u00e1ndo no conviene realizar una micropigmentaci\u00f3n<\/h2>\n<p>Aunque la micropigmentaci\u00f3n es un procedimiento habitual en el \u00e1mbito est\u00e9tico y reparador, no siempre debe realizarse de forma inmediata.<\/p>\n<p>Puede ser necesario posponer el tratamiento si existe una infecci\u00f3n activa, una herida sin cicatrizar, irritaci\u00f3n importante, fiebre, brotes de herpes en la zona labial, inflamaci\u00f3n cut\u00e1nea o una cicatriz demasiado reciente.<\/p>\n<p>Tambi\u00e9n deben valorarse con especial atenci\u00f3n los casos de embarazo, lactancia, enfermedades de la piel, tratamientos m\u00e9dicos activos, antecedentes de mala cicatrizaci\u00f3n o uso de determinados medicamentos. La consulta previa permite revisar estos aspectos y decidir el momento m\u00e1s adecuado.<\/p>\n<h2>La importancia del dise\u00f1o personalizado<\/h2>\n<p>Uno de los puntos m\u00e1s importantes de la micropigmentaci\u00f3n es el dise\u00f1o previo. Un buen resultado no depende \u00fanicamente de aplicar pigmento, sino de planificar la forma, el color, la intensidad y la distribuci\u00f3n.<\/p>\n<p>En cejas, el dise\u00f1o debe respetar la estructura facial. En labios, debe equilibrar sin exagerar. En areolas, debe buscar realismo y simetr\u00eda natural. En cicatrices o estr\u00edas, debe integrarse con el tono de la piel. En cuero cabelludo, debe reproducir la densidad y el patr\u00f3n capilar de forma cre\u00edble.<\/p>\n<p>El dise\u00f1o personalizado permite que el tratamiento se adapte a cada persona y evita resultados gen\u00e9ricos. Esta fase tambi\u00e9n ayuda al paciente a visualizar el resultado antes de iniciar el procedimiento.<\/p>\n<h2>Preguntas frecuentes sobre micropigmentaci\u00f3n m\u00e9dica y est\u00e9tica<\/h2>\n<h3>\u00bfLa micropigmentaci\u00f3n es definitiva?<\/h3>\n<p>No se considera definitiva, sino semipermanente. El pigmento se va atenuando con el tiempo y puede requerir retoques para mantener la intensidad y la definici\u00f3n.<\/p>\n<h3>\u00bfCu\u00e1nto dura la micropigmentaci\u00f3n?<\/h3>\n<p>La duraci\u00f3n var\u00eda seg\u00fan la piel, la zona tratada, el color elegido, los cuidados y la exposici\u00f3n solar. De forma orientativa, puede mantenerse durante varios a\u00f1os, aunque el color pierde intensidad progresivamente.<\/p>\n<h3>\u00bfDuele la micropigmentaci\u00f3n?<\/h3>\n<p>La percepci\u00f3n var\u00eda seg\u00fan la sensibilidad de cada persona y la zona tratada. En muchos procedimientos se puede aplicar anestesia t\u00f3pica para mejorar el confort durante la sesi\u00f3n.<\/p>\n<h3>\u00bfCu\u00e1ndo se ve el resultado definitivo?<\/h3>\n<p>El resultado no debe valorarse inmediatamente despu\u00e9s del tratamiento. Durante los primeros d\u00edas el color puede verse m\u00e1s intenso y, posteriormente, se suaviza. La valoraci\u00f3n final se realiza cuando la piel ha completado su proceso de recuperaci\u00f3n.<\/p>\n<h3>\u00bfSiempre hace falta retoque?<\/h3>\n<p>En muchos casos s\u00ed es recomendable. El retoque permite perfeccionar el resultado, reforzar el pigmento y ajustar peque\u00f1as zonas donde la piel haya fijado menos color.<\/p>\n<h3>\u00bfSe puede hacer micropigmentaci\u00f3n sobre cicatrices?<\/h3>\n<p>S\u00ed, en determinados casos, siempre que la cicatriz est\u00e9 estabilizada y correctamente cicatrizada. La valoraci\u00f3n previa es imprescindible para determinar si es viable.<\/p>\n<h3>\u00bfLa micropigmentaci\u00f3n elimina cicatrices o estr\u00edas?<\/h3>\n<p>No las elimina. Su funci\u00f3n es camuflar o reducir visualmente el contraste de color para que se integren mejor con la piel circundante.<\/p>\n<h3>\u00bfLa micropigmentaci\u00f3n de cejas queda natural?<\/h3>\n<p>Puede quedar muy natural cuando el dise\u00f1o, la t\u00e9cnica y el tono se adaptan al rostro y al tipo de piel. La t\u00e9cnica pelo a pelo busca precisamente imitar el aspecto del vello natural.<\/p>\n<h3>\u00bfQu\u00e9 es la acuarela labial?<\/h3>\n<p>Es una t\u00e9cnica de micropigmentaci\u00f3n de labios que aporta color suave, definici\u00f3n y frescura sin crear un efecto excesivamente maquillado.<\/p>\n<h3>\u00bfQu\u00e9 es la micropigmentaci\u00f3n oncol\u00f3gica?<\/h3>\n<p>Es una aplicaci\u00f3n m\u00e9dica y reparadora de la micropigmentaci\u00f3n dirigida a personas que han pasado por procesos oncol\u00f3gicos o cirug\u00edas, como la reconstrucci\u00f3n de areola o la recuperaci\u00f3n visual de cejas y otras zonas.<\/p>\n<h2>Un servicio para realzar, reconstruir y devolver confianza<\/h2>\n<p>La nueva unidad de Micropigmentaci\u00f3n M\u00e9dica y Est\u00e9tica de Cl\u00ednica Idermic Terrassa nace con un prop\u00f3sito claro: realzar, reconstruir y devolver confianza respetando la naturalidad de cada paciente.<\/p>\n<p>La micropigmentaci\u00f3n no solo permite mejorar peque\u00f1os detalles est\u00e9ticos. Tambi\u00e9n puede acompa\u00f1ar procesos de recuperaci\u00f3n personal, ayudar a reconstruir visualmente zonas modificadas por una cirug\u00eda y ofrecer soluciones reparadoras en momentos especialmente sensibles.<\/p>\n<p>Con tratamientos como el dise\u00f1o de cejas pelo a pelo, la acuarela labial, la reconstrucci\u00f3n de areola, el camuflaje de cicatrices, el tratamiento de estr\u00edas o el relleno capilar, Cl\u00ednica Idermic incorpora un servicio especializado que une precisi\u00f3n, personalizaci\u00f3n y una mirada respetuosa hacia la imagen de cada persona.<\/p>\n<\/div><\/div><\/div><\/div><\/div><div class=\"fusion-fullwidth fullwidth-box fusion-builder-row-14 fusion-flex-container has-pattern-background has-mask-background nonhundred-percent-fullwidth non-hundred-percent-height-scrolling\" style=\"--awb-border-radius-top-left:0px;--awb-border-radius-top-right:0px;--awb-border-radius-bottom-right:0px;--awb-border-radius-bottom-left:0px;--awb-flex-wrap:wrap;\" ><div class=\"fusion-builder-row fusion-row fusion-flex-align-items-flex-start fusion-flex-content-wrap\" style=\"max-width:1227.2px;margin-left: calc(-4% \/ 2 );margin-right: calc(-4% \/ 2 );\"><div class=\"fusion-layout-column fusion_builder_column fusion-builder-column-18 fusion_builder_column_1_1 1_1 fusion-flex-column\" style=\"--awb-bg-size:cover;--awb-width-large:100%;--awb-margin-top-large:0px;--awb-spacing-right-large:1.92%;--awb-margin-bottom-large:0px;--awb-spacing-left-large:1.92%;--awb-width-medium:100%;--awb-order-medium:0;--awb-spacing-right-medium:1.92%;--awb-spacing-left-medium:1.92%;--awb-width-small:100%;--awb-order-small:0;--awb-spacing-right-small:1.92%;--awb-spacing-left-small:1.92%;\"><div class=\"fusion-column-wrapper fusion-column-has-shadow fusion-flex-justify-content-flex-start fusion-content-layout-column\"><blockquote class=\"instagram-media\" data-instgrm-captioned data-instgrm-permalink=\"https:\/\/www.instagram.com\/p\/DaP6brACCJn\/?utm_source=ig_embed&utm_campaign=loading\" data-instgrm-version=\"14\" style=\" background:#FFF; border:0; border-radius:3px; box-shadow:0 0 1px 0 rgba(0,0,0,0.5),0 1px 10px 0 rgba(0,0,0,0.15); margin: 1px; max-width:540px; min-width:326px; padding:0; width:99.375%; width:-webkit-calc(100% - 2px); width:calc(100% - 2px);\"><div style=\"padding:16px;\"> <a href=\"https:\/\/www.instagram.com\/p\/DaP6brACCJn\/?utm_source=ig_embed&utm_campaign=loading\" style=\" background:#FFFFFF; line-height:0; padding:0 0; text-align:center; text-decoration:none; width:100%;\" target=\"_blank\"> <div style=\" display: flex; flex-direction: row; align-items: center;\"> <div style=\"background-color: #F4F4F4; border-radius: 50%; flex-grow: 0; height: 40px; margin-right: 14px; width: 40px;\"><\/div> <div style=\"display: flex; flex-direction: column; flex-grow: 1; justify-content: center;\"> <div style=\" background-color: #F4F4F4; border-radius: 4px; flex-grow: 0; height: 14px; margin-bottom: 6px; width: 100px;\"><\/div> <div style=\" background-color: #F4F4F4; border-radius: 4px; flex-grow: 0; height: 14px; width: 60px;\"><\/div><\/div><\/div><div style=\"padding: 19% 0;\"><\/div> <div style=\"display:block; height:50px; margin:0 auto 12px; width:50px;\"><svg width=\"50px\" height=\"50px\" viewBox=\"0 0 60 60\" version=\"1.1\" xmlns=\"https:\/\/www.w3.org\/2000\/svg\" xmlns:xlink=\"https:\/\/www.w3.org\/1999\/xlink\"><g stroke=\"none\" stroke-width=\"1\" fill=\"none\" fill-rule=\"evenodd\"><g transform=\"translate(-511.000000, -20.000000)\" fill=\"#000000\"><g><path d=\"M556.869,30.41 C554.814,30.41 553.148,32.076 553.148,34.131 C553.148,36.186 554.814,37.852 556.869,37.852 C558.924,37.852 560.59,36.186 560.59,34.131 C560.59,32.076 558.924,30.41 556.869,30.41 M541,60.657 C535.114,60.657 530.342,55.887 530.342,50 C530.342,44.114 535.114,39.342 541,39.342 C546.887,39.342 551.658,44.114 551.658,50 C551.658,55.887 546.887,60.657 541,60.657 M541,33.886 C532.1,33.886 524.886,41.1 524.886,50 C524.886,58.899 532.1,66.113 541,66.113 C549.9,66.113 557.115,58.899 557.115,50 C557.115,41.1 549.9,33.886 541,33.886 M565.378,62.101 C565.244,65.022 564.756,66.606 564.346,67.663 C563.803,69.06 563.154,70.057 562.106,71.106 C561.058,72.155 560.06,72.803 558.662,73.347 C557.607,73.757 556.021,74.244 553.102,74.378 C549.944,74.521 548.997,74.552 541,74.552 C533.003,74.552 532.056,74.521 528.898,74.378 C525.979,74.244 524.393,73.757 523.338,73.347 C521.94,72.803 520.942,72.155 519.894,71.106 C518.846,70.057 518.197,69.06 517.654,67.663 C517.244,66.606 516.755,65.022 516.623,62.101 C516.479,58.943 516.448,57.996 516.448,50 C516.448,42.003 516.479,41.056 516.623,37.899 C516.755,34.978 517.244,33.391 517.654,32.338 C518.197,30.938 518.846,29.942 519.894,28.894 C520.942,27.846 521.94,27.196 523.338,26.654 C524.393,26.244 525.979,25.756 528.898,25.623 C532.057,25.479 533.004,25.448 541,25.448 C548.997,25.448 549.943,25.479 553.102,25.623 C556.021,25.756 557.607,26.244 558.662,26.654 C560.06,27.196 561.058,27.846 562.106,28.894 C563.154,29.942 563.803,30.938 564.346,32.338 C564.756,33.391 565.244,34.978 565.378,37.899 C565.522,41.056 565.552,42.003 565.552,50 C565.552,57.996 565.522,58.943 565.378,62.101 M570.82,37.631 C570.674,34.438 570.167,32.258 569.425,30.349 C568.659,28.377 567.633,26.702 565.965,25.035 C564.297,23.368 562.623,22.342 560.652,21.575 C558.743,20.834 556.562,20.326 553.369,20.18 C550.169,20.033 549.148,20 541,20 C532.853,20 531.831,20.033 528.631,20.18 C525.438,20.326 523.257,20.834 521.349,21.575 C519.376,22.342 517.703,23.368 516.035,25.035 C514.368,26.702 513.342,28.377 512.574,30.349 C511.834,32.258 511.326,34.438 511.181,37.631 C511.035,40.831 511,41.851 511,50 C511,58.147 511.035,59.17 511.181,62.369 C511.326,65.562 511.834,67.743 512.574,69.651 C513.342,71.625 514.368,73.296 516.035,74.965 C517.703,76.634 519.376,77.658 521.349,78.425 C523.257,79.167 525.438,79.673 528.631,79.82 C531.831,79.965 532.853,80.001 541,80.001 C549.148,80.001 550.169,79.965 553.369,79.82 C556.562,79.673 558.743,79.167 560.652,78.425 C562.623,77.658 564.297,76.634 565.965,74.965 C567.633,73.296 568.659,71.625 569.425,69.651 C570.167,67.743 570.674,65.562 570.82,62.369 C570.966,59.17 571,58.147 571,50 C571,41.851 570.966,40.831 570.82,37.631\"><\/path><\/g><\/g><\/g><\/svg><\/div><div style=\"padding-top: 8px;\"> <div style=\" color:#3897f0; font-family:Arial,sans-serif; font-size:14px; font-style:normal; font-weight:550; line-height:18px;\">Ver esta publicaci\u00f3n en Instagram<\/div><\/div><div style=\"padding: 12.5% 0;\"><\/div> <div style=\"display: flex; flex-direction: row; margin-bottom: 14px; align-items: center;\"><div> <div style=\"background-color: #F4F4F4; border-radius: 50%; height: 12.5px; width: 12.5px; transform: translateX(0px) translateY(7px);\"><\/div> <div style=\"background-color: #F4F4F4; height: 12.5px; transform: rotate(-45deg) translateX(3px) translateY(1px); width: 12.5px; flex-grow: 0; margin-right: 14px; margin-left: 2px;\"><\/div> <div style=\"background-color: #F4F4F4; border-radius: 50%; height: 12.5px; width: 12.5px; transform: translateX(9px) translateY(-18px);\"><\/div><\/div><div style=\"margin-left: 8px;\"> <div style=\" background-color: #F4F4F4; border-radius: 50%; flex-grow: 0; height: 20px; width: 20px;\"><\/div> <div style=\" width: 0; height: 0; border-top: 2px solid transparent; border-left: 6px solid #f4f4f4; border-bottom: 2px solid transparent; transform: translateX(16px) translateY(-4px) rotate(30deg)\"><\/div><\/div><div style=\"margin-left: auto;\"> <div style=\" width: 0px; border-top: 8px solid #F4F4F4; border-right: 8px solid transparent; transform: translateY(16px);\"><\/div> <div style=\" background-color: #F4F4F4; flex-grow: 0; height: 12px; width: 16px; transform: translateY(-4px);\"><\/div> <div style=\" width: 0; height: 0; border-top: 8px solid #F4F4F4; border-left: 8px solid transparent; transform: translateY(-4px) translateX(8px);\"><\/div><\/div><\/div> <div style=\"display: flex; flex-direction: column; flex-grow: 1; justify-content: center; margin-bottom: 24px;\"> <div style=\" background-color: #F4F4F4; border-radius: 4px; flex-grow: 0; height: 14px; margin-bottom: 6px; width: 224px;\"><\/div> <div style=\" background-color: #F4F4F4; border-radius: 4px; flex-grow: 0; height: 14px; width: 144px;\"><\/div><\/div><\/a><p style=\" color:#c9c8cd; font-family:Arial,sans-serif; font-size:14px; line-height:17px; margin-bottom:0; margin-top:8px; overflow:hidden; padding:8px 0 7px; text-align:center; text-overflow:ellipsis; white-space:nowrap;\"><a href=\"https:\/\/www.instagram.com\/p\/DaP6brACCJn\/?utm_source=ig_embed&utm_campaign=loading\" style=\" color:#c9c8cd; font-family:Arial,sans-serif; font-size:14px; font-style:normal; font-weight:normal; line-height:17px; text-decoration:none;\" target=\"_blank\">Una publicaci\u00f3n compartida de IDERMIC - Dermatolog\u00eda m\u00e9dica y est\u00e9tica (@idermicclinic)<\/a><\/p><\/div><\/blockquote>\n<script async src=\"\/\/www.instagram.com\/embed.js\"><\/script><\/div><\/div><\/div><\/div><\/p>\n","protected":false},"excerpt":{"rendered":"<p>Nuevo servicio de micropigmentaci\u00f3n m\u00e9dica y est\u00e9tica en Cl\u00ednica Idermic Terrassa: cejas, labios, areolas, cicatrices y m\u00e1s.<\/p>\n","protected":false},"author":3,"featured_media":10170,"comment_status":"closed","ping_status":"open","sticky":false,"template":"","format":"standard","meta":{"_joinchat":[],"footnotes":""},"categories":[25],"tags":[],"class_list":["post-10146","post","type-post","status-publish","format-standard","has-post-thumbnail","hentry","category-noticias"],"yoast_head":"<!-- This site is optimized with the Yoast SEO plugin v28.4 - https:\/\/yoast.com\/product\/yoast-seo-wordpress\/ -->\n<title>Micropigmentaci\u00f3n M\u00e9dica y Est\u00e9tica: nuevo servicio especializado en Idermic - Idermic. Dermatolog\u00eda en Terrassa<\/title>\n<meta name=\"description\" content=\"Nuevo servicio de micropigmentaci\u00f3n m\u00e9dica y est\u00e9tica en Cl\u00ednica Idermic Terrassa: cejas, labios, areolas, cicatrices y m\u00e1s.\" \/>\n<meta name=\"robots\" content=\"index, follow, max-snippet:-1, max-image-preview:large, max-video-preview:-1\" \/>\n<link rel=\"canonical\" href=\"https:\/\/www.idermic.es\/es\/micropigmentacion-medica-y-estetica-nuevo-servicio-especializado-en-idermic\/\" \/>\n<meta property=\"og:locale\" content=\"es_ES\" \/>\n<meta property=\"og:type\" content=\"article\" \/>\n<meta property=\"og:title\" content=\"Micropigmentaci\u00f3n M\u00e9dica y Est\u00e9tica: nuevo servicio especializado en Idermic - Idermic. Dermatolog\u00eda en Terrassa\" \/>\n<meta property=\"og:description\" content=\"Nuevo servicio de micropigmentaci\u00f3n m\u00e9dica y est\u00e9tica en Cl\u00ednica Idermic Terrassa: cejas, labios, areolas, cicatrices y m\u00e1s.\" \/>\n<meta property=\"og:url\" content=\"https:\/\/www.idermic.es\/es\/micropigmentacion-medica-y-estetica-nuevo-servicio-especializado-en-idermic\/\" \/>\n<meta property=\"og:site_name\" content=\"Idermic. Dermatolog\u00eda en Terrassa\" \/>\n<meta property=\"article:publisher\" content=\"https:\/\/www.facebook.com\/Idermic\" \/>\n<meta property=\"article:published_time\" content=\"2026-07-08T08:29:53+00:00\" \/>\n<meta property=\"og:image\" content=\"https:\/\/www.idermic.es\/wp-content\/uploads\/2026\/07\/Micropigmentacion-Medica-y-Estetica-5.jpg\" \/>\n\t<meta property=\"og:image:width\" content=\"720\" \/>\n\t<meta property=\"og:image:height\" content=\"900\" \/>\n\t<meta property=\"og:image:type\" content=\"image\/jpeg\" \/>\n<meta name=\"author\" content=\"Equipo\" \/>\n<meta name=\"twitter:card\" content=\"summary_large_image\" \/>\n<meta name=\"twitter:creator\" content=\"@idermic\" \/>\n<meta name=\"twitter:site\" content=\"@idermic\" \/>\n<meta name=\"twitter:label1\" content=\"Escrito por\" \/>\n\t<meta name=\"twitter:data1\" content=\"Equipo\" \/>\n\t<meta name=\"twitter:label2\" content=\"Tiempo de lectura\" \/>\n\t<meta name=\"twitter:data2\" content=\"26 minutos\" \/>\n<script type=\"application\/ld+json\" class=\"yoast-schema-graph\">{\"@context\":\"https:\\\/\\\/schema.org\",\"@graph\":[{\"@type\":\"Article\",\"@id\":\"https:\\\/\\\/www.idermic.es\\\/es\\\/micropigmentacion-medica-y-estetica-nuevo-servicio-especializado-en-idermic\\\/#article\",\"isPartOf\":{\"@id\":\"https:\\\/\\\/www.idermic.es\\\/es\\\/micropigmentacion-medica-y-estetica-nuevo-servicio-especializado-en-idermic\\\/\"},\"author\":{\"name\":\"Equipo\",\"@id\":\"https:\\\/\\\/www.idermic.es\\\/#\\\/schema\\\/person\\\/c12703027a878b23d3c71c87921a82f8\"},\"headline\":\"Micropigmentaci\u00f3n M\u00e9dica y Est\u00e9tica: nuevo servicio especializado en Idermic\",\"datePublished\":\"2026-07-08T08:29:53+00:00\",\"mainEntityOfPage\":{\"@id\":\"https:\\\/\\\/www.idermic.es\\\/es\\\/micropigmentacion-medica-y-estetica-nuevo-servicio-especializado-en-idermic\\\/\"},\"wordCount\":23377,\"publisher\":{\"@id\":\"https:\\\/\\\/www.idermic.es\\\/#organization\"},\"image\":{\"@id\":\"https:\\\/\\\/www.idermic.es\\\/es\\\/micropigmentacion-medica-y-estetica-nuevo-servicio-especializado-en-idermic\\\/#primaryimage\"},\"thumbnailUrl\":\"https:\\\/\\\/www.idermic.es\\\/wp-content\\\/uploads\\\/2026\\\/07\\\/Micropigmentacion-Medica-y-Estetica-5.jpg\",\"articleSection\":[\"Noticias\"],\"inLanguage\":\"es\"},{\"@type\":\"WebPage\",\"@id\":\"https:\\\/\\\/www.idermic.es\\\/es\\\/micropigmentacion-medica-y-estetica-nuevo-servicio-especializado-en-idermic\\\/\",\"url\":\"https:\\\/\\\/www.idermic.es\\\/es\\\/micropigmentacion-medica-y-estetica-nuevo-servicio-especializado-en-idermic\\\/\",\"name\":\"Micropigmentaci\u00f3n M\u00e9dica y Est\u00e9tica: nuevo servicio especializado en Idermic - Idermic. Dermatolog\u00eda en Terrassa\",\"isPartOf\":{\"@id\":\"https:\\\/\\\/www.idermic.es\\\/#website\"},\"primaryImageOfPage\":{\"@id\":\"https:\\\/\\\/www.idermic.es\\\/es\\\/micropigmentacion-medica-y-estetica-nuevo-servicio-especializado-en-idermic\\\/#primaryimage\"},\"image\":{\"@id\":\"https:\\\/\\\/www.idermic.es\\\/es\\\/micropigmentacion-medica-y-estetica-nuevo-servicio-especializado-en-idermic\\\/#primaryimage\"},\"thumbnailUrl\":\"https:\\\/\\\/www.idermic.es\\\/wp-content\\\/uploads\\\/2026\\\/07\\\/Micropigmentacion-Medica-y-Estetica-5.jpg\",\"datePublished\":\"2026-07-08T08:29:53+00:00\",\"description\":\"Nuevo servicio de micropigmentaci\u00f3n m\u00e9dica y est\u00e9tica en Cl\u00ednica Idermic Terrassa: cejas, labios, areolas, cicatrices y m\u00e1s.\",\"breadcrumb\":{\"@id\":\"https:\\\/\\\/www.idermic.es\\\/es\\\/micropigmentacion-medica-y-estetica-nuevo-servicio-especializado-en-idermic\\\/#breadcrumb\"},\"inLanguage\":\"es\",\"potentialAction\":[{\"@type\":\"ReadAction\",\"target\":[\"https:\\\/\\\/www.idermic.es\\\/es\\\/micropigmentacion-medica-y-estetica-nuevo-servicio-especializado-en-idermic\\\/\"]}]},{\"@type\":\"ImageObject\",\"inLanguage\":\"es\",\"@id\":\"https:\\\/\\\/www.idermic.es\\\/es\\\/micropigmentacion-medica-y-estetica-nuevo-servicio-especializado-en-idermic\\\/#primaryimage\",\"url\":\"https:\\\/\\\/www.idermic.es\\\/wp-content\\\/uploads\\\/2026\\\/07\\\/Micropigmentacion-Medica-y-Estetica-5.jpg\",\"contentUrl\":\"https:\\\/\\\/www.idermic.es\\\/wp-content\\\/uploads\\\/2026\\\/07\\\/Micropigmentacion-Medica-y-Estetica-5.jpg\",\"width\":720,\"height\":900,\"caption\":\"Tratamientos de Micropigmentaci\u00f3n M\u00e9dica y Est\u00e9tica Cl\u00ednica Idermic de Terrassa. Acuarela labial para definir, corregir asimetr\u00edas y aportar un aspecto fresco y natural.\"},{\"@type\":\"BreadcrumbList\",\"@id\":\"https:\\\/\\\/www.idermic.es\\\/es\\\/micropigmentacion-medica-y-estetica-nuevo-servicio-especializado-en-idermic\\\/#breadcrumb\",\"itemListElement\":[{\"@type\":\"ListItem\",\"position\":1,\"name\":\"Inici\",\"item\":\"https:\\\/\\\/www.idermic.es\\\/es\\\/\"},{\"@type\":\"ListItem\",\"position\":2,\"name\":\"Micropigmentaci\u00f3n M\u00e9dica y Est\u00e9tica: nuevo servicio especializado en Idermic\"}]},{\"@type\":\"WebSite\",\"@id\":\"https:\\\/\\\/www.idermic.es\\\/#website\",\"url\":\"https:\\\/\\\/www.idermic.es\\\/\",\"name\":\"Idermic. Dermatolog\u00eda en Terrassa\",\"description\":\"Dermatolog\u00eda, Medicina est\u00e9tica, Cirurg\u00eda Pl\u00e0stica\",\"publisher\":{\"@id\":\"https:\\\/\\\/www.idermic.es\\\/#organization\"},\"potentialAction\":[{\"@type\":\"SearchAction\",\"target\":{\"@type\":\"EntryPoint\",\"urlTemplate\":\"https:\\\/\\\/www.idermic.es\\\/?s={search_term_string}\"},\"query-input\":{\"@type\":\"PropertyValueSpecification\",\"valueRequired\":true,\"valueName\":\"search_term_string\"}}],\"inLanguage\":\"es\"},{\"@type\":\"Organization\",\"@id\":\"https:\\\/\\\/www.idermic.es\\\/#organization\",\"name\":\"Idermic. Dermatolog\u00eda en Terrassa\",\"url\":\"https:\\\/\\\/www.idermic.es\\\/\",\"logo\":{\"@type\":\"ImageObject\",\"inLanguage\":\"es\",\"@id\":\"https:\\\/\\\/www.idermic.es\\\/#\\\/schema\\\/logo\\\/image\\\/\",\"url\":\"https:\\\/\\\/www.idermic.es\\\/wp-content\\\/uploads\\\/2025\\\/10\\\/Logo-Idermic.jpg\",\"contentUrl\":\"https:\\\/\\\/www.idermic.es\\\/wp-content\\\/uploads\\\/2025\\\/10\\\/Logo-Idermic.jpg\",\"width\":501,\"height\":502,\"caption\":\"Idermic. Dermatolog\u00eda en Terrassa\"},\"image\":{\"@id\":\"https:\\\/\\\/www.idermic.es\\\/#\\\/schema\\\/logo\\\/image\\\/\"},\"sameAs\":[\"https:\\\/\\\/www.facebook.com\\\/Idermic\",\"https:\\\/\\\/x.com\\\/idermic\",\"https:\\\/\\\/www.instagram.com\\\/idermicclinic\\\/\",\"https:\\\/\\\/www.youtube.com\\\/channel\\\/UCyAHC9-p8lc6hr_nguO8p_g\"]},{\"@type\":\"Person\",\"@id\":\"https:\\\/\\\/www.idermic.es\\\/#\\\/schema\\\/person\\\/c12703027a878b23d3c71c87921a82f8\",\"name\":\"Equipo\",\"image\":{\"@type\":\"ImageObject\",\"inLanguage\":\"es\",\"@id\":\"https:\\\/\\\/secure.gravatar.com\\\/avatar\\\/7ca0be23248108c6b0887e0693b7dcf7764bd3503f84d1f04e6653ef7c3b9420?s=96&d=mm&r=g\",\"url\":\"https:\\\/\\\/secure.gravatar.com\\\/avatar\\\/7ca0be23248108c6b0887e0693b7dcf7764bd3503f84d1f04e6653ef7c3b9420?s=96&d=mm&r=g\",\"contentUrl\":\"https:\\\/\\\/secure.gravatar.com\\\/avatar\\\/7ca0be23248108c6b0887e0693b7dcf7764bd3503f84d1f04e6653ef7c3b9420?s=96&d=mm&r=g\",\"caption\":\"Equipo\"},\"description\":\"Equipo de Idermic\"}]}<\/script>\n<!-- \/ Yoast SEO plugin. -->","yoast_head_json":{"title":"Micropigmentaci\u00f3n M\u00e9dica y Est\u00e9tica: nuevo servicio especializado en Idermic - Idermic. Dermatolog\u00eda en Terrassa","description":"Nuevo servicio de micropigmentaci\u00f3n m\u00e9dica y est\u00e9tica en Cl\u00ednica Idermic Terrassa: cejas, labios, areolas, cicatrices y m\u00e1s.","robots":{"index":"index","follow":"follow","max-snippet":"max-snippet:-1","max-image-preview":"max-image-preview:large","max-video-preview":"max-video-preview:-1"},"canonical":"https:\/\/www.idermic.es\/es\/micropigmentacion-medica-y-estetica-nuevo-servicio-especializado-en-idermic\/","og_locale":"es_ES","og_type":"article","og_title":"Micropigmentaci\u00f3n M\u00e9dica y Est\u00e9tica: nuevo servicio especializado en Idermic - Idermic. Dermatolog\u00eda en Terrassa","og_description":"Nuevo servicio de micropigmentaci\u00f3n m\u00e9dica y est\u00e9tica en Cl\u00ednica Idermic Terrassa: cejas, labios, areolas, cicatrices y m\u00e1s.","og_url":"https:\/\/www.idermic.es\/es\/micropigmentacion-medica-y-estetica-nuevo-servicio-especializado-en-idermic\/","og_site_name":"Idermic. Dermatolog\u00eda en Terrassa","article_publisher":"https:\/\/www.facebook.com\/Idermic","article_published_time":"2026-07-08T08:29:53+00:00","og_image":[{"width":720,"height":900,"url":"https:\/\/www.idermic.es\/wp-content\/uploads\/2026\/07\/Micropigmentacion-Medica-y-Estetica-5.jpg","type":"image\/jpeg"}],"author":"Equipo","twitter_card":"summary_large_image","twitter_creator":"@idermic","twitter_site":"@idermic","twitter_misc":{"Escrito por":"Equipo","Tiempo de lectura":"26 minutos"},"schema":{"@context":"https:\/\/schema.org","@graph":[{"@type":"Article","@id":"https:\/\/www.idermic.es\/es\/micropigmentacion-medica-y-estetica-nuevo-servicio-especializado-en-idermic\/#article","isPartOf":{"@id":"https:\/\/www.idermic.es\/es\/micropigmentacion-medica-y-estetica-nuevo-servicio-especializado-en-idermic\/"},"author":{"name":"Equipo","@id":"https:\/\/www.idermic.es\/#\/schema\/person\/c12703027a878b23d3c71c87921a82f8"},"headline":"Micropigmentaci\u00f3n M\u00e9dica y Est\u00e9tica: nuevo servicio especializado en Idermic","datePublished":"2026-07-08T08:29:53+00:00","mainEntityOfPage":{"@id":"https:\/\/www.idermic.es\/es\/micropigmentacion-medica-y-estetica-nuevo-servicio-especializado-en-idermic\/"},"wordCount":23377,"publisher":{"@id":"https:\/\/www.idermic.es\/#organization"},"image":{"@id":"https:\/\/www.idermic.es\/es\/micropigmentacion-medica-y-estetica-nuevo-servicio-especializado-en-idermic\/#primaryimage"},"thumbnailUrl":"https:\/\/www.idermic.es\/wp-content\/uploads\/2026\/07\/Micropigmentacion-Medica-y-Estetica-5.jpg","articleSection":["Noticias"],"inLanguage":"es"},{"@type":"WebPage","@id":"https:\/\/www.idermic.es\/es\/micropigmentacion-medica-y-estetica-nuevo-servicio-especializado-en-idermic\/","url":"https:\/\/www.idermic.es\/es\/micropigmentacion-medica-y-estetica-nuevo-servicio-especializado-en-idermic\/","name":"Micropigmentaci\u00f3n M\u00e9dica y Est\u00e9tica: nuevo servicio especializado en Idermic - Idermic. Dermatolog\u00eda en Terrassa","isPartOf":{"@id":"https:\/\/www.idermic.es\/#website"},"primaryImageOfPage":{"@id":"https:\/\/www.idermic.es\/es\/micropigmentacion-medica-y-estetica-nuevo-servicio-especializado-en-idermic\/#primaryimage"},"image":{"@id":"https:\/\/www.idermic.es\/es\/micropigmentacion-medica-y-estetica-nuevo-servicio-especializado-en-idermic\/#primaryimage"},"thumbnailUrl":"https:\/\/www.idermic.es\/wp-content\/uploads\/2026\/07\/Micropigmentacion-Medica-y-Estetica-5.jpg","datePublished":"2026-07-08T08:29:53+00:00","description":"Nuevo servicio de micropigmentaci\u00f3n m\u00e9dica y est\u00e9tica en Cl\u00ednica Idermic Terrassa: cejas, labios, areolas, cicatrices y m\u00e1s.","breadcrumb":{"@id":"https:\/\/www.idermic.es\/es\/micropigmentacion-medica-y-estetica-nuevo-servicio-especializado-en-idermic\/#breadcrumb"},"inLanguage":"es","potentialAction":[{"@type":"ReadAction","target":["https:\/\/www.idermic.es\/es\/micropigmentacion-medica-y-estetica-nuevo-servicio-especializado-en-idermic\/"]}]},{"@type":"ImageObject","inLanguage":"es","@id":"https:\/\/www.idermic.es\/es\/micropigmentacion-medica-y-estetica-nuevo-servicio-especializado-en-idermic\/#primaryimage","url":"https:\/\/www.idermic.es\/wp-content\/uploads\/2026\/07\/Micropigmentacion-Medica-y-Estetica-5.jpg","contentUrl":"https:\/\/www.idermic.es\/wp-content\/uploads\/2026\/07\/Micropigmentacion-Medica-y-Estetica-5.jpg","width":720,"height":900,"caption":"Tratamientos de Micropigmentaci\u00f3n M\u00e9dica y Est\u00e9tica Cl\u00ednica Idermic de Terrassa. Acuarela labial para definir, corregir asimetr\u00edas y aportar un aspecto fresco y natural."},{"@type":"BreadcrumbList","@id":"https:\/\/www.idermic.es\/es\/micropigmentacion-medica-y-estetica-nuevo-servicio-especializado-en-idermic\/#breadcrumb","itemListElement":[{"@type":"ListItem","position":1,"name":"Inici","item":"https:\/\/www.idermic.es\/es\/"},{"@type":"ListItem","position":2,"name":"Micropigmentaci\u00f3n M\u00e9dica y Est\u00e9tica: nuevo servicio especializado en Idermic"}]},{"@type":"WebSite","@id":"https:\/\/www.idermic.es\/#website","url":"https:\/\/www.idermic.es\/","name":"Idermic. Dermatolog\u00eda en Terrassa","description":"Dermatolog\u00eda, Medicina est\u00e9tica, Cirurg\u00eda Pl\u00e0stica","publisher":{"@id":"https:\/\/www.idermic.es\/#organization"},"potentialAction":[{"@type":"SearchAction","target":{"@type":"EntryPoint","urlTemplate":"https:\/\/www.idermic.es\/?s={search_term_string}"},"query-input":{"@type":"PropertyValueSpecification","valueRequired":true,"valueName":"search_term_string"}}],"inLanguage":"es"},{"@type":"Organization","@id":"https:\/\/www.idermic.es\/#organization","name":"Idermic. Dermatolog\u00eda en Terrassa","url":"https:\/\/www.idermic.es\/","logo":{"@type":"ImageObject","inLanguage":"es","@id":"https:\/\/www.idermic.es\/#\/schema\/logo\/image\/","url":"https:\/\/www.idermic.es\/wp-content\/uploads\/2025\/10\/Logo-Idermic.jpg","contentUrl":"https:\/\/www.idermic.es\/wp-content\/uploads\/2025\/10\/Logo-Idermic.jpg","width":501,"height":502,"caption":"Idermic. Dermatolog\u00eda en Terrassa"},"image":{"@id":"https:\/\/www.idermic.es\/#\/schema\/logo\/image\/"},"sameAs":["https:\/\/www.facebook.com\/Idermic","https:\/\/x.com\/idermic","https:\/\/www.instagram.com\/idermicclinic\/","https:\/\/www.youtube.com\/channel\/UCyAHC9-p8lc6hr_nguO8p_g"]},{"@type":"Person","@id":"https:\/\/www.idermic.es\/#\/schema\/person\/c12703027a878b23d3c71c87921a82f8","name":"Equipo","image":{"@type":"ImageObject","inLanguage":"es","@id":"https:\/\/secure.gravatar.com\/avatar\/7ca0be23248108c6b0887e0693b7dcf7764bd3503f84d1f04e6653ef7c3b9420?s=96&d=mm&r=g","url":"https:\/\/secure.gravatar.com\/avatar\/7ca0be23248108c6b0887e0693b7dcf7764bd3503f84d1f04e6653ef7c3b9420?s=96&d=mm&r=g","contentUrl":"https:\/\/secure.gravatar.com\/avatar\/7ca0be23248108c6b0887e0693b7dcf7764bd3503f84d1f04e6653ef7c3b9420?s=96&d=mm&r=g","caption":"Equipo"},"description":"Equipo de Idermic"}]}},"_links":{"self":[{"href":"https:\/\/www.idermic.es\/es\/wp-json\/wp\/v2\/posts\/10146","targetHints":{"allow":["GET"]}}],"collection":[{"href":"https:\/\/www.idermic.es\/es\/wp-json\/wp\/v2\/posts"}],"about":[{"href":"https:\/\/www.idermic.es\/es\/wp-json\/wp\/v2\/types\/post"}],"author":[{"embeddable":true,"href":"https:\/\/www.idermic.es\/es\/wp-json\/wp\/v2\/users\/3"}],"replies":[{"embeddable":true,"href":"https:\/\/www.idermic.es\/es\/wp-json\/wp\/v2\/comments?post=10146"}],"version-history":[{"count":22,"href":"https:\/\/www.idermic.es\/es\/wp-json\/wp\/v2\/posts\/10146\/revisions"}],"predecessor-version":[{"id":10190,"href":"https:\/\/www.idermic.es\/es\/wp-json\/wp\/v2\/posts\/10146\/revisions\/10190"}],"wp:featuredmedia":[{"embeddable":true,"href":"https:\/\/www.idermic.es\/es\/wp-json\/wp\/v2\/media\/10170"}],"wp:attachment":[{"href":"https:\/\/www.idermic.es\/es\/wp-json\/wp\/v2\/media?parent=10146"}],"wp:term":[{"taxonomy":"category","embeddable":true,"href":"https:\/\/www.idermic.es\/es\/wp-json\/wp\/v2\/categories?post=10146"},{"taxonomy":"post_tag","embeddable":true,"href":"https:\/\/www.idermic.es\/es\/wp-json\/wp\/v2\/tags?post=10146"}],"curies":[{"name":"wp","href":"https:\/\/api.w.org\/{rel}","templated":true}]}}