{"id":10089,"date":"2026-06-23T09:57:49","date_gmt":"2026-06-23T09:57:49","guid":{"rendered":"https:\/\/www.idermic.es\/?p=10089"},"modified":"2026-06-23T11:00:34","modified_gmt":"2026-06-23T11:00:34","slug":"techaiderm-2026-sobre-ia-y-dermatologia","status":"publish","type":"post","link":"https:\/\/www.idermic.es\/es\/techaiderm-2026-sobre-ia-y-dermatologia\/","title":{"rendered":"TechAiDerm 2026 sobre IA y dermatolog\u00eda"},"content":{"rendered":"<p><div class=\"fusion-fullwidth fullwidth-box fusion-builder-row-1 fusion-flex-container has-pattern-background has-mask-background nonhundred-percent-fullwidth non-hundred-percent-height-scrolling\" style=\"--awb-border-radius-top-left:0px;--awb-border-radius-top-right:0px;--awb-border-radius-bottom-right:0px;--awb-border-radius-bottom-left:0px;--awb-flex-wrap:wrap;\" ><div class=\"fusion-builder-row fusion-row fusion-flex-align-items-flex-start fusion-flex-content-wrap\" style=\"max-width:1227.2px;margin-left: calc(-4% \/ 2 );margin-right: calc(-4% \/ 2 );\"><div class=\"fusion-layout-column fusion_builder_column fusion-builder-column-0 fusion_builder_column_1_1 1_1 fusion-flex-column\" style=\"--awb-bg-size:cover;--awb-width-large:100%;--awb-margin-top-large:0px;--awb-spacing-right-large:1.92%;--awb-margin-bottom-large:0px;--awb-spacing-left-large:1.92%;--awb-width-medium:100%;--awb-order-medium:0;--awb-spacing-right-medium:1.92%;--awb-spacing-left-medium:1.92%;--awb-width-small:100%;--awb-order-small:0;--awb-spacing-right-small:1.92%;--awb-spacing-left-small:1.92%;\"><div class=\"fusion-column-wrapper fusion-column-has-shadow fusion-flex-justify-content-flex-start fusion-content-layout-column\"><div class=\"fusion-text fusion-text-1\"><h1>TechAiDerm 2026 sobre IA y dermatolog\u00eda<\/h1>\n<\/div><\/div><\/div><\/div><\/div><div class=\"fusion-fullwidth fullwidth-box fusion-builder-row-2 fusion-flex-container has-pattern-background has-mask-background nonhundred-percent-fullwidth non-hundred-percent-height-scrolling\" style=\"--awb-border-radius-top-left:0px;--awb-border-radius-top-right:0px;--awb-border-radius-bottom-right:0px;--awb-border-radius-bottom-left:0px;--awb-flex-wrap:wrap;\" ><div class=\"fusion-builder-row fusion-row fusion-flex-align-items-flex-start fusion-flex-content-wrap\" style=\"max-width:1227.2px;margin-left: calc(-4% \/ 2 );margin-right: calc(-4% \/ 2 );\"><div class=\"fusion-layout-column fusion_builder_column fusion-builder-column-1 fusion_builder_column_1_3 1_3 fusion-flex-column\" style=\"--awb-bg-size:cover;--awb-width-large:33.333333333333%;--awb-margin-top-large:0px;--awb-spacing-right-large:5.76%;--awb-margin-bottom-large:0px;--awb-spacing-left-large:5.76%;--awb-width-medium:100%;--awb-order-medium:0;--awb-spacing-right-medium:1.92%;--awb-spacing-left-medium:1.92%;--awb-width-small:100%;--awb-order-small:0;--awb-spacing-right-small:1.92%;--awb-spacing-left-small:1.92%;\"><div class=\"fusion-column-wrapper fusion-column-has-shadow fusion-flex-justify-content-flex-start fusion-content-layout-column\"><div class=\"fusion-text fusion-text-2\"><p>La Dra. Marta Vilavella participar\u00e1 en <a href=\"https:\/\/techaiderm.com\/\"><strong>TechAiDerm 2026<\/strong><\/a>, un encuentro especializado en tecnolog\u00eda e inteligencia artificial aplicada a la <strong>dermatolog\u00eda<\/strong> que se celebrar\u00e1 en Madrid los d\u00edas 3 y 4 de julio.<\/p>\n<p>Su intervenci\u00f3n se centrar\u00e1 en c\u00f3mo la IA est\u00e1 transformando los <a href=\"https:\/\/www.idermic.es\/es\/idermic-es-2026-12-meses-12-tratamientos\/\"><strong>tratamientos dermatol\u00f3gicos<\/strong><\/a> y en el papel que estas nuevas herramientas pueden tener en el futuro de la especialidad.<\/p>\n<p>En un contexto en el que la medicina avanza hacia modelos m\u00e1s personalizados, predictivos y apoyados en datos, la presencia de profesionales con experiencia cl\u00ednica resulta clave para analizar no solo las posibilidades de la tecnolog\u00eda, sino tambi\u00e9n sus l\u00edmites, su correcta aplicaci\u00f3n y su impacto real en la consulta.<\/p>\n<\/div><\/div><\/div><div class=\"fusion-layout-column fusion_builder_column fusion-builder-column-2 fusion_builder_column_1_2 1_2 fusion-flex-column\" style=\"--awb-bg-size:cover;--awb-width-large:50%;--awb-margin-top-large:0px;--awb-spacing-right-large:3.84%;--awb-margin-bottom-large:0px;--awb-spacing-left-large:3.84%;--awb-width-medium:100%;--awb-order-medium:0;--awb-spacing-right-medium:1.92%;--awb-spacing-left-medium:1.92%;--awb-width-small:100%;--awb-order-small:0;--awb-spacing-right-small:1.92%;--awb-spacing-left-small:1.92%;\"><div class=\"fusion-column-wrapper fusion-column-has-shadow fusion-flex-justify-content-flex-start fusion-content-layout-column\"><div class=\"fusion-image-element \" style=\"--awb-caption-title-font-family:var(--h2_typography-font-family);--awb-caption-title-font-weight:var(--h2_typography-font-weight);--awb-caption-title-font-style:var(--h2_typography-font-style);--awb-caption-title-size:var(--h2_typography-font-size);--awb-caption-title-transform:var(--h2_typography-text-transform);--awb-caption-title-line-height:var(--h2_typography-line-height);--awb-caption-title-letter-spacing:var(--h2_typography-letter-spacing);\"><span class=\" fusion-imageframe imageframe-none imageframe-1 hover-type-none\"><img decoding=\"async\" width=\"390\" height=\"472\" alt=\"Participaci\u00f3n de la Dra. Marta Vilavella en el Congreso TechAiDerm 2026 sobre IA y dermatolog\u00eda\" title=\"TechAiDerm 2026 sobre IA y dermatolog\u00eda\" src=\"https:\/\/www.idermic.es\/wp-content\/uploads\/2026\/06\/Captura-de-pantalla-2026-06-23-120104.png\" class=\"img-responsive wp-image-10096\" srcset=\"https:\/\/www.idermic.es\/wp-content\/uploads\/2026\/06\/Captura-de-pantalla-2026-06-23-120104-200x242.png 200w, https:\/\/www.idermic.es\/wp-content\/uploads\/2026\/06\/Captura-de-pantalla-2026-06-23-120104.png 390w\" sizes=\"(max-width: 1024px) 100vw, (max-width: 640px) 100vw, 390px\" \/><\/span><\/div><\/div><\/div><\/div><\/div><div class=\"fusion-fullwidth fullwidth-box fusion-builder-row-3 fusion-flex-container has-pattern-background has-mask-background nonhundred-percent-fullwidth non-hundred-percent-height-scrolling\" style=\"--awb-border-radius-top-left:0px;--awb-border-radius-top-right:0px;--awb-border-radius-bottom-right:0px;--awb-border-radius-bottom-left:0px;--awb-flex-wrap:wrap;\" ><div class=\"fusion-builder-row fusion-row fusion-flex-align-items-flex-start fusion-flex-content-wrap\" style=\"max-width:1227.2px;margin-left: calc(-4% \/ 2 );margin-right: calc(-4% \/ 2 );\"><div class=\"fusion-layout-column fusion_builder_column fusion-builder-column-3 fusion_builder_column_1_1 1_1 fusion-flex-column\" style=\"--awb-bg-size:cover;--awb-width-large:100%;--awb-margin-top-large:0px;--awb-spacing-right-large:1.92%;--awb-margin-bottom-large:0px;--awb-spacing-left-large:1.92%;--awb-width-medium:100%;--awb-order-medium:0;--awb-spacing-right-medium:1.92%;--awb-spacing-left-medium:1.92%;--awb-width-small:100%;--awb-order-small:0;--awb-spacing-right-small:1.92%;--awb-spacing-left-small:1.92%;\"><div class=\"fusion-column-wrapper fusion-column-has-shadow fusion-flex-justify-content-flex-start fusion-content-layout-column\"><div class=\"fusion-text fusion-text-3\"><h2>TechAiDerm 2026: tecnolog\u00eda, inteligencia artificial y futuro de la dermatolog\u00eda<\/h2>\n<p class=\"isSelectedEnd\">TechAiDerm 2026 se presenta como un Curso Internacional de Tecnolog\u00eda e Inteligencia Artificial en Dermatolog\u00eda dirigido a dermat\u00f3logos y profesionales interesados en conocer las herramientas, tendencias y aplicaciones que est\u00e1n redefiniendo la especialidad. La cita tendr\u00e1 lugar en el Hotel Meli\u00e1 Avenida Am\u00e9rica de Madrid y reunir\u00e1 a especialistas, expertos en innovaci\u00f3n, representantes de la industria y profesionales vinculados al desarrollo de nuevas soluciones tecnol\u00f3gicas.<\/p>\n<p class=\"isSelectedEnd\">El congreso parte de una idea central: la inteligencia artificial ya no pertenece \u00fanicamente al \u00e1mbito de la investigaci\u00f3n o de la innovaci\u00f3n experimental, sino que empieza a formar parte de la pr\u00e1ctica m\u00e9dica cotidiana. En dermatolog\u00eda, esta transformaci\u00f3n resulta especialmente relevante por la importancia de la imagen cl\u00ednica, la dermatoscopia, la fotograf\u00eda m\u00e9dica, el seguimiento de lesiones, la planificaci\u00f3n terap\u00e9utica y la monitorizaci\u00f3n de resultados. La IA puede contribuir a mejorar procesos, agilizar la toma de decisiones, apoyar el diagn\u00f3stico y facilitar una medicina m\u00e1s precisa, siempre bajo el criterio y la responsabilidad del especialista.<\/p>\n<h2>Participaci\u00f3n de la Dra. Marta Vilavella en TechAiDerm 2026<\/h2>\n<p class=\"isSelectedEnd\">La participaci\u00f3n de la Dra. Marta Vilavella explicar\u00e1 como la Inteligencia Artificial est\u00e1 transformando los tratamientos y el futuro de la Dermatolog\u00eda. Su intervenci\u00f3n se enmarca en una reflexi\u00f3n m\u00e1s amplia sobre c\u00f3mo las nuevas tecnolog\u00edas pueden ayudar a optimizar protocolos, personalizar indicaciones y acompa\u00f1ar al dermat\u00f3logo en un escenario cl\u00ednico cada vez m\u00e1s complejo. La inteligencia artificial puede aportar capacidad de an\u00e1lisis, detecci\u00f3n de patrones y gesti\u00f3n de informaci\u00f3n, pero su valor real depende de una integraci\u00f3n prudente, \u00e9tica y basada en evidencia cient\u00edfica.<\/p>\n<p class=\"isSelectedEnd\">El programa de TechAiDerm combina contenidos te\u00f3ricos y pr\u00e1cticos. La primera jornada est\u00e1 orientada a la exposici\u00f3n de ideas, evidencia cient\u00edfica, innovaci\u00f3n y an\u00e1lisis cr\u00edtico. La segunda tiene un enfoque m\u00e1s aplicado, con casos, demostraciones, sesiones pr\u00e1cticas, talleres y espacios de intercambio con la industria. Esta estructura permite que los asistentes no solo conozcan las tendencias emergentes, sino que tambi\u00e9n puedan valorar c\u00f3mo trasladarlas a su actividad profesional.<\/p>\n<p class=\"isSelectedEnd\">Entre los temas previstos destacan el diagn\u00f3stico por imagen, los nuevos f\u00e1rmacos, la dermatolog\u00eda est\u00e9tica, la tricolog\u00eda, la cirug\u00eda dermatol\u00f3gica, la dermatolog\u00eda pedi\u00e1trica, los l\u00e1seres, los equipos basados en energ\u00eda y la inteligencia artificial aplicada a la pr\u00e1ctica cl\u00ednica. Esta amplitud refleja que la transformaci\u00f3n tecnol\u00f3gica no afecta a una \u00fanica \u00e1rea, sino al conjunto de la dermatolog\u00eda.<\/p>\n<p>TechAiDerm 2026 quiere situarse como un punto de encuentro para los profesionales que desean comprender hacia d\u00f3nde avanza la especialidad. La participaci\u00f3n de la Dra. Marta Vilavella refuerza esa visi\u00f3n de futuro, especialmente en relaci\u00f3n con los tratamientos y con la necesidad de incorporar la IA de forma \u00fatil, segura y orientada a mejorar la calidad asistencial.<\/p>\n<\/div><\/div><\/div><\/div><\/div><\/p>\n","protected":false},"excerpt":{"rendered":"<p>La Dra. Marta Vilavella participar\u00e1 en TechAiDerm 2026 para abordar c\u00f3mo la IA transforma los tratamientos dermatol\u00f3gicos.<\/p>\n","protected":false},"author":3,"featured_media":10091,"comment_status":"closed","ping_status":"open","sticky":false,"template":"","format":"standard","meta":{"_joinchat":[],"footnotes":""},"categories":[52],"tags":[263],"class_list":["post-10089","post","type-post","status-publish","format-standard","has-post-thumbnail","hentry","category-dermatologia","tag-eventos"],"yoast_head":"<!-- This site is optimized with the Yoast SEO plugin v28.4 - https:\/\/yoast.com\/product\/yoast-seo-wordpress\/ -->\n<title>TechAiDerm 2026 sobre IA y dermatolog\u00eda - Idermic. Dermatolog\u00eda en Terrassa<\/title>\n<meta name=\"description\" content=\"La Dra. Marta Vilavella participar\u00e1 en TechAiDerm 2026 para abordar c\u00f3mo la IA transforma los tratamientos dermatol\u00f3gicos.\" \/>\n<meta name=\"robots\" content=\"index, follow, max-snippet:-1, max-image-preview:large, max-video-preview:-1\" \/>\n<link rel=\"canonical\" href=\"https:\/\/www.idermic.es\/es\/techaiderm-2026-sobre-ia-y-dermatologia\/\" \/>\n<meta property=\"og:locale\" content=\"es_ES\" \/>\n<meta property=\"og:type\" content=\"article\" \/>\n<meta property=\"og:title\" content=\"TechAiDerm 2026 sobre IA y dermatolog\u00eda - Idermic. Dermatolog\u00eda en Terrassa\" \/>\n<meta property=\"og:description\" content=\"La Dra. Marta Vilavella participar\u00e1 en TechAiDerm 2026 para abordar c\u00f3mo la IA transforma los tratamientos dermatol\u00f3gicos.\" \/>\n<meta property=\"og:url\" content=\"https:\/\/www.idermic.es\/es\/techaiderm-2026-sobre-ia-y-dermatologia\/\" \/>\n<meta property=\"og:site_name\" content=\"Idermic. Dermatolog\u00eda en Terrassa\" \/>\n<meta property=\"article:publisher\" content=\"https:\/\/www.facebook.com\/Idermic\" \/>\n<meta property=\"article:published_time\" content=\"2026-06-23T09:57:49+00:00\" \/>\n<meta property=\"article:modified_time\" content=\"2026-06-23T11:00:34+00:00\" \/>\n<meta property=\"og:image\" content=\"https:\/\/www.idermic.es\/wp-content\/uploads\/2026\/06\/Marta-Vilavella-en-TechAIderm.jpg\" \/>\n\t<meta property=\"og:image:width\" content=\"387\" \/>\n\t<meta property=\"og:image:height\" content=\"637\" \/>\n\t<meta property=\"og:image:type\" content=\"image\/jpeg\" \/>\n<meta name=\"author\" content=\"Equipo\" \/>\n<meta name=\"twitter:card\" content=\"summary_large_image\" \/>\n<meta name=\"twitter:creator\" content=\"@idermic\" \/>\n<meta name=\"twitter:site\" content=\"@idermic\" \/>\n<meta name=\"twitter:label1\" content=\"Escrito por\" \/>\n\t<meta name=\"twitter:data1\" content=\"Equipo\" \/>\n\t<meta name=\"twitter:label2\" content=\"Tiempo de lectura\" \/>\n\t<meta name=\"twitter:data2\" content=\"4 minutos\" \/>\n<script type=\"application\/ld+json\" class=\"yoast-schema-graph\">{\"@context\":\"https:\\\/\\\/schema.org\",\"@graph\":[{\"@type\":\"Article\",\"@id\":\"https:\\\/\\\/www.idermic.es\\\/es\\\/techaiderm-2026-sobre-ia-y-dermatologia\\\/#article\",\"isPartOf\":{\"@id\":\"https:\\\/\\\/www.idermic.es\\\/es\\\/techaiderm-2026-sobre-ia-y-dermatologia\\\/\"},\"author\":{\"name\":\"Equipo\",\"@id\":\"https:\\\/\\\/www.idermic.es\\\/#\\\/schema\\\/person\\\/c12703027a878b23d3c71c87921a82f8\"},\"headline\":\"TechAiDerm 2026 sobre IA y dermatolog\u00eda\",\"datePublished\":\"2026-06-23T09:57:49+00:00\",\"dateModified\":\"2026-06-23T11:00:34+00:00\",\"mainEntityOfPage\":{\"@id\":\"https:\\\/\\\/www.idermic.es\\\/es\\\/techaiderm-2026-sobre-ia-y-dermatologia\\\/\"},\"wordCount\":4932,\"publisher\":{\"@id\":\"https:\\\/\\\/www.idermic.es\\\/#organization\"},\"image\":{\"@id\":\"https:\\\/\\\/www.idermic.es\\\/es\\\/techaiderm-2026-sobre-ia-y-dermatologia\\\/#primaryimage\"},\"thumbnailUrl\":\"https:\\\/\\\/www.idermic.es\\\/wp-content\\\/uploads\\\/2026\\\/06\\\/Marta-Vilavella-en-TechAIderm.jpg\",\"keywords\":[\"Eventos\"],\"articleSection\":[\"Dermatolog\u00eda\"],\"inLanguage\":\"es\"},{\"@type\":\"WebPage\",\"@id\":\"https:\\\/\\\/www.idermic.es\\\/es\\\/techaiderm-2026-sobre-ia-y-dermatologia\\\/\",\"url\":\"https:\\\/\\\/www.idermic.es\\\/es\\\/techaiderm-2026-sobre-ia-y-dermatologia\\\/\",\"name\":\"TechAiDerm 2026 sobre IA y dermatolog\u00eda - Idermic. Dermatolog\u00eda en Terrassa\",\"isPartOf\":{\"@id\":\"https:\\\/\\\/www.idermic.es\\\/#website\"},\"primaryImageOfPage\":{\"@id\":\"https:\\\/\\\/www.idermic.es\\\/es\\\/techaiderm-2026-sobre-ia-y-dermatologia\\\/#primaryimage\"},\"image\":{\"@id\":\"https:\\\/\\\/www.idermic.es\\\/es\\\/techaiderm-2026-sobre-ia-y-dermatologia\\\/#primaryimage\"},\"thumbnailUrl\":\"https:\\\/\\\/www.idermic.es\\\/wp-content\\\/uploads\\\/2026\\\/06\\\/Marta-Vilavella-en-TechAIderm.jpg\",\"datePublished\":\"2026-06-23T09:57:49+00:00\",\"dateModified\":\"2026-06-23T11:00:34+00:00\",\"description\":\"La Dra. Marta Vilavella participar\u00e1 en TechAiDerm 2026 para abordar c\u00f3mo la IA transforma los tratamientos dermatol\u00f3gicos.\",\"breadcrumb\":{\"@id\":\"https:\\\/\\\/www.idermic.es\\\/es\\\/techaiderm-2026-sobre-ia-y-dermatologia\\\/#breadcrumb\"},\"inLanguage\":\"es\",\"potentialAction\":[{\"@type\":\"ReadAction\",\"target\":[\"https:\\\/\\\/www.idermic.es\\\/es\\\/techaiderm-2026-sobre-ia-y-dermatologia\\\/\"]}]},{\"@type\":\"ImageObject\",\"inLanguage\":\"es\",\"@id\":\"https:\\\/\\\/www.idermic.es\\\/es\\\/techaiderm-2026-sobre-ia-y-dermatologia\\\/#primaryimage\",\"url\":\"https:\\\/\\\/www.idermic.es\\\/wp-content\\\/uploads\\\/2026\\\/06\\\/Marta-Vilavella-en-TechAIderm.jpg\",\"contentUrl\":\"https:\\\/\\\/www.idermic.es\\\/wp-content\\\/uploads\\\/2026\\\/06\\\/Marta-Vilavella-en-TechAIderm.jpg\",\"width\":387,\"height\":637,\"caption\":\"Participaci\u00f3n de la Dra. Marta Vilavella en el Congreso TechAiDerm 2026 sobre IA y dermatolog\u00eda\"},{\"@type\":\"BreadcrumbList\",\"@id\":\"https:\\\/\\\/www.idermic.es\\\/es\\\/techaiderm-2026-sobre-ia-y-dermatologia\\\/#breadcrumb\",\"itemListElement\":[{\"@type\":\"ListItem\",\"position\":1,\"name\":\"Inici\",\"item\":\"https:\\\/\\\/www.idermic.es\\\/es\\\/\"},{\"@type\":\"ListItem\",\"position\":2,\"name\":\"TechAiDerm 2026 sobre IA y dermatolog\u00eda\"}]},{\"@type\":\"WebSite\",\"@id\":\"https:\\\/\\\/www.idermic.es\\\/#website\",\"url\":\"https:\\\/\\\/www.idermic.es\\\/\",\"name\":\"Idermic. Dermatolog\u00eda en Terrassa\",\"description\":\"Dermatolog\u00eda, Medicina est\u00e9tica, Cirurg\u00eda Pl\u00e0stica\",\"publisher\":{\"@id\":\"https:\\\/\\\/www.idermic.es\\\/#organization\"},\"potentialAction\":[{\"@type\":\"SearchAction\",\"target\":{\"@type\":\"EntryPoint\",\"urlTemplate\":\"https:\\\/\\\/www.idermic.es\\\/?s={search_term_string}\"},\"query-input\":{\"@type\":\"PropertyValueSpecification\",\"valueRequired\":true,\"valueName\":\"search_term_string\"}}],\"inLanguage\":\"es\"},{\"@type\":\"Organization\",\"@id\":\"https:\\\/\\\/www.idermic.es\\\/#organization\",\"name\":\"Idermic. Dermatolog\u00eda en Terrassa\",\"url\":\"https:\\\/\\\/www.idermic.es\\\/\",\"logo\":{\"@type\":\"ImageObject\",\"inLanguage\":\"es\",\"@id\":\"https:\\\/\\\/www.idermic.es\\\/#\\\/schema\\\/logo\\\/image\\\/\",\"url\":\"https:\\\/\\\/www.idermic.es\\\/wp-content\\\/uploads\\\/2025\\\/10\\\/Logo-Idermic.jpg\",\"contentUrl\":\"https:\\\/\\\/www.idermic.es\\\/wp-content\\\/uploads\\\/2025\\\/10\\\/Logo-Idermic.jpg\",\"width\":501,\"height\":502,\"caption\":\"Idermic. Dermatolog\u00eda en Terrassa\"},\"image\":{\"@id\":\"https:\\\/\\\/www.idermic.es\\\/#\\\/schema\\\/logo\\\/image\\\/\"},\"sameAs\":[\"https:\\\/\\\/www.facebook.com\\\/Idermic\",\"https:\\\/\\\/x.com\\\/idermic\",\"https:\\\/\\\/www.instagram.com\\\/idermicclinic\\\/\",\"https:\\\/\\\/www.youtube.com\\\/channel\\\/UCyAHC9-p8lc6hr_nguO8p_g\"]},{\"@type\":\"Person\",\"@id\":\"https:\\\/\\\/www.idermic.es\\\/#\\\/schema\\\/person\\\/c12703027a878b23d3c71c87921a82f8\",\"name\":\"Equipo\",\"image\":{\"@type\":\"ImageObject\",\"inLanguage\":\"es\",\"@id\":\"https:\\\/\\\/secure.gravatar.com\\\/avatar\\\/7ca0be23248108c6b0887e0693b7dcf7764bd3503f84d1f04e6653ef7c3b9420?s=96&d=mm&r=g\",\"url\":\"https:\\\/\\\/secure.gravatar.com\\\/avatar\\\/7ca0be23248108c6b0887e0693b7dcf7764bd3503f84d1f04e6653ef7c3b9420?s=96&d=mm&r=g\",\"contentUrl\":\"https:\\\/\\\/secure.gravatar.com\\\/avatar\\\/7ca0be23248108c6b0887e0693b7dcf7764bd3503f84d1f04e6653ef7c3b9420?s=96&d=mm&r=g\",\"caption\":\"Equipo\"},\"description\":\"Equipo de Idermic\"}]}<\/script>\n<!-- \/ Yoast SEO plugin. -->","yoast_head_json":{"title":"TechAiDerm 2026 sobre IA y dermatolog\u00eda - Idermic. Dermatolog\u00eda en Terrassa","description":"La Dra. Marta Vilavella participar\u00e1 en TechAiDerm 2026 para abordar c\u00f3mo la IA transforma los tratamientos dermatol\u00f3gicos.","robots":{"index":"index","follow":"follow","max-snippet":"max-snippet:-1","max-image-preview":"max-image-preview:large","max-video-preview":"max-video-preview:-1"},"canonical":"https:\/\/www.idermic.es\/es\/techaiderm-2026-sobre-ia-y-dermatologia\/","og_locale":"es_ES","og_type":"article","og_title":"TechAiDerm 2026 sobre IA y dermatolog\u00eda - Idermic. Dermatolog\u00eda en Terrassa","og_description":"La Dra. Marta Vilavella participar\u00e1 en TechAiDerm 2026 para abordar c\u00f3mo la IA transforma los tratamientos dermatol\u00f3gicos.","og_url":"https:\/\/www.idermic.es\/es\/techaiderm-2026-sobre-ia-y-dermatologia\/","og_site_name":"Idermic. Dermatolog\u00eda en Terrassa","article_publisher":"https:\/\/www.facebook.com\/Idermic","article_published_time":"2026-06-23T09:57:49+00:00","article_modified_time":"2026-06-23T11:00:34+00:00","og_image":[{"width":387,"height":637,"url":"https:\/\/www.idermic.es\/wp-content\/uploads\/2026\/06\/Marta-Vilavella-en-TechAIderm.jpg","type":"image\/jpeg"}],"author":"Equipo","twitter_card":"summary_large_image","twitter_creator":"@idermic","twitter_site":"@idermic","twitter_misc":{"Escrito por":"Equipo","Tiempo de lectura":"4 minutos"},"schema":{"@context":"https:\/\/schema.org","@graph":[{"@type":"Article","@id":"https:\/\/www.idermic.es\/es\/techaiderm-2026-sobre-ia-y-dermatologia\/#article","isPartOf":{"@id":"https:\/\/www.idermic.es\/es\/techaiderm-2026-sobre-ia-y-dermatologia\/"},"author":{"name":"Equipo","@id":"https:\/\/www.idermic.es\/#\/schema\/person\/c12703027a878b23d3c71c87921a82f8"},"headline":"TechAiDerm 2026 sobre IA y dermatolog\u00eda","datePublished":"2026-06-23T09:57:49+00:00","dateModified":"2026-06-23T11:00:34+00:00","mainEntityOfPage":{"@id":"https:\/\/www.idermic.es\/es\/techaiderm-2026-sobre-ia-y-dermatologia\/"},"wordCount":4932,"publisher":{"@id":"https:\/\/www.idermic.es\/#organization"},"image":{"@id":"https:\/\/www.idermic.es\/es\/techaiderm-2026-sobre-ia-y-dermatologia\/#primaryimage"},"thumbnailUrl":"https:\/\/www.idermic.es\/wp-content\/uploads\/2026\/06\/Marta-Vilavella-en-TechAIderm.jpg","keywords":["Eventos"],"articleSection":["Dermatolog\u00eda"],"inLanguage":"es"},{"@type":"WebPage","@id":"https:\/\/www.idermic.es\/es\/techaiderm-2026-sobre-ia-y-dermatologia\/","url":"https:\/\/www.idermic.es\/es\/techaiderm-2026-sobre-ia-y-dermatologia\/","name":"TechAiDerm 2026 sobre IA y dermatolog\u00eda - Idermic. Dermatolog\u00eda en Terrassa","isPartOf":{"@id":"https:\/\/www.idermic.es\/#website"},"primaryImageOfPage":{"@id":"https:\/\/www.idermic.es\/es\/techaiderm-2026-sobre-ia-y-dermatologia\/#primaryimage"},"image":{"@id":"https:\/\/www.idermic.es\/es\/techaiderm-2026-sobre-ia-y-dermatologia\/#primaryimage"},"thumbnailUrl":"https:\/\/www.idermic.es\/wp-content\/uploads\/2026\/06\/Marta-Vilavella-en-TechAIderm.jpg","datePublished":"2026-06-23T09:57:49+00:00","dateModified":"2026-06-23T11:00:34+00:00","description":"La Dra. Marta Vilavella participar\u00e1 en TechAiDerm 2026 para abordar c\u00f3mo la IA transforma los tratamientos dermatol\u00f3gicos.","breadcrumb":{"@id":"https:\/\/www.idermic.es\/es\/techaiderm-2026-sobre-ia-y-dermatologia\/#breadcrumb"},"inLanguage":"es","potentialAction":[{"@type":"ReadAction","target":["https:\/\/www.idermic.es\/es\/techaiderm-2026-sobre-ia-y-dermatologia\/"]}]},{"@type":"ImageObject","inLanguage":"es","@id":"https:\/\/www.idermic.es\/es\/techaiderm-2026-sobre-ia-y-dermatologia\/#primaryimage","url":"https:\/\/www.idermic.es\/wp-content\/uploads\/2026\/06\/Marta-Vilavella-en-TechAIderm.jpg","contentUrl":"https:\/\/www.idermic.es\/wp-content\/uploads\/2026\/06\/Marta-Vilavella-en-TechAIderm.jpg","width":387,"height":637,"caption":"Participaci\u00f3n de la Dra. Marta Vilavella en el Congreso TechAiDerm 2026 sobre IA y dermatolog\u00eda"},{"@type":"BreadcrumbList","@id":"https:\/\/www.idermic.es\/es\/techaiderm-2026-sobre-ia-y-dermatologia\/#breadcrumb","itemListElement":[{"@type":"ListItem","position":1,"name":"Inici","item":"https:\/\/www.idermic.es\/es\/"},{"@type":"ListItem","position":2,"name":"TechAiDerm 2026 sobre IA y dermatolog\u00eda"}]},{"@type":"WebSite","@id":"https:\/\/www.idermic.es\/#website","url":"https:\/\/www.idermic.es\/","name":"Idermic. Dermatolog\u00eda en Terrassa","description":"Dermatolog\u00eda, Medicina est\u00e9tica, Cirurg\u00eda Pl\u00e0stica","publisher":{"@id":"https:\/\/www.idermic.es\/#organization"},"potentialAction":[{"@type":"SearchAction","target":{"@type":"EntryPoint","urlTemplate":"https:\/\/www.idermic.es\/?s={search_term_string}"},"query-input":{"@type":"PropertyValueSpecification","valueRequired":true,"valueName":"search_term_string"}}],"inLanguage":"es"},{"@type":"Organization","@id":"https:\/\/www.idermic.es\/#organization","name":"Idermic. Dermatolog\u00eda en Terrassa","url":"https:\/\/www.idermic.es\/","logo":{"@type":"ImageObject","inLanguage":"es","@id":"https:\/\/www.idermic.es\/#\/schema\/logo\/image\/","url":"https:\/\/www.idermic.es\/wp-content\/uploads\/2025\/10\/Logo-Idermic.jpg","contentUrl":"https:\/\/www.idermic.es\/wp-content\/uploads\/2025\/10\/Logo-Idermic.jpg","width":501,"height":502,"caption":"Idermic. Dermatolog\u00eda en Terrassa"},"image":{"@id":"https:\/\/www.idermic.es\/#\/schema\/logo\/image\/"},"sameAs":["https:\/\/www.facebook.com\/Idermic","https:\/\/x.com\/idermic","https:\/\/www.instagram.com\/idermicclinic\/","https:\/\/www.youtube.com\/channel\/UCyAHC9-p8lc6hr_nguO8p_g"]},{"@type":"Person","@id":"https:\/\/www.idermic.es\/#\/schema\/person\/c12703027a878b23d3c71c87921a82f8","name":"Equipo","image":{"@type":"ImageObject","inLanguage":"es","@id":"https:\/\/secure.gravatar.com\/avatar\/7ca0be23248108c6b0887e0693b7dcf7764bd3503f84d1f04e6653ef7c3b9420?s=96&d=mm&r=g","url":"https:\/\/secure.gravatar.com\/avatar\/7ca0be23248108c6b0887e0693b7dcf7764bd3503f84d1f04e6653ef7c3b9420?s=96&d=mm&r=g","contentUrl":"https:\/\/secure.gravatar.com\/avatar\/7ca0be23248108c6b0887e0693b7dcf7764bd3503f84d1f04e6653ef7c3b9420?s=96&d=mm&r=g","caption":"Equipo"},"description":"Equipo de Idermic"}]}},"_links":{"self":[{"href":"https:\/\/www.idermic.es\/es\/wp-json\/wp\/v2\/posts\/10089","targetHints":{"allow":["GET"]}}],"collection":[{"href":"https:\/\/www.idermic.es\/es\/wp-json\/wp\/v2\/posts"}],"about":[{"href":"https:\/\/www.idermic.es\/es\/wp-json\/wp\/v2\/types\/post"}],"author":[{"embeddable":true,"href":"https:\/\/www.idermic.es\/es\/wp-json\/wp\/v2\/users\/3"}],"replies":[{"embeddable":true,"href":"https:\/\/www.idermic.es\/es\/wp-json\/wp\/v2\/comments?post=10089"}],"version-history":[{"count":13,"href":"https:\/\/www.idermic.es\/es\/wp-json\/wp\/v2\/posts\/10089\/revisions"}],"predecessor-version":[{"id":10106,"href":"https:\/\/www.idermic.es\/es\/wp-json\/wp\/v2\/posts\/10089\/revisions\/10106"}],"wp:featuredmedia":[{"embeddable":true,"href":"https:\/\/www.idermic.es\/es\/wp-json\/wp\/v2\/media\/10091"}],"wp:attachment":[{"href":"https:\/\/www.idermic.es\/es\/wp-json\/wp\/v2\/media?parent=10089"}],"wp:term":[{"taxonomy":"category","embeddable":true,"href":"https:\/\/www.idermic.es\/es\/wp-json\/wp\/v2\/categories?post=10089"},{"taxonomy":"post_tag","embeddable":true,"href":"https:\/\/www.idermic.es\/es\/wp-json\/wp\/v2\/tags?post=10089"}],"curies":[{"name":"wp","href":"https:\/\/api.w.org\/{rel}","templated":true}]}}